{"id":1033,"date":"2020-04-24T19:08:32","date_gmt":"2020-04-24T22:08:32","guid":{"rendered":"http:\/\/www.wald.com.br\/?p=1033"},"modified":"2020-04-27T19:16:47","modified_gmt":"2020-04-27T22:16:47","slug":"professor-arnoldo-wald-e-reconhecido-como-thought-leader-2020-pela-whos-who-legal","status":"publish","type":"post","link":"https:\/\/www.wald.com.br\/en\/professor-arnoldo-wald-e-reconhecido-como-thought-leader-2020-pela-whos-who-legal\/","title":{"rendered":"Professor Arnoldo Wald \u00e9 reconhecido como \u201cThought Leader 2020\u201d pela Who&#8217;s Who Legal"},"content":{"rendered":"<p><\/p>\n<p><span id=\"ember18498\" class=\"ember-view\">Nosso s\u00f3cio e fundador, <a href=\"http:\/\/www.wald.com.br\/equipe\/arnoldo-wald\/\"><strong>Professor Arnoldo Wald<\/strong><\/a>, foi reconhecido pela <\/span><span data-entity-hovercard-id=\"urn:li:fs_miniCompany:9463065\" data-entity-type=\"MINI_COMPANY\">Who&#8217;s Who Legal<\/span><span id=\"ember18506\" class=\"ember-view\"> como Thought Leader 2020 nas \u00e1reas de Litigation e Arbitration. Os guias \u201cThought Leaders\u201d da WWL apontam os principais advogados e especialistas em todo o mundo, entre os que agregam \u201cvis\u00e3o, expertise e sabedoria\u201d \u00e0s suas respectivas \u00e1reas de atua\u00e7\u00e3o.<\/p>\n<p><\/span><span id=\"ember18506\" class=\"ember-view\"> <img loading=\"lazy\" decoding=\"async\" class=\"alignnone wp-image-1034 size-full\" src=\"http:\/\/www.wald.com.br\/wp-content\/uploads\/2020\/04\/A_Wald_WWLTLLit20.jpg\" alt=\"\" width=\"1701\" height=\"886\" srcset=\"https:\/\/www.wald.com.br\/wp-content\/uploads\/2020\/04\/A_Wald_WWLTLLit20.jpg 1701w, https:\/\/www.wald.com.br\/wp-content\/uploads\/2020\/04\/A_Wald_WWLTLLit20-300x156.jpg 300w, https:\/\/www.wald.com.br\/wp-content\/uploads\/2020\/04\/A_Wald_WWLTLLit20-1024x533.jpg 1024w, https:\/\/www.wald.com.br\/wp-content\/uploads\/2020\/04\/A_Wald_WWLTLLit20-768x400.jpg 768w, https:\/\/www.wald.com.br\/wp-content\/uploads\/2020\/04\/A_Wald_WWLTLLit20-1536x800.jpg 1536w\" sizes=\"auto, (max-width: 1701px) 100vw, 1701px\" \/><br \/>\n<\/span><\/p>\n<p><span class=\"ember-view\">Reproduzimos, a seguir, a <a href=\"https:\/\/whoswholegal.com\/arnoldo-wald\" target=\"_blank\" rel=\"noopener noreferrer\">entrevista com o Professor conduzida pela WWL<\/a>.<\/p>\n<p><\/span><\/p>\n<hr \/>\n<p><span class=\"ember-view\"><br \/>\n<\/span><em>Arnoldo Wald, founder of Wald, Antunes, Vita, Longo e Blattner Advogados, has for the past 66 years acted as lawyer and consultant in high-complexity cases relating to several legal areas, in both judicial and arbitral disputes. Professor Arnoldo Wald is recognised as one of Brazil\u2019s most prominent lawyers by various professional rankings and is considered \u201cthe most influential lawyer in Federal and Superior Courts of Justice\u201d by Revista Exame.<\/em><\/p>\n<p><strong>What inspired you to pursue a career in law?<\/strong><\/p>\n<p>My father and my professors were my greatest inspirations to pursue a career in law.<\/p>\n<p><strong>What is it about your role as a litigator that you enjoy most?<\/strong><\/p>\n<p>I really enjoy the power to act in relevant cases, in order to bring justice to causes that seem legitimate, and I am always fighting for the values in which I believe.<\/p>\n<p><strong>Why did you decide to set up your own firm?<\/strong><\/p>\n<p>After I graduated from law school, I created my law firm \u2013 in association with my former colleague, Carly Silva \u2013 in a small office, in order to represent our first clients. At the same time, this opportunity allowed me to come up against the challenges of the profession and its inherent responsibilities.<\/p>\n<p><strong>What makes your firm stand out from its competitors in the market?<\/strong><\/p>\n<p>The main features that allow us to differentiate ourselves from other firms in the market is our experience of over 65 years dealing with different scenarios in Brazil. In addition, the firm\u2019s purpose is to provide tailor-made solutions for our clients; implement creative solutions; and come up with new methods of resolving conflicts, as once was the case of arbitration in Brazil.<\/p>\n<p>As a recognition of our work over the years, the firm features as a leader in its area according to relevant rankings such as in The Legal 500, Latin Lawyer 250 and Chambers Global. It has also been listed in the GAR 100 ranking of the best arbitration law firms in the world for several consecutive years.<\/p>\n<p><strong>How does your experience as a professor enhance your work in private practice?<\/strong><\/p>\n<p>My teaching experience has allowed me to put my dedication and courage into solving relevant cases with new solutions.<\/p>\n<p><strong>How has the dispute resolution market in Brazil changed since you first started practising?<\/strong><\/p>\n<p>Since I started my career, dispute resolution has seen accelerated and continuous transformation. The changes I\u2019ve experienced over my career of more than 65 years include the revision of legal paradigms \u2013 including the development of a new Brazilian Constitution and the alterations in civil and commercial legislation \u2013 and the emergence of alternative dispute resolution methods.<\/p>\n<p>As an example, arbitration in Brazil started as an experiment and a theory at the end of last century, as there was a lack of national precedents. In this aspect, we have managed, in less than 15 years, to make a revolution that in Europe or the USA has taken almost a century. Now arbitration is widely used as an instrument of dispute resolution and is organised into a market. All those developments introduced us to a completely different set of challenges than those faced at the beginning of my career.<\/p>\n<p><strong>Looking back over your career, what is the most memorable case you have been a part of?<\/strong><\/p>\n<p>One of the most memorable cases was the defence of the former president of a federal agency of public policies in a legal investigation that led to the issuance of the first habeas corpus in Brazil before the Superior Military Court, during the military dictatorship period, changing the position of our Supreme Court some days later. Due to the harsh context and the innovative result, I believe this case can be considered a relevant achievement that shaped my career as a whole.<\/p>\n<p><strong>What has been your greatest achievement to date?<\/strong><\/p>\n<p>My greatest achievement has been merging my passion for teaching with my enthusiasm for acting as a lawyer in relevant social and business cases, and keeping that routine up for 66 years with the same dedication \u2013 and creating one of the most important law firms in our country, along with my partners.<\/p>\n<p><span class=\"ember-view\">Entrevista publicada no <a href=\"https:\/\/whoswholegal.com\/arnoldo-wald\" target=\"_blank\" rel=\"noopener noreferrer\">Who&#8217;s Who Legal<\/a>.<\/span><\/p>\n<p><\/p>","protected":false},"excerpt":{"rendered":"<p>Nosso s\u00f3cio e fundador, Professor Arnoldo Wald, foi reconhecido pela Who&#8217;s Who Legal como Thought Leader 2020 nas \u00e1reas de Litigation e Arbitration. Os guias \u201cThought Leaders\u201d da WWL apontam os principais advogados e especialistas em todo o mundo, entre os que agregam \u201cvis\u00e3o, expertise e sabedoria\u201d \u00e0s suas respectivas \u00e1reas de atua\u00e7\u00e3o. Reproduzimos, a [&hellip;]<\/p>\n","protected":false},"author":3,"featured_media":0,"comment_status":"open","ping_status":"closed","sticky":false,"template":"","format":"standard","meta":{"_acf_changed":false,"footnotes":""},"categories":[2],"tags":[43,45,44],"class_list":["post-1033","post","type-post","status-publish","format-standard","hentry","category-noticias","tag-professor-arnoldo-wald","tag-thought-leaders","tag-whos-who-legal"],"acf":[],"yoast_head":"<!-- This site is optimized with the Yoast SEO plugin v27.5 - https:\/\/yoast.com\/product\/yoast-seo-wordpress\/ -->\n<title>Professor Arnoldo Wald \u00e9 reconhecido como \u201cThought Leader 2020\u201d pela Who&#039;s Who Legal | Wald Advogados<\/title>\n<meta name=\"robots\" content=\"index, follow, max-snippet:-1, max-image-preview:large, max-video-preview:-1\" \/>\n<link rel=\"canonical\" href=\"https:\/\/www.wald.com.br\/en\/professor-arnoldo-wald-e-reconhecido-como-thought-leader-2020-pela-whos-who-legal\/\" \/>\n<meta property=\"og:locale\" content=\"en_US\" \/>\n<meta property=\"og:type\" content=\"article\" \/>\n<meta property=\"og:title\" content=\"Professor Arnoldo Wald \u00e9 reconhecido como \u201cThought Leader 2020\u201d pela Who&#039;s Who Legal | Wald Advogados\" \/>\n<meta property=\"og:description\" content=\"Nosso s\u00f3cio e fundador, Professor Arnoldo Wald, foi reconhecido pela Who&#8217;s Who Legal como Thought Leader 2020 nas \u00e1reas de Litigation e Arbitration. Os guias \u201cThought Leaders\u201d da WWL apontam os principais advogados e especialistas em todo o mundo, entre os que agregam \u201cvis\u00e3o, expertise e sabedoria\u201d \u00e0s suas respectivas \u00e1reas de atua\u00e7\u00e3o. Reproduzimos, a [&hellip;]\" \/>\n<meta property=\"og:url\" content=\"https:\/\/www.wald.com.br\/en\/professor-arnoldo-wald-e-reconhecido-como-thought-leader-2020-pela-whos-who-legal\/\" \/>\n<meta property=\"og:site_name\" content=\"Wald Advogados\" \/>\n<meta property=\"article:published_time\" content=\"2020-04-24T22:08:32+00:00\" \/>\n<meta property=\"article:modified_time\" content=\"2020-04-27T22:16:47+00:00\" \/>\n<meta property=\"og:image\" content=\"http:\/\/www.wald.com.br\/wp-content\/uploads\/2020\/04\/A_Wald_WWLTLLit20.jpg\" \/>\n<meta name=\"author\" content=\"Wald, Antunes, Vita, Longo e Blattner Advogados\" \/>\n<meta name=\"twitter:card\" content=\"summary_large_image\" \/>\n<meta name=\"twitter:label1\" content=\"Written by\" \/>\n\t<meta name=\"twitter:data1\" content=\"Wald, Antunes, Vita, Longo e Blattner Advogados\" \/>\n\t<meta name=\"twitter:label2\" content=\"Est. reading time\" \/>\n\t<meta name=\"twitter:data2\" content=\"7 minutes\" \/>\n<script type=\"application\/ld+json\" class=\"yoast-schema-graph\">{\"@context\":\"https:\\\/\\\/schema.org\",\"@graph\":[{\"@type\":\"Article\",\"@id\":\"https:\\\/\\\/www.wald.com.br\\\/en\\\/professor-arnoldo-wald-e-reconhecido-como-thought-leader-2020-pela-whos-who-legal\\\/#article\",\"isPartOf\":{\"@id\":\"https:\\\/\\\/www.wald.com.br\\\/en\\\/professor-arnoldo-wald-e-reconhecido-como-thought-leader-2020-pela-whos-who-legal\\\/\"},\"author\":{\"name\":\"Wald, Antunes, Vita, Longo e Blattner Advogados\",\"@id\":\"https:\\\/\\\/www.wald.com.br\\\/en\\\/#\\\/schema\\\/person\\\/d65f9ebf3187dd1bb99a863aefa5f9e7\"},\"headline\":\"Professor Arnoldo Wald \u00e9 reconhecido como \u201cThought Leader 2020\u201d pela Who&#8217;s Who Legal\",\"datePublished\":\"2020-04-24T22:08:32+00:00\",\"dateModified\":\"2020-04-27T22:16:47+00:00\",\"mainEntityOfPage\":{\"@id\":\"https:\\\/\\\/www.wald.com.br\\\/en\\\/professor-arnoldo-wald-e-reconhecido-como-thought-leader-2020-pela-whos-who-legal\\\/\"},\"wordCount\":1509,\"commentCount\":0,\"publisher\":{\"@id\":\"https:\\\/\\\/www.wald.com.br\\\/en\\\/#organization\"},\"image\":{\"@id\":\"https:\\\/\\\/www.wald.com.br\\\/en\\\/professor-arnoldo-wald-e-reconhecido-como-thought-leader-2020-pela-whos-who-legal\\\/#primaryimage\"},\"thumbnailUrl\":\"http:\\\/\\\/www.wald.com.br\\\/wp-content\\\/uploads\\\/2020\\\/04\\\/A_Wald_WWLTLLit20.jpg\",\"keywords\":[\"Professor Arnoldo Wald\",\"Thought Leaders\",\"Who's Who Legal\"],\"articleSection\":[\"News\"],\"inLanguage\":\"en-US\",\"potentialAction\":[{\"@type\":\"CommentAction\",\"name\":\"Comment\",\"target\":[\"https:\\\/\\\/www.wald.com.br\\\/en\\\/professor-arnoldo-wald-e-reconhecido-como-thought-leader-2020-pela-whos-who-legal\\\/#respond\"]}]},{\"@type\":\"WebPage\",\"@id\":\"https:\\\/\\\/www.wald.com.br\\\/en\\\/professor-arnoldo-wald-e-reconhecido-como-thought-leader-2020-pela-whos-who-legal\\\/\",\"url\":\"https:\\\/\\\/www.wald.com.br\\\/en\\\/professor-arnoldo-wald-e-reconhecido-como-thought-leader-2020-pela-whos-who-legal\\\/\",\"name\":\"Professor Arnoldo Wald \u00e9 reconhecido como \u201cThought Leader 2020\u201d pela Who's Who Legal | Wald Advogados\",\"isPartOf\":{\"@id\":\"https:\\\/\\\/www.wald.com.br\\\/en\\\/#website\"},\"primaryImageOfPage\":{\"@id\":\"https:\\\/\\\/www.wald.com.br\\\/en\\\/professor-arnoldo-wald-e-reconhecido-como-thought-leader-2020-pela-whos-who-legal\\\/#primaryimage\"},\"image\":{\"@id\":\"https:\\\/\\\/www.wald.com.br\\\/en\\\/professor-arnoldo-wald-e-reconhecido-como-thought-leader-2020-pela-whos-who-legal\\\/#primaryimage\"},\"thumbnailUrl\":\"http:\\\/\\\/www.wald.com.br\\\/wp-content\\\/uploads\\\/2020\\\/04\\\/A_Wald_WWLTLLit20.jpg\",\"datePublished\":\"2020-04-24T22:08:32+00:00\",\"dateModified\":\"2020-04-27T22:16:47+00:00\",\"breadcrumb\":{\"@id\":\"https:\\\/\\\/www.wald.com.br\\\/en\\\/professor-arnoldo-wald-e-reconhecido-como-thought-leader-2020-pela-whos-who-legal\\\/#breadcrumb\"},\"inLanguage\":\"en-US\",\"potentialAction\":[{\"@type\":\"ReadAction\",\"target\":[\"https:\\\/\\\/www.wald.com.br\\\/en\\\/professor-arnoldo-wald-e-reconhecido-como-thought-leader-2020-pela-whos-who-legal\\\/\"]}]},{\"@type\":\"ImageObject\",\"inLanguage\":\"en-US\",\"@id\":\"https:\\\/\\\/www.wald.com.br\\\/en\\\/professor-arnoldo-wald-e-reconhecido-como-thought-leader-2020-pela-whos-who-legal\\\/#primaryimage\",\"url\":\"http:\\\/\\\/www.wald.com.br\\\/wp-content\\\/uploads\\\/2020\\\/04\\\/A_Wald_WWLTLLit20.jpg\",\"contentUrl\":\"http:\\\/\\\/www.wald.com.br\\\/wp-content\\\/uploads\\\/2020\\\/04\\\/A_Wald_WWLTLLit20.jpg\"},{\"@type\":\"BreadcrumbList\",\"@id\":\"https:\\\/\\\/www.wald.com.br\\\/en\\\/professor-arnoldo-wald-e-reconhecido-como-thought-leader-2020-pela-whos-who-legal\\\/#breadcrumb\",\"itemListElement\":[{\"@type\":\"ListItem\",\"position\":1,\"name\":\"In\u00edcio\",\"item\":\"https:\\\/\\\/www.wald.com.br\\\/\"},{\"@type\":\"ListItem\",\"position\":2,\"name\":\"Professor Arnoldo Wald \u00e9 reconhecido como \u201cThought Leader 2020\u201d pela Who&#8217;s Who Legal\"}]},{\"@type\":\"WebSite\",\"@id\":\"https:\\\/\\\/www.wald.com.br\\\/en\\\/#website\",\"url\":\"https:\\\/\\\/www.wald.com.br\\\/en\\\/\",\"name\":\"Wald Advogados\",\"description\":\"66 years of leading law practice\",\"publisher\":{\"@id\":\"https:\\\/\\\/www.wald.com.br\\\/en\\\/#organization\"},\"potentialAction\":[{\"@type\":\"SearchAction\",\"target\":{\"@type\":\"EntryPoint\",\"urlTemplate\":\"https:\\\/\\\/www.wald.com.br\\\/en\\\/?s={search_term_string}\"},\"query-input\":{\"@type\":\"PropertyValueSpecification\",\"valueRequired\":true,\"valueName\":\"search_term_string\"}}],\"inLanguage\":\"en-US\"},{\"@type\":\"Organization\",\"@id\":\"https:\\\/\\\/www.wald.com.br\\\/en\\\/#organization\",\"name\":\"Wald, Antunes, Vita, Longo e Blattner Advogados\",\"url\":\"https:\\\/\\\/www.wald.com.br\\\/en\\\/\",\"logo\":{\"@type\":\"ImageObject\",\"inLanguage\":\"en-US\",\"@id\":\"https:\\\/\\\/www.wald.com.br\\\/en\\\/#\\\/schema\\\/logo\\\/image\\\/\",\"url\":\"https:\\\/\\\/www.wald.com.br\\\/wp-content\\\/uploads\\\/2020\\\/02\\\/Logo_Wald.png\",\"contentUrl\":\"https:\\\/\\\/www.wald.com.br\\\/wp-content\\\/uploads\\\/2020\\\/02\\\/Logo_Wald.png\",\"width\":5260,\"height\":2565,\"caption\":\"Wald, Antunes, Vita, Longo e Blattner Advogados\"},\"image\":{\"@id\":\"https:\\\/\\\/www.wald.com.br\\\/en\\\/#\\\/schema\\\/logo\\\/image\\\/\"},\"sameAs\":[\"https:\\\/\\\/www.linkedin.com\\\/company\\\/wald\"]},{\"@type\":\"Person\",\"@id\":\"https:\\\/\\\/www.wald.com.br\\\/en\\\/#\\\/schema\\\/person\\\/d65f9ebf3187dd1bb99a863aefa5f9e7\",\"name\":\"Wald, Antunes, Vita, Longo e Blattner Advogados\",\"image\":{\"@type\":\"ImageObject\",\"inLanguage\":\"en-US\",\"@id\":\"https:\\\/\\\/secure.gravatar.com\\\/avatar\\\/9f6f5a1ba9c8ba7eab75c520077876d5eccee457c639f33a1ccaa9396e5855e0?s=96&d=mm&r=g\",\"url\":\"https:\\\/\\\/secure.gravatar.com\\\/avatar\\\/9f6f5a1ba9c8ba7eab75c520077876d5eccee457c639f33a1ccaa9396e5855e0?s=96&d=mm&r=g\",\"contentUrl\":\"https:\\\/\\\/secure.gravatar.com\\\/avatar\\\/9f6f5a1ba9c8ba7eab75c520077876d5eccee457c639f33a1ccaa9396e5855e0?s=96&d=mm&r=g\",\"caption\":\"Wald, Antunes, Vita, Longo e Blattner Advogados\"},\"url\":\"https:\\\/\\\/www.wald.com.br\\\/en\\\/author\\\/wald-antunes-vita-longo-e-blattner-advogados\\\/\"}]}<\/script>\n<!-- \/ Yoast SEO plugin. -->","yoast_head_json":{"title":"Professor Arnoldo Wald \u00e9 reconhecido como \u201cThought Leader 2020\u201d pela Who's Who Legal | Wald Advogados","robots":{"index":"index","follow":"follow","max-snippet":"max-snippet:-1","max-image-preview":"max-image-preview:large","max-video-preview":"max-video-preview:-1"},"canonical":"https:\/\/www.wald.com.br\/en\/professor-arnoldo-wald-e-reconhecido-como-thought-leader-2020-pela-whos-who-legal\/","og_locale":"en_US","og_type":"article","og_title":"Professor Arnoldo Wald \u00e9 reconhecido como \u201cThought Leader 2020\u201d pela Who's Who Legal | Wald Advogados","og_description":"Nosso s\u00f3cio e fundador, Professor Arnoldo Wald, foi reconhecido pela Who&#8217;s Who Legal como Thought Leader 2020 nas \u00e1reas de Litigation e Arbitration. Os guias \u201cThought Leaders\u201d da WWL apontam os principais advogados e especialistas em todo o mundo, entre os que agregam \u201cvis\u00e3o, expertise e sabedoria\u201d \u00e0s suas respectivas \u00e1reas de atua\u00e7\u00e3o. Reproduzimos, a [&hellip;]","og_url":"https:\/\/www.wald.com.br\/en\/professor-arnoldo-wald-e-reconhecido-como-thought-leader-2020-pela-whos-who-legal\/","og_site_name":"Wald Advogados","article_published_time":"2020-04-24T22:08:32+00:00","article_modified_time":"2020-04-27T22:16:47+00:00","og_image":[{"url":"http:\/\/www.wald.com.br\/wp-content\/uploads\/2020\/04\/A_Wald_WWLTLLit20.jpg","type":"","width":"","height":""}],"author":"Wald, Antunes, Vita, Longo e Blattner Advogados","twitter_card":"summary_large_image","twitter_misc":{"Written by":"Wald, Antunes, Vita, Longo e Blattner Advogados","Est. reading time":"7 minutes"},"schema":{"@context":"https:\/\/schema.org","@graph":[{"@type":"Article","@id":"https:\/\/www.wald.com.br\/en\/professor-arnoldo-wald-e-reconhecido-como-thought-leader-2020-pela-whos-who-legal\/#article","isPartOf":{"@id":"https:\/\/www.wald.com.br\/en\/professor-arnoldo-wald-e-reconhecido-como-thought-leader-2020-pela-whos-who-legal\/"},"author":{"name":"Wald, Antunes, Vita, Longo e Blattner Advogados","@id":"https:\/\/www.wald.com.br\/en\/#\/schema\/person\/d65f9ebf3187dd1bb99a863aefa5f9e7"},"headline":"Professor Arnoldo Wald \u00e9 reconhecido como \u201cThought Leader 2020\u201d pela Who&#8217;s Who Legal","datePublished":"2020-04-24T22:08:32+00:00","dateModified":"2020-04-27T22:16:47+00:00","mainEntityOfPage":{"@id":"https:\/\/www.wald.com.br\/en\/professor-arnoldo-wald-e-reconhecido-como-thought-leader-2020-pela-whos-who-legal\/"},"wordCount":1509,"commentCount":0,"publisher":{"@id":"https:\/\/www.wald.com.br\/en\/#organization"},"image":{"@id":"https:\/\/www.wald.com.br\/en\/professor-arnoldo-wald-e-reconhecido-como-thought-leader-2020-pela-whos-who-legal\/#primaryimage"},"thumbnailUrl":"http:\/\/www.wald.com.br\/wp-content\/uploads\/2020\/04\/A_Wald_WWLTLLit20.jpg","keywords":["Professor Arnoldo Wald","Thought Leaders","Who's Who Legal"],"articleSection":["News"],"inLanguage":"en-US","potentialAction":[{"@type":"CommentAction","name":"Comment","target":["https:\/\/www.wald.com.br\/en\/professor-arnoldo-wald-e-reconhecido-como-thought-leader-2020-pela-whos-who-legal\/#respond"]}]},{"@type":"WebPage","@id":"https:\/\/www.wald.com.br\/en\/professor-arnoldo-wald-e-reconhecido-como-thought-leader-2020-pela-whos-who-legal\/","url":"https:\/\/www.wald.com.br\/en\/professor-arnoldo-wald-e-reconhecido-como-thought-leader-2020-pela-whos-who-legal\/","name":"Professor Arnoldo Wald \u00e9 reconhecido como \u201cThought Leader 2020\u201d pela Who's Who Legal | Wald Advogados","isPartOf":{"@id":"https:\/\/www.wald.com.br\/en\/#website"},"primaryImageOfPage":{"@id":"https:\/\/www.wald.com.br\/en\/professor-arnoldo-wald-e-reconhecido-como-thought-leader-2020-pela-whos-who-legal\/#primaryimage"},"image":{"@id":"https:\/\/www.wald.com.br\/en\/professor-arnoldo-wald-e-reconhecido-como-thought-leader-2020-pela-whos-who-legal\/#primaryimage"},"thumbnailUrl":"http:\/\/www.wald.com.br\/wp-content\/uploads\/2020\/04\/A_Wald_WWLTLLit20.jpg","datePublished":"2020-04-24T22:08:32+00:00","dateModified":"2020-04-27T22:16:47+00:00","breadcrumb":{"@id":"https:\/\/www.wald.com.br\/en\/professor-arnoldo-wald-e-reconhecido-como-thought-leader-2020-pela-whos-who-legal\/#breadcrumb"},"inLanguage":"en-US","potentialAction":[{"@type":"ReadAction","target":["https:\/\/www.wald.com.br\/en\/professor-arnoldo-wald-e-reconhecido-como-thought-leader-2020-pela-whos-who-legal\/"]}]},{"@type":"ImageObject","inLanguage":"en-US","@id":"https:\/\/www.wald.com.br\/en\/professor-arnoldo-wald-e-reconhecido-como-thought-leader-2020-pela-whos-who-legal\/#primaryimage","url":"http:\/\/www.wald.com.br\/wp-content\/uploads\/2020\/04\/A_Wald_WWLTLLit20.jpg","contentUrl":"http:\/\/www.wald.com.br\/wp-content\/uploads\/2020\/04\/A_Wald_WWLTLLit20.jpg"},{"@type":"BreadcrumbList","@id":"https:\/\/www.wald.com.br\/en\/professor-arnoldo-wald-e-reconhecido-como-thought-leader-2020-pela-whos-who-legal\/#breadcrumb","itemListElement":[{"@type":"ListItem","position":1,"name":"In\u00edcio","item":"https:\/\/www.wald.com.br\/"},{"@type":"ListItem","position":2,"name":"Professor Arnoldo Wald \u00e9 reconhecido como \u201cThought Leader 2020\u201d pela Who&#8217;s Who Legal"}]},{"@type":"WebSite","@id":"https:\/\/www.wald.com.br\/en\/#website","url":"https:\/\/www.wald.com.br\/en\/","name":"Wald Advogados","description":"66 years of leading law practice","publisher":{"@id":"https:\/\/www.wald.com.br\/en\/#organization"},"potentialAction":[{"@type":"SearchAction","target":{"@type":"EntryPoint","urlTemplate":"https:\/\/www.wald.com.br\/en\/?s={search_term_string}"},"query-input":{"@type":"PropertyValueSpecification","valueRequired":true,"valueName":"search_term_string"}}],"inLanguage":"en-US"},{"@type":"Organization","@id":"https:\/\/www.wald.com.br\/en\/#organization","name":"Wald, Antunes, Vita, Longo e Blattner Advogados","url":"https:\/\/www.wald.com.br\/en\/","logo":{"@type":"ImageObject","inLanguage":"en-US","@id":"https:\/\/www.wald.com.br\/en\/#\/schema\/logo\/image\/","url":"https:\/\/www.wald.com.br\/wp-content\/uploads\/2020\/02\/Logo_Wald.png","contentUrl":"https:\/\/www.wald.com.br\/wp-content\/uploads\/2020\/02\/Logo_Wald.png","width":5260,"height":2565,"caption":"Wald, Antunes, Vita, Longo e Blattner Advogados"},"image":{"@id":"https:\/\/www.wald.com.br\/en\/#\/schema\/logo\/image\/"},"sameAs":["https:\/\/www.linkedin.com\/company\/wald"]},{"@type":"Person","@id":"https:\/\/www.wald.com.br\/en\/#\/schema\/person\/d65f9ebf3187dd1bb99a863aefa5f9e7","name":"Wald, Antunes, Vita, Longo e Blattner Advogados","image":{"@type":"ImageObject","inLanguage":"en-US","@id":"https:\/\/secure.gravatar.com\/avatar\/9f6f5a1ba9c8ba7eab75c520077876d5eccee457c639f33a1ccaa9396e5855e0?s=96&d=mm&r=g","url":"https:\/\/secure.gravatar.com\/avatar\/9f6f5a1ba9c8ba7eab75c520077876d5eccee457c639f33a1ccaa9396e5855e0?s=96&d=mm&r=g","contentUrl":"https:\/\/secure.gravatar.com\/avatar\/9f6f5a1ba9c8ba7eab75c520077876d5eccee457c639f33a1ccaa9396e5855e0?s=96&d=mm&r=g","caption":"Wald, Antunes, Vita, Longo e Blattner Advogados"},"url":"https:\/\/www.wald.com.br\/en\/author\/wald-antunes-vita-longo-e-blattner-advogados\/"}]}},"_links":{"self":[{"href":"https:\/\/www.wald.com.br\/en\/wp-json\/wp\/v2\/posts\/1033","targetHints":{"allow":["GET"]}}],"collection":[{"href":"https:\/\/www.wald.com.br\/en\/wp-json\/wp\/v2\/posts"}],"about":[{"href":"https:\/\/www.wald.com.br\/en\/wp-json\/wp\/v2\/types\/post"}],"author":[{"embeddable":true,"href":"https:\/\/www.wald.com.br\/en\/wp-json\/wp\/v2\/users\/3"}],"replies":[{"embeddable":true,"href":"https:\/\/www.wald.com.br\/en\/wp-json\/wp\/v2\/comments?post=1033"}],"version-history":[{"count":2,"href":"https:\/\/www.wald.com.br\/en\/wp-json\/wp\/v2\/posts\/1033\/revisions"}],"predecessor-version":[{"id":1036,"href":"https:\/\/www.wald.com.br\/en\/wp-json\/wp\/v2\/posts\/1033\/revisions\/1036"}],"wp:attachment":[{"href":"https:\/\/www.wald.com.br\/en\/wp-json\/wp\/v2\/media?parent=1033"}],"wp:term":[{"taxonomy":"category","embeddable":true,"href":"https:\/\/www.wald.com.br\/en\/wp-json\/wp\/v2\/categories?post=1033"},{"taxonomy":"post_tag","embeddable":true,"href":"https:\/\/www.wald.com.br\/en\/wp-json\/wp\/v2\/tags?post=1033"}],"curies":[{"name":"wp","href":"https:\/\/api.w.org\/{rel}","templated":true}]}}