{"id":1041,"date":"2020-03-25T20:38:54","date_gmt":"2020-03-25T23:38:54","guid":{"rendered":"http:\/\/www.wald.com.br\/?p=1041"},"modified":"2021-06-10T08:58:27","modified_gmt":"2021-06-10T11:58:27","slug":"bernardo-freire-e-antonio-alberto-rondina-cury-entre-os-mais-votados-na-categoria-rising-star-da-leaders-league","status":"publish","type":"post","link":"https:\/\/www.wald.com.br\/en\/bernardo-freire-e-antonio-alberto-rondina-cury-entre-os-mais-votados-na-categoria-rising-star-da-leaders-league\/","title":{"rendered":"Bernardo Freire e Antonio Alberto Rondina Cury entre os mais votados na categoria \u201cRising Star\u201d da Leaders League"},"content":{"rendered":"<p>O nosso s\u00f3cio <a href=\"http:\/\/www.wald.com.br\/equipe\/bernardo-cavalcanti-freire\/\"><strong>Bernardo Freire<\/strong><\/a> e o advogado <a href=\"http:\/\/www.wald.com.br\/equipe\/antonio-alberto-rondina-cury\/\"><strong>Antonio Alberto Rondina Cury<\/strong><\/a> foram listados pela Leaders League entre os advogados mais votados na categoria \u201cRising Star\u201d por sua atua\u00e7\u00e3o na \u00e1rea de Cartel damage claims. A publica\u00e7\u00e3o divulgou nesta semana os destaques entre os principais escrit\u00f3rios e profissionais ranqueados.<\/p>\n<p><img loading=\"lazy\" decoding=\"async\" class=\"alignnone wp-image-1042 size-full\" src=\"http:\/\/www.wald.com.br\/wp-content\/uploads\/2020\/04\/Wald_LL.png\" alt=\"\" width=\"810\" height=\"450\" srcset=\"https:\/\/www.wald.com.br\/wp-content\/uploads\/2020\/04\/Wald_LL.png 810w, https:\/\/www.wald.com.br\/wp-content\/uploads\/2020\/04\/Wald_LL-300x167.png 300w, https:\/\/www.wald.com.br\/wp-content\/uploads\/2020\/04\/Wald_LL-768x427.png 768w\" sizes=\"auto, (max-width: 810px) 100vw, 810px\" \/><\/p>\n<p>Consulte o perfil completo do escrit\u00f3rio no <a href=\"https:\/\/www.leadersleague.com\/en\/company-directory\/company\/68d9d399-92d1-4072-beb5-fb7c7f39f09f\" target=\"_blank\" rel=\"noopener noreferrer\">Leaders League<\/a>.<\/p>\n","protected":false},"excerpt":{"rendered":"<p>O nosso s\u00f3cio Bernardo Freire e o advogado Antonio Alberto Rondina Cury foram listados pela Leaders League entre os advogados mais votados na categoria \u201cRising Star\u201d por sua atua\u00e7\u00e3o na \u00e1rea de Cartel damage claims. A publica\u00e7\u00e3o divulgou nesta semana os destaques entre os principais escrit\u00f3rios e profissionais ranqueados. Consulte o perfil completo do escrit\u00f3rio [&hellip;]<\/p>\n","protected":false},"author":3,"featured_media":0,"comment_status":"open","ping_status":"closed","sticky":false,"template":"","format":"standard","meta":{"_acf_changed":false,"footnotes":""},"categories":[2],"tags":[17,47,16],"class_list":["post-1041","post","type-post","status-publish","format-standard","hentry","category-noticias","tag-contencioso","tag-leaders-league","tag-precontencioso"],"acf":[],"yoast_head":"<!-- This site is optimized with the Yoast SEO plugin v27.5 - https:\/\/yoast.com\/product\/yoast-seo-wordpress\/ -->\n<title>Bernardo Freire e Antonio Alberto Rondina Cury entre os mais votados na categoria \u201cRising Star\u201d da Leaders League | Wald Advogados<\/title>\n<meta name=\"robots\" content=\"index, follow, max-snippet:-1, max-image-preview:large, max-video-preview:-1\" \/>\n<link rel=\"canonical\" href=\"https:\/\/www.wald.com.br\/en\/bernardo-freire-e-antonio-alberto-rondina-cury-entre-os-mais-votados-na-categoria-rising-star-da-leaders-league\/\" \/>\n<meta property=\"og:locale\" content=\"en_US\" \/>\n<meta property=\"og:type\" content=\"article\" \/>\n<meta property=\"og:title\" content=\"Bernardo Freire e Antonio Alberto Rondina Cury entre os mais votados na categoria \u201cRising Star\u201d da Leaders League | Wald Advogados\" \/>\n<meta property=\"og:description\" content=\"O nosso s\u00f3cio Bernardo Freire e o advogado Antonio Alberto Rondina Cury foram listados pela Leaders League entre os advogados mais votados na categoria \u201cRising Star\u201d por sua atua\u00e7\u00e3o na \u00e1rea de Cartel damage claims. A publica\u00e7\u00e3o divulgou nesta semana os destaques entre os principais escrit\u00f3rios e profissionais ranqueados. Consulte o perfil completo do escrit\u00f3rio [&hellip;]\" \/>\n<meta property=\"og:url\" content=\"https:\/\/www.wald.com.br\/en\/bernardo-freire-e-antonio-alberto-rondina-cury-entre-os-mais-votados-na-categoria-rising-star-da-leaders-league\/\" \/>\n<meta property=\"og:site_name\" content=\"Wald Advogados\" \/>\n<meta property=\"article:published_time\" content=\"2020-03-25T23:38:54+00:00\" \/>\n<meta property=\"article:modified_time\" content=\"2021-06-10T11:58:27+00:00\" \/>\n<meta property=\"og:image\" content=\"http:\/\/www.wald.com.br\/wp-content\/uploads\/2020\/04\/Wald_LL.png\" \/>\n<meta name=\"author\" content=\"Wald, Antunes, Vita, Longo e Blattner Advogados\" \/>\n<meta name=\"twitter:card\" content=\"summary_large_image\" \/>\n<meta name=\"twitter:label1\" content=\"Written by\" \/>\n\t<meta name=\"twitter:data1\" content=\"Wald, Antunes, Vita, Longo e Blattner Advogados\" \/>\n<script type=\"application\/ld+json\" class=\"yoast-schema-graph\">{\"@context\":\"https:\\\/\\\/schema.org\",\"@graph\":[{\"@type\":\"Article\",\"@id\":\"https:\\\/\\\/www.wald.com.br\\\/en\\\/bernardo-freire-e-antonio-alberto-rondina-cury-entre-os-mais-votados-na-categoria-rising-star-da-leaders-league\\\/#article\",\"isPartOf\":{\"@id\":\"https:\\\/\\\/www.wald.com.br\\\/en\\\/bernardo-freire-e-antonio-alberto-rondina-cury-entre-os-mais-votados-na-categoria-rising-star-da-leaders-league\\\/\"},\"author\":{\"name\":\"Wald, Antunes, Vita, Longo e Blattner Advogados\",\"@id\":\"https:\\\/\\\/www.wald.com.br\\\/en\\\/#\\\/schema\\\/person\\\/d65f9ebf3187dd1bb99a863aefa5f9e7\"},\"headline\":\"Bernardo Freire e Antonio Alberto Rondina Cury entre os mais votados na categoria \u201cRising Star\u201d da Leaders League\",\"datePublished\":\"2020-03-25T23:38:54+00:00\",\"dateModified\":\"2021-06-10T11:58:27+00:00\",\"mainEntityOfPage\":{\"@id\":\"https:\\\/\\\/www.wald.com.br\\\/en\\\/bernardo-freire-e-antonio-alberto-rondina-cury-entre-os-mais-votados-na-categoria-rising-star-da-leaders-league\\\/\"},\"wordCount\":81,\"commentCount\":0,\"publisher\":{\"@id\":\"https:\\\/\\\/www.wald.com.br\\\/en\\\/#organization\"},\"image\":{\"@id\":\"https:\\\/\\\/www.wald.com.br\\\/en\\\/bernardo-freire-e-antonio-alberto-rondina-cury-entre-os-mais-votados-na-categoria-rising-star-da-leaders-league\\\/#primaryimage\"},\"thumbnailUrl\":\"http:\\\/\\\/www.wald.com.br\\\/wp-content\\\/uploads\\\/2020\\\/04\\\/Wald_LL.png\",\"keywords\":[\"Contencioso administrativo e judicial\",\"Leaders League\",\"Pr\u00e9-contencioso\"],\"articleSection\":[\"News\"],\"inLanguage\":\"en-US\",\"potentialAction\":[{\"@type\":\"CommentAction\",\"name\":\"Comment\",\"target\":[\"https:\\\/\\\/www.wald.com.br\\\/en\\\/bernardo-freire-e-antonio-alberto-rondina-cury-entre-os-mais-votados-na-categoria-rising-star-da-leaders-league\\\/#respond\"]}]},{\"@type\":\"WebPage\",\"@id\":\"https:\\\/\\\/www.wald.com.br\\\/en\\\/bernardo-freire-e-antonio-alberto-rondina-cury-entre-os-mais-votados-na-categoria-rising-star-da-leaders-league\\\/\",\"url\":\"https:\\\/\\\/www.wald.com.br\\\/en\\\/bernardo-freire-e-antonio-alberto-rondina-cury-entre-os-mais-votados-na-categoria-rising-star-da-leaders-league\\\/\",\"name\":\"Bernardo Freire e Antonio Alberto Rondina Cury entre os mais votados na categoria \u201cRising Star\u201d da Leaders League | Wald Advogados\",\"isPartOf\":{\"@id\":\"https:\\\/\\\/www.wald.com.br\\\/en\\\/#website\"},\"primaryImageOfPage\":{\"@id\":\"https:\\\/\\\/www.wald.com.br\\\/en\\\/bernardo-freire-e-antonio-alberto-rondina-cury-entre-os-mais-votados-na-categoria-rising-star-da-leaders-league\\\/#primaryimage\"},\"image\":{\"@id\":\"https:\\\/\\\/www.wald.com.br\\\/en\\\/bernardo-freire-e-antonio-alberto-rondina-cury-entre-os-mais-votados-na-categoria-rising-star-da-leaders-league\\\/#primaryimage\"},\"thumbnailUrl\":\"http:\\\/\\\/www.wald.com.br\\\/wp-content\\\/uploads\\\/2020\\\/04\\\/Wald_LL.png\",\"datePublished\":\"2020-03-25T23:38:54+00:00\",\"dateModified\":\"2021-06-10T11:58:27+00:00\",\"breadcrumb\":{\"@id\":\"https:\\\/\\\/www.wald.com.br\\\/en\\\/bernardo-freire-e-antonio-alberto-rondina-cury-entre-os-mais-votados-na-categoria-rising-star-da-leaders-league\\\/#breadcrumb\"},\"inLanguage\":\"en-US\",\"potentialAction\":[{\"@type\":\"ReadAction\",\"target\":[\"https:\\\/\\\/www.wald.com.br\\\/en\\\/bernardo-freire-e-antonio-alberto-rondina-cury-entre-os-mais-votados-na-categoria-rising-star-da-leaders-league\\\/\"]}]},{\"@type\":\"ImageObject\",\"inLanguage\":\"en-US\",\"@id\":\"https:\\\/\\\/www.wald.com.br\\\/en\\\/bernardo-freire-e-antonio-alberto-rondina-cury-entre-os-mais-votados-na-categoria-rising-star-da-leaders-league\\\/#primaryimage\",\"url\":\"http:\\\/\\\/www.wald.com.br\\\/wp-content\\\/uploads\\\/2020\\\/04\\\/Wald_LL.png\",\"contentUrl\":\"http:\\\/\\\/www.wald.com.br\\\/wp-content\\\/uploads\\\/2020\\\/04\\\/Wald_LL.png\"},{\"@type\":\"BreadcrumbList\",\"@id\":\"https:\\\/\\\/www.wald.com.br\\\/en\\\/bernardo-freire-e-antonio-alberto-rondina-cury-entre-os-mais-votados-na-categoria-rising-star-da-leaders-league\\\/#breadcrumb\",\"itemListElement\":[{\"@type\":\"ListItem\",\"position\":1,\"name\":\"In\u00edcio\",\"item\":\"https:\\\/\\\/www.wald.com.br\\\/\"},{\"@type\":\"ListItem\",\"position\":2,\"name\":\"Bernardo Freire e Antonio Alberto Rondina Cury entre os mais votados na categoria \u201cRising Star\u201d da Leaders League\"}]},{\"@type\":\"WebSite\",\"@id\":\"https:\\\/\\\/www.wald.com.br\\\/en\\\/#website\",\"url\":\"https:\\\/\\\/www.wald.com.br\\\/en\\\/\",\"name\":\"Wald Advogados\",\"description\":\"66 years of leading law practice\",\"publisher\":{\"@id\":\"https:\\\/\\\/www.wald.com.br\\\/en\\\/#organization\"},\"potentialAction\":[{\"@type\":\"SearchAction\",\"target\":{\"@type\":\"EntryPoint\",\"urlTemplate\":\"https:\\\/\\\/www.wald.com.br\\\/en\\\/?s={search_term_string}\"},\"query-input\":{\"@type\":\"PropertyValueSpecification\",\"valueRequired\":true,\"valueName\":\"search_term_string\"}}],\"inLanguage\":\"en-US\"},{\"@type\":\"Organization\",\"@id\":\"https:\\\/\\\/www.wald.com.br\\\/en\\\/#organization\",\"name\":\"Wald, Antunes, Vita, Longo e Blattner Advogados\",\"url\":\"https:\\\/\\\/www.wald.com.br\\\/en\\\/\",\"logo\":{\"@type\":\"ImageObject\",\"inLanguage\":\"en-US\",\"@id\":\"https:\\\/\\\/www.wald.com.br\\\/en\\\/#\\\/schema\\\/logo\\\/image\\\/\",\"url\":\"https:\\\/\\\/www.wald.com.br\\\/wp-content\\\/uploads\\\/2020\\\/02\\\/Logo_Wald.png\",\"contentUrl\":\"https:\\\/\\\/www.wald.com.br\\\/wp-content\\\/uploads\\\/2020\\\/02\\\/Logo_Wald.png\",\"width\":5260,\"height\":2565,\"caption\":\"Wald, Antunes, Vita, Longo e Blattner Advogados\"},\"image\":{\"@id\":\"https:\\\/\\\/www.wald.com.br\\\/en\\\/#\\\/schema\\\/logo\\\/image\\\/\"},\"sameAs\":[\"https:\\\/\\\/www.linkedin.com\\\/company\\\/wald\"]},{\"@type\":\"Person\",\"@id\":\"https:\\\/\\\/www.wald.com.br\\\/en\\\/#\\\/schema\\\/person\\\/d65f9ebf3187dd1bb99a863aefa5f9e7\",\"name\":\"Wald, Antunes, Vita, Longo e Blattner Advogados\",\"image\":{\"@type\":\"ImageObject\",\"inLanguage\":\"en-US\",\"@id\":\"https:\\\/\\\/secure.gravatar.com\\\/avatar\\\/9f6f5a1ba9c8ba7eab75c520077876d5eccee457c639f33a1ccaa9396e5855e0?s=96&d=mm&r=g\",\"url\":\"https:\\\/\\\/secure.gravatar.com\\\/avatar\\\/9f6f5a1ba9c8ba7eab75c520077876d5eccee457c639f33a1ccaa9396e5855e0?s=96&d=mm&r=g\",\"contentUrl\":\"https:\\\/\\\/secure.gravatar.com\\\/avatar\\\/9f6f5a1ba9c8ba7eab75c520077876d5eccee457c639f33a1ccaa9396e5855e0?s=96&d=mm&r=g\",\"caption\":\"Wald, Antunes, Vita, Longo e Blattner Advogados\"},\"url\":\"https:\\\/\\\/www.wald.com.br\\\/en\\\/author\\\/wald-antunes-vita-longo-e-blattner-advogados\\\/\"}]}<\/script>\n<!-- \/ Yoast SEO plugin. -->","yoast_head_json":{"title":"Bernardo Freire e Antonio Alberto Rondina Cury entre os mais votados na categoria \u201cRising Star\u201d da Leaders League | Wald Advogados","robots":{"index":"index","follow":"follow","max-snippet":"max-snippet:-1","max-image-preview":"max-image-preview:large","max-video-preview":"max-video-preview:-1"},"canonical":"https:\/\/www.wald.com.br\/en\/bernardo-freire-e-antonio-alberto-rondina-cury-entre-os-mais-votados-na-categoria-rising-star-da-leaders-league\/","og_locale":"en_US","og_type":"article","og_title":"Bernardo Freire e Antonio Alberto Rondina Cury entre os mais votados na categoria \u201cRising Star\u201d da Leaders League | Wald Advogados","og_description":"O nosso s\u00f3cio Bernardo Freire e o advogado Antonio Alberto Rondina Cury foram listados pela Leaders League entre os advogados mais votados na categoria \u201cRising Star\u201d por sua atua\u00e7\u00e3o na \u00e1rea de Cartel damage claims. A publica\u00e7\u00e3o divulgou nesta semana os destaques entre os principais escrit\u00f3rios e profissionais ranqueados. Consulte o perfil completo do escrit\u00f3rio [&hellip;]","og_url":"https:\/\/www.wald.com.br\/en\/bernardo-freire-e-antonio-alberto-rondina-cury-entre-os-mais-votados-na-categoria-rising-star-da-leaders-league\/","og_site_name":"Wald Advogados","article_published_time":"2020-03-25T23:38:54+00:00","article_modified_time":"2021-06-10T11:58:27+00:00","og_image":[{"url":"http:\/\/www.wald.com.br\/wp-content\/uploads\/2020\/04\/Wald_LL.png","type":"","width":"","height":""}],"author":"Wald, Antunes, Vita, Longo e Blattner Advogados","twitter_card":"summary_large_image","twitter_misc":{"Written by":"Wald, Antunes, Vita, Longo e Blattner Advogados"},"schema":{"@context":"https:\/\/schema.org","@graph":[{"@type":"Article","@id":"https:\/\/www.wald.com.br\/en\/bernardo-freire-e-antonio-alberto-rondina-cury-entre-os-mais-votados-na-categoria-rising-star-da-leaders-league\/#article","isPartOf":{"@id":"https:\/\/www.wald.com.br\/en\/bernardo-freire-e-antonio-alberto-rondina-cury-entre-os-mais-votados-na-categoria-rising-star-da-leaders-league\/"},"author":{"name":"Wald, Antunes, Vita, Longo e Blattner Advogados","@id":"https:\/\/www.wald.com.br\/en\/#\/schema\/person\/d65f9ebf3187dd1bb99a863aefa5f9e7"},"headline":"Bernardo Freire e Antonio Alberto Rondina Cury entre os mais votados na categoria \u201cRising Star\u201d da Leaders League","datePublished":"2020-03-25T23:38:54+00:00","dateModified":"2021-06-10T11:58:27+00:00","mainEntityOfPage":{"@id":"https:\/\/www.wald.com.br\/en\/bernardo-freire-e-antonio-alberto-rondina-cury-entre-os-mais-votados-na-categoria-rising-star-da-leaders-league\/"},"wordCount":81,"commentCount":0,"publisher":{"@id":"https:\/\/www.wald.com.br\/en\/#organization"},"image":{"@id":"https:\/\/www.wald.com.br\/en\/bernardo-freire-e-antonio-alberto-rondina-cury-entre-os-mais-votados-na-categoria-rising-star-da-leaders-league\/#primaryimage"},"thumbnailUrl":"http:\/\/www.wald.com.br\/wp-content\/uploads\/2020\/04\/Wald_LL.png","keywords":["Contencioso administrativo e judicial","Leaders League","Pr\u00e9-contencioso"],"articleSection":["News"],"inLanguage":"en-US","potentialAction":[{"@type":"CommentAction","name":"Comment","target":["https:\/\/www.wald.com.br\/en\/bernardo-freire-e-antonio-alberto-rondina-cury-entre-os-mais-votados-na-categoria-rising-star-da-leaders-league\/#respond"]}]},{"@type":"WebPage","@id":"https:\/\/www.wald.com.br\/en\/bernardo-freire-e-antonio-alberto-rondina-cury-entre-os-mais-votados-na-categoria-rising-star-da-leaders-league\/","url":"https:\/\/www.wald.com.br\/en\/bernardo-freire-e-antonio-alberto-rondina-cury-entre-os-mais-votados-na-categoria-rising-star-da-leaders-league\/","name":"Bernardo Freire e Antonio Alberto Rondina Cury entre os mais votados na categoria \u201cRising Star\u201d da Leaders League | Wald Advogados","isPartOf":{"@id":"https:\/\/www.wald.com.br\/en\/#website"},"primaryImageOfPage":{"@id":"https:\/\/www.wald.com.br\/en\/bernardo-freire-e-antonio-alberto-rondina-cury-entre-os-mais-votados-na-categoria-rising-star-da-leaders-league\/#primaryimage"},"image":{"@id":"https:\/\/www.wald.com.br\/en\/bernardo-freire-e-antonio-alberto-rondina-cury-entre-os-mais-votados-na-categoria-rising-star-da-leaders-league\/#primaryimage"},"thumbnailUrl":"http:\/\/www.wald.com.br\/wp-content\/uploads\/2020\/04\/Wald_LL.png","datePublished":"2020-03-25T23:38:54+00:00","dateModified":"2021-06-10T11:58:27+00:00","breadcrumb":{"@id":"https:\/\/www.wald.com.br\/en\/bernardo-freire-e-antonio-alberto-rondina-cury-entre-os-mais-votados-na-categoria-rising-star-da-leaders-league\/#breadcrumb"},"inLanguage":"en-US","potentialAction":[{"@type":"ReadAction","target":["https:\/\/www.wald.com.br\/en\/bernardo-freire-e-antonio-alberto-rondina-cury-entre-os-mais-votados-na-categoria-rising-star-da-leaders-league\/"]}]},{"@type":"ImageObject","inLanguage":"en-US","@id":"https:\/\/www.wald.com.br\/en\/bernardo-freire-e-antonio-alberto-rondina-cury-entre-os-mais-votados-na-categoria-rising-star-da-leaders-league\/#primaryimage","url":"http:\/\/www.wald.com.br\/wp-content\/uploads\/2020\/04\/Wald_LL.png","contentUrl":"http:\/\/www.wald.com.br\/wp-content\/uploads\/2020\/04\/Wald_LL.png"},{"@type":"BreadcrumbList","@id":"https:\/\/www.wald.com.br\/en\/bernardo-freire-e-antonio-alberto-rondina-cury-entre-os-mais-votados-na-categoria-rising-star-da-leaders-league\/#breadcrumb","itemListElement":[{"@type":"ListItem","position":1,"name":"In\u00edcio","item":"https:\/\/www.wald.com.br\/"},{"@type":"ListItem","position":2,"name":"Bernardo Freire e Antonio Alberto Rondina Cury entre os mais votados na categoria \u201cRising Star\u201d da Leaders League"}]},{"@type":"WebSite","@id":"https:\/\/www.wald.com.br\/en\/#website","url":"https:\/\/www.wald.com.br\/en\/","name":"Wald Advogados","description":"66 years of leading law practice","publisher":{"@id":"https:\/\/www.wald.com.br\/en\/#organization"},"potentialAction":[{"@type":"SearchAction","target":{"@type":"EntryPoint","urlTemplate":"https:\/\/www.wald.com.br\/en\/?s={search_term_string}"},"query-input":{"@type":"PropertyValueSpecification","valueRequired":true,"valueName":"search_term_string"}}],"inLanguage":"en-US"},{"@type":"Organization","@id":"https:\/\/www.wald.com.br\/en\/#organization","name":"Wald, Antunes, Vita, Longo e Blattner Advogados","url":"https:\/\/www.wald.com.br\/en\/","logo":{"@type":"ImageObject","inLanguage":"en-US","@id":"https:\/\/www.wald.com.br\/en\/#\/schema\/logo\/image\/","url":"https:\/\/www.wald.com.br\/wp-content\/uploads\/2020\/02\/Logo_Wald.png","contentUrl":"https:\/\/www.wald.com.br\/wp-content\/uploads\/2020\/02\/Logo_Wald.png","width":5260,"height":2565,"caption":"Wald, Antunes, Vita, Longo e Blattner Advogados"},"image":{"@id":"https:\/\/www.wald.com.br\/en\/#\/schema\/logo\/image\/"},"sameAs":["https:\/\/www.linkedin.com\/company\/wald"]},{"@type":"Person","@id":"https:\/\/www.wald.com.br\/en\/#\/schema\/person\/d65f9ebf3187dd1bb99a863aefa5f9e7","name":"Wald, Antunes, Vita, Longo e Blattner Advogados","image":{"@type":"ImageObject","inLanguage":"en-US","@id":"https:\/\/secure.gravatar.com\/avatar\/9f6f5a1ba9c8ba7eab75c520077876d5eccee457c639f33a1ccaa9396e5855e0?s=96&d=mm&r=g","url":"https:\/\/secure.gravatar.com\/avatar\/9f6f5a1ba9c8ba7eab75c520077876d5eccee457c639f33a1ccaa9396e5855e0?s=96&d=mm&r=g","contentUrl":"https:\/\/secure.gravatar.com\/avatar\/9f6f5a1ba9c8ba7eab75c520077876d5eccee457c639f33a1ccaa9396e5855e0?s=96&d=mm&r=g","caption":"Wald, Antunes, Vita, Longo e Blattner Advogados"},"url":"https:\/\/www.wald.com.br\/en\/author\/wald-antunes-vita-longo-e-blattner-advogados\/"}]}},"_links":{"self":[{"href":"https:\/\/www.wald.com.br\/en\/wp-json\/wp\/v2\/posts\/1041","targetHints":{"allow":["GET"]}}],"collection":[{"href":"https:\/\/www.wald.com.br\/en\/wp-json\/wp\/v2\/posts"}],"about":[{"href":"https:\/\/www.wald.com.br\/en\/wp-json\/wp\/v2\/types\/post"}],"author":[{"embeddable":true,"href":"https:\/\/www.wald.com.br\/en\/wp-json\/wp\/v2\/users\/3"}],"replies":[{"embeddable":true,"href":"https:\/\/www.wald.com.br\/en\/wp-json\/wp\/v2\/comments?post=1041"}],"version-history":[{"count":1,"href":"https:\/\/www.wald.com.br\/en\/wp-json\/wp\/v2\/posts\/1041\/revisions"}],"predecessor-version":[{"id":1043,"href":"https:\/\/www.wald.com.br\/en\/wp-json\/wp\/v2\/posts\/1041\/revisions\/1043"}],"wp:attachment":[{"href":"https:\/\/www.wald.com.br\/en\/wp-json\/wp\/v2\/media?parent=1041"}],"wp:term":[{"taxonomy":"category","embeddable":true,"href":"https:\/\/www.wald.com.br\/en\/wp-json\/wp\/v2\/categories?post=1041"},{"taxonomy":"post_tag","embeddable":true,"href":"https:\/\/www.wald.com.br\/en\/wp-json\/wp\/v2\/tags?post=1041"}],"curies":[{"name":"wp","href":"https:\/\/api.w.org\/{rel}","templated":true}]}}