{"id":1046,"date":"2020-02-28T19:58:21","date_gmt":"2020-02-28T22:58:21","guid":{"rendered":"http:\/\/www.wald.com.br\/?p=1046"},"modified":"2020-04-27T20:04:08","modified_gmt":"2020-04-27T23:04:08","slug":"seis-socios-do-wald-antunes-vita-longo-e-blattner-advogados-sao-destaque-no-ranking-leaders-league-2020","status":"publish","type":"post","link":"https:\/\/www.wald.com.br\/en\/seis-socios-do-wald-antunes-vita-longo-e-blattner-advogados-sao-destaque-no-ranking-leaders-league-2020\/","title":{"rendered":"Seis s\u00f3cios do Wald, Antunes, Vita, Longo e Blattner Advogados s\u00e3o destaque no ranking Leaders League 2020"},"content":{"rendered":"<p>O ranking 2020 do Leaders League recomendou o Wald, Antunes, Vita, Longo e Blattner Advogados pela atua\u00e7\u00e3o do escrit\u00f3rio nas \u00e1reas de <em>Arbitration<\/em>, <em>Cartel damage claims<\/em>, <em>Civil and commercial Litigation<\/em> e <em>Bankruptcy<\/em>.<\/p>\n<p>A publica\u00e7\u00e3o tamb\u00e9m destacou a atua\u00e7\u00e3o dos nossos s\u00f3cios <a href=\"http:\/\/www.wald.com.br\/equipe\/arnoldo-wald\/\"><strong>Professor Arnoldo Wald<\/strong><\/a> (Civil and commercial litigation, Bankruptcy, Cartel damage claims e Arbitration), <a href=\"http:\/\/www.wald.com.br\/equipe\/alexandre-de-mendonca-wald\/\"><strong>Alexandre Wald<\/strong><\/a> (Civil and commercial litigation), <a href=\"http:\/\/www.wald.com.br\/equipe\/mariana-tavares-antunes\/\"><strong>Mariana Tavares Antunes<\/strong><\/a> (Civil and commercial litigation e Arbitration), <a href=\"http:\/\/www.wald.com.br\/equipe\/samantha-mendes-longo\/\"><strong>Samantha Mendes Longo<\/strong><\/a> (Bankruptcy), <a href=\"http:\/\/www.wald.com.br\/equipe\/marina-gaensly-blattner\/\"><strong>Marina Gaensly Blattner<\/strong><\/a> (Arbitration) e <a href=\"http:\/\/www.wald.com.br\/equipe\/riccardo-giuliano-figueira-torre\/\"><strong>Riccardo Torre<\/strong><\/a> (Arbitration).<\/p>\n<p><img loading=\"lazy\" decoding=\"async\" class=\"alignnone wp-image-1047 size-full\" src=\"http:\/\/www.wald.com.br\/wp-content\/uploads\/2020\/04\/1.png\" alt=\"\" width=\"1215\" height=\"675\" srcset=\"https:\/\/www.wald.com.br\/wp-content\/uploads\/2020\/04\/1.png 1215w, https:\/\/www.wald.com.br\/wp-content\/uploads\/2020\/04\/1-300x167.png 300w, https:\/\/www.wald.com.br\/wp-content\/uploads\/2020\/04\/1-1024x569.png 1024w, https:\/\/www.wald.com.br\/wp-content\/uploads\/2020\/04\/1-768x427.png 768w\" sizes=\"auto, (max-width: 1215px) 100vw, 1215px\" \/><\/p>\n<p>Consulte o perfil completo do escrit\u00f3rio no <a href=\"https:\/\/www.leadersleague.com\/en\/company-directory\/company\/68d9d399-92d1-4072-beb5-fb7c7f39f09f\" target=\"_blank\" rel=\"noopener noreferrer\">Leaders League<\/a>.<\/p>\n","protected":false},"excerpt":{"rendered":"<p>O ranking 2020 do Leaders League recomendou o Wald, Antunes, Vita, Longo e Blattner Advogados pela atua\u00e7\u00e3o do escrit\u00f3rio nas \u00e1reas de Arbitration, Cartel damage claims, Civil and commercial Litigation e Bankruptcy. A publica\u00e7\u00e3o tamb\u00e9m destacou a atua\u00e7\u00e3o dos nossos s\u00f3cios Professor Arnoldo Wald (Civil and commercial litigation, Bankruptcy, Cartel damage claims e Arbitration), Alexandre [&hellip;]<\/p>\n","protected":false},"author":3,"featured_media":0,"comment_status":"open","ping_status":"closed","sticky":false,"template":"","format":"standard","meta":{"_acf_changed":false,"footnotes":""},"categories":[2],"tags":[14,17,47,19],"class_list":["post-1046","post","type-post","status-publish","format-standard","hentry","category-noticias","tag-arbitragem","tag-contencioso","tag-leaders-league","tag-recuperacao-empresarial"],"acf":[],"yoast_head":"<!-- This site is optimized with the Yoast SEO plugin v27.5 - https:\/\/yoast.com\/product\/yoast-seo-wordpress\/ -->\n<title>Seis s\u00f3cios do Wald, Antunes, Vita, Longo e Blattner Advogados s\u00e3o destaque no ranking Leaders League 2020 | Wald Advogados<\/title>\n<meta name=\"robots\" content=\"index, follow, max-snippet:-1, max-image-preview:large, max-video-preview:-1\" \/>\n<link rel=\"canonical\" href=\"https:\/\/www.wald.com.br\/en\/seis-socios-do-wald-antunes-vita-longo-e-blattner-advogados-sao-destaque-no-ranking-leaders-league-2020\/\" \/>\n<meta property=\"og:locale\" content=\"en_US\" \/>\n<meta property=\"og:type\" content=\"article\" \/>\n<meta property=\"og:title\" content=\"Seis s\u00f3cios do Wald, Antunes, Vita, Longo e Blattner Advogados s\u00e3o destaque no ranking Leaders League 2020 | Wald Advogados\" \/>\n<meta property=\"og:description\" content=\"O ranking 2020 do Leaders League recomendou o Wald, Antunes, Vita, Longo e Blattner Advogados pela atua\u00e7\u00e3o do escrit\u00f3rio nas \u00e1reas de Arbitration, Cartel damage claims, Civil and commercial Litigation e Bankruptcy. A publica\u00e7\u00e3o tamb\u00e9m destacou a atua\u00e7\u00e3o dos nossos s\u00f3cios Professor Arnoldo Wald (Civil and commercial litigation, Bankruptcy, Cartel damage claims e Arbitration), Alexandre [&hellip;]\" \/>\n<meta property=\"og:url\" content=\"https:\/\/www.wald.com.br\/en\/seis-socios-do-wald-antunes-vita-longo-e-blattner-advogados-sao-destaque-no-ranking-leaders-league-2020\/\" \/>\n<meta property=\"og:site_name\" content=\"Wald Advogados\" \/>\n<meta property=\"article:published_time\" content=\"2020-02-28T22:58:21+00:00\" \/>\n<meta property=\"article:modified_time\" content=\"2020-04-27T23:04:08+00:00\" \/>\n<meta property=\"og:image\" content=\"http:\/\/www.wald.com.br\/wp-content\/uploads\/2020\/04\/1.png\" \/>\n<meta name=\"author\" content=\"Wald, Antunes, Vita, Longo e Blattner Advogados\" \/>\n<meta name=\"twitter:card\" content=\"summary_large_image\" \/>\n<meta name=\"twitter:label1\" content=\"Written by\" \/>\n\t<meta name=\"twitter:data1\" content=\"Wald, Antunes, Vita, Longo e Blattner Advogados\" \/>\n<script type=\"application\/ld+json\" class=\"yoast-schema-graph\">{\"@context\":\"https:\\\/\\\/schema.org\",\"@graph\":[{\"@type\":\"Article\",\"@id\":\"https:\\\/\\\/www.wald.com.br\\\/en\\\/seis-socios-do-wald-antunes-vita-longo-e-blattner-advogados-sao-destaque-no-ranking-leaders-league-2020\\\/#article\",\"isPartOf\":{\"@id\":\"https:\\\/\\\/www.wald.com.br\\\/en\\\/seis-socios-do-wald-antunes-vita-longo-e-blattner-advogados-sao-destaque-no-ranking-leaders-league-2020\\\/\"},\"author\":{\"name\":\"Wald, Antunes, Vita, Longo e Blattner Advogados\",\"@id\":\"https:\\\/\\\/www.wald.com.br\\\/en\\\/#\\\/schema\\\/person\\\/d65f9ebf3187dd1bb99a863aefa5f9e7\"},\"headline\":\"Seis s\u00f3cios do Wald, Antunes, Vita, Longo e Blattner Advogados s\u00e3o destaque no ranking Leaders League 2020\",\"datePublished\":\"2020-02-28T22:58:21+00:00\",\"dateModified\":\"2020-04-27T23:04:08+00:00\",\"mainEntityOfPage\":{\"@id\":\"https:\\\/\\\/www.wald.com.br\\\/en\\\/seis-socios-do-wald-antunes-vita-longo-e-blattner-advogados-sao-destaque-no-ranking-leaders-league-2020\\\/\"},\"wordCount\":114,\"commentCount\":0,\"publisher\":{\"@id\":\"https:\\\/\\\/www.wald.com.br\\\/en\\\/#organization\"},\"image\":{\"@id\":\"https:\\\/\\\/www.wald.com.br\\\/en\\\/seis-socios-do-wald-antunes-vita-longo-e-blattner-advogados-sao-destaque-no-ranking-leaders-league-2020\\\/#primaryimage\"},\"thumbnailUrl\":\"http:\\\/\\\/www.wald.com.br\\\/wp-content\\\/uploads\\\/2020\\\/04\\\/1.png\",\"keywords\":[\"Arbitragem\",\"Contencioso administrativo e judicial\",\"Leaders League\",\"Recupera\u00e7\u00e3o empresarial\"],\"articleSection\":[\"News\"],\"inLanguage\":\"en-US\",\"potentialAction\":[{\"@type\":\"CommentAction\",\"name\":\"Comment\",\"target\":[\"https:\\\/\\\/www.wald.com.br\\\/en\\\/seis-socios-do-wald-antunes-vita-longo-e-blattner-advogados-sao-destaque-no-ranking-leaders-league-2020\\\/#respond\"]}]},{\"@type\":\"WebPage\",\"@id\":\"https:\\\/\\\/www.wald.com.br\\\/en\\\/seis-socios-do-wald-antunes-vita-longo-e-blattner-advogados-sao-destaque-no-ranking-leaders-league-2020\\\/\",\"url\":\"https:\\\/\\\/www.wald.com.br\\\/en\\\/seis-socios-do-wald-antunes-vita-longo-e-blattner-advogados-sao-destaque-no-ranking-leaders-league-2020\\\/\",\"name\":\"Seis s\u00f3cios do Wald, Antunes, Vita, Longo e Blattner Advogados s\u00e3o destaque no ranking Leaders League 2020 | Wald Advogados\",\"isPartOf\":{\"@id\":\"https:\\\/\\\/www.wald.com.br\\\/en\\\/#website\"},\"primaryImageOfPage\":{\"@id\":\"https:\\\/\\\/www.wald.com.br\\\/en\\\/seis-socios-do-wald-antunes-vita-longo-e-blattner-advogados-sao-destaque-no-ranking-leaders-league-2020\\\/#primaryimage\"},\"image\":{\"@id\":\"https:\\\/\\\/www.wald.com.br\\\/en\\\/seis-socios-do-wald-antunes-vita-longo-e-blattner-advogados-sao-destaque-no-ranking-leaders-league-2020\\\/#primaryimage\"},\"thumbnailUrl\":\"http:\\\/\\\/www.wald.com.br\\\/wp-content\\\/uploads\\\/2020\\\/04\\\/1.png\",\"datePublished\":\"2020-02-28T22:58:21+00:00\",\"dateModified\":\"2020-04-27T23:04:08+00:00\",\"breadcrumb\":{\"@id\":\"https:\\\/\\\/www.wald.com.br\\\/en\\\/seis-socios-do-wald-antunes-vita-longo-e-blattner-advogados-sao-destaque-no-ranking-leaders-league-2020\\\/#breadcrumb\"},\"inLanguage\":\"en-US\",\"potentialAction\":[{\"@type\":\"ReadAction\",\"target\":[\"https:\\\/\\\/www.wald.com.br\\\/en\\\/seis-socios-do-wald-antunes-vita-longo-e-blattner-advogados-sao-destaque-no-ranking-leaders-league-2020\\\/\"]}]},{\"@type\":\"ImageObject\",\"inLanguage\":\"en-US\",\"@id\":\"https:\\\/\\\/www.wald.com.br\\\/en\\\/seis-socios-do-wald-antunes-vita-longo-e-blattner-advogados-sao-destaque-no-ranking-leaders-league-2020\\\/#primaryimage\",\"url\":\"http:\\\/\\\/www.wald.com.br\\\/wp-content\\\/uploads\\\/2020\\\/04\\\/1.png\",\"contentUrl\":\"http:\\\/\\\/www.wald.com.br\\\/wp-content\\\/uploads\\\/2020\\\/04\\\/1.png\"},{\"@type\":\"BreadcrumbList\",\"@id\":\"https:\\\/\\\/www.wald.com.br\\\/en\\\/seis-socios-do-wald-antunes-vita-longo-e-blattner-advogados-sao-destaque-no-ranking-leaders-league-2020\\\/#breadcrumb\",\"itemListElement\":[{\"@type\":\"ListItem\",\"position\":1,\"name\":\"In\u00edcio\",\"item\":\"https:\\\/\\\/www.wald.com.br\\\/\"},{\"@type\":\"ListItem\",\"position\":2,\"name\":\"Seis s\u00f3cios do Wald, Antunes, Vita, Longo e Blattner Advogados s\u00e3o destaque no ranking Leaders League 2020\"}]},{\"@type\":\"WebSite\",\"@id\":\"https:\\\/\\\/www.wald.com.br\\\/en\\\/#website\",\"url\":\"https:\\\/\\\/www.wald.com.br\\\/en\\\/\",\"name\":\"Wald Advogados\",\"description\":\"66 years of leading law practice\",\"publisher\":{\"@id\":\"https:\\\/\\\/www.wald.com.br\\\/en\\\/#organization\"},\"potentialAction\":[{\"@type\":\"SearchAction\",\"target\":{\"@type\":\"EntryPoint\",\"urlTemplate\":\"https:\\\/\\\/www.wald.com.br\\\/en\\\/?s={search_term_string}\"},\"query-input\":{\"@type\":\"PropertyValueSpecification\",\"valueRequired\":true,\"valueName\":\"search_term_string\"}}],\"inLanguage\":\"en-US\"},{\"@type\":\"Organization\",\"@id\":\"https:\\\/\\\/www.wald.com.br\\\/en\\\/#organization\",\"name\":\"Wald, Antunes, Vita, Longo e Blattner Advogados\",\"url\":\"https:\\\/\\\/www.wald.com.br\\\/en\\\/\",\"logo\":{\"@type\":\"ImageObject\",\"inLanguage\":\"en-US\",\"@id\":\"https:\\\/\\\/www.wald.com.br\\\/en\\\/#\\\/schema\\\/logo\\\/image\\\/\",\"url\":\"https:\\\/\\\/www.wald.com.br\\\/wp-content\\\/uploads\\\/2020\\\/02\\\/Logo_Wald.png\",\"contentUrl\":\"https:\\\/\\\/www.wald.com.br\\\/wp-content\\\/uploads\\\/2020\\\/02\\\/Logo_Wald.png\",\"width\":5260,\"height\":2565,\"caption\":\"Wald, Antunes, Vita, Longo e Blattner Advogados\"},\"image\":{\"@id\":\"https:\\\/\\\/www.wald.com.br\\\/en\\\/#\\\/schema\\\/logo\\\/image\\\/\"},\"sameAs\":[\"https:\\\/\\\/www.linkedin.com\\\/company\\\/wald\"]},{\"@type\":\"Person\",\"@id\":\"https:\\\/\\\/www.wald.com.br\\\/en\\\/#\\\/schema\\\/person\\\/d65f9ebf3187dd1bb99a863aefa5f9e7\",\"name\":\"Wald, Antunes, Vita, Longo e Blattner Advogados\",\"image\":{\"@type\":\"ImageObject\",\"inLanguage\":\"en-US\",\"@id\":\"https:\\\/\\\/secure.gravatar.com\\\/avatar\\\/9f6f5a1ba9c8ba7eab75c520077876d5eccee457c639f33a1ccaa9396e5855e0?s=96&d=mm&r=g\",\"url\":\"https:\\\/\\\/secure.gravatar.com\\\/avatar\\\/9f6f5a1ba9c8ba7eab75c520077876d5eccee457c639f33a1ccaa9396e5855e0?s=96&d=mm&r=g\",\"contentUrl\":\"https:\\\/\\\/secure.gravatar.com\\\/avatar\\\/9f6f5a1ba9c8ba7eab75c520077876d5eccee457c639f33a1ccaa9396e5855e0?s=96&d=mm&r=g\",\"caption\":\"Wald, Antunes, Vita, Longo e Blattner Advogados\"},\"url\":\"https:\\\/\\\/www.wald.com.br\\\/en\\\/author\\\/wald-antunes-vita-longo-e-blattner-advogados\\\/\"}]}<\/script>\n<!-- \/ Yoast SEO plugin. -->","yoast_head_json":{"title":"Seis s\u00f3cios do Wald, Antunes, Vita, Longo e Blattner Advogados s\u00e3o destaque no ranking Leaders League 2020 | Wald Advogados","robots":{"index":"index","follow":"follow","max-snippet":"max-snippet:-1","max-image-preview":"max-image-preview:large","max-video-preview":"max-video-preview:-1"},"canonical":"https:\/\/www.wald.com.br\/en\/seis-socios-do-wald-antunes-vita-longo-e-blattner-advogados-sao-destaque-no-ranking-leaders-league-2020\/","og_locale":"en_US","og_type":"article","og_title":"Seis s\u00f3cios do Wald, Antunes, Vita, Longo e Blattner Advogados s\u00e3o destaque no ranking Leaders League 2020 | Wald Advogados","og_description":"O ranking 2020 do Leaders League recomendou o Wald, Antunes, Vita, Longo e Blattner Advogados pela atua\u00e7\u00e3o do escrit\u00f3rio nas \u00e1reas de Arbitration, Cartel damage claims, Civil and commercial Litigation e Bankruptcy. A publica\u00e7\u00e3o tamb\u00e9m destacou a atua\u00e7\u00e3o dos nossos s\u00f3cios Professor Arnoldo Wald (Civil and commercial litigation, Bankruptcy, Cartel damage claims e Arbitration), Alexandre [&hellip;]","og_url":"https:\/\/www.wald.com.br\/en\/seis-socios-do-wald-antunes-vita-longo-e-blattner-advogados-sao-destaque-no-ranking-leaders-league-2020\/","og_site_name":"Wald Advogados","article_published_time":"2020-02-28T22:58:21+00:00","article_modified_time":"2020-04-27T23:04:08+00:00","og_image":[{"url":"http:\/\/www.wald.com.br\/wp-content\/uploads\/2020\/04\/1.png","type":"","width":"","height":""}],"author":"Wald, Antunes, Vita, Longo e Blattner Advogados","twitter_card":"summary_large_image","twitter_misc":{"Written by":"Wald, Antunes, Vita, Longo e Blattner Advogados"},"schema":{"@context":"https:\/\/schema.org","@graph":[{"@type":"Article","@id":"https:\/\/www.wald.com.br\/en\/seis-socios-do-wald-antunes-vita-longo-e-blattner-advogados-sao-destaque-no-ranking-leaders-league-2020\/#article","isPartOf":{"@id":"https:\/\/www.wald.com.br\/en\/seis-socios-do-wald-antunes-vita-longo-e-blattner-advogados-sao-destaque-no-ranking-leaders-league-2020\/"},"author":{"name":"Wald, Antunes, Vita, Longo e Blattner Advogados","@id":"https:\/\/www.wald.com.br\/en\/#\/schema\/person\/d65f9ebf3187dd1bb99a863aefa5f9e7"},"headline":"Seis s\u00f3cios do Wald, Antunes, Vita, Longo e Blattner Advogados s\u00e3o destaque no ranking Leaders League 2020","datePublished":"2020-02-28T22:58:21+00:00","dateModified":"2020-04-27T23:04:08+00:00","mainEntityOfPage":{"@id":"https:\/\/www.wald.com.br\/en\/seis-socios-do-wald-antunes-vita-longo-e-blattner-advogados-sao-destaque-no-ranking-leaders-league-2020\/"},"wordCount":114,"commentCount":0,"publisher":{"@id":"https:\/\/www.wald.com.br\/en\/#organization"},"image":{"@id":"https:\/\/www.wald.com.br\/en\/seis-socios-do-wald-antunes-vita-longo-e-blattner-advogados-sao-destaque-no-ranking-leaders-league-2020\/#primaryimage"},"thumbnailUrl":"http:\/\/www.wald.com.br\/wp-content\/uploads\/2020\/04\/1.png","keywords":["Arbitragem","Contencioso administrativo e judicial","Leaders League","Recupera\u00e7\u00e3o empresarial"],"articleSection":["News"],"inLanguage":"en-US","potentialAction":[{"@type":"CommentAction","name":"Comment","target":["https:\/\/www.wald.com.br\/en\/seis-socios-do-wald-antunes-vita-longo-e-blattner-advogados-sao-destaque-no-ranking-leaders-league-2020\/#respond"]}]},{"@type":"WebPage","@id":"https:\/\/www.wald.com.br\/en\/seis-socios-do-wald-antunes-vita-longo-e-blattner-advogados-sao-destaque-no-ranking-leaders-league-2020\/","url":"https:\/\/www.wald.com.br\/en\/seis-socios-do-wald-antunes-vita-longo-e-blattner-advogados-sao-destaque-no-ranking-leaders-league-2020\/","name":"Seis s\u00f3cios do Wald, Antunes, Vita, Longo e Blattner Advogados s\u00e3o destaque no ranking Leaders League 2020 | Wald Advogados","isPartOf":{"@id":"https:\/\/www.wald.com.br\/en\/#website"},"primaryImageOfPage":{"@id":"https:\/\/www.wald.com.br\/en\/seis-socios-do-wald-antunes-vita-longo-e-blattner-advogados-sao-destaque-no-ranking-leaders-league-2020\/#primaryimage"},"image":{"@id":"https:\/\/www.wald.com.br\/en\/seis-socios-do-wald-antunes-vita-longo-e-blattner-advogados-sao-destaque-no-ranking-leaders-league-2020\/#primaryimage"},"thumbnailUrl":"http:\/\/www.wald.com.br\/wp-content\/uploads\/2020\/04\/1.png","datePublished":"2020-02-28T22:58:21+00:00","dateModified":"2020-04-27T23:04:08+00:00","breadcrumb":{"@id":"https:\/\/www.wald.com.br\/en\/seis-socios-do-wald-antunes-vita-longo-e-blattner-advogados-sao-destaque-no-ranking-leaders-league-2020\/#breadcrumb"},"inLanguage":"en-US","potentialAction":[{"@type":"ReadAction","target":["https:\/\/www.wald.com.br\/en\/seis-socios-do-wald-antunes-vita-longo-e-blattner-advogados-sao-destaque-no-ranking-leaders-league-2020\/"]}]},{"@type":"ImageObject","inLanguage":"en-US","@id":"https:\/\/www.wald.com.br\/en\/seis-socios-do-wald-antunes-vita-longo-e-blattner-advogados-sao-destaque-no-ranking-leaders-league-2020\/#primaryimage","url":"http:\/\/www.wald.com.br\/wp-content\/uploads\/2020\/04\/1.png","contentUrl":"http:\/\/www.wald.com.br\/wp-content\/uploads\/2020\/04\/1.png"},{"@type":"BreadcrumbList","@id":"https:\/\/www.wald.com.br\/en\/seis-socios-do-wald-antunes-vita-longo-e-blattner-advogados-sao-destaque-no-ranking-leaders-league-2020\/#breadcrumb","itemListElement":[{"@type":"ListItem","position":1,"name":"In\u00edcio","item":"https:\/\/www.wald.com.br\/"},{"@type":"ListItem","position":2,"name":"Seis s\u00f3cios do Wald, Antunes, Vita, Longo e Blattner Advogados s\u00e3o destaque no ranking Leaders League 2020"}]},{"@type":"WebSite","@id":"https:\/\/www.wald.com.br\/en\/#website","url":"https:\/\/www.wald.com.br\/en\/","name":"Wald Advogados","description":"66 years of leading law practice","publisher":{"@id":"https:\/\/www.wald.com.br\/en\/#organization"},"potentialAction":[{"@type":"SearchAction","target":{"@type":"EntryPoint","urlTemplate":"https:\/\/www.wald.com.br\/en\/?s={search_term_string}"},"query-input":{"@type":"PropertyValueSpecification","valueRequired":true,"valueName":"search_term_string"}}],"inLanguage":"en-US"},{"@type":"Organization","@id":"https:\/\/www.wald.com.br\/en\/#organization","name":"Wald, Antunes, Vita, Longo e Blattner Advogados","url":"https:\/\/www.wald.com.br\/en\/","logo":{"@type":"ImageObject","inLanguage":"en-US","@id":"https:\/\/www.wald.com.br\/en\/#\/schema\/logo\/image\/","url":"https:\/\/www.wald.com.br\/wp-content\/uploads\/2020\/02\/Logo_Wald.png","contentUrl":"https:\/\/www.wald.com.br\/wp-content\/uploads\/2020\/02\/Logo_Wald.png","width":5260,"height":2565,"caption":"Wald, Antunes, Vita, Longo e Blattner Advogados"},"image":{"@id":"https:\/\/www.wald.com.br\/en\/#\/schema\/logo\/image\/"},"sameAs":["https:\/\/www.linkedin.com\/company\/wald"]},{"@type":"Person","@id":"https:\/\/www.wald.com.br\/en\/#\/schema\/person\/d65f9ebf3187dd1bb99a863aefa5f9e7","name":"Wald, Antunes, Vita, Longo e Blattner Advogados","image":{"@type":"ImageObject","inLanguage":"en-US","@id":"https:\/\/secure.gravatar.com\/avatar\/9f6f5a1ba9c8ba7eab75c520077876d5eccee457c639f33a1ccaa9396e5855e0?s=96&d=mm&r=g","url":"https:\/\/secure.gravatar.com\/avatar\/9f6f5a1ba9c8ba7eab75c520077876d5eccee457c639f33a1ccaa9396e5855e0?s=96&d=mm&r=g","contentUrl":"https:\/\/secure.gravatar.com\/avatar\/9f6f5a1ba9c8ba7eab75c520077876d5eccee457c639f33a1ccaa9396e5855e0?s=96&d=mm&r=g","caption":"Wald, Antunes, Vita, Longo e Blattner Advogados"},"url":"https:\/\/www.wald.com.br\/en\/author\/wald-antunes-vita-longo-e-blattner-advogados\/"}]}},"_links":{"self":[{"href":"https:\/\/www.wald.com.br\/en\/wp-json\/wp\/v2\/posts\/1046","targetHints":{"allow":["GET"]}}],"collection":[{"href":"https:\/\/www.wald.com.br\/en\/wp-json\/wp\/v2\/posts"}],"about":[{"href":"https:\/\/www.wald.com.br\/en\/wp-json\/wp\/v2\/types\/post"}],"author":[{"embeddable":true,"href":"https:\/\/www.wald.com.br\/en\/wp-json\/wp\/v2\/users\/3"}],"replies":[{"embeddable":true,"href":"https:\/\/www.wald.com.br\/en\/wp-json\/wp\/v2\/comments?post=1046"}],"version-history":[{"count":1,"href":"https:\/\/www.wald.com.br\/en\/wp-json\/wp\/v2\/posts\/1046\/revisions"}],"predecessor-version":[{"id":1048,"href":"https:\/\/www.wald.com.br\/en\/wp-json\/wp\/v2\/posts\/1046\/revisions\/1048"}],"wp:attachment":[{"href":"https:\/\/www.wald.com.br\/en\/wp-json\/wp\/v2\/media?parent=1046"}],"wp:term":[{"taxonomy":"category","embeddable":true,"href":"https:\/\/www.wald.com.br\/en\/wp-json\/wp\/v2\/categories?post=1046"},{"taxonomy":"post_tag","embeddable":true,"href":"https:\/\/www.wald.com.br\/en\/wp-json\/wp\/v2\/tags?post=1046"}],"curies":[{"name":"wp","href":"https:\/\/api.w.org\/{rel}","templated":true}]}}