{"id":1054,"date":"2020-02-11T20:25:12","date_gmt":"2020-02-11T22:25:12","guid":{"rendered":"http:\/\/www.wald.com.br\/?p=1054"},"modified":"2020-04-27T20:27:38","modified_gmt":"2020-04-27T23:27:38","slug":"a-competencia-exclusiva-como-meio-de-atingir-o-escopo-da-acao-de-recuperacao-judicial","status":"publish","type":"post","link":"https:\/\/www.wald.com.br\/en\/a-competencia-exclusiva-como-meio-de-atingir-o-escopo-da-acao-de-recuperacao-judicial\/","title":{"rendered":"A compet\u00eancia exclusiva como meio de atingir o escopo da a\u00e7\u00e3o de recupera\u00e7\u00e3o judicial"},"content":{"rendered":"<p>A advogada <a href=\"http:\/\/www.wald.com.br\/equipe\/julia-de-baere-cavalcanti\/\"><strong>Julia Ba\u00e9re<\/strong><\/a> destaca os pontos positivos da cria\u00e7\u00e3o de uma compet\u00eancia exclusiva na organiza\u00e7\u00e3o dos Tribunais de Justi\u00e7a para a an\u00e1lise de casos de recupera\u00e7\u00e3o judicial e fal\u00eancia em artigo publicado em co-autoria no Caderno Virtual do Instituto Brasiliense de Direito P\u00fablico (IDP). <\/p>\n<p>Ela aponta que, para al\u00e9m da seguran\u00e7a jur\u00eddica, a medida resultar\u00e1 em menor tempo de desgaste para empresas em recupera\u00e7\u00e3o judicial e maior qualidade t\u00e9cnica nas decis\u00f5es judiciais, contribuindo para que a lei seja um instrumento eficaz na recupera\u00e7\u00e3o de companhias. E lembra ainda que o Conselho Nacional de Justi\u00e7a (CNJ) j\u00e1 aprovou, em outubro de 2019, a cria\u00e7\u00e3o de varas especializadas para cuidar das quest\u00f5es de recupera\u00e7\u00e3o judicial.<\/p>\n<p>Para ler o <a href=\"https:\/\/portal.idp.emnuvens.com.br\/cadernovirtual\/article\/view\/3950\" target=\"_blank\" rel=\"noopener noreferrer\">artigo completo clique aqui<\/a>.<\/p>\n","protected":false},"excerpt":{"rendered":"<p>A advogada Julia Ba\u00e9re destaca os pontos positivos da cria\u00e7\u00e3o de uma compet\u00eancia exclusiva na organiza\u00e7\u00e3o dos Tribunais de Justi\u00e7a para a an\u00e1lise de casos de recupera\u00e7\u00e3o judicial e fal\u00eancia em artigo publicado em co-autoria no Caderno Virtual do Instituto Brasiliense de Direito P\u00fablico (IDP). Ela aponta que, para al\u00e9m da seguran\u00e7a jur\u00eddica, a medida [&hellip;]<\/p>\n","protected":false},"author":3,"featured_media":0,"comment_status":"open","ping_status":"closed","sticky":false,"template":"","format":"standard","meta":{"_acf_changed":false,"footnotes":""},"categories":[3],"tags":[19],"class_list":["post-1054","post","type-post","status-publish","format-standard","hentry","category-artigos","tag-recuperacao-empresarial"],"acf":[],"yoast_head":"<!-- This site is optimized with the Yoast SEO plugin v27.4 - https:\/\/yoast.com\/product\/yoast-seo-wordpress\/ -->\n<title>A compet\u00eancia exclusiva como meio de atingir o escopo da a\u00e7\u00e3o de recupera\u00e7\u00e3o judicial | Wald Advogados<\/title>\n<meta name=\"robots\" content=\"index, follow, max-snippet:-1, max-image-preview:large, max-video-preview:-1\" \/>\n<link rel=\"canonical\" href=\"https:\/\/www.wald.com.br\/en\/a-competencia-exclusiva-como-meio-de-atingir-o-escopo-da-acao-de-recuperacao-judicial\/\" \/>\n<meta property=\"og:locale\" content=\"en_US\" \/>\n<meta property=\"og:type\" content=\"article\" \/>\n<meta property=\"og:title\" content=\"A compet\u00eancia exclusiva como meio de atingir o escopo da a\u00e7\u00e3o de recupera\u00e7\u00e3o judicial | Wald Advogados\" \/>\n<meta property=\"og:description\" content=\"A advogada Julia Ba\u00e9re destaca os pontos positivos da cria\u00e7\u00e3o de uma compet\u00eancia exclusiva na organiza\u00e7\u00e3o dos Tribunais de Justi\u00e7a para a an\u00e1lise de casos de recupera\u00e7\u00e3o judicial e fal\u00eancia em artigo publicado em co-autoria no Caderno Virtual do Instituto Brasiliense de Direito P\u00fablico (IDP). Ela aponta que, para al\u00e9m da seguran\u00e7a jur\u00eddica, a medida [&hellip;]\" \/>\n<meta property=\"og:url\" content=\"https:\/\/www.wald.com.br\/en\/a-competencia-exclusiva-como-meio-de-atingir-o-escopo-da-acao-de-recuperacao-judicial\/\" \/>\n<meta property=\"og:site_name\" content=\"Wald Advogados\" \/>\n<meta property=\"article:published_time\" content=\"2020-02-11T22:25:12+00:00\" \/>\n<meta property=\"article:modified_time\" content=\"2020-04-27T23:27:38+00:00\" \/>\n<meta name=\"author\" content=\"Wald, Antunes, Vita, Longo e Blattner Advogados\" \/>\n<meta name=\"twitter:card\" content=\"summary_large_image\" \/>\n<meta name=\"twitter:label1\" content=\"Written by\" \/>\n\t<meta name=\"twitter:data1\" content=\"Wald, Antunes, Vita, Longo e Blattner Advogados\" \/>\n\t<meta name=\"twitter:label2\" content=\"Est. reading time\" \/>\n\t<meta name=\"twitter:data2\" content=\"1 minute\" \/>\n<script type=\"application\/ld+json\" class=\"yoast-schema-graph\">{\"@context\":\"https:\\\/\\\/schema.org\",\"@graph\":[{\"@type\":\"Article\",\"@id\":\"https:\\\/\\\/www.wald.com.br\\\/en\\\/a-competencia-exclusiva-como-meio-de-atingir-o-escopo-da-acao-de-recuperacao-judicial\\\/#article\",\"isPartOf\":{\"@id\":\"https:\\\/\\\/www.wald.com.br\\\/en\\\/a-competencia-exclusiva-como-meio-de-atingir-o-escopo-da-acao-de-recuperacao-judicial\\\/\"},\"author\":{\"name\":\"Wald, Antunes, Vita, Longo e Blattner Advogados\",\"@id\":\"https:\\\/\\\/www.wald.com.br\\\/en\\\/#\\\/schema\\\/person\\\/d65f9ebf3187dd1bb99a863aefa5f9e7\"},\"headline\":\"A compet\u00eancia exclusiva como meio de atingir o escopo da a\u00e7\u00e3o de recupera\u00e7\u00e3o judicial\",\"datePublished\":\"2020-02-11T22:25:12+00:00\",\"dateModified\":\"2020-04-27T23:27:38+00:00\",\"mainEntityOfPage\":{\"@id\":\"https:\\\/\\\/www.wald.com.br\\\/en\\\/a-competencia-exclusiva-como-meio-de-atingir-o-escopo-da-acao-de-recuperacao-judicial\\\/\"},\"wordCount\":157,\"commentCount\":0,\"publisher\":{\"@id\":\"https:\\\/\\\/www.wald.com.br\\\/en\\\/#organization\"},\"keywords\":[\"Recupera\u00e7\u00e3o empresarial\"],\"articleSection\":[\"Articles\"],\"inLanguage\":\"en-US\",\"potentialAction\":[{\"@type\":\"CommentAction\",\"name\":\"Comment\",\"target\":[\"https:\\\/\\\/www.wald.com.br\\\/en\\\/a-competencia-exclusiva-como-meio-de-atingir-o-escopo-da-acao-de-recuperacao-judicial\\\/#respond\"]}]},{\"@type\":\"WebPage\",\"@id\":\"https:\\\/\\\/www.wald.com.br\\\/en\\\/a-competencia-exclusiva-como-meio-de-atingir-o-escopo-da-acao-de-recuperacao-judicial\\\/\",\"url\":\"https:\\\/\\\/www.wald.com.br\\\/en\\\/a-competencia-exclusiva-como-meio-de-atingir-o-escopo-da-acao-de-recuperacao-judicial\\\/\",\"name\":\"A compet\u00eancia exclusiva como meio de atingir o escopo da a\u00e7\u00e3o de recupera\u00e7\u00e3o judicial | Wald Advogados\",\"isPartOf\":{\"@id\":\"https:\\\/\\\/www.wald.com.br\\\/en\\\/#website\"},\"datePublished\":\"2020-02-11T22:25:12+00:00\",\"dateModified\":\"2020-04-27T23:27:38+00:00\",\"breadcrumb\":{\"@id\":\"https:\\\/\\\/www.wald.com.br\\\/en\\\/a-competencia-exclusiva-como-meio-de-atingir-o-escopo-da-acao-de-recuperacao-judicial\\\/#breadcrumb\"},\"inLanguage\":\"en-US\",\"potentialAction\":[{\"@type\":\"ReadAction\",\"target\":[\"https:\\\/\\\/www.wald.com.br\\\/en\\\/a-competencia-exclusiva-como-meio-de-atingir-o-escopo-da-acao-de-recuperacao-judicial\\\/\"]}]},{\"@type\":\"BreadcrumbList\",\"@id\":\"https:\\\/\\\/www.wald.com.br\\\/en\\\/a-competencia-exclusiva-como-meio-de-atingir-o-escopo-da-acao-de-recuperacao-judicial\\\/#breadcrumb\",\"itemListElement\":[{\"@type\":\"ListItem\",\"position\":1,\"name\":\"In\u00edcio\",\"item\":\"https:\\\/\\\/www.wald.com.br\\\/\"},{\"@type\":\"ListItem\",\"position\":2,\"name\":\"A compet\u00eancia exclusiva como meio de atingir o escopo da a\u00e7\u00e3o de recupera\u00e7\u00e3o judicial\"}]},{\"@type\":\"WebSite\",\"@id\":\"https:\\\/\\\/www.wald.com.br\\\/en\\\/#website\",\"url\":\"https:\\\/\\\/www.wald.com.br\\\/en\\\/\",\"name\":\"Wald Advogados\",\"description\":\"66 years of leading law practice\",\"publisher\":{\"@id\":\"https:\\\/\\\/www.wald.com.br\\\/en\\\/#organization\"},\"potentialAction\":[{\"@type\":\"SearchAction\",\"target\":{\"@type\":\"EntryPoint\",\"urlTemplate\":\"https:\\\/\\\/www.wald.com.br\\\/en\\\/?s={search_term_string}\"},\"query-input\":{\"@type\":\"PropertyValueSpecification\",\"valueRequired\":true,\"valueName\":\"search_term_string\"}}],\"inLanguage\":\"en-US\"},{\"@type\":\"Organization\",\"@id\":\"https:\\\/\\\/www.wald.com.br\\\/en\\\/#organization\",\"name\":\"Wald, Antunes, Vita, Longo e Blattner Advogados\",\"url\":\"https:\\\/\\\/www.wald.com.br\\\/en\\\/\",\"logo\":{\"@type\":\"ImageObject\",\"inLanguage\":\"en-US\",\"@id\":\"https:\\\/\\\/www.wald.com.br\\\/en\\\/#\\\/schema\\\/logo\\\/image\\\/\",\"url\":\"https:\\\/\\\/www.wald.com.br\\\/wp-content\\\/uploads\\\/2020\\\/02\\\/Logo_Wald.png\",\"contentUrl\":\"https:\\\/\\\/www.wald.com.br\\\/wp-content\\\/uploads\\\/2020\\\/02\\\/Logo_Wald.png\",\"width\":5260,\"height\":2565,\"caption\":\"Wald, Antunes, Vita, Longo e Blattner Advogados\"},\"image\":{\"@id\":\"https:\\\/\\\/www.wald.com.br\\\/en\\\/#\\\/schema\\\/logo\\\/image\\\/\"},\"sameAs\":[\"https:\\\/\\\/www.linkedin.com\\\/company\\\/wald\"]},{\"@type\":\"Person\",\"@id\":\"https:\\\/\\\/www.wald.com.br\\\/en\\\/#\\\/schema\\\/person\\\/d65f9ebf3187dd1bb99a863aefa5f9e7\",\"name\":\"Wald, Antunes, Vita, Longo e Blattner Advogados\",\"image\":{\"@type\":\"ImageObject\",\"inLanguage\":\"en-US\",\"@id\":\"https:\\\/\\\/secure.gravatar.com\\\/avatar\\\/9f6f5a1ba9c8ba7eab75c520077876d5eccee457c639f33a1ccaa9396e5855e0?s=96&d=mm&r=g\",\"url\":\"https:\\\/\\\/secure.gravatar.com\\\/avatar\\\/9f6f5a1ba9c8ba7eab75c520077876d5eccee457c639f33a1ccaa9396e5855e0?s=96&d=mm&r=g\",\"contentUrl\":\"https:\\\/\\\/secure.gravatar.com\\\/avatar\\\/9f6f5a1ba9c8ba7eab75c520077876d5eccee457c639f33a1ccaa9396e5855e0?s=96&d=mm&r=g\",\"caption\":\"Wald, Antunes, Vita, Longo e Blattner Advogados\"},\"url\":\"https:\\\/\\\/www.wald.com.br\\\/en\\\/author\\\/wald-antunes-vita-longo-e-blattner-advogados\\\/\"}]}<\/script>\n<!-- \/ Yoast SEO plugin. -->","yoast_head_json":{"title":"A compet\u00eancia exclusiva como meio de atingir o escopo da a\u00e7\u00e3o de recupera\u00e7\u00e3o judicial | Wald Advogados","robots":{"index":"index","follow":"follow","max-snippet":"max-snippet:-1","max-image-preview":"max-image-preview:large","max-video-preview":"max-video-preview:-1"},"canonical":"https:\/\/www.wald.com.br\/en\/a-competencia-exclusiva-como-meio-de-atingir-o-escopo-da-acao-de-recuperacao-judicial\/","og_locale":"en_US","og_type":"article","og_title":"A compet\u00eancia exclusiva como meio de atingir o escopo da a\u00e7\u00e3o de recupera\u00e7\u00e3o judicial | Wald Advogados","og_description":"A advogada Julia Ba\u00e9re destaca os pontos positivos da cria\u00e7\u00e3o de uma compet\u00eancia exclusiva na organiza\u00e7\u00e3o dos Tribunais de Justi\u00e7a para a an\u00e1lise de casos de recupera\u00e7\u00e3o judicial e fal\u00eancia em artigo publicado em co-autoria no Caderno Virtual do Instituto Brasiliense de Direito P\u00fablico (IDP). Ela aponta que, para al\u00e9m da seguran\u00e7a jur\u00eddica, a medida [&hellip;]","og_url":"https:\/\/www.wald.com.br\/en\/a-competencia-exclusiva-como-meio-de-atingir-o-escopo-da-acao-de-recuperacao-judicial\/","og_site_name":"Wald Advogados","article_published_time":"2020-02-11T22:25:12+00:00","article_modified_time":"2020-04-27T23:27:38+00:00","author":"Wald, Antunes, Vita, Longo e Blattner Advogados","twitter_card":"summary_large_image","twitter_misc":{"Written by":"Wald, Antunes, Vita, Longo e Blattner Advogados","Est. reading time":"1 minute"},"schema":{"@context":"https:\/\/schema.org","@graph":[{"@type":"Article","@id":"https:\/\/www.wald.com.br\/en\/a-competencia-exclusiva-como-meio-de-atingir-o-escopo-da-acao-de-recuperacao-judicial\/#article","isPartOf":{"@id":"https:\/\/www.wald.com.br\/en\/a-competencia-exclusiva-como-meio-de-atingir-o-escopo-da-acao-de-recuperacao-judicial\/"},"author":{"name":"Wald, Antunes, Vita, Longo e Blattner Advogados","@id":"https:\/\/www.wald.com.br\/en\/#\/schema\/person\/d65f9ebf3187dd1bb99a863aefa5f9e7"},"headline":"A compet\u00eancia exclusiva como meio de atingir o escopo da a\u00e7\u00e3o de recupera\u00e7\u00e3o judicial","datePublished":"2020-02-11T22:25:12+00:00","dateModified":"2020-04-27T23:27:38+00:00","mainEntityOfPage":{"@id":"https:\/\/www.wald.com.br\/en\/a-competencia-exclusiva-como-meio-de-atingir-o-escopo-da-acao-de-recuperacao-judicial\/"},"wordCount":157,"commentCount":0,"publisher":{"@id":"https:\/\/www.wald.com.br\/en\/#organization"},"keywords":["Recupera\u00e7\u00e3o empresarial"],"articleSection":["Articles"],"inLanguage":"en-US","potentialAction":[{"@type":"CommentAction","name":"Comment","target":["https:\/\/www.wald.com.br\/en\/a-competencia-exclusiva-como-meio-de-atingir-o-escopo-da-acao-de-recuperacao-judicial\/#respond"]}]},{"@type":"WebPage","@id":"https:\/\/www.wald.com.br\/en\/a-competencia-exclusiva-como-meio-de-atingir-o-escopo-da-acao-de-recuperacao-judicial\/","url":"https:\/\/www.wald.com.br\/en\/a-competencia-exclusiva-como-meio-de-atingir-o-escopo-da-acao-de-recuperacao-judicial\/","name":"A compet\u00eancia exclusiva como meio de atingir o escopo da a\u00e7\u00e3o de recupera\u00e7\u00e3o judicial | Wald Advogados","isPartOf":{"@id":"https:\/\/www.wald.com.br\/en\/#website"},"datePublished":"2020-02-11T22:25:12+00:00","dateModified":"2020-04-27T23:27:38+00:00","breadcrumb":{"@id":"https:\/\/www.wald.com.br\/en\/a-competencia-exclusiva-como-meio-de-atingir-o-escopo-da-acao-de-recuperacao-judicial\/#breadcrumb"},"inLanguage":"en-US","potentialAction":[{"@type":"ReadAction","target":["https:\/\/www.wald.com.br\/en\/a-competencia-exclusiva-como-meio-de-atingir-o-escopo-da-acao-de-recuperacao-judicial\/"]}]},{"@type":"BreadcrumbList","@id":"https:\/\/www.wald.com.br\/en\/a-competencia-exclusiva-como-meio-de-atingir-o-escopo-da-acao-de-recuperacao-judicial\/#breadcrumb","itemListElement":[{"@type":"ListItem","position":1,"name":"In\u00edcio","item":"https:\/\/www.wald.com.br\/"},{"@type":"ListItem","position":2,"name":"A compet\u00eancia exclusiva como meio de atingir o escopo da a\u00e7\u00e3o de recupera\u00e7\u00e3o judicial"}]},{"@type":"WebSite","@id":"https:\/\/www.wald.com.br\/en\/#website","url":"https:\/\/www.wald.com.br\/en\/","name":"Wald Advogados","description":"66 years of leading law practice","publisher":{"@id":"https:\/\/www.wald.com.br\/en\/#organization"},"potentialAction":[{"@type":"SearchAction","target":{"@type":"EntryPoint","urlTemplate":"https:\/\/www.wald.com.br\/en\/?s={search_term_string}"},"query-input":{"@type":"PropertyValueSpecification","valueRequired":true,"valueName":"search_term_string"}}],"inLanguage":"en-US"},{"@type":"Organization","@id":"https:\/\/www.wald.com.br\/en\/#organization","name":"Wald, Antunes, Vita, Longo e Blattner Advogados","url":"https:\/\/www.wald.com.br\/en\/","logo":{"@type":"ImageObject","inLanguage":"en-US","@id":"https:\/\/www.wald.com.br\/en\/#\/schema\/logo\/image\/","url":"https:\/\/www.wald.com.br\/wp-content\/uploads\/2020\/02\/Logo_Wald.png","contentUrl":"https:\/\/www.wald.com.br\/wp-content\/uploads\/2020\/02\/Logo_Wald.png","width":5260,"height":2565,"caption":"Wald, Antunes, Vita, Longo e Blattner Advogados"},"image":{"@id":"https:\/\/www.wald.com.br\/en\/#\/schema\/logo\/image\/"},"sameAs":["https:\/\/www.linkedin.com\/company\/wald"]},{"@type":"Person","@id":"https:\/\/www.wald.com.br\/en\/#\/schema\/person\/d65f9ebf3187dd1bb99a863aefa5f9e7","name":"Wald, Antunes, Vita, Longo e Blattner Advogados","image":{"@type":"ImageObject","inLanguage":"en-US","@id":"https:\/\/secure.gravatar.com\/avatar\/9f6f5a1ba9c8ba7eab75c520077876d5eccee457c639f33a1ccaa9396e5855e0?s=96&d=mm&r=g","url":"https:\/\/secure.gravatar.com\/avatar\/9f6f5a1ba9c8ba7eab75c520077876d5eccee457c639f33a1ccaa9396e5855e0?s=96&d=mm&r=g","contentUrl":"https:\/\/secure.gravatar.com\/avatar\/9f6f5a1ba9c8ba7eab75c520077876d5eccee457c639f33a1ccaa9396e5855e0?s=96&d=mm&r=g","caption":"Wald, Antunes, Vita, Longo e Blattner Advogados"},"url":"https:\/\/www.wald.com.br\/en\/author\/wald-antunes-vita-longo-e-blattner-advogados\/"}]}},"_links":{"self":[{"href":"https:\/\/www.wald.com.br\/en\/wp-json\/wp\/v2\/posts\/1054","targetHints":{"allow":["GET"]}}],"collection":[{"href":"https:\/\/www.wald.com.br\/en\/wp-json\/wp\/v2\/posts"}],"about":[{"href":"https:\/\/www.wald.com.br\/en\/wp-json\/wp\/v2\/types\/post"}],"author":[{"embeddable":true,"href":"https:\/\/www.wald.com.br\/en\/wp-json\/wp\/v2\/users\/3"}],"replies":[{"embeddable":true,"href":"https:\/\/www.wald.com.br\/en\/wp-json\/wp\/v2\/comments?post=1054"}],"version-history":[{"count":1,"href":"https:\/\/www.wald.com.br\/en\/wp-json\/wp\/v2\/posts\/1054\/revisions"}],"predecessor-version":[{"id":1055,"href":"https:\/\/www.wald.com.br\/en\/wp-json\/wp\/v2\/posts\/1054\/revisions\/1055"}],"wp:attachment":[{"href":"https:\/\/www.wald.com.br\/en\/wp-json\/wp\/v2\/media?parent=1054"}],"wp:term":[{"taxonomy":"category","embeddable":true,"href":"https:\/\/www.wald.com.br\/en\/wp-json\/wp\/v2\/categories?post=1054"},{"taxonomy":"post_tag","embeddable":true,"href":"https:\/\/www.wald.com.br\/en\/wp-json\/wp\/v2\/tags?post=1054"}],"curies":[{"name":"wp","href":"https:\/\/api.w.org\/{rel}","templated":true}]}}