{"id":1119,"date":"2020-07-03T09:17:03","date_gmt":"2020-07-03T12:17:03","guid":{"rendered":"https:\/\/www.wald.com.br\/?p=1119"},"modified":"2020-07-03T09:17:03","modified_gmt":"2020-07-03T12:17:03","slug":"acordo-entre-poder-executivo-e-tribunais-superiores-fortalece-seguranca-juridica","status":"publish","type":"post","link":"https:\/\/www.wald.com.br\/en\/acordo-entre-poder-executivo-e-tribunais-superiores-fortalece-seguranca-juridica\/","title":{"rendered":"Acordo entre Poder Executivo e tribunais superiores fortalece seguran\u00e7a jur\u00eddica"},"content":{"rendered":"<p><span style=\"font-size: 20px;\"><strong><span style=\"font-size: 12px;\">Publicado no<br \/>\n<\/span><\/strong><a href=\"https:\/\/politica.estadao.com.br\/blogs\/fausto-macedo\/acordo-entre-poder-executivo-e-tribunais-superiores-fortalece-seguranca-juridica\" target=\"_blank\" rel=\"noopener noreferrer\"><img loading=\"lazy\" decoding=\"async\" class=\"alignnone wp-image-912\" src=\"https:\/\/www.wald.com.br\/wp-content\/uploads\/2020\/04\/estado.png\" alt=\"\" width=\"132\" height=\"25\" \/><\/a><\/span><\/p>\n<p>O acordo de coopera\u00e7\u00e3o t\u00e9cnica assinado no dia 25 de junho de 2020, em Bras\u00edlia, pelos presidentes da Rep\u00fablica, Jair Bolsonaro, do STF (Supremo Tribunal Federal) e CNJ (Conselho Nacional de Justi\u00e7a), Dias Toffoli, e do STJ (Superior Tribunal de Justi\u00e7a), Jo\u00e3o Ot\u00e1vio Noronha, \u00e9 de vital import\u00e2ncia, pois disponibiliza, no Portal da Legisla\u00e7\u00e3o da Presid\u00eancia da Rep\u00fablica, o acesso aos sistemas de informa\u00e7\u00e3o relacionados \u00e0 jurisprud\u00eancia consolidada dos tribunais.<\/p>\n<p>Para al\u00e9m do clima de pacifica\u00e7\u00e3o entre os chefes dos Poderes noticiado pela imprensa em rela\u00e7\u00e3o ao encontro, o acordo, que promete proporcionar o acesso \u00e0 jurisprud\u00eancia mais atualizada dos Tribunais em sistema integrado com a legisla\u00e7\u00e3o federal, \u00e9 ferramenta que possibilitar\u00e1, conforme o ministro Toffoli, a \u201c<em>permanente atualiza\u00e7\u00e3o da comunidade e auxiliar o trabalho de magistrados, parlamentares e outros interessados na organiza\u00e7\u00e3o do sistema jur\u00eddico<\/em>\u201d.<\/p>\n<p>O momento, de fato, n\u00e3o poderia ser mais oportuno. Afinal, seguindo a recomenda\u00e7\u00e3o de distanciamento das autoridades de sa\u00fade, o pa\u00eds entrou definitivamente na era virtual.<\/p>\n<p>Com efeito, as sess\u00f5es legislativas do Congresso Nacional, os julgamentos nas Cortes Superiores e de Justi\u00e7a nos estados, as audi\u00eancias e at\u00e9 mesmo os necess\u00e1rios despachos com ju\u00edzes de primeiro grau t\u00eam sido realizados nos \u00faltimos meses exclusivamente por meio eletr\u00f4nico.<\/p>\n<p>No Poder Judici\u00e1rio, advogados, ju\u00edzes, promotores e servidores em todos os n\u00edveis migraram, talvez de forma definitiva, para um procedimento virtual que transcende o processo eletr\u00f4nico (o que foi, talvez, o maior avan\u00e7o do Judici\u00e1rio nos \u00faltimos anos), lan\u00e7ando enormes benef\u00edcios e tamb\u00e9m desafios de adapta\u00e7\u00e3o para todos n\u00f3s, especialmente \u00e0queles que ainda custavam a aceitar o exerc\u00edcio da profiss\u00e3o fora das solenes sess\u00f5es presenciais.<\/p>\n<p>Nessa esteira, a velocidade da informa\u00e7\u00e3o \u2013 e a verdadeira modifica\u00e7\u00e3o dos nossos tempos \u2013, que j\u00e1 era galopante, tornou-se instant\u00e2nea. Um sem n\u00famero de leis, decretos, portarias e decis\u00f5es pode ser acessado diariamente por qualquer cidad\u00e3o, de forma p\u00fablica, em qualquer lugar.<\/p>\n<p>Torna-se praticamente imposs\u00edvel aos operadores do direito, portanto, alegar desconhecimento das mais recentes atualiza\u00e7\u00f5es legislativas e decis\u00f5es judiciais em qualquer esfera, e, agora, especialmente, das decis\u00f5es do STF e do STJ: o primeiro, guardi\u00e3o da Constitui\u00e7\u00e3o, e o segundo, respons\u00e1vel pela uniformiza\u00e7\u00e3o da jurisprud\u00eancia acerca das leis federais no Brasil.<\/p>\n<p>Essa \u00e9, afinal, a maior relev\u00e2ncia do acordo de coopera\u00e7\u00e3o, que refor\u00e7a o compromisso dos Poderes da Rep\u00fablica com a velocidade da atualiza\u00e7\u00e3o dessas informa\u00e7\u00f5es, unindo o entendimento dos tribunais \u00e0 legisla\u00e7\u00e3o federal e proporcionando, de maneira instant\u00e2nea, a tend\u00eancia decis\u00f3ria a ser aplicada aos casos em julgamento.<\/p>\n<p>Em outras palavras, sedimenta-se, de maneira irrevers\u00edvel, a t\u00e3o almejada seguran\u00e7a jur\u00eddica da qual falou o ministro Noronha, para quem \u201c<em>a transpar\u00eancia normativa (\u2026) assegura um verdadeiro sistema democr\u00e1tico. Por isso, \u00e9 fundamental o projeto de coopera\u00e7\u00e3o, porque, a partir de agora, n\u00e3o acessaremos mais o Portal da Legisla\u00e7\u00e3o para conhecer apenas o texto legal, mas para entender de que forma os tribunais est\u00e3o aplicando as normas<\/em>\u201d.<\/p>\n<p>Ali\u00e1s, como bem observado pelo ministro Toffoli, \u201c<em>\u00e9 preciso coer\u00eancia na interpreta\u00e7\u00e3o das normas, pois disso depende a seguran\u00e7a jur\u00eddica<\/em>\u201d, lembrando, ao final, que \u201c<em>as cortes superiores exercem papel important\u00edssimo, <\/em>[pois] <em>elas estabelecem diretrizes de aplica\u00e7\u00e3o normativa acerca de quest\u00f5es fundamentais ao progresso jur\u00eddico, social e econ\u00f4mico do pa\u00eds<\/em>\u201d.<\/p>\n<p>Julgar bem, portanto, com a seguran\u00e7a jur\u00eddica necess\u00e1ria a qualquer jurisdicionado, est\u00e1 cada vez mais ao alcance de qualquer magistrado; assim como advogar bem em favor do cliente, tendo como pressuposto a seguran\u00e7a jur\u00eddica, com o maior n\u00famero de informa\u00e7\u00f5es dispon\u00edveis, \u00e9 obriga\u00e7\u00e3o de todo advogado.<\/p>\n<p>Artigo publicado no portal do <a href=\"https:\/\/politica.estadao.com.br\/blogs\/fausto-macedo\/acordo-entre-poder-executivo-e-tribunais-superiores-fortalece-seguranca-juridica\" target=\"_blank\" rel=\"noopener noreferrer\">Estad\u00e3o<\/a>.<\/p>\n","protected":false},"excerpt":{"rendered":"<p>Publicado no O acordo de coopera\u00e7\u00e3o t\u00e9cnica assinado no dia 25 de junho de 2020, em Bras\u00edlia, pelos presidentes da Rep\u00fablica, Jair Bolsonaro, do STF (Supremo Tribunal Federal) e CNJ (Conselho Nacional de Justi\u00e7a), Dias Toffoli, e do STJ (Superior Tribunal de Justi\u00e7a), Jo\u00e3o Ot\u00e1vio Noronha, \u00e9 de vital import\u00e2ncia, pois disponibiliza, no Portal da [&hellip;]<\/p>\n","protected":false},"author":1,"featured_media":0,"comment_status":"open","ping_status":"closed","sticky":false,"template":"","format":"standard","meta":{"_acf_changed":false,"footnotes":""},"categories":[3],"tags":[57,56,58],"class_list":["post-1119","post","type-post","status-publish","format-standard","hentry","category-artigos","tag-cnj","tag-stf","tag-stj"],"acf":[],"yoast_head":"<!-- This site is optimized with the Yoast SEO plugin v27.4 - https:\/\/yoast.com\/product\/yoast-seo-wordpress\/ -->\n<title>Acordo entre Poder Executivo e tribunais superiores fortalece seguran\u00e7a jur\u00eddica | Wald Advogados<\/title>\n<meta name=\"robots\" content=\"index, follow, max-snippet:-1, max-image-preview:large, max-video-preview:-1\" \/>\n<link rel=\"canonical\" href=\"https:\/\/www.wald.com.br\/en\/acordo-entre-poder-executivo-e-tribunais-superiores-fortalece-seguranca-juridica\/\" \/>\n<meta property=\"og:locale\" content=\"en_US\" \/>\n<meta property=\"og:type\" content=\"article\" \/>\n<meta property=\"og:title\" content=\"Acordo entre Poder Executivo e tribunais superiores fortalece seguran\u00e7a jur\u00eddica | Wald Advogados\" \/>\n<meta property=\"og:description\" content=\"Publicado no O acordo de coopera\u00e7\u00e3o t\u00e9cnica assinado no dia 25 de junho de 2020, em Bras\u00edlia, pelos presidentes da Rep\u00fablica, Jair Bolsonaro, do STF (Supremo Tribunal Federal) e CNJ (Conselho Nacional de Justi\u00e7a), Dias Toffoli, e do STJ (Superior Tribunal de Justi\u00e7a), Jo\u00e3o Ot\u00e1vio Noronha, \u00e9 de vital import\u00e2ncia, pois disponibiliza, no Portal da [&hellip;]\" \/>\n<meta property=\"og:url\" content=\"https:\/\/www.wald.com.br\/en\/acordo-entre-poder-executivo-e-tribunais-superiores-fortalece-seguranca-juridica\/\" \/>\n<meta property=\"og:site_name\" content=\"Wald Advogados\" \/>\n<meta property=\"article:published_time\" content=\"2020-07-03T12:17:03+00:00\" \/>\n<meta property=\"og:image\" content=\"https:\/\/www.wald.com.br\/wp-content\/uploads\/2020\/04\/estado.png\" \/>\n<meta name=\"author\" content=\"waldadmin2020\" \/>\n<meta name=\"twitter:card\" content=\"summary_large_image\" \/>\n<meta name=\"twitter:creator\" content=\"@waldadmin2020\" \/>\n<meta name=\"twitter:label1\" content=\"Written by\" \/>\n\t<meta name=\"twitter:data1\" content=\"waldadmin2020\" \/>\n\t<meta name=\"twitter:label2\" content=\"Est. reading time\" \/>\n\t<meta name=\"twitter:data2\" content=\"3 minutes\" \/>\n<script type=\"application\/ld+json\" class=\"yoast-schema-graph\">{\"@context\":\"https:\\\/\\\/schema.org\",\"@graph\":[{\"@type\":\"Article\",\"@id\":\"https:\\\/\\\/www.wald.com.br\\\/en\\\/acordo-entre-poder-executivo-e-tribunais-superiores-fortalece-seguranca-juridica\\\/#article\",\"isPartOf\":{\"@id\":\"https:\\\/\\\/www.wald.com.br\\\/en\\\/acordo-entre-poder-executivo-e-tribunais-superiores-fortalece-seguranca-juridica\\\/\"},\"author\":{\"name\":\"waldadmin2020\",\"@id\":\"https:\\\/\\\/www.wald.com.br\\\/en\\\/#\\\/schema\\\/person\\\/63b1ba5d23c51fa9d050dd06ffd0e04a\"},\"headline\":\"Acordo entre Poder Executivo e tribunais superiores fortalece seguran\u00e7a jur\u00eddica\",\"datePublished\":\"2020-07-03T12:17:03+00:00\",\"mainEntityOfPage\":{\"@id\":\"https:\\\/\\\/www.wald.com.br\\\/en\\\/acordo-entre-poder-executivo-e-tribunais-superiores-fortalece-seguranca-juridica\\\/\"},\"wordCount\":681,\"commentCount\":0,\"publisher\":{\"@id\":\"https:\\\/\\\/www.wald.com.br\\\/en\\\/#organization\"},\"image\":{\"@id\":\"https:\\\/\\\/www.wald.com.br\\\/en\\\/acordo-entre-poder-executivo-e-tribunais-superiores-fortalece-seguranca-juridica\\\/#primaryimage\"},\"thumbnailUrl\":\"https:\\\/\\\/www.wald.com.br\\\/wp-content\\\/uploads\\\/2020\\\/04\\\/estado.png\",\"keywords\":[\"CNJ\",\"STF\",\"STJ\"],\"articleSection\":[\"Articles\"],\"inLanguage\":\"en-US\",\"potentialAction\":[{\"@type\":\"CommentAction\",\"name\":\"Comment\",\"target\":[\"https:\\\/\\\/www.wald.com.br\\\/en\\\/acordo-entre-poder-executivo-e-tribunais-superiores-fortalece-seguranca-juridica\\\/#respond\"]}]},{\"@type\":\"WebPage\",\"@id\":\"https:\\\/\\\/www.wald.com.br\\\/en\\\/acordo-entre-poder-executivo-e-tribunais-superiores-fortalece-seguranca-juridica\\\/\",\"url\":\"https:\\\/\\\/www.wald.com.br\\\/en\\\/acordo-entre-poder-executivo-e-tribunais-superiores-fortalece-seguranca-juridica\\\/\",\"name\":\"Acordo entre Poder Executivo e tribunais superiores fortalece seguran\u00e7a jur\u00eddica | Wald Advogados\",\"isPartOf\":{\"@id\":\"https:\\\/\\\/www.wald.com.br\\\/en\\\/#website\"},\"primaryImageOfPage\":{\"@id\":\"https:\\\/\\\/www.wald.com.br\\\/en\\\/acordo-entre-poder-executivo-e-tribunais-superiores-fortalece-seguranca-juridica\\\/#primaryimage\"},\"image\":{\"@id\":\"https:\\\/\\\/www.wald.com.br\\\/en\\\/acordo-entre-poder-executivo-e-tribunais-superiores-fortalece-seguranca-juridica\\\/#primaryimage\"},\"thumbnailUrl\":\"https:\\\/\\\/www.wald.com.br\\\/wp-content\\\/uploads\\\/2020\\\/04\\\/estado.png\",\"datePublished\":\"2020-07-03T12:17:03+00:00\",\"breadcrumb\":{\"@id\":\"https:\\\/\\\/www.wald.com.br\\\/en\\\/acordo-entre-poder-executivo-e-tribunais-superiores-fortalece-seguranca-juridica\\\/#breadcrumb\"},\"inLanguage\":\"en-US\",\"potentialAction\":[{\"@type\":\"ReadAction\",\"target\":[\"https:\\\/\\\/www.wald.com.br\\\/en\\\/acordo-entre-poder-executivo-e-tribunais-superiores-fortalece-seguranca-juridica\\\/\"]}]},{\"@type\":\"ImageObject\",\"inLanguage\":\"en-US\",\"@id\":\"https:\\\/\\\/www.wald.com.br\\\/en\\\/acordo-entre-poder-executivo-e-tribunais-superiores-fortalece-seguranca-juridica\\\/#primaryimage\",\"url\":\"https:\\\/\\\/www.wald.com.br\\\/wp-content\\\/uploads\\\/2020\\\/04\\\/estado.png\",\"contentUrl\":\"https:\\\/\\\/www.wald.com.br\\\/wp-content\\\/uploads\\\/2020\\\/04\\\/estado.png\"},{\"@type\":\"BreadcrumbList\",\"@id\":\"https:\\\/\\\/www.wald.com.br\\\/en\\\/acordo-entre-poder-executivo-e-tribunais-superiores-fortalece-seguranca-juridica\\\/#breadcrumb\",\"itemListElement\":[{\"@type\":\"ListItem\",\"position\":1,\"name\":\"In\u00edcio\",\"item\":\"https:\\\/\\\/www.wald.com.br\\\/\"},{\"@type\":\"ListItem\",\"position\":2,\"name\":\"Acordo entre Poder Executivo e tribunais superiores fortalece seguran\u00e7a jur\u00eddica\"}]},{\"@type\":\"WebSite\",\"@id\":\"https:\\\/\\\/www.wald.com.br\\\/en\\\/#website\",\"url\":\"https:\\\/\\\/www.wald.com.br\\\/en\\\/\",\"name\":\"Wald Advogados\",\"description\":\"66 years of leading law practice\",\"publisher\":{\"@id\":\"https:\\\/\\\/www.wald.com.br\\\/en\\\/#organization\"},\"potentialAction\":[{\"@type\":\"SearchAction\",\"target\":{\"@type\":\"EntryPoint\",\"urlTemplate\":\"https:\\\/\\\/www.wald.com.br\\\/en\\\/?s={search_term_string}\"},\"query-input\":{\"@type\":\"PropertyValueSpecification\",\"valueRequired\":true,\"valueName\":\"search_term_string\"}}],\"inLanguage\":\"en-US\"},{\"@type\":\"Organization\",\"@id\":\"https:\\\/\\\/www.wald.com.br\\\/en\\\/#organization\",\"name\":\"Wald, Antunes, Vita, Longo e Blattner Advogados\",\"url\":\"https:\\\/\\\/www.wald.com.br\\\/en\\\/\",\"logo\":{\"@type\":\"ImageObject\",\"inLanguage\":\"en-US\",\"@id\":\"https:\\\/\\\/www.wald.com.br\\\/en\\\/#\\\/schema\\\/logo\\\/image\\\/\",\"url\":\"https:\\\/\\\/www.wald.com.br\\\/wp-content\\\/uploads\\\/2020\\\/02\\\/Logo_Wald.png\",\"contentUrl\":\"https:\\\/\\\/www.wald.com.br\\\/wp-content\\\/uploads\\\/2020\\\/02\\\/Logo_Wald.png\",\"width\":5260,\"height\":2565,\"caption\":\"Wald, Antunes, Vita, Longo e Blattner Advogados\"},\"image\":{\"@id\":\"https:\\\/\\\/www.wald.com.br\\\/en\\\/#\\\/schema\\\/logo\\\/image\\\/\"},\"sameAs\":[\"https:\\\/\\\/www.linkedin.com\\\/company\\\/wald\"]},{\"@type\":\"Person\",\"@id\":\"https:\\\/\\\/www.wald.com.br\\\/en\\\/#\\\/schema\\\/person\\\/63b1ba5d23c51fa9d050dd06ffd0e04a\",\"name\":\"waldadmin2020\",\"image\":{\"@type\":\"ImageObject\",\"inLanguage\":\"en-US\",\"@id\":\"https:\\\/\\\/secure.gravatar.com\\\/avatar\\\/a71cf721eb306cd72432a33f9852249bbdb558baa0f55419ddb257983362db55?s=96&d=mm&r=g\",\"url\":\"https:\\\/\\\/secure.gravatar.com\\\/avatar\\\/a71cf721eb306cd72432a33f9852249bbdb558baa0f55419ddb257983362db55?s=96&d=mm&r=g\",\"contentUrl\":\"https:\\\/\\\/secure.gravatar.com\\\/avatar\\\/a71cf721eb306cd72432a33f9852249bbdb558baa0f55419ddb257983362db55?s=96&d=mm&r=g\",\"caption\":\"waldadmin2020\"},\"sameAs\":[\"https:\\\/\\\/x.com\\\/waldadmin2020\"],\"url\":\"https:\\\/\\\/www.wald.com.br\\\/en\\\/author\\\/waldadmin2020\\\/\"}]}<\/script>\n<!-- \/ Yoast SEO plugin. -->","yoast_head_json":{"title":"Acordo entre Poder Executivo e tribunais superiores fortalece seguran\u00e7a jur\u00eddica | Wald Advogados","robots":{"index":"index","follow":"follow","max-snippet":"max-snippet:-1","max-image-preview":"max-image-preview:large","max-video-preview":"max-video-preview:-1"},"canonical":"https:\/\/www.wald.com.br\/en\/acordo-entre-poder-executivo-e-tribunais-superiores-fortalece-seguranca-juridica\/","og_locale":"en_US","og_type":"article","og_title":"Acordo entre Poder Executivo e tribunais superiores fortalece seguran\u00e7a jur\u00eddica | Wald Advogados","og_description":"Publicado no O acordo de coopera\u00e7\u00e3o t\u00e9cnica assinado no dia 25 de junho de 2020, em Bras\u00edlia, pelos presidentes da Rep\u00fablica, Jair Bolsonaro, do STF (Supremo Tribunal Federal) e CNJ (Conselho Nacional de Justi\u00e7a), Dias Toffoli, e do STJ (Superior Tribunal de Justi\u00e7a), Jo\u00e3o Ot\u00e1vio Noronha, \u00e9 de vital import\u00e2ncia, pois disponibiliza, no Portal da [&hellip;]","og_url":"https:\/\/www.wald.com.br\/en\/acordo-entre-poder-executivo-e-tribunais-superiores-fortalece-seguranca-juridica\/","og_site_name":"Wald Advogados","article_published_time":"2020-07-03T12:17:03+00:00","og_image":[{"url":"https:\/\/www.wald.com.br\/wp-content\/uploads\/2020\/04\/estado.png","type":"","width":"","height":""}],"author":"waldadmin2020","twitter_card":"summary_large_image","twitter_creator":"@waldadmin2020","twitter_misc":{"Written by":"waldadmin2020","Est. reading time":"3 minutes"},"schema":{"@context":"https:\/\/schema.org","@graph":[{"@type":"Article","@id":"https:\/\/www.wald.com.br\/en\/acordo-entre-poder-executivo-e-tribunais-superiores-fortalece-seguranca-juridica\/#article","isPartOf":{"@id":"https:\/\/www.wald.com.br\/en\/acordo-entre-poder-executivo-e-tribunais-superiores-fortalece-seguranca-juridica\/"},"author":{"name":"waldadmin2020","@id":"https:\/\/www.wald.com.br\/en\/#\/schema\/person\/63b1ba5d23c51fa9d050dd06ffd0e04a"},"headline":"Acordo entre Poder Executivo e tribunais superiores fortalece seguran\u00e7a jur\u00eddica","datePublished":"2020-07-03T12:17:03+00:00","mainEntityOfPage":{"@id":"https:\/\/www.wald.com.br\/en\/acordo-entre-poder-executivo-e-tribunais-superiores-fortalece-seguranca-juridica\/"},"wordCount":681,"commentCount":0,"publisher":{"@id":"https:\/\/www.wald.com.br\/en\/#organization"},"image":{"@id":"https:\/\/www.wald.com.br\/en\/acordo-entre-poder-executivo-e-tribunais-superiores-fortalece-seguranca-juridica\/#primaryimage"},"thumbnailUrl":"https:\/\/www.wald.com.br\/wp-content\/uploads\/2020\/04\/estado.png","keywords":["CNJ","STF","STJ"],"articleSection":["Articles"],"inLanguage":"en-US","potentialAction":[{"@type":"CommentAction","name":"Comment","target":["https:\/\/www.wald.com.br\/en\/acordo-entre-poder-executivo-e-tribunais-superiores-fortalece-seguranca-juridica\/#respond"]}]},{"@type":"WebPage","@id":"https:\/\/www.wald.com.br\/en\/acordo-entre-poder-executivo-e-tribunais-superiores-fortalece-seguranca-juridica\/","url":"https:\/\/www.wald.com.br\/en\/acordo-entre-poder-executivo-e-tribunais-superiores-fortalece-seguranca-juridica\/","name":"Acordo entre Poder Executivo e tribunais superiores fortalece seguran\u00e7a jur\u00eddica | Wald Advogados","isPartOf":{"@id":"https:\/\/www.wald.com.br\/en\/#website"},"primaryImageOfPage":{"@id":"https:\/\/www.wald.com.br\/en\/acordo-entre-poder-executivo-e-tribunais-superiores-fortalece-seguranca-juridica\/#primaryimage"},"image":{"@id":"https:\/\/www.wald.com.br\/en\/acordo-entre-poder-executivo-e-tribunais-superiores-fortalece-seguranca-juridica\/#primaryimage"},"thumbnailUrl":"https:\/\/www.wald.com.br\/wp-content\/uploads\/2020\/04\/estado.png","datePublished":"2020-07-03T12:17:03+00:00","breadcrumb":{"@id":"https:\/\/www.wald.com.br\/en\/acordo-entre-poder-executivo-e-tribunais-superiores-fortalece-seguranca-juridica\/#breadcrumb"},"inLanguage":"en-US","potentialAction":[{"@type":"ReadAction","target":["https:\/\/www.wald.com.br\/en\/acordo-entre-poder-executivo-e-tribunais-superiores-fortalece-seguranca-juridica\/"]}]},{"@type":"ImageObject","inLanguage":"en-US","@id":"https:\/\/www.wald.com.br\/en\/acordo-entre-poder-executivo-e-tribunais-superiores-fortalece-seguranca-juridica\/#primaryimage","url":"https:\/\/www.wald.com.br\/wp-content\/uploads\/2020\/04\/estado.png","contentUrl":"https:\/\/www.wald.com.br\/wp-content\/uploads\/2020\/04\/estado.png"},{"@type":"BreadcrumbList","@id":"https:\/\/www.wald.com.br\/en\/acordo-entre-poder-executivo-e-tribunais-superiores-fortalece-seguranca-juridica\/#breadcrumb","itemListElement":[{"@type":"ListItem","position":1,"name":"In\u00edcio","item":"https:\/\/www.wald.com.br\/"},{"@type":"ListItem","position":2,"name":"Acordo entre Poder Executivo e tribunais superiores fortalece seguran\u00e7a jur\u00eddica"}]},{"@type":"WebSite","@id":"https:\/\/www.wald.com.br\/en\/#website","url":"https:\/\/www.wald.com.br\/en\/","name":"Wald Advogados","description":"66 years of leading law practice","publisher":{"@id":"https:\/\/www.wald.com.br\/en\/#organization"},"potentialAction":[{"@type":"SearchAction","target":{"@type":"EntryPoint","urlTemplate":"https:\/\/www.wald.com.br\/en\/?s={search_term_string}"},"query-input":{"@type":"PropertyValueSpecification","valueRequired":true,"valueName":"search_term_string"}}],"inLanguage":"en-US"},{"@type":"Organization","@id":"https:\/\/www.wald.com.br\/en\/#organization","name":"Wald, Antunes, Vita, Longo e Blattner Advogados","url":"https:\/\/www.wald.com.br\/en\/","logo":{"@type":"ImageObject","inLanguage":"en-US","@id":"https:\/\/www.wald.com.br\/en\/#\/schema\/logo\/image\/","url":"https:\/\/www.wald.com.br\/wp-content\/uploads\/2020\/02\/Logo_Wald.png","contentUrl":"https:\/\/www.wald.com.br\/wp-content\/uploads\/2020\/02\/Logo_Wald.png","width":5260,"height":2565,"caption":"Wald, Antunes, Vita, Longo e Blattner Advogados"},"image":{"@id":"https:\/\/www.wald.com.br\/en\/#\/schema\/logo\/image\/"},"sameAs":["https:\/\/www.linkedin.com\/company\/wald"]},{"@type":"Person","@id":"https:\/\/www.wald.com.br\/en\/#\/schema\/person\/63b1ba5d23c51fa9d050dd06ffd0e04a","name":"waldadmin2020","image":{"@type":"ImageObject","inLanguage":"en-US","@id":"https:\/\/secure.gravatar.com\/avatar\/a71cf721eb306cd72432a33f9852249bbdb558baa0f55419ddb257983362db55?s=96&d=mm&r=g","url":"https:\/\/secure.gravatar.com\/avatar\/a71cf721eb306cd72432a33f9852249bbdb558baa0f55419ddb257983362db55?s=96&d=mm&r=g","contentUrl":"https:\/\/secure.gravatar.com\/avatar\/a71cf721eb306cd72432a33f9852249bbdb558baa0f55419ddb257983362db55?s=96&d=mm&r=g","caption":"waldadmin2020"},"sameAs":["https:\/\/x.com\/waldadmin2020"],"url":"https:\/\/www.wald.com.br\/en\/author\/waldadmin2020\/"}]}},"_links":{"self":[{"href":"https:\/\/www.wald.com.br\/en\/wp-json\/wp\/v2\/posts\/1119","targetHints":{"allow":["GET"]}}],"collection":[{"href":"https:\/\/www.wald.com.br\/en\/wp-json\/wp\/v2\/posts"}],"about":[{"href":"https:\/\/www.wald.com.br\/en\/wp-json\/wp\/v2\/types\/post"}],"author":[{"embeddable":true,"href":"https:\/\/www.wald.com.br\/en\/wp-json\/wp\/v2\/users\/1"}],"replies":[{"embeddable":true,"href":"https:\/\/www.wald.com.br\/en\/wp-json\/wp\/v2\/comments?post=1119"}],"version-history":[{"count":2,"href":"https:\/\/www.wald.com.br\/en\/wp-json\/wp\/v2\/posts\/1119\/revisions"}],"predecessor-version":[{"id":1121,"href":"https:\/\/www.wald.com.br\/en\/wp-json\/wp\/v2\/posts\/1119\/revisions\/1121"}],"wp:attachment":[{"href":"https:\/\/www.wald.com.br\/en\/wp-json\/wp\/v2\/media?parent=1119"}],"wp:term":[{"taxonomy":"category","embeddable":true,"href":"https:\/\/www.wald.com.br\/en\/wp-json\/wp\/v2\/categories?post=1119"},{"taxonomy":"post_tag","embeddable":true,"href":"https:\/\/www.wald.com.br\/en\/wp-json\/wp\/v2\/tags?post=1119"}],"curies":[{"name":"wp","href":"https:\/\/api.w.org\/{rel}","templated":true}]}}