{"id":1123,"date":"2020-07-05T11:37:57","date_gmt":"2020-07-05T14:37:57","guid":{"rendered":"https:\/\/www.wald.com.br\/?p=1123"},"modified":"2021-06-10T08:55:13","modified_gmt":"2021-06-10T11:55:13","slug":"a-lei-do-rjet-e-necessaria-e-oportuna","status":"publish","type":"post","link":"https:\/\/www.wald.com.br\/en\/a-lei-do-rjet-e-necessaria-e-oportuna\/","title":{"rendered":"A Lei do RJET \u00e9 necess\u00e1ria e oportuna"},"content":{"rendered":"<p><span style=\"font-size: 20px;\"><strong><span style=\"font-size: 12px;\">Publicado no<br \/>\n<\/span><\/strong><a href=\"https:\/\/www.conjur.com.br\/2020-jul-03\/wald-abelha-lei-rjet-necessaria-oportuna\" target=\"_blank\" rel=\"noopener noreferrer\"><img loading=\"lazy\" decoding=\"async\" class=\"alignnone wp-image-912\" src=\"https:\/\/www.wald.com.br\/wp-content\/uploads\/2020\/04\/conjur_html_2e39a9340d739397.png\" alt=\"\" width=\"171\" height=\"35\" \/><\/a><\/span><\/p>\n<p>Originada do Projeto de Lei n\u00ba 1.179\/2020, do senador Antonio Anastasia, a recente Lei n\u00ba 14.010, de 12 de junho, instituiu o Regime Jur\u00eddico Emergencial e Transit\u00f3rio das rela\u00e7\u00f5es jur\u00eddicas de Direito Privado, na trilha de alguns pa\u00edses, seguindo os exemplos de Portugal e da Alemanha, que tamb\u00e9m aprovaram leis emergenciais para o per\u00edodo da pandemia da Covid-19.<\/p>\n<p>Houve vetos importantes: I) do artigo 4\u00ba, que restringia reuni\u00f5es e assembleias presenciais at\u00e9 30 de outubro; II) dos artigos 6\u00ba e 7\u00ba, que tratavam de certos efeitos da pandemia na resolu\u00e7\u00e3o e revis\u00e3o de contratos; III) do artigo 9\u00ba, que proibia certos despejos liminares; IV) do artigo 11, que explicitava os poderes do s\u00edndico para restringir atividades nas partes comuns e privativas do condom\u00ednio; V) dos artigos 17 e 18, que determinavam \u00e0s empresas de transporte privado individual de passageiros a redu\u00e7\u00e3o em 15% da fatia arrecadada em cada viagem e reduziam na mesma propor\u00e7\u00e3o os encargos e outorgas cobrados de taxistas, e VI) do artigo 19, que flexibilizava o controle do peso de ve\u00edculos nas estradas e ruas. Os vetos ainda ser\u00e3o apreciados pelo Congresso Nacional.<\/p>\n<p>Permaneceram na lei: impedimento e suspens\u00e3o de prazos prescricionais, decadenciais e de usucapi\u00e3o; possibilidade expressa de pessoas jur\u00eddicas de direito privado e condom\u00ednios realizarem assembleias virtuais; adiamento, para 1\u00ba de agosto de 2021, da entrada em vigor das san\u00e7\u00f5es pelo descumprimento da Lei Geral de Prote\u00e7\u00e3o de Dados Pessoais (LGPD), al\u00e9m da suspens\u00e3o: I) do prazo de reflex\u00e3o de sete dias dado ao consumidor para certas entregas domiciliares; II) de certas regras do regime concorrencial; III) da pris\u00e3o civil por d\u00edvida aliment\u00edcia; e IV) do prazo para abertura e ultima\u00e7\u00e3o do invent\u00e1rio judicial.<\/p>\n<p>A Lei do RJET possui tr\u00eas marcos temporais relevantes: I) 20 de mar\u00e7o como termo inicial dos eventos derivados da pandemia, que coincide com a data do Decreto Legislativo n\u00ba 6, que reconheceu o estado de calamidade p\u00fablica no Brasil; II) 12 de junho como in\u00edcio de vig\u00eancia da nova lei. Como a lei n\u00e3o pode retroagir para afetar o ato jur\u00eddico perfeito, as prescri\u00e7\u00f5es e decad\u00eancias consumadas at\u00e9 11 de junho devem ser respeitadas; e III) 30 de outubro: at\u00e9 essa data, certos atos estar\u00e3o permitidos e algumas regras suspensas ou provisoriamente modificadas.<\/p>\n<p>A regra emergencial de suspens\u00e3o de prazos decadenciais aplica-se somente aos direitos potestativos a serem exercidos em ju\u00edzo, incluindo os prazos de ajuizamento das a\u00e7\u00f5es de prefer\u00eancia do cond\u00f4mino e do locat\u00e1rio, e as renovat\u00f3rias em loca\u00e7\u00f5es urbanas n\u00e3o residenciais.<\/p>\n<p>Em alguns aspectos, a lei pode parecer incompleta, mas a sua apreens\u00e3o definitiva s\u00f3 poder\u00e1 ocorrer ap\u00f3s a decis\u00e3o do Congresso em rela\u00e7\u00e3o aos vetos.<\/p>\n<p>A suspens\u00e3o n\u00e3o se aplica aos direitos potestativos sujeitos a prazos decadenciais que podem ser exercidos fora dele. Assim, permanecem inalterados, sem suspens\u00e3o, por exemplo, os prazos: I) de den\u00fancia da incorpora\u00e7\u00e3o imobili\u00e1ria, podendo o incorporador, comprovando que o lan\u00e7amento do empreendimento foi prejudicado pela pandemia, pedir ao juiz a prorroga\u00e7\u00e3o do prazo; II) de purga da mora na aliena\u00e7\u00e3o fiduci\u00e1ria: o devedor que tiver sido regularmente notificado dever\u00e1 comprovar, no caso concreto, eventual impossibilidade de realiza\u00e7\u00e3o do ato no per\u00edodo; e III) da Lei de Loca\u00e7\u00f5es: os prazos para o adquirente do im\u00f3vel denunciar o contrato sem cl\u00e1usula de vig\u00eancia e para o locat\u00e1rio manifestar sua aceita\u00e7\u00e3o \u00e0 proposta para exerc\u00edcio da prefer\u00eancia.<\/p>\n<p>Nos condom\u00ednios, o s\u00edndico deve avaliar a urg\u00eancia de cada obra. Por\u00e9m, se uma obra for exequ\u00edvel sem aumentar o risco para os demais moradores, ela deve ser permitida, ainda que n\u00e3o seja urgente. A premissa n\u00e3o \u00e9 a exist\u00eancia ou n\u00e3o de risco, e se, sim, a obra aumenta ou n\u00e3o o risco que naturalmente j\u00e1 existe. Ressalte-se, tamb\u00e9m, que o veto ao artigo 11 n\u00e3o retira do s\u00edndico o poder-dever de impedir, nas partes comuns e privativas, atividades que prejudiquem o sossego, a sa\u00fade ou a seguran\u00e7a dos demais moradores, ou que atente contra os bons costumes. Essa regra deve ser apreciada de acordo com as caracter\u00edsticas de cada condom\u00ednio.<\/p>\n<p>A Lei do RJET chega, enfim, com a miss\u00e3o de ajudar a sociedade brasileira em tempos de crise, reduzindo d\u00favidas e aumentando a seguran\u00e7a jur\u00eddica. E por isso merece aplausos.<\/p>\n<p>Artigo publicado no <a href=\"https:\/\/www.conjur.com.br\/2020-jul-03\/wald-abelha-lei-rjet-necessaria-oportuna\" target=\"_blank\" rel=\"noopener noreferrer\">Consultor Jur\u00eddico<\/a>.<\/p>\n","protected":false},"excerpt":{"rendered":"<p>Publicado no Originada do Projeto de Lei n\u00ba 1.179\/2020, do senador Antonio Anastasia, a recente Lei n\u00ba 14.010, de 12 de junho, instituiu o Regime Jur\u00eddico Emergencial e Transit\u00f3rio das rela\u00e7\u00f5es jur\u00eddicas de Direito Privado, na trilha de alguns pa\u00edses, seguindo os exemplos de Portugal e da Alemanha, que tamb\u00e9m aprovaram leis emergenciais para o [&hellip;]<\/p>\n","protected":false},"author":1,"featured_media":0,"comment_status":"open","ping_status":"closed","sticky":false,"template":"","format":"standard","meta":{"_acf_changed":false,"footnotes":""},"categories":[3],"tags":[18,21,20,49,50,16],"class_list":["post-1123","post","type-post","status-publish","format-standard","hentry","category-artigos","tag-societario","tag-coronavirus","tag-covid-19","tag-imobiliario","tag-lei-do-rjet","tag-precontencioso"],"acf":[],"yoast_head":"<!-- This site is optimized with the Yoast SEO plugin v27.4 - https:\/\/yoast.com\/product\/yoast-seo-wordpress\/ -->\n<title>A Lei do RJET \u00e9 necess\u00e1ria e oportuna | Wald Advogados<\/title>\n<meta name=\"robots\" content=\"index, follow, max-snippet:-1, max-image-preview:large, max-video-preview:-1\" \/>\n<link rel=\"canonical\" href=\"https:\/\/www.wald.com.br\/en\/a-lei-do-rjet-e-necessaria-e-oportuna\/\" \/>\n<meta property=\"og:locale\" content=\"en_US\" \/>\n<meta property=\"og:type\" content=\"article\" \/>\n<meta property=\"og:title\" content=\"A Lei do RJET \u00e9 necess\u00e1ria e oportuna | Wald Advogados\" \/>\n<meta property=\"og:description\" content=\"Publicado no Originada do Projeto de Lei n\u00ba 1.179\/2020, do senador Antonio Anastasia, a recente Lei n\u00ba 14.010, de 12 de junho, instituiu o Regime Jur\u00eddico Emergencial e Transit\u00f3rio das rela\u00e7\u00f5es jur\u00eddicas de Direito Privado, na trilha de alguns pa\u00edses, seguindo os exemplos de Portugal e da Alemanha, que tamb\u00e9m aprovaram leis emergenciais para o [&hellip;]\" \/>\n<meta property=\"og:url\" content=\"https:\/\/www.wald.com.br\/en\/a-lei-do-rjet-e-necessaria-e-oportuna\/\" \/>\n<meta property=\"og:site_name\" content=\"Wald Advogados\" \/>\n<meta property=\"article:published_time\" content=\"2020-07-05T14:37:57+00:00\" \/>\n<meta property=\"article:modified_time\" content=\"2021-06-10T11:55:13+00:00\" \/>\n<meta property=\"og:image\" content=\"https:\/\/www.wald.com.br\/wp-content\/uploads\/2020\/04\/conjur_html_2e39a9340d739397.png\" \/>\n<meta name=\"author\" content=\"waldadmin2020\" \/>\n<meta name=\"twitter:card\" content=\"summary_large_image\" \/>\n<meta name=\"twitter:creator\" content=\"@waldadmin2020\" \/>\n<meta name=\"twitter:label1\" content=\"Written by\" \/>\n\t<meta name=\"twitter:data1\" content=\"waldadmin2020\" \/>\n\t<meta name=\"twitter:label2\" content=\"Est. reading time\" \/>\n\t<meta name=\"twitter:data2\" content=\"4 minutes\" \/>\n<script type=\"application\/ld+json\" class=\"yoast-schema-graph\">{\"@context\":\"https:\\\/\\\/schema.org\",\"@graph\":[{\"@type\":\"Article\",\"@id\":\"https:\\\/\\\/www.wald.com.br\\\/en\\\/a-lei-do-rjet-e-necessaria-e-oportuna\\\/#article\",\"isPartOf\":{\"@id\":\"https:\\\/\\\/www.wald.com.br\\\/en\\\/a-lei-do-rjet-e-necessaria-e-oportuna\\\/\"},\"author\":{\"name\":\"waldadmin2020\",\"@id\":\"https:\\\/\\\/www.wald.com.br\\\/en\\\/#\\\/schema\\\/person\\\/63b1ba5d23c51fa9d050dd06ffd0e04a\"},\"headline\":\"A Lei do RJET \u00e9 necess\u00e1ria e oportuna\",\"datePublished\":\"2020-07-05T14:37:57+00:00\",\"dateModified\":\"2021-06-10T11:55:13+00:00\",\"mainEntityOfPage\":{\"@id\":\"https:\\\/\\\/www.wald.com.br\\\/en\\\/a-lei-do-rjet-e-necessaria-e-oportuna\\\/\"},\"wordCount\":781,\"commentCount\":0,\"publisher\":{\"@id\":\"https:\\\/\\\/www.wald.com.br\\\/en\\\/#organization\"},\"image\":{\"@id\":\"https:\\\/\\\/www.wald.com.br\\\/en\\\/a-lei-do-rjet-e-necessaria-e-oportuna\\\/#primaryimage\"},\"thumbnailUrl\":\"https:\\\/\\\/www.wald.com.br\\\/wp-content\\\/uploads\\\/2020\\\/04\\\/conjur_html_2e39a9340d739397.png\",\"keywords\":[\"Corporate advisory and M&amp;A\",\"Coronav\u00edrus\",\"Covid-19\",\"Imobili\u00e1rio\",\"Lei do RJET\",\"Pr\u00e9-contencioso\"],\"articleSection\":[\"Articles\"],\"inLanguage\":\"en-US\",\"potentialAction\":[{\"@type\":\"CommentAction\",\"name\":\"Comment\",\"target\":[\"https:\\\/\\\/www.wald.com.br\\\/en\\\/a-lei-do-rjet-e-necessaria-e-oportuna\\\/#respond\"]}]},{\"@type\":\"WebPage\",\"@id\":\"https:\\\/\\\/www.wald.com.br\\\/en\\\/a-lei-do-rjet-e-necessaria-e-oportuna\\\/\",\"url\":\"https:\\\/\\\/www.wald.com.br\\\/en\\\/a-lei-do-rjet-e-necessaria-e-oportuna\\\/\",\"name\":\"A Lei do RJET \u00e9 necess\u00e1ria e oportuna | Wald Advogados\",\"isPartOf\":{\"@id\":\"https:\\\/\\\/www.wald.com.br\\\/en\\\/#website\"},\"primaryImageOfPage\":{\"@id\":\"https:\\\/\\\/www.wald.com.br\\\/en\\\/a-lei-do-rjet-e-necessaria-e-oportuna\\\/#primaryimage\"},\"image\":{\"@id\":\"https:\\\/\\\/www.wald.com.br\\\/en\\\/a-lei-do-rjet-e-necessaria-e-oportuna\\\/#primaryimage\"},\"thumbnailUrl\":\"https:\\\/\\\/www.wald.com.br\\\/wp-content\\\/uploads\\\/2020\\\/04\\\/conjur_html_2e39a9340d739397.png\",\"datePublished\":\"2020-07-05T14:37:57+00:00\",\"dateModified\":\"2021-06-10T11:55:13+00:00\",\"breadcrumb\":{\"@id\":\"https:\\\/\\\/www.wald.com.br\\\/en\\\/a-lei-do-rjet-e-necessaria-e-oportuna\\\/#breadcrumb\"},\"inLanguage\":\"en-US\",\"potentialAction\":[{\"@type\":\"ReadAction\",\"target\":[\"https:\\\/\\\/www.wald.com.br\\\/en\\\/a-lei-do-rjet-e-necessaria-e-oportuna\\\/\"]}]},{\"@type\":\"ImageObject\",\"inLanguage\":\"en-US\",\"@id\":\"https:\\\/\\\/www.wald.com.br\\\/en\\\/a-lei-do-rjet-e-necessaria-e-oportuna\\\/#primaryimage\",\"url\":\"https:\\\/\\\/www.wald.com.br\\\/wp-content\\\/uploads\\\/2020\\\/04\\\/conjur_html_2e39a9340d739397.png\",\"contentUrl\":\"https:\\\/\\\/www.wald.com.br\\\/wp-content\\\/uploads\\\/2020\\\/04\\\/conjur_html_2e39a9340d739397.png\"},{\"@type\":\"BreadcrumbList\",\"@id\":\"https:\\\/\\\/www.wald.com.br\\\/en\\\/a-lei-do-rjet-e-necessaria-e-oportuna\\\/#breadcrumb\",\"itemListElement\":[{\"@type\":\"ListItem\",\"position\":1,\"name\":\"In\u00edcio\",\"item\":\"https:\\\/\\\/www.wald.com.br\\\/\"},{\"@type\":\"ListItem\",\"position\":2,\"name\":\"A Lei do RJET \u00e9 necess\u00e1ria e oportuna\"}]},{\"@type\":\"WebSite\",\"@id\":\"https:\\\/\\\/www.wald.com.br\\\/en\\\/#website\",\"url\":\"https:\\\/\\\/www.wald.com.br\\\/en\\\/\",\"name\":\"Wald Advogados\",\"description\":\"66 years of leading law practice\",\"publisher\":{\"@id\":\"https:\\\/\\\/www.wald.com.br\\\/en\\\/#organization\"},\"potentialAction\":[{\"@type\":\"SearchAction\",\"target\":{\"@type\":\"EntryPoint\",\"urlTemplate\":\"https:\\\/\\\/www.wald.com.br\\\/en\\\/?s={search_term_string}\"},\"query-input\":{\"@type\":\"PropertyValueSpecification\",\"valueRequired\":true,\"valueName\":\"search_term_string\"}}],\"inLanguage\":\"en-US\"},{\"@type\":\"Organization\",\"@id\":\"https:\\\/\\\/www.wald.com.br\\\/en\\\/#organization\",\"name\":\"Wald, Antunes, Vita, Longo e Blattner Advogados\",\"url\":\"https:\\\/\\\/www.wald.com.br\\\/en\\\/\",\"logo\":{\"@type\":\"ImageObject\",\"inLanguage\":\"en-US\",\"@id\":\"https:\\\/\\\/www.wald.com.br\\\/en\\\/#\\\/schema\\\/logo\\\/image\\\/\",\"url\":\"https:\\\/\\\/www.wald.com.br\\\/wp-content\\\/uploads\\\/2020\\\/02\\\/Logo_Wald.png\",\"contentUrl\":\"https:\\\/\\\/www.wald.com.br\\\/wp-content\\\/uploads\\\/2020\\\/02\\\/Logo_Wald.png\",\"width\":5260,\"height\":2565,\"caption\":\"Wald, Antunes, Vita, Longo e Blattner Advogados\"},\"image\":{\"@id\":\"https:\\\/\\\/www.wald.com.br\\\/en\\\/#\\\/schema\\\/logo\\\/image\\\/\"},\"sameAs\":[\"https:\\\/\\\/www.linkedin.com\\\/company\\\/wald\"]},{\"@type\":\"Person\",\"@id\":\"https:\\\/\\\/www.wald.com.br\\\/en\\\/#\\\/schema\\\/person\\\/63b1ba5d23c51fa9d050dd06ffd0e04a\",\"name\":\"waldadmin2020\",\"image\":{\"@type\":\"ImageObject\",\"inLanguage\":\"en-US\",\"@id\":\"https:\\\/\\\/secure.gravatar.com\\\/avatar\\\/a71cf721eb306cd72432a33f9852249bbdb558baa0f55419ddb257983362db55?s=96&d=mm&r=g\",\"url\":\"https:\\\/\\\/secure.gravatar.com\\\/avatar\\\/a71cf721eb306cd72432a33f9852249bbdb558baa0f55419ddb257983362db55?s=96&d=mm&r=g\",\"contentUrl\":\"https:\\\/\\\/secure.gravatar.com\\\/avatar\\\/a71cf721eb306cd72432a33f9852249bbdb558baa0f55419ddb257983362db55?s=96&d=mm&r=g\",\"caption\":\"waldadmin2020\"},\"sameAs\":[\"https:\\\/\\\/x.com\\\/waldadmin2020\"],\"url\":\"https:\\\/\\\/www.wald.com.br\\\/en\\\/author\\\/waldadmin2020\\\/\"}]}<\/script>\n<!-- \/ Yoast SEO plugin. -->","yoast_head_json":{"title":"A Lei do RJET \u00e9 necess\u00e1ria e oportuna | Wald Advogados","robots":{"index":"index","follow":"follow","max-snippet":"max-snippet:-1","max-image-preview":"max-image-preview:large","max-video-preview":"max-video-preview:-1"},"canonical":"https:\/\/www.wald.com.br\/en\/a-lei-do-rjet-e-necessaria-e-oportuna\/","og_locale":"en_US","og_type":"article","og_title":"A Lei do RJET \u00e9 necess\u00e1ria e oportuna | Wald Advogados","og_description":"Publicado no Originada do Projeto de Lei n\u00ba 1.179\/2020, do senador Antonio Anastasia, a recente Lei n\u00ba 14.010, de 12 de junho, instituiu o Regime Jur\u00eddico Emergencial e Transit\u00f3rio das rela\u00e7\u00f5es jur\u00eddicas de Direito Privado, na trilha de alguns pa\u00edses, seguindo os exemplos de Portugal e da Alemanha, que tamb\u00e9m aprovaram leis emergenciais para o [&hellip;]","og_url":"https:\/\/www.wald.com.br\/en\/a-lei-do-rjet-e-necessaria-e-oportuna\/","og_site_name":"Wald Advogados","article_published_time":"2020-07-05T14:37:57+00:00","article_modified_time":"2021-06-10T11:55:13+00:00","og_image":[{"url":"https:\/\/www.wald.com.br\/wp-content\/uploads\/2020\/04\/conjur_html_2e39a9340d739397.png","type":"","width":"","height":""}],"author":"waldadmin2020","twitter_card":"summary_large_image","twitter_creator":"@waldadmin2020","twitter_misc":{"Written by":"waldadmin2020","Est. reading time":"4 minutes"},"schema":{"@context":"https:\/\/schema.org","@graph":[{"@type":"Article","@id":"https:\/\/www.wald.com.br\/en\/a-lei-do-rjet-e-necessaria-e-oportuna\/#article","isPartOf":{"@id":"https:\/\/www.wald.com.br\/en\/a-lei-do-rjet-e-necessaria-e-oportuna\/"},"author":{"name":"waldadmin2020","@id":"https:\/\/www.wald.com.br\/en\/#\/schema\/person\/63b1ba5d23c51fa9d050dd06ffd0e04a"},"headline":"A Lei do RJET \u00e9 necess\u00e1ria e oportuna","datePublished":"2020-07-05T14:37:57+00:00","dateModified":"2021-06-10T11:55:13+00:00","mainEntityOfPage":{"@id":"https:\/\/www.wald.com.br\/en\/a-lei-do-rjet-e-necessaria-e-oportuna\/"},"wordCount":781,"commentCount":0,"publisher":{"@id":"https:\/\/www.wald.com.br\/en\/#organization"},"image":{"@id":"https:\/\/www.wald.com.br\/en\/a-lei-do-rjet-e-necessaria-e-oportuna\/#primaryimage"},"thumbnailUrl":"https:\/\/www.wald.com.br\/wp-content\/uploads\/2020\/04\/conjur_html_2e39a9340d739397.png","keywords":["Corporate advisory and M&amp;A","Coronav\u00edrus","Covid-19","Imobili\u00e1rio","Lei do RJET","Pr\u00e9-contencioso"],"articleSection":["Articles"],"inLanguage":"en-US","potentialAction":[{"@type":"CommentAction","name":"Comment","target":["https:\/\/www.wald.com.br\/en\/a-lei-do-rjet-e-necessaria-e-oportuna\/#respond"]}]},{"@type":"WebPage","@id":"https:\/\/www.wald.com.br\/en\/a-lei-do-rjet-e-necessaria-e-oportuna\/","url":"https:\/\/www.wald.com.br\/en\/a-lei-do-rjet-e-necessaria-e-oportuna\/","name":"A Lei do RJET \u00e9 necess\u00e1ria e oportuna | Wald Advogados","isPartOf":{"@id":"https:\/\/www.wald.com.br\/en\/#website"},"primaryImageOfPage":{"@id":"https:\/\/www.wald.com.br\/en\/a-lei-do-rjet-e-necessaria-e-oportuna\/#primaryimage"},"image":{"@id":"https:\/\/www.wald.com.br\/en\/a-lei-do-rjet-e-necessaria-e-oportuna\/#primaryimage"},"thumbnailUrl":"https:\/\/www.wald.com.br\/wp-content\/uploads\/2020\/04\/conjur_html_2e39a9340d739397.png","datePublished":"2020-07-05T14:37:57+00:00","dateModified":"2021-06-10T11:55:13+00:00","breadcrumb":{"@id":"https:\/\/www.wald.com.br\/en\/a-lei-do-rjet-e-necessaria-e-oportuna\/#breadcrumb"},"inLanguage":"en-US","potentialAction":[{"@type":"ReadAction","target":["https:\/\/www.wald.com.br\/en\/a-lei-do-rjet-e-necessaria-e-oportuna\/"]}]},{"@type":"ImageObject","inLanguage":"en-US","@id":"https:\/\/www.wald.com.br\/en\/a-lei-do-rjet-e-necessaria-e-oportuna\/#primaryimage","url":"https:\/\/www.wald.com.br\/wp-content\/uploads\/2020\/04\/conjur_html_2e39a9340d739397.png","contentUrl":"https:\/\/www.wald.com.br\/wp-content\/uploads\/2020\/04\/conjur_html_2e39a9340d739397.png"},{"@type":"BreadcrumbList","@id":"https:\/\/www.wald.com.br\/en\/a-lei-do-rjet-e-necessaria-e-oportuna\/#breadcrumb","itemListElement":[{"@type":"ListItem","position":1,"name":"In\u00edcio","item":"https:\/\/www.wald.com.br\/"},{"@type":"ListItem","position":2,"name":"A Lei do RJET \u00e9 necess\u00e1ria e oportuna"}]},{"@type":"WebSite","@id":"https:\/\/www.wald.com.br\/en\/#website","url":"https:\/\/www.wald.com.br\/en\/","name":"Wald Advogados","description":"66 years of leading law practice","publisher":{"@id":"https:\/\/www.wald.com.br\/en\/#organization"},"potentialAction":[{"@type":"SearchAction","target":{"@type":"EntryPoint","urlTemplate":"https:\/\/www.wald.com.br\/en\/?s={search_term_string}"},"query-input":{"@type":"PropertyValueSpecification","valueRequired":true,"valueName":"search_term_string"}}],"inLanguage":"en-US"},{"@type":"Organization","@id":"https:\/\/www.wald.com.br\/en\/#organization","name":"Wald, Antunes, Vita, Longo e Blattner Advogados","url":"https:\/\/www.wald.com.br\/en\/","logo":{"@type":"ImageObject","inLanguage":"en-US","@id":"https:\/\/www.wald.com.br\/en\/#\/schema\/logo\/image\/","url":"https:\/\/www.wald.com.br\/wp-content\/uploads\/2020\/02\/Logo_Wald.png","contentUrl":"https:\/\/www.wald.com.br\/wp-content\/uploads\/2020\/02\/Logo_Wald.png","width":5260,"height":2565,"caption":"Wald, Antunes, Vita, Longo e Blattner Advogados"},"image":{"@id":"https:\/\/www.wald.com.br\/en\/#\/schema\/logo\/image\/"},"sameAs":["https:\/\/www.linkedin.com\/company\/wald"]},{"@type":"Person","@id":"https:\/\/www.wald.com.br\/en\/#\/schema\/person\/63b1ba5d23c51fa9d050dd06ffd0e04a","name":"waldadmin2020","image":{"@type":"ImageObject","inLanguage":"en-US","@id":"https:\/\/secure.gravatar.com\/avatar\/a71cf721eb306cd72432a33f9852249bbdb558baa0f55419ddb257983362db55?s=96&d=mm&r=g","url":"https:\/\/secure.gravatar.com\/avatar\/a71cf721eb306cd72432a33f9852249bbdb558baa0f55419ddb257983362db55?s=96&d=mm&r=g","contentUrl":"https:\/\/secure.gravatar.com\/avatar\/a71cf721eb306cd72432a33f9852249bbdb558baa0f55419ddb257983362db55?s=96&d=mm&r=g","caption":"waldadmin2020"},"sameAs":["https:\/\/x.com\/waldadmin2020"],"url":"https:\/\/www.wald.com.br\/en\/author\/waldadmin2020\/"}]}},"_links":{"self":[{"href":"https:\/\/www.wald.com.br\/en\/wp-json\/wp\/v2\/posts\/1123","targetHints":{"allow":["GET"]}}],"collection":[{"href":"https:\/\/www.wald.com.br\/en\/wp-json\/wp\/v2\/posts"}],"about":[{"href":"https:\/\/www.wald.com.br\/en\/wp-json\/wp\/v2\/types\/post"}],"author":[{"embeddable":true,"href":"https:\/\/www.wald.com.br\/en\/wp-json\/wp\/v2\/users\/1"}],"replies":[{"embeddable":true,"href":"https:\/\/www.wald.com.br\/en\/wp-json\/wp\/v2\/comments?post=1123"}],"version-history":[{"count":1,"href":"https:\/\/www.wald.com.br\/en\/wp-json\/wp\/v2\/posts\/1123\/revisions"}],"predecessor-version":[{"id":1124,"href":"https:\/\/www.wald.com.br\/en\/wp-json\/wp\/v2\/posts\/1123\/revisions\/1124"}],"wp:attachment":[{"href":"https:\/\/www.wald.com.br\/en\/wp-json\/wp\/v2\/media?parent=1123"}],"wp:term":[{"taxonomy":"category","embeddable":true,"href":"https:\/\/www.wald.com.br\/en\/wp-json\/wp\/v2\/categories?post=1123"},{"taxonomy":"post_tag","embeddable":true,"href":"https:\/\/www.wald.com.br\/en\/wp-json\/wp\/v2\/tags?post=1123"}],"curies":[{"name":"wp","href":"https:\/\/api.w.org\/{rel}","templated":true}]}}