{"id":1126,"date":"2020-07-08T21:06:11","date_gmt":"2020-07-09T00:06:11","guid":{"rendered":"https:\/\/www.wald.com.br\/?p=1126"},"modified":"2021-06-10T08:54:23","modified_gmt":"2021-06-10T11:54:23","slug":"wald-antunes-vita-longo-e-blattner-advogados-promove-debate-sobre-os-desafios-da-area-de-energia-na-pandemia","status":"publish","type":"post","link":"https:\/\/www.wald.com.br\/en\/wald-antunes-vita-longo-e-blattner-advogados-promove-debate-sobre-os-desafios-da-area-de-energia-na-pandemia\/","title":{"rendered":"Wald, Antunes, Vita, Longo e Blattner Advogados promove debate sobre os desafios da \u00e1rea de energia na pandemia"},"content":{"rendered":"<p>O Wald, Antunes, Vita, Longo e Blattner Advogados organizou nesta semana um debate virtual, apresentado pelo nosso s\u00f3cio <a href=\"https:\/\/www.wald.com.br\/equipe\/arnoldo-wald-filho\/\" target=\"_blank\" rel=\"noopener noreferrer\">Arnoldo Wald Filho<\/a>, que reuniu representantes dos setores p\u00fablico e privado para discutir os acertos e desafios da \u00e1rea de energia durante e ap\u00f3s a pandemia.<\/p>\n<p>O evento contou com media\u00e7\u00e3o do ex-governador de S\u00e3o Paulo, Geraldo Alckmin, e a participa\u00e7\u00e3o de Agostinho Turbian, presidente do GCSM \u2013 Global Council of Sales Marketing, Wilson Ferreira Jr., presidente da Eletrobras, F\u00e1bio Zanfelice, presidente da Votorantin Energia e do Conselho da CESP, Patr\u00edcia Iglecias, presidente da CETESB e Marcio Rea, presidente da EMAE.<\/p>\n<p>Alckmin iniciou o debate questionando sobre como a pandemia impactou as empresas e os desafios pela frente, abrangendo t\u00f3picos como investimentos, privatiza\u00e7\u00f5es, suprimentos de energia com a retomada das atividades e valoriza\u00e7\u00e3o de energia limpa. Wilson Ferreira Jr., da Eletrobras, apontou que durante a pandemia a empresa ampliou sua participa\u00e7\u00e3o de 30% da capacidade instalada no pa\u00eds para 42%. Pontuou ainda que, durante a pandemia, a Eletrobras \u2013 que tem mais de 12 mil empregados \u2013 tem atuado com cerca de 4,5 mil funcion\u00e1rios trabalhando presencialmente e o restante em teletrabalho.<\/p>\n<p>F\u00e1bio Zanfelice, da CESP (Companhia Energ\u00e9tica de S\u00e3o Paulo), disse que e a principal preocupa\u00e7\u00e3o inicial se deu com o bem-estar e a sa\u00fade das pessoas. Segundo ele, muitos foram trabalhar em \u201chome office\u201d e, nas usinas, houve um trabalho intenso para garantir o distanciamento social e efetivar as medidas de seguran\u00e7a, e o suprimento de energia el\u00e9trica se deu satisfatoriamente, al\u00e9m de, por meio de negocia\u00e7\u00f5es bilaterais e amig\u00e1veis, ter se conseguido aliviar as press\u00f5es para a maioria dos clientes, principalmente em abril e maio, meses mais cr\u00edticos.<\/p>\n<p>A diretora-presidente da CETESB, Patr\u00edcia Iglecias, afirmou que v\u00ea uma tend\u00eancia de retomada \u201cmais verde\u201d, a partir da verifica\u00e7\u00e3o de que os pr\u00f3prios investidores t\u00eam cobrado uma posi\u00e7\u00e3o empresarial com a devida import\u00e2ncia \u00e0 sustentabilidade, baseada no equil\u00edbrio entre os componentes ambientais, sociais e econ\u00f4micos.<\/p>\n<p>Para M\u00e1rcio Rea, presidente da EMAE (Empresa Metropolitana de \u00c1guas e Energia El\u00e9trica), a ades\u00e3o da empresa ao regime de cotas estabelecido pela Medida Provis\u00f3ria n. 578\/2012 foi positiva. Isso porque a garantia f\u00edsica da Usina Henry Borden, com as restri\u00e7\u00f5es, passou a ser de apenas 127 MW m\u00e9dios. Assim, a sua receita de gera\u00e7\u00e3o ficaria muito reduzida n\u00e3o fosse a ades\u00e3o. Al\u00e9m disso, os equipamentos da usina estavam ultrapassados e, com a cotiza\u00e7\u00e3o, a empresa passou a receber uma receita adicional, o que permitiu a atualiza\u00e7\u00e3o do parque gerador por meio da substitui\u00e7\u00e3o de equipamentos de baixa efici\u00eancia por novos com tecnologia de ponta.<\/p>\n<p>Com informa\u00e7\u00f5es da <a href=\"https:\/\/cetesb.sp.gov.br\/blog\/2020\/07\/08\/debate-expoe-acertos-e-desafios-do-setor-energetico-durante-e-pos-pandemia\/\" target=\"_blank\" rel=\"noopener noreferrer\">CETESB<\/a>.<\/p>\n","protected":false},"excerpt":{"rendered":"<p>O Wald, Antunes, Vita, Longo e Blattner Advogados organizou nesta semana um debate virtual, apresentado pelo nosso s\u00f3cio Arnoldo Wald Filho, que reuniu representantes dos setores p\u00fablico e privado para discutir os acertos e desafios da \u00e1rea de energia durante e ap\u00f3s a pandemia. O evento contou com media\u00e7\u00e3o do ex-governador de S\u00e3o Paulo, Geraldo [&hellip;]<\/p>\n","protected":false},"author":1,"featured_media":0,"comment_status":"open","ping_status":"closed","sticky":false,"template":"","format":"standard","meta":{"_acf_changed":false,"footnotes":""},"categories":[2],"tags":[60,64,61,18,62,63,59,65],"class_list":["post-1126","post","type-post","status-publish","format-standard","hentry","category-noticias","tag-arnoldo-wald-filho","tag-cesp","tag-cetesb","tag-societario","tag-eletrobras","tag-emae","tag-energia","tag-geraldo-alckmin"],"acf":[],"yoast_head":"<!-- This site is optimized with the Yoast SEO plugin v27.5 - https:\/\/yoast.com\/product\/yoast-seo-wordpress\/ -->\n<title>Wald, Antunes, Vita, Longo e Blattner Advogados promove debate sobre os desafios da \u00e1rea de energia na pandemia | Wald Advogados<\/title>\n<meta name=\"robots\" content=\"index, follow, max-snippet:-1, max-image-preview:large, max-video-preview:-1\" \/>\n<link rel=\"canonical\" href=\"https:\/\/www.wald.com.br\/en\/wald-antunes-vita-longo-e-blattner-advogados-promove-debate-sobre-os-desafios-da-area-de-energia-na-pandemia\/\" \/>\n<meta property=\"og:locale\" content=\"en_US\" \/>\n<meta property=\"og:type\" content=\"article\" \/>\n<meta property=\"og:title\" content=\"Wald, Antunes, Vita, Longo e Blattner Advogados promove debate sobre os desafios da \u00e1rea de energia na pandemia | Wald Advogados\" \/>\n<meta property=\"og:description\" content=\"O Wald, Antunes, Vita, Longo e Blattner Advogados organizou nesta semana um debate virtual, apresentado pelo nosso s\u00f3cio Arnoldo Wald Filho, que reuniu representantes dos setores p\u00fablico e privado para discutir os acertos e desafios da \u00e1rea de energia durante e ap\u00f3s a pandemia. O evento contou com media\u00e7\u00e3o do ex-governador de S\u00e3o Paulo, Geraldo [&hellip;]\" \/>\n<meta property=\"og:url\" content=\"https:\/\/www.wald.com.br\/en\/wald-antunes-vita-longo-e-blattner-advogados-promove-debate-sobre-os-desafios-da-area-de-energia-na-pandemia\/\" \/>\n<meta property=\"og:site_name\" content=\"Wald Advogados\" \/>\n<meta property=\"article:published_time\" content=\"2020-07-09T00:06:11+00:00\" \/>\n<meta property=\"article:modified_time\" content=\"2021-06-10T11:54:23+00:00\" \/>\n<meta name=\"author\" content=\"waldadmin2020\" \/>\n<meta name=\"twitter:card\" content=\"summary_large_image\" \/>\n<meta name=\"twitter:creator\" content=\"@waldadmin2020\" \/>\n<meta name=\"twitter:label1\" content=\"Written by\" \/>\n\t<meta name=\"twitter:data1\" content=\"waldadmin2020\" \/>\n\t<meta name=\"twitter:label2\" content=\"Est. reading time\" \/>\n\t<meta name=\"twitter:data2\" content=\"2 minutes\" \/>\n<script type=\"application\/ld+json\" class=\"yoast-schema-graph\">{\"@context\":\"https:\\\/\\\/schema.org\",\"@graph\":[{\"@type\":\"Article\",\"@id\":\"https:\\\/\\\/www.wald.com.br\\\/en\\\/wald-antunes-vita-longo-e-blattner-advogados-promove-debate-sobre-os-desafios-da-area-de-energia-na-pandemia\\\/#article\",\"isPartOf\":{\"@id\":\"https:\\\/\\\/www.wald.com.br\\\/en\\\/wald-antunes-vita-longo-e-blattner-advogados-promove-debate-sobre-os-desafios-da-area-de-energia-na-pandemia\\\/\"},\"author\":{\"name\":\"waldadmin2020\",\"@id\":\"https:\\\/\\\/www.wald.com.br\\\/en\\\/#\\\/schema\\\/person\\\/63b1ba5d23c51fa9d050dd06ffd0e04a\"},\"headline\":\"Wald, Antunes, Vita, Longo e Blattner Advogados promove debate sobre os desafios da \u00e1rea de energia na pandemia\",\"datePublished\":\"2020-07-09T00:06:11+00:00\",\"dateModified\":\"2021-06-10T11:54:23+00:00\",\"mainEntityOfPage\":{\"@id\":\"https:\\\/\\\/www.wald.com.br\\\/en\\\/wald-antunes-vita-longo-e-blattner-advogados-promove-debate-sobre-os-desafios-da-area-de-energia-na-pandemia\\\/\"},\"wordCount\":492,\"commentCount\":0,\"publisher\":{\"@id\":\"https:\\\/\\\/www.wald.com.br\\\/en\\\/#organization\"},\"keywords\":[\"Arnoldo Wald Filho\",\"CESP\",\"CETESB\",\"Corporate advisory and M&amp;A\",\"Eletrobras\",\"EMAE\",\"Energia\",\"Geraldo Alckmin\"],\"articleSection\":[\"News\"],\"inLanguage\":\"en-US\",\"potentialAction\":[{\"@type\":\"CommentAction\",\"name\":\"Comment\",\"target\":[\"https:\\\/\\\/www.wald.com.br\\\/en\\\/wald-antunes-vita-longo-e-blattner-advogados-promove-debate-sobre-os-desafios-da-area-de-energia-na-pandemia\\\/#respond\"]}]},{\"@type\":\"WebPage\",\"@id\":\"https:\\\/\\\/www.wald.com.br\\\/en\\\/wald-antunes-vita-longo-e-blattner-advogados-promove-debate-sobre-os-desafios-da-area-de-energia-na-pandemia\\\/\",\"url\":\"https:\\\/\\\/www.wald.com.br\\\/en\\\/wald-antunes-vita-longo-e-blattner-advogados-promove-debate-sobre-os-desafios-da-area-de-energia-na-pandemia\\\/\",\"name\":\"Wald, Antunes, Vita, Longo e Blattner Advogados promove debate sobre os desafios da \u00e1rea de energia na pandemia | Wald Advogados\",\"isPartOf\":{\"@id\":\"https:\\\/\\\/www.wald.com.br\\\/en\\\/#website\"},\"datePublished\":\"2020-07-09T00:06:11+00:00\",\"dateModified\":\"2021-06-10T11:54:23+00:00\",\"breadcrumb\":{\"@id\":\"https:\\\/\\\/www.wald.com.br\\\/en\\\/wald-antunes-vita-longo-e-blattner-advogados-promove-debate-sobre-os-desafios-da-area-de-energia-na-pandemia\\\/#breadcrumb\"},\"inLanguage\":\"en-US\",\"potentialAction\":[{\"@type\":\"ReadAction\",\"target\":[\"https:\\\/\\\/www.wald.com.br\\\/en\\\/wald-antunes-vita-longo-e-blattner-advogados-promove-debate-sobre-os-desafios-da-area-de-energia-na-pandemia\\\/\"]}]},{\"@type\":\"BreadcrumbList\",\"@id\":\"https:\\\/\\\/www.wald.com.br\\\/en\\\/wald-antunes-vita-longo-e-blattner-advogados-promove-debate-sobre-os-desafios-da-area-de-energia-na-pandemia\\\/#breadcrumb\",\"itemListElement\":[{\"@type\":\"ListItem\",\"position\":1,\"name\":\"In\u00edcio\",\"item\":\"https:\\\/\\\/www.wald.com.br\\\/\"},{\"@type\":\"ListItem\",\"position\":2,\"name\":\"Wald, Antunes, Vita, Longo e Blattner Advogados promove debate sobre os desafios da \u00e1rea de energia na pandemia\"}]},{\"@type\":\"WebSite\",\"@id\":\"https:\\\/\\\/www.wald.com.br\\\/en\\\/#website\",\"url\":\"https:\\\/\\\/www.wald.com.br\\\/en\\\/\",\"name\":\"Wald Advogados\",\"description\":\"66 years of leading law practice\",\"publisher\":{\"@id\":\"https:\\\/\\\/www.wald.com.br\\\/en\\\/#organization\"},\"potentialAction\":[{\"@type\":\"SearchAction\",\"target\":{\"@type\":\"EntryPoint\",\"urlTemplate\":\"https:\\\/\\\/www.wald.com.br\\\/en\\\/?s={search_term_string}\"},\"query-input\":{\"@type\":\"PropertyValueSpecification\",\"valueRequired\":true,\"valueName\":\"search_term_string\"}}],\"inLanguage\":\"en-US\"},{\"@type\":\"Organization\",\"@id\":\"https:\\\/\\\/www.wald.com.br\\\/en\\\/#organization\",\"name\":\"Wald, Antunes, Vita, Longo e Blattner Advogados\",\"url\":\"https:\\\/\\\/www.wald.com.br\\\/en\\\/\",\"logo\":{\"@type\":\"ImageObject\",\"inLanguage\":\"en-US\",\"@id\":\"https:\\\/\\\/www.wald.com.br\\\/en\\\/#\\\/schema\\\/logo\\\/image\\\/\",\"url\":\"https:\\\/\\\/www.wald.com.br\\\/wp-content\\\/uploads\\\/2020\\\/02\\\/Logo_Wald.png\",\"contentUrl\":\"https:\\\/\\\/www.wald.com.br\\\/wp-content\\\/uploads\\\/2020\\\/02\\\/Logo_Wald.png\",\"width\":5260,\"height\":2565,\"caption\":\"Wald, Antunes, Vita, Longo e Blattner Advogados\"},\"image\":{\"@id\":\"https:\\\/\\\/www.wald.com.br\\\/en\\\/#\\\/schema\\\/logo\\\/image\\\/\"},\"sameAs\":[\"https:\\\/\\\/www.linkedin.com\\\/company\\\/wald\"]},{\"@type\":\"Person\",\"@id\":\"https:\\\/\\\/www.wald.com.br\\\/en\\\/#\\\/schema\\\/person\\\/63b1ba5d23c51fa9d050dd06ffd0e04a\",\"name\":\"waldadmin2020\",\"image\":{\"@type\":\"ImageObject\",\"inLanguage\":\"en-US\",\"@id\":\"https:\\\/\\\/secure.gravatar.com\\\/avatar\\\/a71cf721eb306cd72432a33f9852249bbdb558baa0f55419ddb257983362db55?s=96&d=mm&r=g\",\"url\":\"https:\\\/\\\/secure.gravatar.com\\\/avatar\\\/a71cf721eb306cd72432a33f9852249bbdb558baa0f55419ddb257983362db55?s=96&d=mm&r=g\",\"contentUrl\":\"https:\\\/\\\/secure.gravatar.com\\\/avatar\\\/a71cf721eb306cd72432a33f9852249bbdb558baa0f55419ddb257983362db55?s=96&d=mm&r=g\",\"caption\":\"waldadmin2020\"},\"sameAs\":[\"https:\\\/\\\/x.com\\\/waldadmin2020\"],\"url\":\"https:\\\/\\\/www.wald.com.br\\\/en\\\/author\\\/waldadmin2020\\\/\"}]}<\/script>\n<!-- \/ Yoast SEO plugin. -->","yoast_head_json":{"title":"Wald, Antunes, Vita, Longo e Blattner Advogados promove debate sobre os desafios da \u00e1rea de energia na pandemia | Wald Advogados","robots":{"index":"index","follow":"follow","max-snippet":"max-snippet:-1","max-image-preview":"max-image-preview:large","max-video-preview":"max-video-preview:-1"},"canonical":"https:\/\/www.wald.com.br\/en\/wald-antunes-vita-longo-e-blattner-advogados-promove-debate-sobre-os-desafios-da-area-de-energia-na-pandemia\/","og_locale":"en_US","og_type":"article","og_title":"Wald, Antunes, Vita, Longo e Blattner Advogados promove debate sobre os desafios da \u00e1rea de energia na pandemia | Wald Advogados","og_description":"O Wald, Antunes, Vita, Longo e Blattner Advogados organizou nesta semana um debate virtual, apresentado pelo nosso s\u00f3cio Arnoldo Wald Filho, que reuniu representantes dos setores p\u00fablico e privado para discutir os acertos e desafios da \u00e1rea de energia durante e ap\u00f3s a pandemia. O evento contou com media\u00e7\u00e3o do ex-governador de S\u00e3o Paulo, Geraldo [&hellip;]","og_url":"https:\/\/www.wald.com.br\/en\/wald-antunes-vita-longo-e-blattner-advogados-promove-debate-sobre-os-desafios-da-area-de-energia-na-pandemia\/","og_site_name":"Wald Advogados","article_published_time":"2020-07-09T00:06:11+00:00","article_modified_time":"2021-06-10T11:54:23+00:00","author":"waldadmin2020","twitter_card":"summary_large_image","twitter_creator":"@waldadmin2020","twitter_misc":{"Written by":"waldadmin2020","Est. reading time":"2 minutes"},"schema":{"@context":"https:\/\/schema.org","@graph":[{"@type":"Article","@id":"https:\/\/www.wald.com.br\/en\/wald-antunes-vita-longo-e-blattner-advogados-promove-debate-sobre-os-desafios-da-area-de-energia-na-pandemia\/#article","isPartOf":{"@id":"https:\/\/www.wald.com.br\/en\/wald-antunes-vita-longo-e-blattner-advogados-promove-debate-sobre-os-desafios-da-area-de-energia-na-pandemia\/"},"author":{"name":"waldadmin2020","@id":"https:\/\/www.wald.com.br\/en\/#\/schema\/person\/63b1ba5d23c51fa9d050dd06ffd0e04a"},"headline":"Wald, Antunes, Vita, Longo e Blattner Advogados promove debate sobre os desafios da \u00e1rea de energia na pandemia","datePublished":"2020-07-09T00:06:11+00:00","dateModified":"2021-06-10T11:54:23+00:00","mainEntityOfPage":{"@id":"https:\/\/www.wald.com.br\/en\/wald-antunes-vita-longo-e-blattner-advogados-promove-debate-sobre-os-desafios-da-area-de-energia-na-pandemia\/"},"wordCount":492,"commentCount":0,"publisher":{"@id":"https:\/\/www.wald.com.br\/en\/#organization"},"keywords":["Arnoldo Wald Filho","CESP","CETESB","Corporate advisory and M&amp;A","Eletrobras","EMAE","Energia","Geraldo Alckmin"],"articleSection":["News"],"inLanguage":"en-US","potentialAction":[{"@type":"CommentAction","name":"Comment","target":["https:\/\/www.wald.com.br\/en\/wald-antunes-vita-longo-e-blattner-advogados-promove-debate-sobre-os-desafios-da-area-de-energia-na-pandemia\/#respond"]}]},{"@type":"WebPage","@id":"https:\/\/www.wald.com.br\/en\/wald-antunes-vita-longo-e-blattner-advogados-promove-debate-sobre-os-desafios-da-area-de-energia-na-pandemia\/","url":"https:\/\/www.wald.com.br\/en\/wald-antunes-vita-longo-e-blattner-advogados-promove-debate-sobre-os-desafios-da-area-de-energia-na-pandemia\/","name":"Wald, Antunes, Vita, Longo e Blattner Advogados promove debate sobre os desafios da \u00e1rea de energia na pandemia | Wald Advogados","isPartOf":{"@id":"https:\/\/www.wald.com.br\/en\/#website"},"datePublished":"2020-07-09T00:06:11+00:00","dateModified":"2021-06-10T11:54:23+00:00","breadcrumb":{"@id":"https:\/\/www.wald.com.br\/en\/wald-antunes-vita-longo-e-blattner-advogados-promove-debate-sobre-os-desafios-da-area-de-energia-na-pandemia\/#breadcrumb"},"inLanguage":"en-US","potentialAction":[{"@type":"ReadAction","target":["https:\/\/www.wald.com.br\/en\/wald-antunes-vita-longo-e-blattner-advogados-promove-debate-sobre-os-desafios-da-area-de-energia-na-pandemia\/"]}]},{"@type":"BreadcrumbList","@id":"https:\/\/www.wald.com.br\/en\/wald-antunes-vita-longo-e-blattner-advogados-promove-debate-sobre-os-desafios-da-area-de-energia-na-pandemia\/#breadcrumb","itemListElement":[{"@type":"ListItem","position":1,"name":"In\u00edcio","item":"https:\/\/www.wald.com.br\/"},{"@type":"ListItem","position":2,"name":"Wald, Antunes, Vita, Longo e Blattner Advogados promove debate sobre os desafios da \u00e1rea de energia na pandemia"}]},{"@type":"WebSite","@id":"https:\/\/www.wald.com.br\/en\/#website","url":"https:\/\/www.wald.com.br\/en\/","name":"Wald Advogados","description":"66 years of leading law practice","publisher":{"@id":"https:\/\/www.wald.com.br\/en\/#organization"},"potentialAction":[{"@type":"SearchAction","target":{"@type":"EntryPoint","urlTemplate":"https:\/\/www.wald.com.br\/en\/?s={search_term_string}"},"query-input":{"@type":"PropertyValueSpecification","valueRequired":true,"valueName":"search_term_string"}}],"inLanguage":"en-US"},{"@type":"Organization","@id":"https:\/\/www.wald.com.br\/en\/#organization","name":"Wald, Antunes, Vita, Longo e Blattner Advogados","url":"https:\/\/www.wald.com.br\/en\/","logo":{"@type":"ImageObject","inLanguage":"en-US","@id":"https:\/\/www.wald.com.br\/en\/#\/schema\/logo\/image\/","url":"https:\/\/www.wald.com.br\/wp-content\/uploads\/2020\/02\/Logo_Wald.png","contentUrl":"https:\/\/www.wald.com.br\/wp-content\/uploads\/2020\/02\/Logo_Wald.png","width":5260,"height":2565,"caption":"Wald, Antunes, Vita, Longo e Blattner Advogados"},"image":{"@id":"https:\/\/www.wald.com.br\/en\/#\/schema\/logo\/image\/"},"sameAs":["https:\/\/www.linkedin.com\/company\/wald"]},{"@type":"Person","@id":"https:\/\/www.wald.com.br\/en\/#\/schema\/person\/63b1ba5d23c51fa9d050dd06ffd0e04a","name":"waldadmin2020","image":{"@type":"ImageObject","inLanguage":"en-US","@id":"https:\/\/secure.gravatar.com\/avatar\/a71cf721eb306cd72432a33f9852249bbdb558baa0f55419ddb257983362db55?s=96&d=mm&r=g","url":"https:\/\/secure.gravatar.com\/avatar\/a71cf721eb306cd72432a33f9852249bbdb558baa0f55419ddb257983362db55?s=96&d=mm&r=g","contentUrl":"https:\/\/secure.gravatar.com\/avatar\/a71cf721eb306cd72432a33f9852249bbdb558baa0f55419ddb257983362db55?s=96&d=mm&r=g","caption":"waldadmin2020"},"sameAs":["https:\/\/x.com\/waldadmin2020"],"url":"https:\/\/www.wald.com.br\/en\/author\/waldadmin2020\/"}]}},"_links":{"self":[{"href":"https:\/\/www.wald.com.br\/en\/wp-json\/wp\/v2\/posts\/1126","targetHints":{"allow":["GET"]}}],"collection":[{"href":"https:\/\/www.wald.com.br\/en\/wp-json\/wp\/v2\/posts"}],"about":[{"href":"https:\/\/www.wald.com.br\/en\/wp-json\/wp\/v2\/types\/post"}],"author":[{"embeddable":true,"href":"https:\/\/www.wald.com.br\/en\/wp-json\/wp\/v2\/users\/1"}],"replies":[{"embeddable":true,"href":"https:\/\/www.wald.com.br\/en\/wp-json\/wp\/v2\/comments?post=1126"}],"version-history":[{"count":4,"href":"https:\/\/www.wald.com.br\/en\/wp-json\/wp\/v2\/posts\/1126\/revisions"}],"predecessor-version":[{"id":1130,"href":"https:\/\/www.wald.com.br\/en\/wp-json\/wp\/v2\/posts\/1126\/revisions\/1130"}],"wp:attachment":[{"href":"https:\/\/www.wald.com.br\/en\/wp-json\/wp\/v2\/media?parent=1126"}],"wp:term":[{"taxonomy":"category","embeddable":true,"href":"https:\/\/www.wald.com.br\/en\/wp-json\/wp\/v2\/categories?post=1126"},{"taxonomy":"post_tag","embeddable":true,"href":"https:\/\/www.wald.com.br\/en\/wp-json\/wp\/v2\/tags?post=1126"}],"curies":[{"name":"wp","href":"https:\/\/api.w.org\/{rel}","templated":true}]}}