{"id":1181,"date":"2020-08-25T18:02:55","date_gmt":"2020-08-25T21:02:55","guid":{"rendered":"https:\/\/www.wald.com.br\/?p=1181"},"modified":"2021-06-10T08:53:03","modified_gmt":"2021-06-10T11:53:03","slug":"governanca-na-medida-certa-evita-estruturas-desnecessarias","status":"publish","type":"post","link":"https:\/\/www.wald.com.br\/en\/governanca-na-medida-certa-evita-estruturas-desnecessarias\/","title":{"rendered":"Governan\u00e7a na medida certa evita estruturas desnecess\u00e1rias"},"content":{"rendered":"<p><span style=\"font-size: 20px;\"><strong><span style=\"font-size: 12px;\">Publicado no<br \/>\n<\/span><\/strong><a href=\"https:\/\/www.conjur.com.br\/2020-ago-25\/giovanna-gallo-governanca-evita-estruturas-desnecessarias\" target=\"_blank\" rel=\"noopener noreferrer\"><img loading=\"lazy\" decoding=\"async\" class=\"alignnone wp-image-912\" src=\"https:\/\/www.wald.com.br\/wp-content\/uploads\/2020\/04\/conjur_html_2e39a9340d739397.png\" alt=\"\" width=\"171\" height=\"35\" \/><\/a><\/span><\/p>\n<p>A ideia de que a governan\u00e7a corporativa \u00e9 fundamental vem sendo difundida a cada dia, especialmente pela nova gera\u00e7\u00e3o de empreendedores. Com a pandemia da Covid-19, tornou-se ainda mais evidente a import\u00e2ncia de um sistema de governan\u00e7a sob medida para cada organiza\u00e7\u00e3o.<\/p>\n<p>De fato, desde o in\u00edcio de qualquer neg\u00f3cio \u00e9 muito importante identificar as fun\u00e7\u00f5es e as responsabilidades dos s\u00f3cios e colaboradores, bem como definir o processo de tomada de decis\u00e3o. E isso j\u00e1 pode ser considerado um passo para a ado\u00e7\u00e3o de uma governan\u00e7a adequada.<\/p>\n<p>Entre muitas vantagens, a ado\u00e7\u00e3o de governan\u00e7a corporativa por pequenas e m\u00e9dias empresas, bem como por <em>startups<\/em>, pode gerar economia de tempo e dinheiro, j\u00e1 que evita questionamentos e d\u00favidas sobre quem decide sobre determinado assunto ou quem \u00e9 respons\u00e1vel por certa tarefa, reduzindo significativamente a probabilidade de diverg\u00eancia entre s\u00f3cios, o que, muitas vezes, \u00e9 causa de morte prematura do neg\u00f3cio.<\/p>\n<p>Outro benef\u00edcio evidente \u2014 e que tem levado muitos empreendedores a se preocupar com a governan\u00e7a desde o logo \u2014 \u00e9 a promo\u00e7\u00e3o de confian\u00e7a no investidor.<\/p>\n<p>Reconhecendo a import\u00e2ncia do tema e buscando facilitar a aplica\u00e7\u00e3o de determinadas pr\u00e1ticas desde a cria\u00e7\u00e3o e durante o desenvolvimento de novos neg\u00f3cios, o Instituto Brasileiro de Governan\u00e7a Corporativa (IBGC) divulgou, recentemente, um guia com pr\u00e1ticas de governan\u00e7a corporativa para <em>startups &amp; scale-ups<\/em>.<\/p>\n<p>As <em>startups<\/em>, t\u00e3o faladas na atualidade, s\u00e3o organiza\u00e7\u00f5es com alto potencial econ\u00f4mico e inovadoras, ainda que n\u00e3o relacionadas ao setor de tecnologia. Aquelas <em>startups<\/em> capazes de superar as dificuldades mercadol\u00f3gicas, societ\u00e1rias, de produto, gest\u00e3o ou regulamenta\u00e7\u00e3o enfrentadas inicialmente, com um modelo de crescimento acelerado, tornam-se <em>scale-ups<\/em>.<\/p>\n<p>As pr\u00e1ticas de governan\u00e7a s\u00e3o divididas, no caderno do IBGC, em quatro grandes pilares: estrat\u00e9gia &amp; sociedade; pessoas &amp; recursos; tecnologia &amp; propriedade intelectual; e processos &amp; <em>accountability<\/em>. Para cada fase de desenvolvimento do neg\u00f3cio (idea\u00e7\u00e3o, valida\u00e7\u00e3o, tra\u00e7\u00e3o e escala), um ou outro pilar deve estar mais avan\u00e7ado.<\/p>\n<p>Ainda que tais fases e pilares n\u00e3o estejam segregados de forma t\u00e3o sistem\u00e1tica na mente do empreendedor, a aplica\u00e7\u00e3o das pr\u00e1ticas de governan\u00e7a se torna mais f\u00e1cil e intuitiva com os gr\u00e1ficos e <em>checklists<\/em> constantes no guia.<\/p>\n<p>Na fase da <em>idea\u00e7\u00e3o<\/em> ou hip\u00f3tese (em que o neg\u00f3cio n\u00e3o tem, necessariamente, atividade operacional, nem exist\u00eancia formalizada), o mais relevante, do ponto de vista de governan\u00e7a, \u00e9 estruturar os pap\u00e9is e as responsabilidades dos s\u00f3cios, definindo formas de contribui\u00e7\u00e3o e intensidade de dedica\u00e7\u00e3o, remunera\u00e7\u00e3o e futura participa\u00e7\u00e3o societ\u00e1ria de cada um, bem como estabelecer mecanismos de sa\u00edda. Assim, na idea\u00e7\u00e3o, os empreendedores devem focar nos pilares estrat\u00e9gia &amp; sociedade e tecnologia &amp; propriedade intelectual.<\/p>\n<p>Na fase seguinte, de <em>valida\u00e7\u00e3o<\/em> (tamb\u00e9m conhecida como <em>Minimum Viable Product<\/em> ou MVP, etapa de experimenta\u00e7\u00e3o), o foco da governan\u00e7a deve estar em constituir a sociedade e estabelecer regras no que tange aos direitos e deveres dos s\u00f3cios, e ter as primeiras reflex\u00f5es sobre prop\u00f3sito. \u00c9 tamb\u00e9m recomend\u00e1vel organizar pr\u00e1ticas relacionadas a empregados-chaves, clientes e parceiros. Espera-se alcan\u00e7ar, durante a valida\u00e7\u00e3o, um n\u00edvel intermedi\u00e1rio de governan\u00e7a nos pilares estrat\u00e9gia &amp; sociedade e tecnologia &amp; propriedade intelectual e um n\u00edvel inicial nos pilares pessoas &amp; recursos e processos &amp; <em>accountability<\/em>.<\/p>\n<p>Na etapa de <em>tra\u00e7\u00e3o<\/em> (<em>Product Market Fit<\/em> ou PMF, em que o produto ou servi\u00e7o est\u00e1 validado, e o crescimento da base de clientes e aumento do faturamento est\u00e3o na mira), recomenda-se a defini\u00e7\u00e3o de al\u00e7adas para a tomada de decis\u00e3o, com estrutura\u00e7\u00e3o do conselho (consultivo ou de administra\u00e7\u00e3o) e evolu\u00e7\u00e3o de pr\u00e1ticas de planejamento e controles. Nesse momento, o pilar de governan\u00e7a estrat\u00e9gia &amp; sociedade deve alcan\u00e7ar um n\u00edvel mais avan\u00e7ado e os demais pilares, n\u00edvel intermedi\u00e1rio.<\/p>\n<p>No \u00faltimo est\u00e1gio, de <strong><em>escala<\/em><\/strong> (crescimento, podendo a sociedade passar a ser uma <em>scale-up<\/em>), a inten\u00e7\u00e3o \u00e9 que todos os pilares de governan\u00e7a estejam desenvolvidos. A consolida\u00e7\u00e3o das pr\u00e1ticas de governan\u00e7a certamente auxiliar\u00e1 o neg\u00f3cio a ganhar for\u00e7a e prosperar.<\/p>\n<p>Assim, fica patente que o tema governan\u00e7a n\u00e3o deve estar limitado a grandes corpora\u00e7\u00f5es. Tamb\u00e9m nas novas sociedades e pequenos empreendimentos, as melhores pr\u00e1ticas s\u00e3o acess\u00edveis e devem ser implementadas de acordo com a fase em que o neg\u00f3cio se encontra.<\/p>\n<p>A governan\u00e7a, se adotada na medida certa, evita a cria\u00e7\u00e3o de estruturas desnecess\u00e1rias, ao mesmo tempo que gera valor, d\u00e1 credibilidade ao investidor, aumenta a liquidez e reduz as chances de mortalidade da sociedade.<span style=\"font-size: 14px;\"><br \/>\n<\/span><br \/>\nArtigo publicado no <a href=\"https:\/\/www.conjur.com.br\/2020-ago-25\/giovanna-gallo-governanca-evita-estruturas-desnecessarias\" target=\"_blank\" rel=\"noopener noreferrer\">Consultor Jur\u00eddico<\/a>.<\/p>\n","protected":false},"excerpt":{"rendered":"<p>Publicado no A ideia de que a governan\u00e7a corporativa \u00e9 fundamental vem sendo difundida a cada dia, especialmente pela nova gera\u00e7\u00e3o de empreendedores. Com a pandemia da Covid-19, tornou-se ainda mais evidente a import\u00e2ncia de um sistema de governan\u00e7a sob medida para cada organiza\u00e7\u00e3o. De fato, desde o in\u00edcio de qualquer neg\u00f3cio \u00e9 muito importante [&hellip;]<\/p>\n","protected":false},"author":1,"featured_media":0,"comment_status":"open","ping_status":"closed","sticky":false,"template":"","format":"standard","meta":{"_acf_changed":false,"footnotes":""},"categories":[3],"tags":[71,16,72],"class_list":["post-1181","post","type-post","status-publish","format-standard","hentry","category-artigos","tag-governanca-corporativa","tag-precontencioso","tag-startups"],"acf":[],"yoast_head":"<!-- This site is optimized with the Yoast SEO plugin v27.4 - https:\/\/yoast.com\/product\/yoast-seo-wordpress\/ -->\n<title>Governan\u00e7a na medida certa evita estruturas desnecess\u00e1rias | Wald Advogados<\/title>\n<meta name=\"robots\" content=\"index, follow, max-snippet:-1, max-image-preview:large, max-video-preview:-1\" \/>\n<link rel=\"canonical\" href=\"https:\/\/www.wald.com.br\/en\/governanca-na-medida-certa-evita-estruturas-desnecessarias\/\" \/>\n<meta property=\"og:locale\" content=\"en_US\" \/>\n<meta property=\"og:type\" content=\"article\" \/>\n<meta property=\"og:title\" content=\"Governan\u00e7a na medida certa evita estruturas desnecess\u00e1rias | Wald Advogados\" \/>\n<meta property=\"og:description\" content=\"Publicado no A ideia de que a governan\u00e7a corporativa \u00e9 fundamental vem sendo difundida a cada dia, especialmente pela nova gera\u00e7\u00e3o de empreendedores. Com a pandemia da Covid-19, tornou-se ainda mais evidente a import\u00e2ncia de um sistema de governan\u00e7a sob medida para cada organiza\u00e7\u00e3o. De fato, desde o in\u00edcio de qualquer neg\u00f3cio \u00e9 muito importante [&hellip;]\" \/>\n<meta property=\"og:url\" content=\"https:\/\/www.wald.com.br\/en\/governanca-na-medida-certa-evita-estruturas-desnecessarias\/\" \/>\n<meta property=\"og:site_name\" content=\"Wald Advogados\" \/>\n<meta property=\"article:published_time\" content=\"2020-08-25T21:02:55+00:00\" \/>\n<meta property=\"article:modified_time\" content=\"2021-06-10T11:53:03+00:00\" \/>\n<meta property=\"og:image\" content=\"https:\/\/www.wald.com.br\/wp-content\/uploads\/2020\/04\/conjur_html_2e39a9340d739397.png\" \/>\n<meta name=\"author\" content=\"waldadmin2020\" \/>\n<meta name=\"twitter:card\" content=\"summary_large_image\" \/>\n<meta name=\"twitter:creator\" content=\"@waldadmin2020\" \/>\n<meta name=\"twitter:label1\" content=\"Written by\" \/>\n\t<meta name=\"twitter:data1\" content=\"waldadmin2020\" \/>\n\t<meta name=\"twitter:label2\" content=\"Est. reading time\" \/>\n\t<meta name=\"twitter:data2\" content=\"4 minutes\" \/>\n<script type=\"application\/ld+json\" class=\"yoast-schema-graph\">{\"@context\":\"https:\\\/\\\/schema.org\",\"@graph\":[{\"@type\":\"Article\",\"@id\":\"https:\\\/\\\/www.wald.com.br\\\/en\\\/governanca-na-medida-certa-evita-estruturas-desnecessarias\\\/#article\",\"isPartOf\":{\"@id\":\"https:\\\/\\\/www.wald.com.br\\\/en\\\/governanca-na-medida-certa-evita-estruturas-desnecessarias\\\/\"},\"author\":{\"name\":\"waldadmin2020\",\"@id\":\"https:\\\/\\\/www.wald.com.br\\\/en\\\/#\\\/schema\\\/person\\\/63b1ba5d23c51fa9d050dd06ffd0e04a\"},\"headline\":\"Governan\u00e7a na medida certa evita estruturas desnecess\u00e1rias\",\"datePublished\":\"2020-08-25T21:02:55+00:00\",\"dateModified\":\"2021-06-10T11:53:03+00:00\",\"mainEntityOfPage\":{\"@id\":\"https:\\\/\\\/www.wald.com.br\\\/en\\\/governanca-na-medida-certa-evita-estruturas-desnecessarias\\\/\"},\"wordCount\":841,\"commentCount\":0,\"publisher\":{\"@id\":\"https:\\\/\\\/www.wald.com.br\\\/en\\\/#organization\"},\"image\":{\"@id\":\"https:\\\/\\\/www.wald.com.br\\\/en\\\/governanca-na-medida-certa-evita-estruturas-desnecessarias\\\/#primaryimage\"},\"thumbnailUrl\":\"https:\\\/\\\/www.wald.com.br\\\/wp-content\\\/uploads\\\/2020\\\/04\\\/conjur_html_2e39a9340d739397.png\",\"keywords\":[\"Governan\u00e7a corporativa\",\"Pr\u00e9-contencioso\",\"Startups\"],\"articleSection\":[\"Articles\"],\"inLanguage\":\"en-US\",\"potentialAction\":[{\"@type\":\"CommentAction\",\"name\":\"Comment\",\"target\":[\"https:\\\/\\\/www.wald.com.br\\\/en\\\/governanca-na-medida-certa-evita-estruturas-desnecessarias\\\/#respond\"]}]},{\"@type\":\"WebPage\",\"@id\":\"https:\\\/\\\/www.wald.com.br\\\/en\\\/governanca-na-medida-certa-evita-estruturas-desnecessarias\\\/\",\"url\":\"https:\\\/\\\/www.wald.com.br\\\/en\\\/governanca-na-medida-certa-evita-estruturas-desnecessarias\\\/\",\"name\":\"Governan\u00e7a na medida certa evita estruturas desnecess\u00e1rias | Wald Advogados\",\"isPartOf\":{\"@id\":\"https:\\\/\\\/www.wald.com.br\\\/en\\\/#website\"},\"primaryImageOfPage\":{\"@id\":\"https:\\\/\\\/www.wald.com.br\\\/en\\\/governanca-na-medida-certa-evita-estruturas-desnecessarias\\\/#primaryimage\"},\"image\":{\"@id\":\"https:\\\/\\\/www.wald.com.br\\\/en\\\/governanca-na-medida-certa-evita-estruturas-desnecessarias\\\/#primaryimage\"},\"thumbnailUrl\":\"https:\\\/\\\/www.wald.com.br\\\/wp-content\\\/uploads\\\/2020\\\/04\\\/conjur_html_2e39a9340d739397.png\",\"datePublished\":\"2020-08-25T21:02:55+00:00\",\"dateModified\":\"2021-06-10T11:53:03+00:00\",\"breadcrumb\":{\"@id\":\"https:\\\/\\\/www.wald.com.br\\\/en\\\/governanca-na-medida-certa-evita-estruturas-desnecessarias\\\/#breadcrumb\"},\"inLanguage\":\"en-US\",\"potentialAction\":[{\"@type\":\"ReadAction\",\"target\":[\"https:\\\/\\\/www.wald.com.br\\\/en\\\/governanca-na-medida-certa-evita-estruturas-desnecessarias\\\/\"]}]},{\"@type\":\"ImageObject\",\"inLanguage\":\"en-US\",\"@id\":\"https:\\\/\\\/www.wald.com.br\\\/en\\\/governanca-na-medida-certa-evita-estruturas-desnecessarias\\\/#primaryimage\",\"url\":\"https:\\\/\\\/www.wald.com.br\\\/wp-content\\\/uploads\\\/2020\\\/04\\\/conjur_html_2e39a9340d739397.png\",\"contentUrl\":\"https:\\\/\\\/www.wald.com.br\\\/wp-content\\\/uploads\\\/2020\\\/04\\\/conjur_html_2e39a9340d739397.png\"},{\"@type\":\"BreadcrumbList\",\"@id\":\"https:\\\/\\\/www.wald.com.br\\\/en\\\/governanca-na-medida-certa-evita-estruturas-desnecessarias\\\/#breadcrumb\",\"itemListElement\":[{\"@type\":\"ListItem\",\"position\":1,\"name\":\"In\u00edcio\",\"item\":\"https:\\\/\\\/www.wald.com.br\\\/\"},{\"@type\":\"ListItem\",\"position\":2,\"name\":\"Governan\u00e7a na medida certa evita estruturas desnecess\u00e1rias\"}]},{\"@type\":\"WebSite\",\"@id\":\"https:\\\/\\\/www.wald.com.br\\\/en\\\/#website\",\"url\":\"https:\\\/\\\/www.wald.com.br\\\/en\\\/\",\"name\":\"Wald Advogados\",\"description\":\"66 years of leading law practice\",\"publisher\":{\"@id\":\"https:\\\/\\\/www.wald.com.br\\\/en\\\/#organization\"},\"potentialAction\":[{\"@type\":\"SearchAction\",\"target\":{\"@type\":\"EntryPoint\",\"urlTemplate\":\"https:\\\/\\\/www.wald.com.br\\\/en\\\/?s={search_term_string}\"},\"query-input\":{\"@type\":\"PropertyValueSpecification\",\"valueRequired\":true,\"valueName\":\"search_term_string\"}}],\"inLanguage\":\"en-US\"},{\"@type\":\"Organization\",\"@id\":\"https:\\\/\\\/www.wald.com.br\\\/en\\\/#organization\",\"name\":\"Wald, Antunes, Vita, Longo e Blattner Advogados\",\"url\":\"https:\\\/\\\/www.wald.com.br\\\/en\\\/\",\"logo\":{\"@type\":\"ImageObject\",\"inLanguage\":\"en-US\",\"@id\":\"https:\\\/\\\/www.wald.com.br\\\/en\\\/#\\\/schema\\\/logo\\\/image\\\/\",\"url\":\"https:\\\/\\\/www.wald.com.br\\\/wp-content\\\/uploads\\\/2020\\\/02\\\/Logo_Wald.png\",\"contentUrl\":\"https:\\\/\\\/www.wald.com.br\\\/wp-content\\\/uploads\\\/2020\\\/02\\\/Logo_Wald.png\",\"width\":5260,\"height\":2565,\"caption\":\"Wald, Antunes, Vita, Longo e Blattner Advogados\"},\"image\":{\"@id\":\"https:\\\/\\\/www.wald.com.br\\\/en\\\/#\\\/schema\\\/logo\\\/image\\\/\"},\"sameAs\":[\"https:\\\/\\\/www.linkedin.com\\\/company\\\/wald\"]},{\"@type\":\"Person\",\"@id\":\"https:\\\/\\\/www.wald.com.br\\\/en\\\/#\\\/schema\\\/person\\\/63b1ba5d23c51fa9d050dd06ffd0e04a\",\"name\":\"waldadmin2020\",\"image\":{\"@type\":\"ImageObject\",\"inLanguage\":\"en-US\",\"@id\":\"https:\\\/\\\/secure.gravatar.com\\\/avatar\\\/a71cf721eb306cd72432a33f9852249bbdb558baa0f55419ddb257983362db55?s=96&d=mm&r=g\",\"url\":\"https:\\\/\\\/secure.gravatar.com\\\/avatar\\\/a71cf721eb306cd72432a33f9852249bbdb558baa0f55419ddb257983362db55?s=96&d=mm&r=g\",\"contentUrl\":\"https:\\\/\\\/secure.gravatar.com\\\/avatar\\\/a71cf721eb306cd72432a33f9852249bbdb558baa0f55419ddb257983362db55?s=96&d=mm&r=g\",\"caption\":\"waldadmin2020\"},\"sameAs\":[\"https:\\\/\\\/x.com\\\/waldadmin2020\"],\"url\":\"https:\\\/\\\/www.wald.com.br\\\/en\\\/author\\\/waldadmin2020\\\/\"}]}<\/script>\n<!-- \/ Yoast SEO plugin. -->","yoast_head_json":{"title":"Governan\u00e7a na medida certa evita estruturas desnecess\u00e1rias | Wald Advogados","robots":{"index":"index","follow":"follow","max-snippet":"max-snippet:-1","max-image-preview":"max-image-preview:large","max-video-preview":"max-video-preview:-1"},"canonical":"https:\/\/www.wald.com.br\/en\/governanca-na-medida-certa-evita-estruturas-desnecessarias\/","og_locale":"en_US","og_type":"article","og_title":"Governan\u00e7a na medida certa evita estruturas desnecess\u00e1rias | Wald Advogados","og_description":"Publicado no A ideia de que a governan\u00e7a corporativa \u00e9 fundamental vem sendo difundida a cada dia, especialmente pela nova gera\u00e7\u00e3o de empreendedores. Com a pandemia da Covid-19, tornou-se ainda mais evidente a import\u00e2ncia de um sistema de governan\u00e7a sob medida para cada organiza\u00e7\u00e3o. De fato, desde o in\u00edcio de qualquer neg\u00f3cio \u00e9 muito importante [&hellip;]","og_url":"https:\/\/www.wald.com.br\/en\/governanca-na-medida-certa-evita-estruturas-desnecessarias\/","og_site_name":"Wald Advogados","article_published_time":"2020-08-25T21:02:55+00:00","article_modified_time":"2021-06-10T11:53:03+00:00","og_image":[{"url":"https:\/\/www.wald.com.br\/wp-content\/uploads\/2020\/04\/conjur_html_2e39a9340d739397.png","type":"","width":"","height":""}],"author":"waldadmin2020","twitter_card":"summary_large_image","twitter_creator":"@waldadmin2020","twitter_misc":{"Written by":"waldadmin2020","Est. reading time":"4 minutes"},"schema":{"@context":"https:\/\/schema.org","@graph":[{"@type":"Article","@id":"https:\/\/www.wald.com.br\/en\/governanca-na-medida-certa-evita-estruturas-desnecessarias\/#article","isPartOf":{"@id":"https:\/\/www.wald.com.br\/en\/governanca-na-medida-certa-evita-estruturas-desnecessarias\/"},"author":{"name":"waldadmin2020","@id":"https:\/\/www.wald.com.br\/en\/#\/schema\/person\/63b1ba5d23c51fa9d050dd06ffd0e04a"},"headline":"Governan\u00e7a na medida certa evita estruturas desnecess\u00e1rias","datePublished":"2020-08-25T21:02:55+00:00","dateModified":"2021-06-10T11:53:03+00:00","mainEntityOfPage":{"@id":"https:\/\/www.wald.com.br\/en\/governanca-na-medida-certa-evita-estruturas-desnecessarias\/"},"wordCount":841,"commentCount":0,"publisher":{"@id":"https:\/\/www.wald.com.br\/en\/#organization"},"image":{"@id":"https:\/\/www.wald.com.br\/en\/governanca-na-medida-certa-evita-estruturas-desnecessarias\/#primaryimage"},"thumbnailUrl":"https:\/\/www.wald.com.br\/wp-content\/uploads\/2020\/04\/conjur_html_2e39a9340d739397.png","keywords":["Governan\u00e7a corporativa","Pr\u00e9-contencioso","Startups"],"articleSection":["Articles"],"inLanguage":"en-US","potentialAction":[{"@type":"CommentAction","name":"Comment","target":["https:\/\/www.wald.com.br\/en\/governanca-na-medida-certa-evita-estruturas-desnecessarias\/#respond"]}]},{"@type":"WebPage","@id":"https:\/\/www.wald.com.br\/en\/governanca-na-medida-certa-evita-estruturas-desnecessarias\/","url":"https:\/\/www.wald.com.br\/en\/governanca-na-medida-certa-evita-estruturas-desnecessarias\/","name":"Governan\u00e7a na medida certa evita estruturas desnecess\u00e1rias | Wald Advogados","isPartOf":{"@id":"https:\/\/www.wald.com.br\/en\/#website"},"primaryImageOfPage":{"@id":"https:\/\/www.wald.com.br\/en\/governanca-na-medida-certa-evita-estruturas-desnecessarias\/#primaryimage"},"image":{"@id":"https:\/\/www.wald.com.br\/en\/governanca-na-medida-certa-evita-estruturas-desnecessarias\/#primaryimage"},"thumbnailUrl":"https:\/\/www.wald.com.br\/wp-content\/uploads\/2020\/04\/conjur_html_2e39a9340d739397.png","datePublished":"2020-08-25T21:02:55+00:00","dateModified":"2021-06-10T11:53:03+00:00","breadcrumb":{"@id":"https:\/\/www.wald.com.br\/en\/governanca-na-medida-certa-evita-estruturas-desnecessarias\/#breadcrumb"},"inLanguage":"en-US","potentialAction":[{"@type":"ReadAction","target":["https:\/\/www.wald.com.br\/en\/governanca-na-medida-certa-evita-estruturas-desnecessarias\/"]}]},{"@type":"ImageObject","inLanguage":"en-US","@id":"https:\/\/www.wald.com.br\/en\/governanca-na-medida-certa-evita-estruturas-desnecessarias\/#primaryimage","url":"https:\/\/www.wald.com.br\/wp-content\/uploads\/2020\/04\/conjur_html_2e39a9340d739397.png","contentUrl":"https:\/\/www.wald.com.br\/wp-content\/uploads\/2020\/04\/conjur_html_2e39a9340d739397.png"},{"@type":"BreadcrumbList","@id":"https:\/\/www.wald.com.br\/en\/governanca-na-medida-certa-evita-estruturas-desnecessarias\/#breadcrumb","itemListElement":[{"@type":"ListItem","position":1,"name":"In\u00edcio","item":"https:\/\/www.wald.com.br\/"},{"@type":"ListItem","position":2,"name":"Governan\u00e7a na medida certa evita estruturas desnecess\u00e1rias"}]},{"@type":"WebSite","@id":"https:\/\/www.wald.com.br\/en\/#website","url":"https:\/\/www.wald.com.br\/en\/","name":"Wald Advogados","description":"66 years of leading law practice","publisher":{"@id":"https:\/\/www.wald.com.br\/en\/#organization"},"potentialAction":[{"@type":"SearchAction","target":{"@type":"EntryPoint","urlTemplate":"https:\/\/www.wald.com.br\/en\/?s={search_term_string}"},"query-input":{"@type":"PropertyValueSpecification","valueRequired":true,"valueName":"search_term_string"}}],"inLanguage":"en-US"},{"@type":"Organization","@id":"https:\/\/www.wald.com.br\/en\/#organization","name":"Wald, Antunes, Vita, Longo e Blattner Advogados","url":"https:\/\/www.wald.com.br\/en\/","logo":{"@type":"ImageObject","inLanguage":"en-US","@id":"https:\/\/www.wald.com.br\/en\/#\/schema\/logo\/image\/","url":"https:\/\/www.wald.com.br\/wp-content\/uploads\/2020\/02\/Logo_Wald.png","contentUrl":"https:\/\/www.wald.com.br\/wp-content\/uploads\/2020\/02\/Logo_Wald.png","width":5260,"height":2565,"caption":"Wald, Antunes, Vita, Longo e Blattner Advogados"},"image":{"@id":"https:\/\/www.wald.com.br\/en\/#\/schema\/logo\/image\/"},"sameAs":["https:\/\/www.linkedin.com\/company\/wald"]},{"@type":"Person","@id":"https:\/\/www.wald.com.br\/en\/#\/schema\/person\/63b1ba5d23c51fa9d050dd06ffd0e04a","name":"waldadmin2020","image":{"@type":"ImageObject","inLanguage":"en-US","@id":"https:\/\/secure.gravatar.com\/avatar\/a71cf721eb306cd72432a33f9852249bbdb558baa0f55419ddb257983362db55?s=96&d=mm&r=g","url":"https:\/\/secure.gravatar.com\/avatar\/a71cf721eb306cd72432a33f9852249bbdb558baa0f55419ddb257983362db55?s=96&d=mm&r=g","contentUrl":"https:\/\/secure.gravatar.com\/avatar\/a71cf721eb306cd72432a33f9852249bbdb558baa0f55419ddb257983362db55?s=96&d=mm&r=g","caption":"waldadmin2020"},"sameAs":["https:\/\/x.com\/waldadmin2020"],"url":"https:\/\/www.wald.com.br\/en\/author\/waldadmin2020\/"}]}},"_links":{"self":[{"href":"https:\/\/www.wald.com.br\/en\/wp-json\/wp\/v2\/posts\/1181","targetHints":{"allow":["GET"]}}],"collection":[{"href":"https:\/\/www.wald.com.br\/en\/wp-json\/wp\/v2\/posts"}],"about":[{"href":"https:\/\/www.wald.com.br\/en\/wp-json\/wp\/v2\/types\/post"}],"author":[{"embeddable":true,"href":"https:\/\/www.wald.com.br\/en\/wp-json\/wp\/v2\/users\/1"}],"replies":[{"embeddable":true,"href":"https:\/\/www.wald.com.br\/en\/wp-json\/wp\/v2\/comments?post=1181"}],"version-history":[{"count":1,"href":"https:\/\/www.wald.com.br\/en\/wp-json\/wp\/v2\/posts\/1181\/revisions"}],"predecessor-version":[{"id":1182,"href":"https:\/\/www.wald.com.br\/en\/wp-json\/wp\/v2\/posts\/1181\/revisions\/1182"}],"wp:attachment":[{"href":"https:\/\/www.wald.com.br\/en\/wp-json\/wp\/v2\/media?parent=1181"}],"wp:term":[{"taxonomy":"category","embeddable":true,"href":"https:\/\/www.wald.com.br\/en\/wp-json\/wp\/v2\/categories?post=1181"},{"taxonomy":"post_tag","embeddable":true,"href":"https:\/\/www.wald.com.br\/en\/wp-json\/wp\/v2\/tags?post=1181"}],"curies":[{"name":"wp","href":"https:\/\/api.w.org\/{rel}","templated":true}]}}