{"id":1267,"date":"2020-10-06T19:04:34","date_gmt":"2020-10-06T22:04:34","guid":{"rendered":"https:\/\/www.wald.com.br\/?p=1267"},"modified":"2021-06-10T08:52:42","modified_gmt":"2021-06-10T11:52:42","slug":"ranking-internacional-best-lawyers-destaca-oito-profissionais-do-wald-antunes-vita-longo-e-blattner-advogados","status":"publish","type":"post","link":"https:\/\/www.wald.com.br\/en\/ranking-internacional-best-lawyers-destaca-oito-profissionais-do-wald-antunes-vita-longo-e-blattner-advogados\/","title":{"rendered":"Ranking internacional Best Lawyers destaca oito profissionais do Wald, Antunes, Vita, Longo e Blattner Advogados"},"content":{"rendered":"<p>A Global Business Edition do ranking internacional Best Lawyers, divulgada no in\u00edcio de outubro, destacou oito profissionais do Wald, Antunes, Vita, Longo e Blattner Advogados. Os nossos s\u00f3cios <strong>Alexandre de Mendon\u00e7a Wald<\/strong> e <strong>Arnoldo Wald Filho<\/strong> foram recomendados nas \u00e1reas de Arbitration and mediation, Banking and finance, Corporate and M&amp;A e Litigation. Arnoldo Wald Filho est\u00e1 entre os profissionais listados pela Best Lawyers desde 2010 e Alexandre de Mendon\u00e7a Wald desde 2012.<\/p>\n<p><img loading=\"lazy\" decoding=\"async\" class=\"alignnone wp-image-1268 size-full\" src=\"https:\/\/www.wald.com.br\/wp-content\/uploads\/2020\/10\/1.png\" alt=\"\" width=\"1215\" height=\"675\" srcset=\"https:\/\/www.wald.com.br\/wp-content\/uploads\/2020\/10\/1.png 1215w, https:\/\/www.wald.com.br\/wp-content\/uploads\/2020\/10\/1-300x167.png 300w, https:\/\/www.wald.com.br\/wp-content\/uploads\/2020\/10\/1-1024x569.png 1024w, https:\/\/www.wald.com.br\/wp-content\/uploads\/2020\/10\/1-768x427.png 768w\" sizes=\"auto, (max-width: 1215px) 100vw, 1215px\" \/><\/p>\n<p>Os s\u00f3cios <strong>Marcus Vinicius Vita, Samantha Mendes Longo, Marina Gaensly Blattner, Bernardo Freire<\/strong> e <strong>Adriana Conrado Zamponi<\/strong>, e a advogada <strong>Julia de Baere<\/strong>, foram reconhecidos pelo segundo ano consecutivo nas \u00e1reas de Administrative Law, Arbitration and mediation, Competition\/Antitrust, Litigation e Real Estate Law.<\/p>\n<p>A edi\u00e7\u00e3o Global Business da Best Lawyers destaca advogados l\u00edderes em suas \u00e1reas de atua\u00e7\u00e3o em 28 pa\u00edses. <a href=\"https:\/\/www.bestlawyers.com\/firms\/wald-antunes-vita-longo-e-blattner-advogados\/42938\/BR\" target=\"_blank\" rel=\"noopener noreferrer\">Clique aqui para consultar<\/a> o perfil completo do escrit\u00f3rio na publica\u00e7\u00e3o.<\/p>\n","protected":false},"excerpt":{"rendered":"<p>A Global Business Edition do ranking internacional Best Lawyers, divulgada no in\u00edcio de outubro, destacou oito profissionais do Wald, Antunes, Vita, Longo e Blattner Advogados. Os nossos s\u00f3cios Alexandre de Mendon\u00e7a Wald e Arnoldo Wald Filho foram recomendados nas \u00e1reas de Arbitration and mediation, Banking and finance, Corporate and M&amp;A e Litigation. Arnoldo Wald Filho [&hellip;]<\/p>\n","protected":false},"author":1,"featured_media":0,"comment_status":"open","ping_status":"closed","sticky":false,"template":"","format":"standard","meta":{"_acf_changed":false,"footnotes":""},"categories":[2],"tags":[14,73,18,17,12,16],"class_list":["post-1267","post","type-post","status-publish","format-standard","hentry","category-noticias","tag-arbitragem","tag-best-lawyers","tag-societario","tag-contencioso","tag-mediacao","tag-precontencioso"],"acf":[],"yoast_head":"<!-- This site is optimized with the Yoast SEO plugin v27.5 - https:\/\/yoast.com\/product\/yoast-seo-wordpress\/ -->\n<title>Ranking internacional Best Lawyers destaca oito profissionais do Wald, Antunes, Vita, Longo e Blattner Advogados | Wald Advogados<\/title>\n<meta name=\"robots\" content=\"index, follow, max-snippet:-1, max-image-preview:large, max-video-preview:-1\" \/>\n<link rel=\"canonical\" href=\"https:\/\/www.wald.com.br\/en\/ranking-internacional-best-lawyers-destaca-oito-profissionais-do-wald-antunes-vita-longo-e-blattner-advogados\/\" \/>\n<meta property=\"og:locale\" content=\"en_US\" \/>\n<meta property=\"og:type\" content=\"article\" \/>\n<meta property=\"og:title\" content=\"Ranking internacional Best Lawyers destaca oito profissionais do Wald, Antunes, Vita, Longo e Blattner Advogados | Wald Advogados\" \/>\n<meta property=\"og:description\" content=\"A Global Business Edition do ranking internacional Best Lawyers, divulgada no in\u00edcio de outubro, destacou oito profissionais do Wald, Antunes, Vita, Longo e Blattner Advogados. Os nossos s\u00f3cios Alexandre de Mendon\u00e7a Wald e Arnoldo Wald Filho foram recomendados nas \u00e1reas de Arbitration and mediation, Banking and finance, Corporate and M&amp;A e Litigation. Arnoldo Wald Filho [&hellip;]\" \/>\n<meta property=\"og:url\" content=\"https:\/\/www.wald.com.br\/en\/ranking-internacional-best-lawyers-destaca-oito-profissionais-do-wald-antunes-vita-longo-e-blattner-advogados\/\" \/>\n<meta property=\"og:site_name\" content=\"Wald Advogados\" \/>\n<meta property=\"article:published_time\" content=\"2020-10-06T22:04:34+00:00\" \/>\n<meta property=\"article:modified_time\" content=\"2021-06-10T11:52:42+00:00\" \/>\n<meta property=\"og:image\" content=\"https:\/\/www.wald.com.br\/wp-content\/uploads\/2020\/10\/1.png\" \/>\n<meta name=\"author\" content=\"waldadmin2020\" \/>\n<meta name=\"twitter:card\" content=\"summary_large_image\" \/>\n<meta name=\"twitter:creator\" content=\"@waldadmin2020\" \/>\n<meta name=\"twitter:label1\" content=\"Written by\" \/>\n\t<meta name=\"twitter:data1\" content=\"waldadmin2020\" \/>\n\t<meta name=\"twitter:label2\" content=\"Est. reading time\" \/>\n\t<meta name=\"twitter:data2\" content=\"1 minute\" \/>\n<script type=\"application\/ld+json\" class=\"yoast-schema-graph\">{\"@context\":\"https:\\\/\\\/schema.org\",\"@graph\":[{\"@type\":\"Article\",\"@id\":\"https:\\\/\\\/www.wald.com.br\\\/en\\\/ranking-internacional-best-lawyers-destaca-oito-profissionais-do-wald-antunes-vita-longo-e-blattner-advogados\\\/#article\",\"isPartOf\":{\"@id\":\"https:\\\/\\\/www.wald.com.br\\\/en\\\/ranking-internacional-best-lawyers-destaca-oito-profissionais-do-wald-antunes-vita-longo-e-blattner-advogados\\\/\"},\"author\":{\"name\":\"waldadmin2020\",\"@id\":\"https:\\\/\\\/www.wald.com.br\\\/en\\\/#\\\/schema\\\/person\\\/63b1ba5d23c51fa9d050dd06ffd0e04a\"},\"headline\":\"Ranking internacional Best Lawyers destaca oito profissionais do Wald, Antunes, Vita, Longo e Blattner Advogados\",\"datePublished\":\"2020-10-06T22:04:34+00:00\",\"dateModified\":\"2021-06-10T11:52:42+00:00\",\"mainEntityOfPage\":{\"@id\":\"https:\\\/\\\/www.wald.com.br\\\/en\\\/ranking-internacional-best-lawyers-destaca-oito-profissionais-do-wald-antunes-vita-longo-e-blattner-advogados\\\/\"},\"wordCount\":170,\"commentCount\":0,\"publisher\":{\"@id\":\"https:\\\/\\\/www.wald.com.br\\\/en\\\/#organization\"},\"image\":{\"@id\":\"https:\\\/\\\/www.wald.com.br\\\/en\\\/ranking-internacional-best-lawyers-destaca-oito-profissionais-do-wald-antunes-vita-longo-e-blattner-advogados\\\/#primaryimage\"},\"thumbnailUrl\":\"https:\\\/\\\/www.wald.com.br\\\/wp-content\\\/uploads\\\/2020\\\/10\\\/1.png\",\"keywords\":[\"Arbitragem\",\"Best Lawyers\",\"Corporate advisory and M&amp;A\",\"Contencioso administrativo e judicial\",\"Media\u00e7\u00e3o\",\"Pr\u00e9-contencioso\"],\"articleSection\":[\"News\"],\"inLanguage\":\"en-US\",\"potentialAction\":[{\"@type\":\"CommentAction\",\"name\":\"Comment\",\"target\":[\"https:\\\/\\\/www.wald.com.br\\\/en\\\/ranking-internacional-best-lawyers-destaca-oito-profissionais-do-wald-antunes-vita-longo-e-blattner-advogados\\\/#respond\"]}]},{\"@type\":\"WebPage\",\"@id\":\"https:\\\/\\\/www.wald.com.br\\\/en\\\/ranking-internacional-best-lawyers-destaca-oito-profissionais-do-wald-antunes-vita-longo-e-blattner-advogados\\\/\",\"url\":\"https:\\\/\\\/www.wald.com.br\\\/en\\\/ranking-internacional-best-lawyers-destaca-oito-profissionais-do-wald-antunes-vita-longo-e-blattner-advogados\\\/\",\"name\":\"Ranking internacional Best Lawyers destaca oito profissionais do Wald, Antunes, Vita, Longo e Blattner Advogados | Wald Advogados\",\"isPartOf\":{\"@id\":\"https:\\\/\\\/www.wald.com.br\\\/en\\\/#website\"},\"primaryImageOfPage\":{\"@id\":\"https:\\\/\\\/www.wald.com.br\\\/en\\\/ranking-internacional-best-lawyers-destaca-oito-profissionais-do-wald-antunes-vita-longo-e-blattner-advogados\\\/#primaryimage\"},\"image\":{\"@id\":\"https:\\\/\\\/www.wald.com.br\\\/en\\\/ranking-internacional-best-lawyers-destaca-oito-profissionais-do-wald-antunes-vita-longo-e-blattner-advogados\\\/#primaryimage\"},\"thumbnailUrl\":\"https:\\\/\\\/www.wald.com.br\\\/wp-content\\\/uploads\\\/2020\\\/10\\\/1.png\",\"datePublished\":\"2020-10-06T22:04:34+00:00\",\"dateModified\":\"2021-06-10T11:52:42+00:00\",\"breadcrumb\":{\"@id\":\"https:\\\/\\\/www.wald.com.br\\\/en\\\/ranking-internacional-best-lawyers-destaca-oito-profissionais-do-wald-antunes-vita-longo-e-blattner-advogados\\\/#breadcrumb\"},\"inLanguage\":\"en-US\",\"potentialAction\":[{\"@type\":\"ReadAction\",\"target\":[\"https:\\\/\\\/www.wald.com.br\\\/en\\\/ranking-internacional-best-lawyers-destaca-oito-profissionais-do-wald-antunes-vita-longo-e-blattner-advogados\\\/\"]}]},{\"@type\":\"ImageObject\",\"inLanguage\":\"en-US\",\"@id\":\"https:\\\/\\\/www.wald.com.br\\\/en\\\/ranking-internacional-best-lawyers-destaca-oito-profissionais-do-wald-antunes-vita-longo-e-blattner-advogados\\\/#primaryimage\",\"url\":\"https:\\\/\\\/www.wald.com.br\\\/wp-content\\\/uploads\\\/2020\\\/10\\\/1.png\",\"contentUrl\":\"https:\\\/\\\/www.wald.com.br\\\/wp-content\\\/uploads\\\/2020\\\/10\\\/1.png\"},{\"@type\":\"BreadcrumbList\",\"@id\":\"https:\\\/\\\/www.wald.com.br\\\/en\\\/ranking-internacional-best-lawyers-destaca-oito-profissionais-do-wald-antunes-vita-longo-e-blattner-advogados\\\/#breadcrumb\",\"itemListElement\":[{\"@type\":\"ListItem\",\"position\":1,\"name\":\"In\u00edcio\",\"item\":\"https:\\\/\\\/www.wald.com.br\\\/\"},{\"@type\":\"ListItem\",\"position\":2,\"name\":\"Ranking internacional Best Lawyers destaca oito profissionais do Wald, Antunes, Vita, Longo e Blattner Advogados\"}]},{\"@type\":\"WebSite\",\"@id\":\"https:\\\/\\\/www.wald.com.br\\\/en\\\/#website\",\"url\":\"https:\\\/\\\/www.wald.com.br\\\/en\\\/\",\"name\":\"Wald Advogados\",\"description\":\"66 years of leading law practice\",\"publisher\":{\"@id\":\"https:\\\/\\\/www.wald.com.br\\\/en\\\/#organization\"},\"potentialAction\":[{\"@type\":\"SearchAction\",\"target\":{\"@type\":\"EntryPoint\",\"urlTemplate\":\"https:\\\/\\\/www.wald.com.br\\\/en\\\/?s={search_term_string}\"},\"query-input\":{\"@type\":\"PropertyValueSpecification\",\"valueRequired\":true,\"valueName\":\"search_term_string\"}}],\"inLanguage\":\"en-US\"},{\"@type\":\"Organization\",\"@id\":\"https:\\\/\\\/www.wald.com.br\\\/en\\\/#organization\",\"name\":\"Wald, Antunes, Vita, Longo e Blattner Advogados\",\"url\":\"https:\\\/\\\/www.wald.com.br\\\/en\\\/\",\"logo\":{\"@type\":\"ImageObject\",\"inLanguage\":\"en-US\",\"@id\":\"https:\\\/\\\/www.wald.com.br\\\/en\\\/#\\\/schema\\\/logo\\\/image\\\/\",\"url\":\"https:\\\/\\\/www.wald.com.br\\\/wp-content\\\/uploads\\\/2020\\\/02\\\/Logo_Wald.png\",\"contentUrl\":\"https:\\\/\\\/www.wald.com.br\\\/wp-content\\\/uploads\\\/2020\\\/02\\\/Logo_Wald.png\",\"width\":5260,\"height\":2565,\"caption\":\"Wald, Antunes, Vita, Longo e Blattner Advogados\"},\"image\":{\"@id\":\"https:\\\/\\\/www.wald.com.br\\\/en\\\/#\\\/schema\\\/logo\\\/image\\\/\"},\"sameAs\":[\"https:\\\/\\\/www.linkedin.com\\\/company\\\/wald\"]},{\"@type\":\"Person\",\"@id\":\"https:\\\/\\\/www.wald.com.br\\\/en\\\/#\\\/schema\\\/person\\\/63b1ba5d23c51fa9d050dd06ffd0e04a\",\"name\":\"waldadmin2020\",\"image\":{\"@type\":\"ImageObject\",\"inLanguage\":\"en-US\",\"@id\":\"https:\\\/\\\/secure.gravatar.com\\\/avatar\\\/a71cf721eb306cd72432a33f9852249bbdb558baa0f55419ddb257983362db55?s=96&d=mm&r=g\",\"url\":\"https:\\\/\\\/secure.gravatar.com\\\/avatar\\\/a71cf721eb306cd72432a33f9852249bbdb558baa0f55419ddb257983362db55?s=96&d=mm&r=g\",\"contentUrl\":\"https:\\\/\\\/secure.gravatar.com\\\/avatar\\\/a71cf721eb306cd72432a33f9852249bbdb558baa0f55419ddb257983362db55?s=96&d=mm&r=g\",\"caption\":\"waldadmin2020\"},\"sameAs\":[\"https:\\\/\\\/x.com\\\/waldadmin2020\"],\"url\":\"https:\\\/\\\/www.wald.com.br\\\/en\\\/author\\\/waldadmin2020\\\/\"}]}<\/script>\n<!-- \/ Yoast SEO plugin. -->","yoast_head_json":{"title":"Ranking internacional Best Lawyers destaca oito profissionais do Wald, Antunes, Vita, Longo e Blattner Advogados | Wald Advogados","robots":{"index":"index","follow":"follow","max-snippet":"max-snippet:-1","max-image-preview":"max-image-preview:large","max-video-preview":"max-video-preview:-1"},"canonical":"https:\/\/www.wald.com.br\/en\/ranking-internacional-best-lawyers-destaca-oito-profissionais-do-wald-antunes-vita-longo-e-blattner-advogados\/","og_locale":"en_US","og_type":"article","og_title":"Ranking internacional Best Lawyers destaca oito profissionais do Wald, Antunes, Vita, Longo e Blattner Advogados | Wald Advogados","og_description":"A Global Business Edition do ranking internacional Best Lawyers, divulgada no in\u00edcio de outubro, destacou oito profissionais do Wald, Antunes, Vita, Longo e Blattner Advogados. Os nossos s\u00f3cios Alexandre de Mendon\u00e7a Wald e Arnoldo Wald Filho foram recomendados nas \u00e1reas de Arbitration and mediation, Banking and finance, Corporate and M&amp;A e Litigation. Arnoldo Wald Filho [&hellip;]","og_url":"https:\/\/www.wald.com.br\/en\/ranking-internacional-best-lawyers-destaca-oito-profissionais-do-wald-antunes-vita-longo-e-blattner-advogados\/","og_site_name":"Wald Advogados","article_published_time":"2020-10-06T22:04:34+00:00","article_modified_time":"2021-06-10T11:52:42+00:00","og_image":[{"url":"https:\/\/www.wald.com.br\/wp-content\/uploads\/2020\/10\/1.png","type":"","width":"","height":""}],"author":"waldadmin2020","twitter_card":"summary_large_image","twitter_creator":"@waldadmin2020","twitter_misc":{"Written by":"waldadmin2020","Est. reading time":"1 minute"},"schema":{"@context":"https:\/\/schema.org","@graph":[{"@type":"Article","@id":"https:\/\/www.wald.com.br\/en\/ranking-internacional-best-lawyers-destaca-oito-profissionais-do-wald-antunes-vita-longo-e-blattner-advogados\/#article","isPartOf":{"@id":"https:\/\/www.wald.com.br\/en\/ranking-internacional-best-lawyers-destaca-oito-profissionais-do-wald-antunes-vita-longo-e-blattner-advogados\/"},"author":{"name":"waldadmin2020","@id":"https:\/\/www.wald.com.br\/en\/#\/schema\/person\/63b1ba5d23c51fa9d050dd06ffd0e04a"},"headline":"Ranking internacional Best Lawyers destaca oito profissionais do Wald, Antunes, Vita, Longo e Blattner Advogados","datePublished":"2020-10-06T22:04:34+00:00","dateModified":"2021-06-10T11:52:42+00:00","mainEntityOfPage":{"@id":"https:\/\/www.wald.com.br\/en\/ranking-internacional-best-lawyers-destaca-oito-profissionais-do-wald-antunes-vita-longo-e-blattner-advogados\/"},"wordCount":170,"commentCount":0,"publisher":{"@id":"https:\/\/www.wald.com.br\/en\/#organization"},"image":{"@id":"https:\/\/www.wald.com.br\/en\/ranking-internacional-best-lawyers-destaca-oito-profissionais-do-wald-antunes-vita-longo-e-blattner-advogados\/#primaryimage"},"thumbnailUrl":"https:\/\/www.wald.com.br\/wp-content\/uploads\/2020\/10\/1.png","keywords":["Arbitragem","Best Lawyers","Corporate advisory and M&amp;A","Contencioso administrativo e judicial","Media\u00e7\u00e3o","Pr\u00e9-contencioso"],"articleSection":["News"],"inLanguage":"en-US","potentialAction":[{"@type":"CommentAction","name":"Comment","target":["https:\/\/www.wald.com.br\/en\/ranking-internacional-best-lawyers-destaca-oito-profissionais-do-wald-antunes-vita-longo-e-blattner-advogados\/#respond"]}]},{"@type":"WebPage","@id":"https:\/\/www.wald.com.br\/en\/ranking-internacional-best-lawyers-destaca-oito-profissionais-do-wald-antunes-vita-longo-e-blattner-advogados\/","url":"https:\/\/www.wald.com.br\/en\/ranking-internacional-best-lawyers-destaca-oito-profissionais-do-wald-antunes-vita-longo-e-blattner-advogados\/","name":"Ranking internacional Best Lawyers destaca oito profissionais do Wald, Antunes, Vita, Longo e Blattner Advogados | Wald Advogados","isPartOf":{"@id":"https:\/\/www.wald.com.br\/en\/#website"},"primaryImageOfPage":{"@id":"https:\/\/www.wald.com.br\/en\/ranking-internacional-best-lawyers-destaca-oito-profissionais-do-wald-antunes-vita-longo-e-blattner-advogados\/#primaryimage"},"image":{"@id":"https:\/\/www.wald.com.br\/en\/ranking-internacional-best-lawyers-destaca-oito-profissionais-do-wald-antunes-vita-longo-e-blattner-advogados\/#primaryimage"},"thumbnailUrl":"https:\/\/www.wald.com.br\/wp-content\/uploads\/2020\/10\/1.png","datePublished":"2020-10-06T22:04:34+00:00","dateModified":"2021-06-10T11:52:42+00:00","breadcrumb":{"@id":"https:\/\/www.wald.com.br\/en\/ranking-internacional-best-lawyers-destaca-oito-profissionais-do-wald-antunes-vita-longo-e-blattner-advogados\/#breadcrumb"},"inLanguage":"en-US","potentialAction":[{"@type":"ReadAction","target":["https:\/\/www.wald.com.br\/en\/ranking-internacional-best-lawyers-destaca-oito-profissionais-do-wald-antunes-vita-longo-e-blattner-advogados\/"]}]},{"@type":"ImageObject","inLanguage":"en-US","@id":"https:\/\/www.wald.com.br\/en\/ranking-internacional-best-lawyers-destaca-oito-profissionais-do-wald-antunes-vita-longo-e-blattner-advogados\/#primaryimage","url":"https:\/\/www.wald.com.br\/wp-content\/uploads\/2020\/10\/1.png","contentUrl":"https:\/\/www.wald.com.br\/wp-content\/uploads\/2020\/10\/1.png"},{"@type":"BreadcrumbList","@id":"https:\/\/www.wald.com.br\/en\/ranking-internacional-best-lawyers-destaca-oito-profissionais-do-wald-antunes-vita-longo-e-blattner-advogados\/#breadcrumb","itemListElement":[{"@type":"ListItem","position":1,"name":"In\u00edcio","item":"https:\/\/www.wald.com.br\/"},{"@type":"ListItem","position":2,"name":"Ranking internacional Best Lawyers destaca oito profissionais do Wald, Antunes, Vita, Longo e Blattner Advogados"}]},{"@type":"WebSite","@id":"https:\/\/www.wald.com.br\/en\/#website","url":"https:\/\/www.wald.com.br\/en\/","name":"Wald Advogados","description":"66 years of leading law practice","publisher":{"@id":"https:\/\/www.wald.com.br\/en\/#organization"},"potentialAction":[{"@type":"SearchAction","target":{"@type":"EntryPoint","urlTemplate":"https:\/\/www.wald.com.br\/en\/?s={search_term_string}"},"query-input":{"@type":"PropertyValueSpecification","valueRequired":true,"valueName":"search_term_string"}}],"inLanguage":"en-US"},{"@type":"Organization","@id":"https:\/\/www.wald.com.br\/en\/#organization","name":"Wald, Antunes, Vita, Longo e Blattner Advogados","url":"https:\/\/www.wald.com.br\/en\/","logo":{"@type":"ImageObject","inLanguage":"en-US","@id":"https:\/\/www.wald.com.br\/en\/#\/schema\/logo\/image\/","url":"https:\/\/www.wald.com.br\/wp-content\/uploads\/2020\/02\/Logo_Wald.png","contentUrl":"https:\/\/www.wald.com.br\/wp-content\/uploads\/2020\/02\/Logo_Wald.png","width":5260,"height":2565,"caption":"Wald, Antunes, Vita, Longo e Blattner Advogados"},"image":{"@id":"https:\/\/www.wald.com.br\/en\/#\/schema\/logo\/image\/"},"sameAs":["https:\/\/www.linkedin.com\/company\/wald"]},{"@type":"Person","@id":"https:\/\/www.wald.com.br\/en\/#\/schema\/person\/63b1ba5d23c51fa9d050dd06ffd0e04a","name":"waldadmin2020","image":{"@type":"ImageObject","inLanguage":"en-US","@id":"https:\/\/secure.gravatar.com\/avatar\/a71cf721eb306cd72432a33f9852249bbdb558baa0f55419ddb257983362db55?s=96&d=mm&r=g","url":"https:\/\/secure.gravatar.com\/avatar\/a71cf721eb306cd72432a33f9852249bbdb558baa0f55419ddb257983362db55?s=96&d=mm&r=g","contentUrl":"https:\/\/secure.gravatar.com\/avatar\/a71cf721eb306cd72432a33f9852249bbdb558baa0f55419ddb257983362db55?s=96&d=mm&r=g","caption":"waldadmin2020"},"sameAs":["https:\/\/x.com\/waldadmin2020"],"url":"https:\/\/www.wald.com.br\/en\/author\/waldadmin2020\/"}]}},"_links":{"self":[{"href":"https:\/\/www.wald.com.br\/en\/wp-json\/wp\/v2\/posts\/1267","targetHints":{"allow":["GET"]}}],"collection":[{"href":"https:\/\/www.wald.com.br\/en\/wp-json\/wp\/v2\/posts"}],"about":[{"href":"https:\/\/www.wald.com.br\/en\/wp-json\/wp\/v2\/types\/post"}],"author":[{"embeddable":true,"href":"https:\/\/www.wald.com.br\/en\/wp-json\/wp\/v2\/users\/1"}],"replies":[{"embeddable":true,"href":"https:\/\/www.wald.com.br\/en\/wp-json\/wp\/v2\/comments?post=1267"}],"version-history":[{"count":1,"href":"https:\/\/www.wald.com.br\/en\/wp-json\/wp\/v2\/posts\/1267\/revisions"}],"predecessor-version":[{"id":1269,"href":"https:\/\/www.wald.com.br\/en\/wp-json\/wp\/v2\/posts\/1267\/revisions\/1269"}],"wp:attachment":[{"href":"https:\/\/www.wald.com.br\/en\/wp-json\/wp\/v2\/media?parent=1267"}],"wp:term":[{"taxonomy":"category","embeddable":true,"href":"https:\/\/www.wald.com.br\/en\/wp-json\/wp\/v2\/categories?post=1267"},{"taxonomy":"post_tag","embeddable":true,"href":"https:\/\/www.wald.com.br\/en\/wp-json\/wp\/v2\/tags?post=1267"}],"curies":[{"name":"wp","href":"https:\/\/api.w.org\/{rel}","templated":true}]}}