{"id":1270,"date":"2020-10-07T13:38:17","date_gmt":"2020-10-07T16:38:17","guid":{"rendered":"https:\/\/www.wald.com.br\/?p=1270"},"modified":"2021-06-10T08:51:45","modified_gmt":"2021-06-10T11:51:45","slug":"the-legal-500-reconhece-o-escritorio-em-litigation-e-arbitration","status":"publish","type":"post","link":"https:\/\/www.wald.com.br\/en\/the-legal-500-reconhece-o-escritorio-em-litigation-e-arbitration\/","title":{"rendered":"The Legal 500 reconhece o escrit\u00f3rio em Litigation e Arbitration"},"content":{"rendered":"<p><img loading=\"lazy\" decoding=\"async\" class=\"wp-image-1271 alignnone\" src=\"https:\/\/www.wald.com.br\/wp-content\/uploads\/2020\/10\/L500-firm-2021.png\" alt=\"\" width=\"137\" height=\"200\" \/><\/p>\n<p>O Wald, Antunes, Vita, Longo e Blattner Advogados foi mais uma vez reconhecido pelo ranking internacional The Legal 500, na edi\u00e7\u00e3o Latin America 2021, por sua atua\u00e7\u00e3o na \u00e1rea de resolu\u00e7\u00e3o de disputas. Fomos listados entre os principais escrit\u00f3rios no Brasil em Litigation e Arbitration e oito de nossos s\u00f3cios foram reconhecidos pela publica\u00e7\u00e3o: nosso fundador, <strong>Professor Arnoldo Wald<\/strong>, al\u00e9m de <strong>Alexandre de Mendon\u00e7a Wald, Arnoldo Wald Filho, Marcus Vinicius Vita Ferreira, Mariana Tavares Antunes, Samantha Mendes Longo, Marina Gaensly Blattner<\/strong> e <strong>Riccardo Torre.<\/strong><\/p>\n<p>Riccardo mereceu men\u00e7\u00e3o especial na categoria Arbitration e foi listado como um dos \u201cNext generation partners\u201d, ranking que reconhece jovens s\u00f3cios que contam com \u201csignificativo reconhecimento de clientes e seus pares no mercado\u201d.<\/p>\n<p><a href=\"https:\/\/www.legal500.com\/firms\/50128-wald-antunes-vita-longo-e-blattner-advogados\/50367-rio-de-janeiro-brazil\/?layout=latam&amp;token=e9b14c00f21441115cb34e404a7880c5\" target=\"_blank\" rel=\"noopener noreferrer\">Clique aqui para consultar<\/a> o perfil completo do escrit\u00f3rio na Legal 500.<\/p>\n","protected":false},"excerpt":{"rendered":"<p>O Wald, Antunes, Vita, Longo e Blattner Advogados foi mais uma vez reconhecido pelo ranking internacional The Legal 500, na edi\u00e7\u00e3o Latin America 2021, por sua atua\u00e7\u00e3o na \u00e1rea de resolu\u00e7\u00e3o de disputas. Fomos listados entre os principais escrit\u00f3rios no Brasil em Litigation e Arbitration e oito de nossos s\u00f3cios foram reconhecidos pela publica\u00e7\u00e3o: nosso [&hellip;]<\/p>\n","protected":false},"author":1,"featured_media":0,"comment_status":"open","ping_status":"closed","sticky":false,"template":"","format":"standard","meta":{"_acf_changed":false,"footnotes":""},"categories":[2],"tags":[14,17,74,16],"class_list":["post-1270","post","type-post","status-publish","format-standard","hentry","category-noticias","tag-arbitragem","tag-contencioso","tag-legal-500","tag-precontencioso"],"acf":[],"yoast_head":"<!-- This site is optimized with the Yoast SEO plugin v27.5 - https:\/\/yoast.com\/product\/yoast-seo-wordpress\/ -->\n<title>The Legal 500 reconhece o escrit\u00f3rio em Litigation e Arbitration | Wald Advogados<\/title>\n<meta name=\"robots\" content=\"index, follow, max-snippet:-1, max-image-preview:large, max-video-preview:-1\" \/>\n<link rel=\"canonical\" href=\"https:\/\/www.wald.com.br\/the-legal-500-reconhece-o-escritorio-em-litigation-e-arbitration\/\" \/>\n<meta property=\"og:locale\" content=\"en_US\" \/>\n<meta property=\"og:type\" content=\"article\" \/>\n<meta property=\"og:title\" content=\"The Legal 500 reconhece o escrit\u00f3rio em Litigation e Arbitration | Wald Advogados\" \/>\n<meta property=\"og:description\" content=\"O Wald, Antunes, Vita, Longo e Blattner Advogados foi mais uma vez reconhecido pelo ranking internacional The Legal 500, na edi\u00e7\u00e3o Latin America 2021, por sua atua\u00e7\u00e3o na \u00e1rea de resolu\u00e7\u00e3o de disputas. Fomos listados entre os principais escrit\u00f3rios no Brasil em Litigation e Arbitration e oito de nossos s\u00f3cios foram reconhecidos pela publica\u00e7\u00e3o: nosso [&hellip;]\" \/>\n<meta property=\"og:url\" content=\"https:\/\/www.wald.com.br\/the-legal-500-reconhece-o-escritorio-em-litigation-e-arbitration\/\" \/>\n<meta property=\"og:site_name\" content=\"Wald Advogados\" \/>\n<meta property=\"article:published_time\" content=\"2020-10-07T16:38:17+00:00\" \/>\n<meta property=\"article:modified_time\" content=\"2021-06-10T11:51:45+00:00\" \/>\n<meta property=\"og:image\" content=\"https:\/\/www.wald.com.br\/wp-content\/uploads\/2020\/10\/L500-firm-2021.png\" \/>\n<meta name=\"author\" content=\"waldadmin2020\" \/>\n<meta name=\"twitter:card\" content=\"summary_large_image\" \/>\n<meta name=\"twitter:creator\" content=\"@waldadmin2020\" \/>\n<meta name=\"twitter:label1\" content=\"Written by\" \/>\n\t<meta name=\"twitter:data1\" content=\"waldadmin2020\" \/>\n\t<meta name=\"twitter:label2\" content=\"Est. reading time\" \/>\n\t<meta name=\"twitter:data2\" content=\"1 minute\" \/>\n<script type=\"application\/ld+json\" class=\"yoast-schema-graph\">{\"@context\":\"https:\\\/\\\/schema.org\",\"@graph\":[{\"@type\":\"Article\",\"@id\":\"https:\\\/\\\/www.wald.com.br\\\/the-legal-500-reconhece-o-escritorio-em-litigation-e-arbitration\\\/#article\",\"isPartOf\":{\"@id\":\"https:\\\/\\\/www.wald.com.br\\\/the-legal-500-reconhece-o-escritorio-em-litigation-e-arbitration\\\/\"},\"author\":{\"name\":\"waldadmin2020\",\"@id\":\"https:\\\/\\\/www.wald.com.br\\\/en\\\/#\\\/schema\\\/person\\\/63b1ba5d23c51fa9d050dd06ffd0e04a\"},\"headline\":\"The Legal 500 reconhece o escrit\u00f3rio em Litigation e Arbitration\",\"datePublished\":\"2020-10-07T16:38:17+00:00\",\"dateModified\":\"2021-06-10T11:51:45+00:00\",\"mainEntityOfPage\":{\"@id\":\"https:\\\/\\\/www.wald.com.br\\\/the-legal-500-reconhece-o-escritorio-em-litigation-e-arbitration\\\/\"},\"wordCount\":147,\"commentCount\":0,\"publisher\":{\"@id\":\"https:\\\/\\\/www.wald.com.br\\\/en\\\/#organization\"},\"image\":{\"@id\":\"https:\\\/\\\/www.wald.com.br\\\/the-legal-500-reconhece-o-escritorio-em-litigation-e-arbitration\\\/#primaryimage\"},\"thumbnailUrl\":\"https:\\\/\\\/www.wald.com.br\\\/wp-content\\\/uploads\\\/2020\\\/10\\\/L500-firm-2021.png\",\"keywords\":[\"Arbitragem\",\"Contencioso administrativo e judicial\",\"Legal 500\",\"Pr\u00e9-contencioso\"],\"articleSection\":[\"News\"],\"inLanguage\":\"en-US\",\"potentialAction\":[{\"@type\":\"CommentAction\",\"name\":\"Comment\",\"target\":[\"https:\\\/\\\/www.wald.com.br\\\/the-legal-500-reconhece-o-escritorio-em-litigation-e-arbitration\\\/#respond\"]}]},{\"@type\":\"WebPage\",\"@id\":\"https:\\\/\\\/www.wald.com.br\\\/the-legal-500-reconhece-o-escritorio-em-litigation-e-arbitration\\\/\",\"url\":\"https:\\\/\\\/www.wald.com.br\\\/the-legal-500-reconhece-o-escritorio-em-litigation-e-arbitration\\\/\",\"name\":\"The Legal 500 reconhece o escrit\u00f3rio em Litigation e Arbitration | Wald Advogados\",\"isPartOf\":{\"@id\":\"https:\\\/\\\/www.wald.com.br\\\/en\\\/#website\"},\"primaryImageOfPage\":{\"@id\":\"https:\\\/\\\/www.wald.com.br\\\/the-legal-500-reconhece-o-escritorio-em-litigation-e-arbitration\\\/#primaryimage\"},\"image\":{\"@id\":\"https:\\\/\\\/www.wald.com.br\\\/the-legal-500-reconhece-o-escritorio-em-litigation-e-arbitration\\\/#primaryimage\"},\"thumbnailUrl\":\"https:\\\/\\\/www.wald.com.br\\\/wp-content\\\/uploads\\\/2020\\\/10\\\/L500-firm-2021.png\",\"datePublished\":\"2020-10-07T16:38:17+00:00\",\"dateModified\":\"2021-06-10T11:51:45+00:00\",\"breadcrumb\":{\"@id\":\"https:\\\/\\\/www.wald.com.br\\\/the-legal-500-reconhece-o-escritorio-em-litigation-e-arbitration\\\/#breadcrumb\"},\"inLanguage\":\"en-US\",\"potentialAction\":[{\"@type\":\"ReadAction\",\"target\":[\"https:\\\/\\\/www.wald.com.br\\\/the-legal-500-reconhece-o-escritorio-em-litigation-e-arbitration\\\/\"]}]},{\"@type\":\"ImageObject\",\"inLanguage\":\"en-US\",\"@id\":\"https:\\\/\\\/www.wald.com.br\\\/the-legal-500-reconhece-o-escritorio-em-litigation-e-arbitration\\\/#primaryimage\",\"url\":\"https:\\\/\\\/www.wald.com.br\\\/wp-content\\\/uploads\\\/2020\\\/10\\\/L500-firm-2021.png\",\"contentUrl\":\"https:\\\/\\\/www.wald.com.br\\\/wp-content\\\/uploads\\\/2020\\\/10\\\/L500-firm-2021.png\"},{\"@type\":\"BreadcrumbList\",\"@id\":\"https:\\\/\\\/www.wald.com.br\\\/the-legal-500-reconhece-o-escritorio-em-litigation-e-arbitration\\\/#breadcrumb\",\"itemListElement\":[{\"@type\":\"ListItem\",\"position\":1,\"name\":\"In\u00edcio\",\"item\":\"https:\\\/\\\/www.wald.com.br\\\/\"},{\"@type\":\"ListItem\",\"position\":2,\"name\":\"The Legal 500 reconhece o escrit\u00f3rio em Litigation e Arbitration\"}]},{\"@type\":\"WebSite\",\"@id\":\"https:\\\/\\\/www.wald.com.br\\\/en\\\/#website\",\"url\":\"https:\\\/\\\/www.wald.com.br\\\/en\\\/\",\"name\":\"Wald Advogados\",\"description\":\"66 years of leading law practice\",\"publisher\":{\"@id\":\"https:\\\/\\\/www.wald.com.br\\\/en\\\/#organization\"},\"potentialAction\":[{\"@type\":\"SearchAction\",\"target\":{\"@type\":\"EntryPoint\",\"urlTemplate\":\"https:\\\/\\\/www.wald.com.br\\\/en\\\/?s={search_term_string}\"},\"query-input\":{\"@type\":\"PropertyValueSpecification\",\"valueRequired\":true,\"valueName\":\"search_term_string\"}}],\"inLanguage\":\"en-US\"},{\"@type\":\"Organization\",\"@id\":\"https:\\\/\\\/www.wald.com.br\\\/en\\\/#organization\",\"name\":\"Wald, Antunes, Vita, Longo e Blattner Advogados\",\"url\":\"https:\\\/\\\/www.wald.com.br\\\/en\\\/\",\"logo\":{\"@type\":\"ImageObject\",\"inLanguage\":\"en-US\",\"@id\":\"https:\\\/\\\/www.wald.com.br\\\/en\\\/#\\\/schema\\\/logo\\\/image\\\/\",\"url\":\"https:\\\/\\\/www.wald.com.br\\\/wp-content\\\/uploads\\\/2020\\\/02\\\/Logo_Wald.png\",\"contentUrl\":\"https:\\\/\\\/www.wald.com.br\\\/wp-content\\\/uploads\\\/2020\\\/02\\\/Logo_Wald.png\",\"width\":5260,\"height\":2565,\"caption\":\"Wald, Antunes, Vita, Longo e Blattner Advogados\"},\"image\":{\"@id\":\"https:\\\/\\\/www.wald.com.br\\\/en\\\/#\\\/schema\\\/logo\\\/image\\\/\"},\"sameAs\":[\"https:\\\/\\\/www.linkedin.com\\\/company\\\/wald\"]},{\"@type\":\"Person\",\"@id\":\"https:\\\/\\\/www.wald.com.br\\\/en\\\/#\\\/schema\\\/person\\\/63b1ba5d23c51fa9d050dd06ffd0e04a\",\"name\":\"waldadmin2020\",\"image\":{\"@type\":\"ImageObject\",\"inLanguage\":\"en-US\",\"@id\":\"https:\\\/\\\/secure.gravatar.com\\\/avatar\\\/a71cf721eb306cd72432a33f9852249bbdb558baa0f55419ddb257983362db55?s=96&d=mm&r=g\",\"url\":\"https:\\\/\\\/secure.gravatar.com\\\/avatar\\\/a71cf721eb306cd72432a33f9852249bbdb558baa0f55419ddb257983362db55?s=96&d=mm&r=g\",\"contentUrl\":\"https:\\\/\\\/secure.gravatar.com\\\/avatar\\\/a71cf721eb306cd72432a33f9852249bbdb558baa0f55419ddb257983362db55?s=96&d=mm&r=g\",\"caption\":\"waldadmin2020\"},\"sameAs\":[\"https:\\\/\\\/x.com\\\/waldadmin2020\"],\"url\":\"https:\\\/\\\/www.wald.com.br\\\/en\\\/author\\\/waldadmin2020\\\/\"}]}<\/script>\n<!-- \/ Yoast SEO plugin. -->","yoast_head_json":{"title":"The Legal 500 reconhece o escrit\u00f3rio em Litigation e Arbitration | Wald Advogados","robots":{"index":"index","follow":"follow","max-snippet":"max-snippet:-1","max-image-preview":"max-image-preview:large","max-video-preview":"max-video-preview:-1"},"canonical":"https:\/\/www.wald.com.br\/the-legal-500-reconhece-o-escritorio-em-litigation-e-arbitration\/","og_locale":"en_US","og_type":"article","og_title":"The Legal 500 reconhece o escrit\u00f3rio em Litigation e Arbitration | Wald Advogados","og_description":"O Wald, Antunes, Vita, Longo e Blattner Advogados foi mais uma vez reconhecido pelo ranking internacional The Legal 500, na edi\u00e7\u00e3o Latin America 2021, por sua atua\u00e7\u00e3o na \u00e1rea de resolu\u00e7\u00e3o de disputas. Fomos listados entre os principais escrit\u00f3rios no Brasil em Litigation e Arbitration e oito de nossos s\u00f3cios foram reconhecidos pela publica\u00e7\u00e3o: nosso [&hellip;]","og_url":"https:\/\/www.wald.com.br\/the-legal-500-reconhece-o-escritorio-em-litigation-e-arbitration\/","og_site_name":"Wald Advogados","article_published_time":"2020-10-07T16:38:17+00:00","article_modified_time":"2021-06-10T11:51:45+00:00","og_image":[{"url":"https:\/\/www.wald.com.br\/wp-content\/uploads\/2020\/10\/L500-firm-2021.png","type":"","width":"","height":""}],"author":"waldadmin2020","twitter_card":"summary_large_image","twitter_creator":"@waldadmin2020","twitter_misc":{"Written by":"waldadmin2020","Est. reading time":"1 minute"},"schema":{"@context":"https:\/\/schema.org","@graph":[{"@type":"Article","@id":"https:\/\/www.wald.com.br\/the-legal-500-reconhece-o-escritorio-em-litigation-e-arbitration\/#article","isPartOf":{"@id":"https:\/\/www.wald.com.br\/the-legal-500-reconhece-o-escritorio-em-litigation-e-arbitration\/"},"author":{"name":"waldadmin2020","@id":"https:\/\/www.wald.com.br\/en\/#\/schema\/person\/63b1ba5d23c51fa9d050dd06ffd0e04a"},"headline":"The Legal 500 reconhece o escrit\u00f3rio em Litigation e Arbitration","datePublished":"2020-10-07T16:38:17+00:00","dateModified":"2021-06-10T11:51:45+00:00","mainEntityOfPage":{"@id":"https:\/\/www.wald.com.br\/the-legal-500-reconhece-o-escritorio-em-litigation-e-arbitration\/"},"wordCount":147,"commentCount":0,"publisher":{"@id":"https:\/\/www.wald.com.br\/en\/#organization"},"image":{"@id":"https:\/\/www.wald.com.br\/the-legal-500-reconhece-o-escritorio-em-litigation-e-arbitration\/#primaryimage"},"thumbnailUrl":"https:\/\/www.wald.com.br\/wp-content\/uploads\/2020\/10\/L500-firm-2021.png","keywords":["Arbitragem","Contencioso administrativo e judicial","Legal 500","Pr\u00e9-contencioso"],"articleSection":["News"],"inLanguage":"en-US","potentialAction":[{"@type":"CommentAction","name":"Comment","target":["https:\/\/www.wald.com.br\/the-legal-500-reconhece-o-escritorio-em-litigation-e-arbitration\/#respond"]}]},{"@type":"WebPage","@id":"https:\/\/www.wald.com.br\/the-legal-500-reconhece-o-escritorio-em-litigation-e-arbitration\/","url":"https:\/\/www.wald.com.br\/the-legal-500-reconhece-o-escritorio-em-litigation-e-arbitration\/","name":"The Legal 500 reconhece o escrit\u00f3rio em Litigation e Arbitration | Wald Advogados","isPartOf":{"@id":"https:\/\/www.wald.com.br\/en\/#website"},"primaryImageOfPage":{"@id":"https:\/\/www.wald.com.br\/the-legal-500-reconhece-o-escritorio-em-litigation-e-arbitration\/#primaryimage"},"image":{"@id":"https:\/\/www.wald.com.br\/the-legal-500-reconhece-o-escritorio-em-litigation-e-arbitration\/#primaryimage"},"thumbnailUrl":"https:\/\/www.wald.com.br\/wp-content\/uploads\/2020\/10\/L500-firm-2021.png","datePublished":"2020-10-07T16:38:17+00:00","dateModified":"2021-06-10T11:51:45+00:00","breadcrumb":{"@id":"https:\/\/www.wald.com.br\/the-legal-500-reconhece-o-escritorio-em-litigation-e-arbitration\/#breadcrumb"},"inLanguage":"en-US","potentialAction":[{"@type":"ReadAction","target":["https:\/\/www.wald.com.br\/the-legal-500-reconhece-o-escritorio-em-litigation-e-arbitration\/"]}]},{"@type":"ImageObject","inLanguage":"en-US","@id":"https:\/\/www.wald.com.br\/the-legal-500-reconhece-o-escritorio-em-litigation-e-arbitration\/#primaryimage","url":"https:\/\/www.wald.com.br\/wp-content\/uploads\/2020\/10\/L500-firm-2021.png","contentUrl":"https:\/\/www.wald.com.br\/wp-content\/uploads\/2020\/10\/L500-firm-2021.png"},{"@type":"BreadcrumbList","@id":"https:\/\/www.wald.com.br\/the-legal-500-reconhece-o-escritorio-em-litigation-e-arbitration\/#breadcrumb","itemListElement":[{"@type":"ListItem","position":1,"name":"In\u00edcio","item":"https:\/\/www.wald.com.br\/"},{"@type":"ListItem","position":2,"name":"The Legal 500 reconhece o escrit\u00f3rio em Litigation e Arbitration"}]},{"@type":"WebSite","@id":"https:\/\/www.wald.com.br\/en\/#website","url":"https:\/\/www.wald.com.br\/en\/","name":"Wald Advogados","description":"66 years of leading law practice","publisher":{"@id":"https:\/\/www.wald.com.br\/en\/#organization"},"potentialAction":[{"@type":"SearchAction","target":{"@type":"EntryPoint","urlTemplate":"https:\/\/www.wald.com.br\/en\/?s={search_term_string}"},"query-input":{"@type":"PropertyValueSpecification","valueRequired":true,"valueName":"search_term_string"}}],"inLanguage":"en-US"},{"@type":"Organization","@id":"https:\/\/www.wald.com.br\/en\/#organization","name":"Wald, Antunes, Vita, Longo e Blattner Advogados","url":"https:\/\/www.wald.com.br\/en\/","logo":{"@type":"ImageObject","inLanguage":"en-US","@id":"https:\/\/www.wald.com.br\/en\/#\/schema\/logo\/image\/","url":"https:\/\/www.wald.com.br\/wp-content\/uploads\/2020\/02\/Logo_Wald.png","contentUrl":"https:\/\/www.wald.com.br\/wp-content\/uploads\/2020\/02\/Logo_Wald.png","width":5260,"height":2565,"caption":"Wald, Antunes, Vita, Longo e Blattner Advogados"},"image":{"@id":"https:\/\/www.wald.com.br\/en\/#\/schema\/logo\/image\/"},"sameAs":["https:\/\/www.linkedin.com\/company\/wald"]},{"@type":"Person","@id":"https:\/\/www.wald.com.br\/en\/#\/schema\/person\/63b1ba5d23c51fa9d050dd06ffd0e04a","name":"waldadmin2020","image":{"@type":"ImageObject","inLanguage":"en-US","@id":"https:\/\/secure.gravatar.com\/avatar\/a71cf721eb306cd72432a33f9852249bbdb558baa0f55419ddb257983362db55?s=96&d=mm&r=g","url":"https:\/\/secure.gravatar.com\/avatar\/a71cf721eb306cd72432a33f9852249bbdb558baa0f55419ddb257983362db55?s=96&d=mm&r=g","contentUrl":"https:\/\/secure.gravatar.com\/avatar\/a71cf721eb306cd72432a33f9852249bbdb558baa0f55419ddb257983362db55?s=96&d=mm&r=g","caption":"waldadmin2020"},"sameAs":["https:\/\/x.com\/waldadmin2020"],"url":"https:\/\/www.wald.com.br\/en\/author\/waldadmin2020\/"}]}},"_links":{"self":[{"href":"https:\/\/www.wald.com.br\/en\/wp-json\/wp\/v2\/posts\/1270","targetHints":{"allow":["GET"]}}],"collection":[{"href":"https:\/\/www.wald.com.br\/en\/wp-json\/wp\/v2\/posts"}],"about":[{"href":"https:\/\/www.wald.com.br\/en\/wp-json\/wp\/v2\/types\/post"}],"author":[{"embeddable":true,"href":"https:\/\/www.wald.com.br\/en\/wp-json\/wp\/v2\/users\/1"}],"replies":[{"embeddable":true,"href":"https:\/\/www.wald.com.br\/en\/wp-json\/wp\/v2\/comments?post=1270"}],"version-history":[{"count":5,"href":"https:\/\/www.wald.com.br\/en\/wp-json\/wp\/v2\/posts\/1270\/revisions"}],"predecessor-version":[{"id":1318,"href":"https:\/\/www.wald.com.br\/en\/wp-json\/wp\/v2\/posts\/1270\/revisions\/1318"}],"wp:attachment":[{"href":"https:\/\/www.wald.com.br\/en\/wp-json\/wp\/v2\/media?parent=1270"}],"wp:term":[{"taxonomy":"category","embeddable":true,"href":"https:\/\/www.wald.com.br\/en\/wp-json\/wp\/v2\/categories?post=1270"},{"taxonomy":"post_tag","embeddable":true,"href":"https:\/\/www.wald.com.br\/en\/wp-json\/wp\/v2\/tags?post=1270"}],"curies":[{"name":"wp","href":"https:\/\/api.w.org\/{rel}","templated":true}]}}