{"id":1287,"date":"2020-10-13T10:00:37","date_gmt":"2020-10-13T13:00:37","guid":{"rendered":"https:\/\/www.wald.com.br\/?p=1287"},"modified":"2021-06-10T08:51:27","modified_gmt":"2021-06-10T11:51:27","slug":"profissional-de-governanca-tem-atuacao-estrategica-nas-organizacoes","status":"publish","type":"post","link":"https:\/\/www.wald.com.br\/en\/profissional-de-governanca-tem-atuacao-estrategica-nas-organizacoes\/","title":{"rendered":"Profissional de governan\u00e7a tem atua\u00e7\u00e3o estrat\u00e9gica nas organiza\u00e7\u00f5es"},"content":{"rendered":"<p><span style=\"font-size: 20px;\"><strong><span style=\"font-size: 12px;\">Publicado no<br \/>\n<\/span><\/strong><a href=\"https:\/\/www.conjur.com.br\/2020-out-12\/giovanna-gallo-atuacao-profissional-governanca\" target=\"_blank\" rel=\"noopener noreferrer\"><img loading=\"lazy\" decoding=\"async\" class=\"alignnone wp-image-912\" src=\"https:\/\/www.wald.com.br\/wp-content\/uploads\/2020\/04\/conjur_html_2e39a9340d739397.png\" alt=\"\" width=\"171\" height=\"35\" \/><\/a><\/span><\/p>\n<p>A import\u00e2ncia da governan\u00e7a corporativa tornou-se ainda mais evidente nos \u00faltimos meses, sendo reconhecida pela maior parte dos administradores e empreendedores como fator fundamental na supera\u00e7\u00e3o da crise decorrente da recente pandemia da Covid-19.<\/p>\n<p>Dentro desse contexto, a discuss\u00e3o sobre as fun\u00e7\u00f5es e responsabilidades do profissional de governan\u00e7a (tamb\u00e9m chamado de secret\u00e1rio de governan\u00e7a ou <em>governance officer<\/em>) vem ganhando espa\u00e7o.<\/p>\n<p>O escopo de atua\u00e7\u00e3o desse profissional \u00e9 delimitado de acordo com porte, estrutura e est\u00e1gio de maturidade do sistema de governan\u00e7a de cada organiza\u00e7\u00e3o. Por\u00e9m, em todos os casos, o desempenho dessa fun\u00e7\u00e3o pode e deve contribuir para: 1) o desenvolvimento das melhores pr\u00e1ticas; 2) a mitiga\u00e7\u00e3o de riscos; 3) a melhoria da qualidade de decis\u00f5es estrat\u00e9gicas; 4) a implanta\u00e7\u00e3o efetiva de processos de avalia\u00e7\u00e3o e educa\u00e7\u00e3o continuada de administradores; e 5) a garantia de que o fluxo de informa\u00e7\u00f5es seja adequado, entre tantos outros aspectos.<\/p>\n<p>Se o secret\u00e1rio do conselho era visto como mero &#8220;redator&#8221; de atas, atualmente seu papel tem sido ampliado e ganhado relev\u00e2ncia, de modo que at\u00e9 mesmo sua denomina\u00e7\u00e3o evoluiu, tornando-se mais aderente ao perfil necess\u00e1rio para o desempenho das fun\u00e7\u00f5es: <em>chief governance officers<\/em>.<\/p>\n<p>Al\u00e9m dos aspectos operacionais (relacionados \u00e0 elabora\u00e7\u00e3o e guarda de atas, organiza\u00e7\u00e3o de pauta, administra\u00e7\u00e3o de portal, acompanhamento de pend\u00eancias), o profissional de governan\u00e7a poder\u00e1 ter uma atua\u00e7\u00e3o estrat\u00e9gica acentuada. Pode criar um ambiente seguro e eficaz para que a cultura, os princ\u00edpios e regras de governan\u00e7a e de <em>compliance<\/em> saiam do papel e se tornem efetivas.<\/p>\n<p>Esse profissional poder\u00e1 ser respons\u00e1vel, entre outras atividades, por monitorar e propor ajustes ao sistema de governan\u00e7a, organizar processos e apoiar a integra\u00e7\u00e3o de novos membros dos conselhos e comit\u00eas, garantir a troca de informa\u00e7\u00f5es e alinhamento entre os \u00f3rg\u00e3os da administra\u00e7\u00e3o, promover atividades de educa\u00e7\u00e3o continuada, criar m\u00e9tricas e sistema de avalia\u00e7\u00e3o de administradores, elaborar e implementar pol\u00edticas e regimentos internos.<\/p>\n<p>De fato, quanto mais amplo o escopo de atua\u00e7\u00e3o do profissional de governan\u00e7a, mais ele pode contribuir para a sustentabilidade e perenidade da companhia. Em alguns artigos (nacionais e internacionais), seu papel \u00e9 comparado ao de um afinador ou maestro de uma orquestra, tamanha sua relev\u00e2ncia.<\/p>\n<p>Nesse sentido, importante tamb\u00e9m delimitar quais s\u00e3o as principais compet\u00eancias requeridas desse profissional.<\/p>\n<p>\u00c9 primordial que ele (ou ela) tenha compet\u00eancias e habilidades pessoais que garantam uma atua\u00e7\u00e3o eficaz. Dentre elas, se destacam:<\/p>\n<p>\u2014 Boa comunica\u00e7\u00e3o, capacidade de articula\u00e7\u00e3o e integra\u00e7\u00e3o: considerando que dever\u00e1 atuar na interface dos agentes de governan\u00e7a e membros dos \u00f3rg\u00e3os societ\u00e1rios. Empatia tamb\u00e9m \u00e9 citada como uma caracter\u00edstica exigida.<\/p>\n<p>\u2014 \u00c9tica, responsabilidade e sigilo: j\u00e1 que atuar\u00e1 o tempo todo com informa\u00e7\u00f5es confidenciais e privilegiados.<\/p>\n<p>\u2014 Vis\u00e3o estrat\u00e9gica: para promover a\u00e7\u00f5es necess\u00e1rias para o alinhamento de interesses e efic\u00e1cia das decis\u00f5es, garantindo, em conjunto com os administradores, a sustentabilidade da organiza\u00e7\u00e3o.<\/p>\n<p>\u2014 Intelig\u00eancia emocional e discernimento: para atuar em situa\u00e7\u00f5es delicadas, evitando conflitos de interesse e colaborando para que as decis\u00f5es sejam tomadas de maneira esclarecida.<\/p>\n<p>\u2014 Comprometimento, credibilidade e independ\u00eancia: s\u00e3o habilidades indissoci\u00e1veis desse profissional, pois apenas com essas poder\u00e1 contribuir e agregar valor \u00e0 governan\u00e7a e ao neg\u00f3cio.<\/p>\n<p>Do ponto de vista da qualifica\u00e7\u00e3o profissional, n\u00e3o \u00e9 exigida uma forma\u00e7\u00e3o acad\u00eamica espec\u00edfica, mas, sim, que adquira um conhecimento amplo do setor de atua\u00e7\u00e3o da sociedade (ou organiza\u00e7\u00e3o).<\/p>\n<p>\u00c9 bastante desej\u00e1vel que o profissional tenha tamb\u00e9m conhecimento dos aspectos legais e regulat\u00f3rios envolvidos, al\u00e9m de experi\u00eancia em governan\u00e7a e compliance.<\/p>\n<p>Por fim, cabe abordar se esse profissional deve ser um agente interno \u00e0 organiza\u00e7\u00e3o ou externo. Em organiza\u00e7\u00f5es com cultura e governan\u00e7a j\u00e1 consolidada, parece mais comum que a escolha do profissional seja feita internamente. J\u00e1 as organiza\u00e7\u00f5es em fase de implementa\u00e7\u00e3o de um sistema de governan\u00e7a poder\u00e3o se aproveitar dos conhecimentos e experi\u00eancia de um profissional de mercado.<\/p>\n<p>Consideramos que a valoriza\u00e7\u00e3o desse profissional, acompanhada da evolu\u00e7\u00e3o das fun\u00e7\u00f5es por ele desempenhadas, traz diversos benef\u00edcios para as organiza\u00e7\u00f5es e est\u00e1 em conson\u00e2ncia com o amadurecimento da governan\u00e7a no mercado brasileiro.<\/p>\n<p>Artigo publicado no <a href=\"https:\/\/www.conjur.com.br\/2020-out-12\/giovanna-gallo-atuacao-profissional-governanca\" target=\"_blank\" rel=\"noopener noreferrer\">Consultor Jur\u00eddico<\/a>.<\/p>\n","protected":false},"excerpt":{"rendered":"<p>Publicado no A import\u00e2ncia da governan\u00e7a corporativa tornou-se ainda mais evidente nos \u00faltimos meses, sendo reconhecida pela maior parte dos administradores e empreendedores como fator fundamental na supera\u00e7\u00e3o da crise decorrente da recente pandemia da Covid-19. Dentro desse contexto, a discuss\u00e3o sobre as fun\u00e7\u00f5es e responsabilidades do profissional de governan\u00e7a (tamb\u00e9m chamado de secret\u00e1rio de [&hellip;]<\/p>\n","protected":false},"author":1,"featured_media":0,"comment_status":"open","ping_status":"closed","sticky":false,"template":"","format":"standard","meta":{"_acf_changed":false,"footnotes":""},"categories":[3],"tags":[20,71,75,16],"class_list":["post-1287","post","type-post","status-publish","format-standard","hentry","category-artigos","tag-covid-19","tag-governanca-corporativa","tag-governance-officer","tag-precontencioso"],"acf":[],"yoast_head":"<!-- This site is optimized with the Yoast SEO plugin v27.4 - https:\/\/yoast.com\/product\/yoast-seo-wordpress\/ -->\n<title>Profissional de governan\u00e7a tem atua\u00e7\u00e3o estrat\u00e9gica nas organiza\u00e7\u00f5es | Wald Advogados<\/title>\n<meta name=\"robots\" content=\"index, follow, max-snippet:-1, max-image-preview:large, max-video-preview:-1\" \/>\n<link rel=\"canonical\" href=\"https:\/\/www.wald.com.br\/en\/profissional-de-governanca-tem-atuacao-estrategica-nas-organizacoes\/\" \/>\n<meta property=\"og:locale\" content=\"en_US\" \/>\n<meta property=\"og:type\" content=\"article\" \/>\n<meta property=\"og:title\" content=\"Profissional de governan\u00e7a tem atua\u00e7\u00e3o estrat\u00e9gica nas organiza\u00e7\u00f5es | Wald Advogados\" \/>\n<meta property=\"og:description\" content=\"Publicado no A import\u00e2ncia da governan\u00e7a corporativa tornou-se ainda mais evidente nos \u00faltimos meses, sendo reconhecida pela maior parte dos administradores e empreendedores como fator fundamental na supera\u00e7\u00e3o da crise decorrente da recente pandemia da Covid-19. Dentro desse contexto, a discuss\u00e3o sobre as fun\u00e7\u00f5es e responsabilidades do profissional de governan\u00e7a (tamb\u00e9m chamado de secret\u00e1rio de [&hellip;]\" \/>\n<meta property=\"og:url\" content=\"https:\/\/www.wald.com.br\/en\/profissional-de-governanca-tem-atuacao-estrategica-nas-organizacoes\/\" \/>\n<meta property=\"og:site_name\" content=\"Wald Advogados\" \/>\n<meta property=\"article:published_time\" content=\"2020-10-13T13:00:37+00:00\" \/>\n<meta property=\"article:modified_time\" content=\"2021-06-10T11:51:27+00:00\" \/>\n<meta property=\"og:image\" content=\"https:\/\/www.wald.com.br\/wp-content\/uploads\/2020\/04\/conjur_html_2e39a9340d739397.png\" \/>\n<meta name=\"author\" content=\"waldadmin2020\" \/>\n<meta name=\"twitter:card\" content=\"summary_large_image\" \/>\n<meta name=\"twitter:creator\" content=\"@waldadmin2020\" \/>\n<meta name=\"twitter:label1\" content=\"Written by\" \/>\n\t<meta name=\"twitter:data1\" content=\"waldadmin2020\" \/>\n\t<meta name=\"twitter:label2\" content=\"Est. reading time\" \/>\n\t<meta name=\"twitter:data2\" content=\"4 minutes\" \/>\n<script type=\"application\/ld+json\" class=\"yoast-schema-graph\">{\"@context\":\"https:\\\/\\\/schema.org\",\"@graph\":[{\"@type\":\"Article\",\"@id\":\"https:\\\/\\\/www.wald.com.br\\\/en\\\/profissional-de-governanca-tem-atuacao-estrategica-nas-organizacoes\\\/#article\",\"isPartOf\":{\"@id\":\"https:\\\/\\\/www.wald.com.br\\\/en\\\/profissional-de-governanca-tem-atuacao-estrategica-nas-organizacoes\\\/\"},\"author\":{\"name\":\"waldadmin2020\",\"@id\":\"https:\\\/\\\/www.wald.com.br\\\/en\\\/#\\\/schema\\\/person\\\/63b1ba5d23c51fa9d050dd06ffd0e04a\"},\"headline\":\"Profissional de governan\u00e7a tem atua\u00e7\u00e3o estrat\u00e9gica nas organiza\u00e7\u00f5es\",\"datePublished\":\"2020-10-13T13:00:37+00:00\",\"dateModified\":\"2021-06-10T11:51:27+00:00\",\"mainEntityOfPage\":{\"@id\":\"https:\\\/\\\/www.wald.com.br\\\/en\\\/profissional-de-governanca-tem-atuacao-estrategica-nas-organizacoes\\\/\"},\"wordCount\":762,\"commentCount\":0,\"publisher\":{\"@id\":\"https:\\\/\\\/www.wald.com.br\\\/en\\\/#organization\"},\"image\":{\"@id\":\"https:\\\/\\\/www.wald.com.br\\\/en\\\/profissional-de-governanca-tem-atuacao-estrategica-nas-organizacoes\\\/#primaryimage\"},\"thumbnailUrl\":\"https:\\\/\\\/www.wald.com.br\\\/wp-content\\\/uploads\\\/2020\\\/04\\\/conjur_html_2e39a9340d739397.png\",\"keywords\":[\"Covid-19\",\"Governan\u00e7a corporativa\",\"Governance officer\",\"Pr\u00e9-contencioso\"],\"articleSection\":[\"Articles\"],\"inLanguage\":\"en-US\",\"potentialAction\":[{\"@type\":\"CommentAction\",\"name\":\"Comment\",\"target\":[\"https:\\\/\\\/www.wald.com.br\\\/en\\\/profissional-de-governanca-tem-atuacao-estrategica-nas-organizacoes\\\/#respond\"]}]},{\"@type\":\"WebPage\",\"@id\":\"https:\\\/\\\/www.wald.com.br\\\/en\\\/profissional-de-governanca-tem-atuacao-estrategica-nas-organizacoes\\\/\",\"url\":\"https:\\\/\\\/www.wald.com.br\\\/en\\\/profissional-de-governanca-tem-atuacao-estrategica-nas-organizacoes\\\/\",\"name\":\"Profissional de governan\u00e7a tem atua\u00e7\u00e3o estrat\u00e9gica nas organiza\u00e7\u00f5es | Wald Advogados\",\"isPartOf\":{\"@id\":\"https:\\\/\\\/www.wald.com.br\\\/en\\\/#website\"},\"primaryImageOfPage\":{\"@id\":\"https:\\\/\\\/www.wald.com.br\\\/en\\\/profissional-de-governanca-tem-atuacao-estrategica-nas-organizacoes\\\/#primaryimage\"},\"image\":{\"@id\":\"https:\\\/\\\/www.wald.com.br\\\/en\\\/profissional-de-governanca-tem-atuacao-estrategica-nas-organizacoes\\\/#primaryimage\"},\"thumbnailUrl\":\"https:\\\/\\\/www.wald.com.br\\\/wp-content\\\/uploads\\\/2020\\\/04\\\/conjur_html_2e39a9340d739397.png\",\"datePublished\":\"2020-10-13T13:00:37+00:00\",\"dateModified\":\"2021-06-10T11:51:27+00:00\",\"breadcrumb\":{\"@id\":\"https:\\\/\\\/www.wald.com.br\\\/en\\\/profissional-de-governanca-tem-atuacao-estrategica-nas-organizacoes\\\/#breadcrumb\"},\"inLanguage\":\"en-US\",\"potentialAction\":[{\"@type\":\"ReadAction\",\"target\":[\"https:\\\/\\\/www.wald.com.br\\\/en\\\/profissional-de-governanca-tem-atuacao-estrategica-nas-organizacoes\\\/\"]}]},{\"@type\":\"ImageObject\",\"inLanguage\":\"en-US\",\"@id\":\"https:\\\/\\\/www.wald.com.br\\\/en\\\/profissional-de-governanca-tem-atuacao-estrategica-nas-organizacoes\\\/#primaryimage\",\"url\":\"https:\\\/\\\/www.wald.com.br\\\/wp-content\\\/uploads\\\/2020\\\/04\\\/conjur_html_2e39a9340d739397.png\",\"contentUrl\":\"https:\\\/\\\/www.wald.com.br\\\/wp-content\\\/uploads\\\/2020\\\/04\\\/conjur_html_2e39a9340d739397.png\"},{\"@type\":\"BreadcrumbList\",\"@id\":\"https:\\\/\\\/www.wald.com.br\\\/en\\\/profissional-de-governanca-tem-atuacao-estrategica-nas-organizacoes\\\/#breadcrumb\",\"itemListElement\":[{\"@type\":\"ListItem\",\"position\":1,\"name\":\"In\u00edcio\",\"item\":\"https:\\\/\\\/www.wald.com.br\\\/\"},{\"@type\":\"ListItem\",\"position\":2,\"name\":\"Profissional de governan\u00e7a tem atua\u00e7\u00e3o estrat\u00e9gica nas organiza\u00e7\u00f5es\"}]},{\"@type\":\"WebSite\",\"@id\":\"https:\\\/\\\/www.wald.com.br\\\/en\\\/#website\",\"url\":\"https:\\\/\\\/www.wald.com.br\\\/en\\\/\",\"name\":\"Wald Advogados\",\"description\":\"66 years of leading law practice\",\"publisher\":{\"@id\":\"https:\\\/\\\/www.wald.com.br\\\/en\\\/#organization\"},\"potentialAction\":[{\"@type\":\"SearchAction\",\"target\":{\"@type\":\"EntryPoint\",\"urlTemplate\":\"https:\\\/\\\/www.wald.com.br\\\/en\\\/?s={search_term_string}\"},\"query-input\":{\"@type\":\"PropertyValueSpecification\",\"valueRequired\":true,\"valueName\":\"search_term_string\"}}],\"inLanguage\":\"en-US\"},{\"@type\":\"Organization\",\"@id\":\"https:\\\/\\\/www.wald.com.br\\\/en\\\/#organization\",\"name\":\"Wald, Antunes, Vita, Longo e Blattner Advogados\",\"url\":\"https:\\\/\\\/www.wald.com.br\\\/en\\\/\",\"logo\":{\"@type\":\"ImageObject\",\"inLanguage\":\"en-US\",\"@id\":\"https:\\\/\\\/www.wald.com.br\\\/en\\\/#\\\/schema\\\/logo\\\/image\\\/\",\"url\":\"https:\\\/\\\/www.wald.com.br\\\/wp-content\\\/uploads\\\/2020\\\/02\\\/Logo_Wald.png\",\"contentUrl\":\"https:\\\/\\\/www.wald.com.br\\\/wp-content\\\/uploads\\\/2020\\\/02\\\/Logo_Wald.png\",\"width\":5260,\"height\":2565,\"caption\":\"Wald, Antunes, Vita, Longo e Blattner Advogados\"},\"image\":{\"@id\":\"https:\\\/\\\/www.wald.com.br\\\/en\\\/#\\\/schema\\\/logo\\\/image\\\/\"},\"sameAs\":[\"https:\\\/\\\/www.linkedin.com\\\/company\\\/wald\"]},{\"@type\":\"Person\",\"@id\":\"https:\\\/\\\/www.wald.com.br\\\/en\\\/#\\\/schema\\\/person\\\/63b1ba5d23c51fa9d050dd06ffd0e04a\",\"name\":\"waldadmin2020\",\"image\":{\"@type\":\"ImageObject\",\"inLanguage\":\"en-US\",\"@id\":\"https:\\\/\\\/secure.gravatar.com\\\/avatar\\\/a71cf721eb306cd72432a33f9852249bbdb558baa0f55419ddb257983362db55?s=96&d=mm&r=g\",\"url\":\"https:\\\/\\\/secure.gravatar.com\\\/avatar\\\/a71cf721eb306cd72432a33f9852249bbdb558baa0f55419ddb257983362db55?s=96&d=mm&r=g\",\"contentUrl\":\"https:\\\/\\\/secure.gravatar.com\\\/avatar\\\/a71cf721eb306cd72432a33f9852249bbdb558baa0f55419ddb257983362db55?s=96&d=mm&r=g\",\"caption\":\"waldadmin2020\"},\"sameAs\":[\"https:\\\/\\\/x.com\\\/waldadmin2020\"],\"url\":\"https:\\\/\\\/www.wald.com.br\\\/en\\\/author\\\/waldadmin2020\\\/\"}]}<\/script>\n<!-- \/ Yoast SEO plugin. -->","yoast_head_json":{"title":"Profissional de governan\u00e7a tem atua\u00e7\u00e3o estrat\u00e9gica nas organiza\u00e7\u00f5es | Wald Advogados","robots":{"index":"index","follow":"follow","max-snippet":"max-snippet:-1","max-image-preview":"max-image-preview:large","max-video-preview":"max-video-preview:-1"},"canonical":"https:\/\/www.wald.com.br\/en\/profissional-de-governanca-tem-atuacao-estrategica-nas-organizacoes\/","og_locale":"en_US","og_type":"article","og_title":"Profissional de governan\u00e7a tem atua\u00e7\u00e3o estrat\u00e9gica nas organiza\u00e7\u00f5es | Wald Advogados","og_description":"Publicado no A import\u00e2ncia da governan\u00e7a corporativa tornou-se ainda mais evidente nos \u00faltimos meses, sendo reconhecida pela maior parte dos administradores e empreendedores como fator fundamental na supera\u00e7\u00e3o da crise decorrente da recente pandemia da Covid-19. Dentro desse contexto, a discuss\u00e3o sobre as fun\u00e7\u00f5es e responsabilidades do profissional de governan\u00e7a (tamb\u00e9m chamado de secret\u00e1rio de [&hellip;]","og_url":"https:\/\/www.wald.com.br\/en\/profissional-de-governanca-tem-atuacao-estrategica-nas-organizacoes\/","og_site_name":"Wald Advogados","article_published_time":"2020-10-13T13:00:37+00:00","article_modified_time":"2021-06-10T11:51:27+00:00","og_image":[{"url":"https:\/\/www.wald.com.br\/wp-content\/uploads\/2020\/04\/conjur_html_2e39a9340d739397.png","type":"","width":"","height":""}],"author":"waldadmin2020","twitter_card":"summary_large_image","twitter_creator":"@waldadmin2020","twitter_misc":{"Written by":"waldadmin2020","Est. reading time":"4 minutes"},"schema":{"@context":"https:\/\/schema.org","@graph":[{"@type":"Article","@id":"https:\/\/www.wald.com.br\/en\/profissional-de-governanca-tem-atuacao-estrategica-nas-organizacoes\/#article","isPartOf":{"@id":"https:\/\/www.wald.com.br\/en\/profissional-de-governanca-tem-atuacao-estrategica-nas-organizacoes\/"},"author":{"name":"waldadmin2020","@id":"https:\/\/www.wald.com.br\/en\/#\/schema\/person\/63b1ba5d23c51fa9d050dd06ffd0e04a"},"headline":"Profissional de governan\u00e7a tem atua\u00e7\u00e3o estrat\u00e9gica nas organiza\u00e7\u00f5es","datePublished":"2020-10-13T13:00:37+00:00","dateModified":"2021-06-10T11:51:27+00:00","mainEntityOfPage":{"@id":"https:\/\/www.wald.com.br\/en\/profissional-de-governanca-tem-atuacao-estrategica-nas-organizacoes\/"},"wordCount":762,"commentCount":0,"publisher":{"@id":"https:\/\/www.wald.com.br\/en\/#organization"},"image":{"@id":"https:\/\/www.wald.com.br\/en\/profissional-de-governanca-tem-atuacao-estrategica-nas-organizacoes\/#primaryimage"},"thumbnailUrl":"https:\/\/www.wald.com.br\/wp-content\/uploads\/2020\/04\/conjur_html_2e39a9340d739397.png","keywords":["Covid-19","Governan\u00e7a corporativa","Governance officer","Pr\u00e9-contencioso"],"articleSection":["Articles"],"inLanguage":"en-US","potentialAction":[{"@type":"CommentAction","name":"Comment","target":["https:\/\/www.wald.com.br\/en\/profissional-de-governanca-tem-atuacao-estrategica-nas-organizacoes\/#respond"]}]},{"@type":"WebPage","@id":"https:\/\/www.wald.com.br\/en\/profissional-de-governanca-tem-atuacao-estrategica-nas-organizacoes\/","url":"https:\/\/www.wald.com.br\/en\/profissional-de-governanca-tem-atuacao-estrategica-nas-organizacoes\/","name":"Profissional de governan\u00e7a tem atua\u00e7\u00e3o estrat\u00e9gica nas organiza\u00e7\u00f5es | Wald Advogados","isPartOf":{"@id":"https:\/\/www.wald.com.br\/en\/#website"},"primaryImageOfPage":{"@id":"https:\/\/www.wald.com.br\/en\/profissional-de-governanca-tem-atuacao-estrategica-nas-organizacoes\/#primaryimage"},"image":{"@id":"https:\/\/www.wald.com.br\/en\/profissional-de-governanca-tem-atuacao-estrategica-nas-organizacoes\/#primaryimage"},"thumbnailUrl":"https:\/\/www.wald.com.br\/wp-content\/uploads\/2020\/04\/conjur_html_2e39a9340d739397.png","datePublished":"2020-10-13T13:00:37+00:00","dateModified":"2021-06-10T11:51:27+00:00","breadcrumb":{"@id":"https:\/\/www.wald.com.br\/en\/profissional-de-governanca-tem-atuacao-estrategica-nas-organizacoes\/#breadcrumb"},"inLanguage":"en-US","potentialAction":[{"@type":"ReadAction","target":["https:\/\/www.wald.com.br\/en\/profissional-de-governanca-tem-atuacao-estrategica-nas-organizacoes\/"]}]},{"@type":"ImageObject","inLanguage":"en-US","@id":"https:\/\/www.wald.com.br\/en\/profissional-de-governanca-tem-atuacao-estrategica-nas-organizacoes\/#primaryimage","url":"https:\/\/www.wald.com.br\/wp-content\/uploads\/2020\/04\/conjur_html_2e39a9340d739397.png","contentUrl":"https:\/\/www.wald.com.br\/wp-content\/uploads\/2020\/04\/conjur_html_2e39a9340d739397.png"},{"@type":"BreadcrumbList","@id":"https:\/\/www.wald.com.br\/en\/profissional-de-governanca-tem-atuacao-estrategica-nas-organizacoes\/#breadcrumb","itemListElement":[{"@type":"ListItem","position":1,"name":"In\u00edcio","item":"https:\/\/www.wald.com.br\/"},{"@type":"ListItem","position":2,"name":"Profissional de governan\u00e7a tem atua\u00e7\u00e3o estrat\u00e9gica nas organiza\u00e7\u00f5es"}]},{"@type":"WebSite","@id":"https:\/\/www.wald.com.br\/en\/#website","url":"https:\/\/www.wald.com.br\/en\/","name":"Wald Advogados","description":"66 years of leading law practice","publisher":{"@id":"https:\/\/www.wald.com.br\/en\/#organization"},"potentialAction":[{"@type":"SearchAction","target":{"@type":"EntryPoint","urlTemplate":"https:\/\/www.wald.com.br\/en\/?s={search_term_string}"},"query-input":{"@type":"PropertyValueSpecification","valueRequired":true,"valueName":"search_term_string"}}],"inLanguage":"en-US"},{"@type":"Organization","@id":"https:\/\/www.wald.com.br\/en\/#organization","name":"Wald, Antunes, Vita, Longo e Blattner Advogados","url":"https:\/\/www.wald.com.br\/en\/","logo":{"@type":"ImageObject","inLanguage":"en-US","@id":"https:\/\/www.wald.com.br\/en\/#\/schema\/logo\/image\/","url":"https:\/\/www.wald.com.br\/wp-content\/uploads\/2020\/02\/Logo_Wald.png","contentUrl":"https:\/\/www.wald.com.br\/wp-content\/uploads\/2020\/02\/Logo_Wald.png","width":5260,"height":2565,"caption":"Wald, Antunes, Vita, Longo e Blattner Advogados"},"image":{"@id":"https:\/\/www.wald.com.br\/en\/#\/schema\/logo\/image\/"},"sameAs":["https:\/\/www.linkedin.com\/company\/wald"]},{"@type":"Person","@id":"https:\/\/www.wald.com.br\/en\/#\/schema\/person\/63b1ba5d23c51fa9d050dd06ffd0e04a","name":"waldadmin2020","image":{"@type":"ImageObject","inLanguage":"en-US","@id":"https:\/\/secure.gravatar.com\/avatar\/a71cf721eb306cd72432a33f9852249bbdb558baa0f55419ddb257983362db55?s=96&d=mm&r=g","url":"https:\/\/secure.gravatar.com\/avatar\/a71cf721eb306cd72432a33f9852249bbdb558baa0f55419ddb257983362db55?s=96&d=mm&r=g","contentUrl":"https:\/\/secure.gravatar.com\/avatar\/a71cf721eb306cd72432a33f9852249bbdb558baa0f55419ddb257983362db55?s=96&d=mm&r=g","caption":"waldadmin2020"},"sameAs":["https:\/\/x.com\/waldadmin2020"],"url":"https:\/\/www.wald.com.br\/en\/author\/waldadmin2020\/"}]}},"_links":{"self":[{"href":"https:\/\/www.wald.com.br\/en\/wp-json\/wp\/v2\/posts\/1287","targetHints":{"allow":["GET"]}}],"collection":[{"href":"https:\/\/www.wald.com.br\/en\/wp-json\/wp\/v2\/posts"}],"about":[{"href":"https:\/\/www.wald.com.br\/en\/wp-json\/wp\/v2\/types\/post"}],"author":[{"embeddable":true,"href":"https:\/\/www.wald.com.br\/en\/wp-json\/wp\/v2\/users\/1"}],"replies":[{"embeddable":true,"href":"https:\/\/www.wald.com.br\/en\/wp-json\/wp\/v2\/comments?post=1287"}],"version-history":[{"count":2,"href":"https:\/\/www.wald.com.br\/en\/wp-json\/wp\/v2\/posts\/1287\/revisions"}],"predecessor-version":[{"id":1289,"href":"https:\/\/www.wald.com.br\/en\/wp-json\/wp\/v2\/posts\/1287\/revisions\/1289"}],"wp:attachment":[{"href":"https:\/\/www.wald.com.br\/en\/wp-json\/wp\/v2\/media?parent=1287"}],"wp:term":[{"taxonomy":"category","embeddable":true,"href":"https:\/\/www.wald.com.br\/en\/wp-json\/wp\/v2\/categories?post=1287"},{"taxonomy":"post_tag","embeddable":true,"href":"https:\/\/www.wald.com.br\/en\/wp-json\/wp\/v2\/tags?post=1287"}],"curies":[{"name":"wp","href":"https:\/\/api.w.org\/{rel}","templated":true}]}}