{"id":1297,"date":"2020-10-15T10:32:13","date_gmt":"2020-10-15T13:32:13","guid":{"rendered":"https:\/\/www.wald.com.br\/?p=1297"},"modified":"2020-10-15T10:59:50","modified_gmt":"2020-10-15T13:59:50","slug":"marcus-vinicius-vita-comenta-possibilidade-do-stj-rediscutir-aplicacao-da-taxa-selic-em-dividas-civis","status":"publish","type":"post","link":"https:\/\/www.wald.com.br\/en\/marcus-vinicius-vita-comenta-possibilidade-do-stj-rediscutir-aplicacao-da-taxa-selic-em-dividas-civis\/","title":{"rendered":"Marcus Vinicius Vita comenta possibilidade do STJ rediscutir aplica\u00e7\u00e3o da taxa Selic em d\u00edvidas civis"},"content":{"rendered":"<p><span style=\"font-size: 20px;\"><strong><span style=\"font-size: 12px;\">Publicado no<br \/>\n<\/span><\/strong><a href=\"https:\/\/valor.globo.com\/legislacao\/noticia\/2020\/10\/15\/corte-especial-do-stj-podera-rediscutir-aplicacao-da-taxa-selic-em-dividas-civis.ghtml\" target=\"_blank\" rel=\"noopener noreferrer\"><img loading=\"lazy\" decoding=\"async\" class=\"alignnone wp-image-912\" src=\"https:\/\/www.wald.com.br\/wp-content\/uploads\/2020\/04\/Valor.png\" alt=\"\" width=\"100\" height=\"19\" \/><\/a><\/span><\/p>\n<p><strong>Corte Especial do STJ poder\u00e1 rediscutir aplica\u00e7\u00e3o da taxa Selic em d\u00edvidas civis<br \/>\n<\/strong><br \/>\nA Corte Especial do Superior Tribunal de Justi\u00e7a (STJ) poder\u00e1 rediscutir a aplica\u00e7\u00e3o da Selic em d\u00edvidas civis. Com a taxa b\u00e1sica no menor patamar hist\u00f3rico, os ministros da 3\u00aa Turma debateram na ter\u00e7a-feira sobre essa possibilidade, em julgamento que discutiu a aplica\u00e7\u00e3o de juros de mora em indeniza\u00e7\u00e3o a ser paga por dois engenheiros.<\/p>\n<p>A Selic est\u00e1 hoje em 2%. O patamar de um d\u00edgito para o \u00edndice, definido pelo Banco Central, \u00e9 recente no Brasil. Em setembro de 2008, quando a Corte Especial do STJ decidiu pela aplica\u00e7\u00e3o da Selic em d\u00edvidas civis &#8211; que englobaria tanto a corre\u00e7\u00e3o monet\u00e1ria quanto os juros de mora &#8211; estava em 13,75%.<\/p>\n<p>O ponto central da discuss\u00e3o \u00e9 o artigo 406 do C\u00f3digo Civil. O dispositivo determina que os juros morat\u00f3rios, quando n\u00e3o forem convencionados, ser\u00e3o fixados pela taxa que estiver em vigor para o pagamento de impostos devidos \u00e0 Fazenda Nacional.<\/p>\n<p>Em setembro de 2008, a Corte Especial decidiu, em recurso repetitivo (REsp 727842), que a taxa a que se refere artigo 406 \u00e9 a do Sistema Especial de Liquida\u00e7\u00e3o e Cust\u00f3dia (Selic). A outra op\u00e7\u00e3o no julgamento era a aplica\u00e7\u00e3o de juros de mora de 1% ao m\u00eas &#8211; na \u00e9poca, se anuais, menores que a Selic.<\/p>\n<p>Com a redu\u00e7\u00e3o da taxa b\u00e1sica de juros, a quest\u00e3o voltou a ser discutida na 3\u00aa Turma do STJ. No caso, dois engenheiros pediam a reforma de decis\u00e3o do Tribunal de Justi\u00e7a do Paran\u00e1 (TJ-PR) para aplica\u00e7\u00e3o da Selic \u00e0 indeniza\u00e7\u00e3o a ser paga por eles (Resp 1846819).<\/p>\n<p>Os juros s\u00e3o cobrados em uma a\u00e7\u00e3o que os condenou a promover reparos em resid\u00eancia &#8211; convertida posteriormente a obriga\u00e7\u00e3o de fazer em perdas e danos (REsp 1846819). O TJ-PR havia definido taxa de 1%, com base nos artigos 406 do C\u00f3digo Civil e 162 do C\u00f3digo Tribut\u00e1rio.<\/p>\n<p>O relator, ministro Paulo de Tarso Sanseverino, j\u00e1 havia votado, a favor do pedido. O julgamento foi retomado com o voto-vista do ministro Marco Aur\u00e9lio Bellizze, que seguiu o relator.<\/p>\n<p>Em seu voto, por\u00e9m, o ministro Moura Ribeiro levantou a d\u00favida sobre a aplica\u00e7\u00e3o da Selic. \u201c\u00c9 uma taxa pol\u00edtica, daqui a pouco estar\u00e1 em zero e n\u00f3s n\u00e3o vamos mais contar juros da mora, n\u00e3o ser\u00e1 mais poss\u00edvel\u201d, afirmou. Apesar da pondera\u00e7\u00e3o, ele n\u00e3o quis pedir vista porque \u201cn\u00e3o mudaria o resultado\u201d, que j\u00e1 estava formado com maioria pela taxa b\u00e1sica de juros.<\/p>\n<p>O relator concordou que a Selic, cada vez mais baixa, \u00e9 um problema que ter\u00e1 de ser enfrentado pela Corte Especial. \u201cFoi um repetitivo do ministro Teori Zavaski, logo que come\u00e7aram os repetitivos, e concordo que muito em breve vamos ter que selecionar um processo para tentar fazer a revis\u00e3o. Sen\u00e3o os valores v\u00e3o ficar insignificantes\u201d, disse.<\/p>\n<p>Para o relator, juros de mora de 1% ao m\u00eas s\u00e3o bastante elevados, mas ao mesmo tempo estimulam as partes ao r\u00e1pido adimplemento das d\u00edvidas ou a fazer um bom acordo, evitando procrastinar o processo. \u201cVamos esperar um bom processo, acho uma boa quest\u00e3o levar para a Corte Especial como revis\u00e3o daquele repetitivo.\u201d<\/p>\n<p>O ministro Ricardo Villas B\u00f4as Cueva afirmou que o tema \u00e9 muito complexo. \u201cPor muito tempo a taxa Selic era evitada pelos particulares, hoje \u00e9 o contr\u00e1rio\u201d, disse. Ele concordou que 1% ao m\u00eas \u00e9 muito alto e \u00e9 necess\u00e1rio encontrar um meio termo. \u201cO melhor investimento que existe hoje \u00e9 deixar uma a\u00e7\u00e3o correndo.\u201d<\/p>\n<p>A 3\u00aa Turma pode indicar um processo para julgamento do tema na Corte Especial. Houve uma tentativa recente da 4\u00aa Turma de julgar o tema na Corte Especial, em recurso da relatoria do ministro Luis Felipe Salom\u00e3o.<\/p>\n<p>O relator prop\u00f4s na \u00e9poca alterar o entendimento e usar como \u00edndice de corre\u00e7\u00e3o monet\u00e1ria e juros de mora previs\u00e3o do artigo 161, par\u00e1grafo 1\u00ba, do C\u00f3digo Tribut\u00e1rio Nacional (1% de juros ao m\u00eas), al\u00e9m de atualiza\u00e7\u00e3o monet\u00e1ria com base em tabela oficial adotada pelos tribunais de origem.<\/p>\n<p>No m\u00e9rito, o voto chegou a ser seguido pelo ministro Jo\u00e3o Ot\u00e1vio de Noronha. Por raz\u00e3o processual, por\u00e9m, o tema voltou para a 4\u00aa Turma. Os ministros consideraram que essa quest\u00e3o do \u00edndice a ser aplicado n\u00e3o constava no recurso e, por isso, deveria ser analisado s\u00f3 pelo colegiado.<\/p>\n<p>\u201cO tema poderia voltar \u00e0 Corte Especial sob o argumento de que a taxa est\u00e1 muito baixa\u201d, afirma <strong><a href=\"https:\/\/www.wald.com.br\/equipe\/marcus-vinicius-vita-ferreira\/\" target=\"_blank\" rel=\"noopener noreferrer\">Marcus Vinicius Vita<\/a>, s\u00f3cio do Wald, Antunes, Vita, Longo e Blattner Advogados<\/strong>. Para o advogado, contudo, a op\u00e7\u00e3o de usar a taxa b\u00e1sica de juros \u00e9 adequada e pressup\u00f5e que haver\u00e1 varia\u00e7\u00e3o. \u201cA preocupa\u00e7\u00e3o [com o percentual baixo] \u00e9 v\u00e1lida, mas \u00e9 da din\u00e2mica da taxa.\u201d<\/p>\n<p>O advogado entende n\u00e3o d\u00e1 para ver juros de mora como aplica\u00e7\u00e3o financeira. \u201cN\u00e3o \u00e9 essa a finalidade\u201d, diz. Ainda segundo ele, a op\u00e7\u00e3o do legislador era de que as d\u00edvidas com a Uni\u00e3o espelhassem os outros d\u00e9bitos em geral, conforme o artigo 406 do C\u00f3digo Civil. \u201cSe houver uma corre\u00e7\u00e3o monet\u00e1ria simples [IPCA, por exemplo] mais juros de 1% criariam um ativo e o d\u00e9bito judicial seria fonte de lucro.\u201d<\/p>\n<p>Leia a reportagem completa publicada no <a href=\"https:\/\/valor.globo.com\/legislacao\/noticia\/2020\/10\/15\/corte-especial-do-stj-podera-rediscutir-aplicacao-da-taxa-selic-em-dividas-civis.ghtml\" target=\"_blank\" rel=\"noopener noreferrer\">Valor Econ\u00f4mico<\/a>.<\/p>\n","protected":false},"excerpt":{"rendered":"<p>Publicado no Corte Especial do STJ poder\u00e1 rediscutir aplica\u00e7\u00e3o da taxa Selic em d\u00edvidas civis A Corte Especial do Superior Tribunal de Justi\u00e7a (STJ) poder\u00e1 rediscutir a aplica\u00e7\u00e3o da Selic em d\u00edvidas civis. Com a taxa b\u00e1sica no menor patamar hist\u00f3rico, os ministros da 3\u00aa Turma debateram na ter\u00e7a-feira sobre essa possibilidade, em julgamento que [&hellip;]<\/p>\n","protected":false},"author":1,"featured_media":0,"comment_status":"open","ping_status":"closed","sticky":false,"template":"","format":"standard","meta":{"_acf_changed":false,"footnotes":""},"categories":[2],"tags":[76,58],"class_list":["post-1297","post","type-post","status-publish","format-standard","hentry","category-noticias","tag-selic","tag-stj"],"acf":[],"yoast_head":"<!-- This site is optimized with the Yoast SEO plugin v27.5 - https:\/\/yoast.com\/product\/yoast-seo-wordpress\/ -->\n<title>Marcus Vinicius Vita comenta possibilidade do STJ rediscutir aplica\u00e7\u00e3o da taxa Selic em d\u00edvidas civis | Wald Advogados<\/title>\n<meta name=\"robots\" content=\"index, follow, max-snippet:-1, max-image-preview:large, max-video-preview:-1\" \/>\n<link rel=\"canonical\" href=\"https:\/\/www.wald.com.br\/en\/marcus-vinicius-vita-comenta-possibilidade-do-stj-rediscutir-aplicacao-da-taxa-selic-em-dividas-civis\/\" \/>\n<meta property=\"og:locale\" content=\"en_US\" \/>\n<meta property=\"og:type\" content=\"article\" \/>\n<meta property=\"og:title\" content=\"Marcus Vinicius Vita comenta possibilidade do STJ rediscutir aplica\u00e7\u00e3o da taxa Selic em d\u00edvidas civis | Wald Advogados\" \/>\n<meta property=\"og:description\" content=\"Publicado no Corte Especial do STJ poder\u00e1 rediscutir aplica\u00e7\u00e3o da taxa Selic em d\u00edvidas civis A Corte Especial do Superior Tribunal de Justi\u00e7a (STJ) poder\u00e1 rediscutir a aplica\u00e7\u00e3o da Selic em d\u00edvidas civis. Com a taxa b\u00e1sica no menor patamar hist\u00f3rico, os ministros da 3\u00aa Turma debateram na ter\u00e7a-feira sobre essa possibilidade, em julgamento que [&hellip;]\" \/>\n<meta property=\"og:url\" content=\"https:\/\/www.wald.com.br\/en\/marcus-vinicius-vita-comenta-possibilidade-do-stj-rediscutir-aplicacao-da-taxa-selic-em-dividas-civis\/\" \/>\n<meta property=\"og:site_name\" content=\"Wald Advogados\" \/>\n<meta property=\"article:published_time\" content=\"2020-10-15T13:32:13+00:00\" \/>\n<meta property=\"article:modified_time\" content=\"2020-10-15T13:59:50+00:00\" \/>\n<meta property=\"og:image\" content=\"https:\/\/www.wald.com.br\/wp-content\/uploads\/2020\/04\/Valor.png\" \/>\n<meta name=\"author\" content=\"waldadmin2020\" \/>\n<meta name=\"twitter:card\" content=\"summary_large_image\" \/>\n<meta name=\"twitter:creator\" content=\"@waldadmin2020\" \/>\n<meta name=\"twitter:label1\" content=\"Written by\" \/>\n\t<meta name=\"twitter:data1\" content=\"waldadmin2020\" \/>\n\t<meta name=\"twitter:label2\" content=\"Est. reading time\" \/>\n\t<meta name=\"twitter:data2\" content=\"5 minutes\" \/>\n<script type=\"application\/ld+json\" class=\"yoast-schema-graph\">{\"@context\":\"https:\\\/\\\/schema.org\",\"@graph\":[{\"@type\":\"Article\",\"@id\":\"https:\\\/\\\/www.wald.com.br\\\/en\\\/marcus-vinicius-vita-comenta-possibilidade-do-stj-rediscutir-aplicacao-da-taxa-selic-em-dividas-civis\\\/#article\",\"isPartOf\":{\"@id\":\"https:\\\/\\\/www.wald.com.br\\\/en\\\/marcus-vinicius-vita-comenta-possibilidade-do-stj-rediscutir-aplicacao-da-taxa-selic-em-dividas-civis\\\/\"},\"author\":{\"name\":\"waldadmin2020\",\"@id\":\"https:\\\/\\\/www.wald.com.br\\\/en\\\/#\\\/schema\\\/person\\\/63b1ba5d23c51fa9d050dd06ffd0e04a\"},\"headline\":\"Marcus Vinicius Vita comenta possibilidade do STJ rediscutir aplica\u00e7\u00e3o da taxa Selic em d\u00edvidas civis\",\"datePublished\":\"2020-10-15T13:32:13+00:00\",\"dateModified\":\"2020-10-15T13:59:50+00:00\",\"mainEntityOfPage\":{\"@id\":\"https:\\\/\\\/www.wald.com.br\\\/en\\\/marcus-vinicius-vita-comenta-possibilidade-do-stj-rediscutir-aplicacao-da-taxa-selic-em-dividas-civis\\\/\"},\"wordCount\":936,\"commentCount\":0,\"publisher\":{\"@id\":\"https:\\\/\\\/www.wald.com.br\\\/en\\\/#organization\"},\"image\":{\"@id\":\"https:\\\/\\\/www.wald.com.br\\\/en\\\/marcus-vinicius-vita-comenta-possibilidade-do-stj-rediscutir-aplicacao-da-taxa-selic-em-dividas-civis\\\/#primaryimage\"},\"thumbnailUrl\":\"https:\\\/\\\/www.wald.com.br\\\/wp-content\\\/uploads\\\/2020\\\/04\\\/Valor.png\",\"keywords\":[\"Selic\",\"STJ\"],\"articleSection\":[\"News\"],\"inLanguage\":\"en-US\",\"potentialAction\":[{\"@type\":\"CommentAction\",\"name\":\"Comment\",\"target\":[\"https:\\\/\\\/www.wald.com.br\\\/en\\\/marcus-vinicius-vita-comenta-possibilidade-do-stj-rediscutir-aplicacao-da-taxa-selic-em-dividas-civis\\\/#respond\"]}]},{\"@type\":\"WebPage\",\"@id\":\"https:\\\/\\\/www.wald.com.br\\\/en\\\/marcus-vinicius-vita-comenta-possibilidade-do-stj-rediscutir-aplicacao-da-taxa-selic-em-dividas-civis\\\/\",\"url\":\"https:\\\/\\\/www.wald.com.br\\\/en\\\/marcus-vinicius-vita-comenta-possibilidade-do-stj-rediscutir-aplicacao-da-taxa-selic-em-dividas-civis\\\/\",\"name\":\"Marcus Vinicius Vita comenta possibilidade do STJ rediscutir aplica\u00e7\u00e3o da taxa Selic em d\u00edvidas civis | Wald Advogados\",\"isPartOf\":{\"@id\":\"https:\\\/\\\/www.wald.com.br\\\/en\\\/#website\"},\"primaryImageOfPage\":{\"@id\":\"https:\\\/\\\/www.wald.com.br\\\/en\\\/marcus-vinicius-vita-comenta-possibilidade-do-stj-rediscutir-aplicacao-da-taxa-selic-em-dividas-civis\\\/#primaryimage\"},\"image\":{\"@id\":\"https:\\\/\\\/www.wald.com.br\\\/en\\\/marcus-vinicius-vita-comenta-possibilidade-do-stj-rediscutir-aplicacao-da-taxa-selic-em-dividas-civis\\\/#primaryimage\"},\"thumbnailUrl\":\"https:\\\/\\\/www.wald.com.br\\\/wp-content\\\/uploads\\\/2020\\\/04\\\/Valor.png\",\"datePublished\":\"2020-10-15T13:32:13+00:00\",\"dateModified\":\"2020-10-15T13:59:50+00:00\",\"breadcrumb\":{\"@id\":\"https:\\\/\\\/www.wald.com.br\\\/en\\\/marcus-vinicius-vita-comenta-possibilidade-do-stj-rediscutir-aplicacao-da-taxa-selic-em-dividas-civis\\\/#breadcrumb\"},\"inLanguage\":\"en-US\",\"potentialAction\":[{\"@type\":\"ReadAction\",\"target\":[\"https:\\\/\\\/www.wald.com.br\\\/en\\\/marcus-vinicius-vita-comenta-possibilidade-do-stj-rediscutir-aplicacao-da-taxa-selic-em-dividas-civis\\\/\"]}]},{\"@type\":\"ImageObject\",\"inLanguage\":\"en-US\",\"@id\":\"https:\\\/\\\/www.wald.com.br\\\/en\\\/marcus-vinicius-vita-comenta-possibilidade-do-stj-rediscutir-aplicacao-da-taxa-selic-em-dividas-civis\\\/#primaryimage\",\"url\":\"https:\\\/\\\/www.wald.com.br\\\/wp-content\\\/uploads\\\/2020\\\/04\\\/Valor.png\",\"contentUrl\":\"https:\\\/\\\/www.wald.com.br\\\/wp-content\\\/uploads\\\/2020\\\/04\\\/Valor.png\"},{\"@type\":\"BreadcrumbList\",\"@id\":\"https:\\\/\\\/www.wald.com.br\\\/en\\\/marcus-vinicius-vita-comenta-possibilidade-do-stj-rediscutir-aplicacao-da-taxa-selic-em-dividas-civis\\\/#breadcrumb\",\"itemListElement\":[{\"@type\":\"ListItem\",\"position\":1,\"name\":\"In\u00edcio\",\"item\":\"https:\\\/\\\/www.wald.com.br\\\/\"},{\"@type\":\"ListItem\",\"position\":2,\"name\":\"Marcus Vinicius Vita comenta possibilidade do STJ rediscutir aplica\u00e7\u00e3o da taxa Selic em d\u00edvidas civis\"}]},{\"@type\":\"WebSite\",\"@id\":\"https:\\\/\\\/www.wald.com.br\\\/en\\\/#website\",\"url\":\"https:\\\/\\\/www.wald.com.br\\\/en\\\/\",\"name\":\"Wald Advogados\",\"description\":\"66 years of leading law practice\",\"publisher\":{\"@id\":\"https:\\\/\\\/www.wald.com.br\\\/en\\\/#organization\"},\"potentialAction\":[{\"@type\":\"SearchAction\",\"target\":{\"@type\":\"EntryPoint\",\"urlTemplate\":\"https:\\\/\\\/www.wald.com.br\\\/en\\\/?s={search_term_string}\"},\"query-input\":{\"@type\":\"PropertyValueSpecification\",\"valueRequired\":true,\"valueName\":\"search_term_string\"}}],\"inLanguage\":\"en-US\"},{\"@type\":\"Organization\",\"@id\":\"https:\\\/\\\/www.wald.com.br\\\/en\\\/#organization\",\"name\":\"Wald, Antunes, Vita, Longo e Blattner Advogados\",\"url\":\"https:\\\/\\\/www.wald.com.br\\\/en\\\/\",\"logo\":{\"@type\":\"ImageObject\",\"inLanguage\":\"en-US\",\"@id\":\"https:\\\/\\\/www.wald.com.br\\\/en\\\/#\\\/schema\\\/logo\\\/image\\\/\",\"url\":\"https:\\\/\\\/www.wald.com.br\\\/wp-content\\\/uploads\\\/2020\\\/02\\\/Logo_Wald.png\",\"contentUrl\":\"https:\\\/\\\/www.wald.com.br\\\/wp-content\\\/uploads\\\/2020\\\/02\\\/Logo_Wald.png\",\"width\":5260,\"height\":2565,\"caption\":\"Wald, Antunes, Vita, Longo e Blattner Advogados\"},\"image\":{\"@id\":\"https:\\\/\\\/www.wald.com.br\\\/en\\\/#\\\/schema\\\/logo\\\/image\\\/\"},\"sameAs\":[\"https:\\\/\\\/www.linkedin.com\\\/company\\\/wald\"]},{\"@type\":\"Person\",\"@id\":\"https:\\\/\\\/www.wald.com.br\\\/en\\\/#\\\/schema\\\/person\\\/63b1ba5d23c51fa9d050dd06ffd0e04a\",\"name\":\"waldadmin2020\",\"image\":{\"@type\":\"ImageObject\",\"inLanguage\":\"en-US\",\"@id\":\"https:\\\/\\\/secure.gravatar.com\\\/avatar\\\/a71cf721eb306cd72432a33f9852249bbdb558baa0f55419ddb257983362db55?s=96&d=mm&r=g\",\"url\":\"https:\\\/\\\/secure.gravatar.com\\\/avatar\\\/a71cf721eb306cd72432a33f9852249bbdb558baa0f55419ddb257983362db55?s=96&d=mm&r=g\",\"contentUrl\":\"https:\\\/\\\/secure.gravatar.com\\\/avatar\\\/a71cf721eb306cd72432a33f9852249bbdb558baa0f55419ddb257983362db55?s=96&d=mm&r=g\",\"caption\":\"waldadmin2020\"},\"sameAs\":[\"https:\\\/\\\/x.com\\\/waldadmin2020\"],\"url\":\"https:\\\/\\\/www.wald.com.br\\\/en\\\/author\\\/waldadmin2020\\\/\"}]}<\/script>\n<!-- \/ Yoast SEO plugin. -->","yoast_head_json":{"title":"Marcus Vinicius Vita comenta possibilidade do STJ rediscutir aplica\u00e7\u00e3o da taxa Selic em d\u00edvidas civis | Wald Advogados","robots":{"index":"index","follow":"follow","max-snippet":"max-snippet:-1","max-image-preview":"max-image-preview:large","max-video-preview":"max-video-preview:-1"},"canonical":"https:\/\/www.wald.com.br\/en\/marcus-vinicius-vita-comenta-possibilidade-do-stj-rediscutir-aplicacao-da-taxa-selic-em-dividas-civis\/","og_locale":"en_US","og_type":"article","og_title":"Marcus Vinicius Vita comenta possibilidade do STJ rediscutir aplica\u00e7\u00e3o da taxa Selic em d\u00edvidas civis | Wald Advogados","og_description":"Publicado no Corte Especial do STJ poder\u00e1 rediscutir aplica\u00e7\u00e3o da taxa Selic em d\u00edvidas civis A Corte Especial do Superior Tribunal de Justi\u00e7a (STJ) poder\u00e1 rediscutir a aplica\u00e7\u00e3o da Selic em d\u00edvidas civis. Com a taxa b\u00e1sica no menor patamar hist\u00f3rico, os ministros da 3\u00aa Turma debateram na ter\u00e7a-feira sobre essa possibilidade, em julgamento que [&hellip;]","og_url":"https:\/\/www.wald.com.br\/en\/marcus-vinicius-vita-comenta-possibilidade-do-stj-rediscutir-aplicacao-da-taxa-selic-em-dividas-civis\/","og_site_name":"Wald Advogados","article_published_time":"2020-10-15T13:32:13+00:00","article_modified_time":"2020-10-15T13:59:50+00:00","og_image":[{"url":"https:\/\/www.wald.com.br\/wp-content\/uploads\/2020\/04\/Valor.png","type":"","width":"","height":""}],"author":"waldadmin2020","twitter_card":"summary_large_image","twitter_creator":"@waldadmin2020","twitter_misc":{"Written by":"waldadmin2020","Est. reading time":"5 minutes"},"schema":{"@context":"https:\/\/schema.org","@graph":[{"@type":"Article","@id":"https:\/\/www.wald.com.br\/en\/marcus-vinicius-vita-comenta-possibilidade-do-stj-rediscutir-aplicacao-da-taxa-selic-em-dividas-civis\/#article","isPartOf":{"@id":"https:\/\/www.wald.com.br\/en\/marcus-vinicius-vita-comenta-possibilidade-do-stj-rediscutir-aplicacao-da-taxa-selic-em-dividas-civis\/"},"author":{"name":"waldadmin2020","@id":"https:\/\/www.wald.com.br\/en\/#\/schema\/person\/63b1ba5d23c51fa9d050dd06ffd0e04a"},"headline":"Marcus Vinicius Vita comenta possibilidade do STJ rediscutir aplica\u00e7\u00e3o da taxa Selic em d\u00edvidas civis","datePublished":"2020-10-15T13:32:13+00:00","dateModified":"2020-10-15T13:59:50+00:00","mainEntityOfPage":{"@id":"https:\/\/www.wald.com.br\/en\/marcus-vinicius-vita-comenta-possibilidade-do-stj-rediscutir-aplicacao-da-taxa-selic-em-dividas-civis\/"},"wordCount":936,"commentCount":0,"publisher":{"@id":"https:\/\/www.wald.com.br\/en\/#organization"},"image":{"@id":"https:\/\/www.wald.com.br\/en\/marcus-vinicius-vita-comenta-possibilidade-do-stj-rediscutir-aplicacao-da-taxa-selic-em-dividas-civis\/#primaryimage"},"thumbnailUrl":"https:\/\/www.wald.com.br\/wp-content\/uploads\/2020\/04\/Valor.png","keywords":["Selic","STJ"],"articleSection":["News"],"inLanguage":"en-US","potentialAction":[{"@type":"CommentAction","name":"Comment","target":["https:\/\/www.wald.com.br\/en\/marcus-vinicius-vita-comenta-possibilidade-do-stj-rediscutir-aplicacao-da-taxa-selic-em-dividas-civis\/#respond"]}]},{"@type":"WebPage","@id":"https:\/\/www.wald.com.br\/en\/marcus-vinicius-vita-comenta-possibilidade-do-stj-rediscutir-aplicacao-da-taxa-selic-em-dividas-civis\/","url":"https:\/\/www.wald.com.br\/en\/marcus-vinicius-vita-comenta-possibilidade-do-stj-rediscutir-aplicacao-da-taxa-selic-em-dividas-civis\/","name":"Marcus Vinicius Vita comenta possibilidade do STJ rediscutir aplica\u00e7\u00e3o da taxa Selic em d\u00edvidas civis | Wald Advogados","isPartOf":{"@id":"https:\/\/www.wald.com.br\/en\/#website"},"primaryImageOfPage":{"@id":"https:\/\/www.wald.com.br\/en\/marcus-vinicius-vita-comenta-possibilidade-do-stj-rediscutir-aplicacao-da-taxa-selic-em-dividas-civis\/#primaryimage"},"image":{"@id":"https:\/\/www.wald.com.br\/en\/marcus-vinicius-vita-comenta-possibilidade-do-stj-rediscutir-aplicacao-da-taxa-selic-em-dividas-civis\/#primaryimage"},"thumbnailUrl":"https:\/\/www.wald.com.br\/wp-content\/uploads\/2020\/04\/Valor.png","datePublished":"2020-10-15T13:32:13+00:00","dateModified":"2020-10-15T13:59:50+00:00","breadcrumb":{"@id":"https:\/\/www.wald.com.br\/en\/marcus-vinicius-vita-comenta-possibilidade-do-stj-rediscutir-aplicacao-da-taxa-selic-em-dividas-civis\/#breadcrumb"},"inLanguage":"en-US","potentialAction":[{"@type":"ReadAction","target":["https:\/\/www.wald.com.br\/en\/marcus-vinicius-vita-comenta-possibilidade-do-stj-rediscutir-aplicacao-da-taxa-selic-em-dividas-civis\/"]}]},{"@type":"ImageObject","inLanguage":"en-US","@id":"https:\/\/www.wald.com.br\/en\/marcus-vinicius-vita-comenta-possibilidade-do-stj-rediscutir-aplicacao-da-taxa-selic-em-dividas-civis\/#primaryimage","url":"https:\/\/www.wald.com.br\/wp-content\/uploads\/2020\/04\/Valor.png","contentUrl":"https:\/\/www.wald.com.br\/wp-content\/uploads\/2020\/04\/Valor.png"},{"@type":"BreadcrumbList","@id":"https:\/\/www.wald.com.br\/en\/marcus-vinicius-vita-comenta-possibilidade-do-stj-rediscutir-aplicacao-da-taxa-selic-em-dividas-civis\/#breadcrumb","itemListElement":[{"@type":"ListItem","position":1,"name":"In\u00edcio","item":"https:\/\/www.wald.com.br\/"},{"@type":"ListItem","position":2,"name":"Marcus Vinicius Vita comenta possibilidade do STJ rediscutir aplica\u00e7\u00e3o da taxa Selic em d\u00edvidas civis"}]},{"@type":"WebSite","@id":"https:\/\/www.wald.com.br\/en\/#website","url":"https:\/\/www.wald.com.br\/en\/","name":"Wald Advogados","description":"66 years of leading law practice","publisher":{"@id":"https:\/\/www.wald.com.br\/en\/#organization"},"potentialAction":[{"@type":"SearchAction","target":{"@type":"EntryPoint","urlTemplate":"https:\/\/www.wald.com.br\/en\/?s={search_term_string}"},"query-input":{"@type":"PropertyValueSpecification","valueRequired":true,"valueName":"search_term_string"}}],"inLanguage":"en-US"},{"@type":"Organization","@id":"https:\/\/www.wald.com.br\/en\/#organization","name":"Wald, Antunes, Vita, Longo e Blattner Advogados","url":"https:\/\/www.wald.com.br\/en\/","logo":{"@type":"ImageObject","inLanguage":"en-US","@id":"https:\/\/www.wald.com.br\/en\/#\/schema\/logo\/image\/","url":"https:\/\/www.wald.com.br\/wp-content\/uploads\/2020\/02\/Logo_Wald.png","contentUrl":"https:\/\/www.wald.com.br\/wp-content\/uploads\/2020\/02\/Logo_Wald.png","width":5260,"height":2565,"caption":"Wald, Antunes, Vita, Longo e Blattner Advogados"},"image":{"@id":"https:\/\/www.wald.com.br\/en\/#\/schema\/logo\/image\/"},"sameAs":["https:\/\/www.linkedin.com\/company\/wald"]},{"@type":"Person","@id":"https:\/\/www.wald.com.br\/en\/#\/schema\/person\/63b1ba5d23c51fa9d050dd06ffd0e04a","name":"waldadmin2020","image":{"@type":"ImageObject","inLanguage":"en-US","@id":"https:\/\/secure.gravatar.com\/avatar\/a71cf721eb306cd72432a33f9852249bbdb558baa0f55419ddb257983362db55?s=96&d=mm&r=g","url":"https:\/\/secure.gravatar.com\/avatar\/a71cf721eb306cd72432a33f9852249bbdb558baa0f55419ddb257983362db55?s=96&d=mm&r=g","contentUrl":"https:\/\/secure.gravatar.com\/avatar\/a71cf721eb306cd72432a33f9852249bbdb558baa0f55419ddb257983362db55?s=96&d=mm&r=g","caption":"waldadmin2020"},"sameAs":["https:\/\/x.com\/waldadmin2020"],"url":"https:\/\/www.wald.com.br\/en\/author\/waldadmin2020\/"}]}},"_links":{"self":[{"href":"https:\/\/www.wald.com.br\/en\/wp-json\/wp\/v2\/posts\/1297","targetHints":{"allow":["GET"]}}],"collection":[{"href":"https:\/\/www.wald.com.br\/en\/wp-json\/wp\/v2\/posts"}],"about":[{"href":"https:\/\/www.wald.com.br\/en\/wp-json\/wp\/v2\/types\/post"}],"author":[{"embeddable":true,"href":"https:\/\/www.wald.com.br\/en\/wp-json\/wp\/v2\/users\/1"}],"replies":[{"embeddable":true,"href":"https:\/\/www.wald.com.br\/en\/wp-json\/wp\/v2\/comments?post=1297"}],"version-history":[{"count":2,"href":"https:\/\/www.wald.com.br\/en\/wp-json\/wp\/v2\/posts\/1297\/revisions"}],"predecessor-version":[{"id":1299,"href":"https:\/\/www.wald.com.br\/en\/wp-json\/wp\/v2\/posts\/1297\/revisions\/1299"}],"wp:attachment":[{"href":"https:\/\/www.wald.com.br\/en\/wp-json\/wp\/v2\/media?parent=1297"}],"wp:term":[{"taxonomy":"category","embeddable":true,"href":"https:\/\/www.wald.com.br\/en\/wp-json\/wp\/v2\/categories?post=1297"},{"taxonomy":"post_tag","embeddable":true,"href":"https:\/\/www.wald.com.br\/en\/wp-json\/wp\/v2\/tags?post=1297"}],"curies":[{"name":"wp","href":"https:\/\/api.w.org\/{rel}","templated":true}]}}