{"id":1320,"date":"2020-11-18T10:13:58","date_gmt":"2020-11-18T13:13:58","guid":{"rendered":"https:\/\/www.wald.com.br\/?p=1320"},"modified":"2021-06-10T08:49:58","modified_gmt":"2021-06-10T11:49:58","slug":"decisao-do-stj-sobre-recuperacao-de-empresario-rural-observa-o-moderno-conceito-de-empresa-afirma-marcus-vinicius-vita","status":"publish","type":"post","link":"https:\/\/www.wald.com.br\/en\/decisao-do-stj-sobre-recuperacao-de-empresario-rural-observa-o-moderno-conceito-de-empresa-afirma-marcus-vinicius-vita\/","title":{"rendered":"Decis\u00e3o do STJ sobre recupera\u00e7\u00e3o de empres\u00e1rio rural observa o moderno conceito de empresa, afirma Marcus Vinicius Vita"},"content":{"rendered":"<p><span style=\"font-size: 20px;\"><strong><span style=\"font-size: 12px;\">Publicado no<br \/>\n<\/span><\/strong><a href=\"https:\/\/www.conjur.com.br\/2020-nov-17\/advogados-divergem-recuperacao-empresario-rural\" target=\"_blank\" rel=\"noopener noreferrer\"><img loading=\"lazy\" decoding=\"async\" class=\"alignnone wp-image-912\" src=\"https:\/\/www.wald.com.br\/wp-content\/uploads\/2020\/04\/conjur_html_2e39a9340d739397.png\" alt=\"\" width=\"171\" height=\"35\" \/><\/a><\/span><\/p>\n<p><strong>Advogados divergem sobre recupera\u00e7\u00e3o de empres\u00e1rio rural<\/strong><\/p>\n<p>Advogados especialistas em recupera\u00e7\u00e3o judicial e agroneg\u00f3cios est\u00e3o divergindo sobre uma decis\u00e3o da 3\u00aa Turma do Superior Tribunal de Justi\u00e7a. Os ministros decidiram que empres\u00e1rio rural, embora precise estar registrado na Junta Comercial para requerer a recupera\u00e7\u00e3o judicial, pode computar o per\u00edodo anterior \u00e0 formaliza\u00e7\u00e3o do registro para cumprir o prazo m\u00ednimo de dois anos exigido pelo artigo 48 da Lei 11.101\/2005.<\/p>\n<p>Com a decis\u00e3o, as duas turmas de direito privado do STJ passam a ter uma posi\u00e7\u00e3o unificada sobre o tema. O REsp 1.800.032 foi analisado pela 4\u00aa Turma.<\/p>\n<p>Na avalia\u00e7\u00e3o de <strong><a href=\"https:\/\/www.wald.com.br\/equipe\/marcus-vinicius-vita-ferreira\/\">Marcus Vinicius Vita<\/a>, s\u00f3cio de Wald, Antunes, Vita, Longo e Blattner Advogados<\/strong>, &#8220;o julgamento da 3\u00aa Turma, relatado pelo ministro Marco Aur\u00e9lio Bellize, al\u00e9m de ir ao encontro do quanto j\u00e1 decidido pela 4\u00aa, e, assim, unificando o entendimento da segunda se\u00e7\u00e3o, observa o moderno conceito de empresa, assim compreendida como a unidade geradora de empregos, renda e tributos, ainda que sem registro na junta comercial&#8221;.<\/p>\n<p>&#8220;A aus\u00eancia de registro, como muito bem salientado pelos ministros da 3\u00aa Turma, n\u00e3o \u00e9 indicativo de irregularidade, mas sim de op\u00e7\u00e3o do produtor rural em se submeter \u00e0s leis comerciais, e n\u00e3o mais ao c\u00f3digo civil. Uma vez feito o registro, bastar\u00e1 a demonstra\u00e7\u00e3o de exerc\u00edcio da atividade rural por dois anos anteriores ao pedido de recupera\u00e7\u00e3o.&#8221;<\/p>\n<p>Leia a reportagem completa no <a href=\"https:\/\/www.conjur.com.br\/2020-nov-17\/advogados-divergem-recuperacao-empresario-rural\" target=\"_blank\" rel=\"noopener noreferrer\">Consultor Jur\u00eddico<\/a>.<\/p>\n","protected":false},"excerpt":{"rendered":"<p>Publicado no Advogados divergem sobre recupera\u00e7\u00e3o de empres\u00e1rio rural Advogados especialistas em recupera\u00e7\u00e3o judicial e agroneg\u00f3cios est\u00e3o divergindo sobre uma decis\u00e3o da 3\u00aa Turma do Superior Tribunal de Justi\u00e7a. Os ministros decidiram que empres\u00e1rio rural, embora precise estar registrado na Junta Comercial para requerer a recupera\u00e7\u00e3o judicial, pode computar o per\u00edodo anterior \u00e0 formaliza\u00e7\u00e3o do [&hellip;]<\/p>\n","protected":false},"author":1,"featured_media":0,"comment_status":"open","ping_status":"closed","sticky":false,"template":"","format":"standard","meta":{"_acf_changed":false,"footnotes":""},"categories":[2],"tags":[82,18,81,19,80],"class_list":["post-1320","post","type-post","status-publish","format-standard","hentry","category-noticias","tag-agronegocio","tag-societario","tag-recuperacao-do-empresario-rural","tag-recuperacao-empresarial","tag-recuperacao-judicial"],"acf":[],"yoast_head":"<!-- This site is optimized with the Yoast SEO plugin v27.5 - https:\/\/yoast.com\/product\/yoast-seo-wordpress\/ -->\n<title>Decis\u00e3o do STJ sobre recupera\u00e7\u00e3o de empres\u00e1rio rural observa o moderno conceito de empresa, afirma Marcus Vinicius Vita | Wald Advogados<\/title>\n<meta name=\"robots\" content=\"index, follow, max-snippet:-1, max-image-preview:large, max-video-preview:-1\" \/>\n<link rel=\"canonical\" href=\"https:\/\/www.wald.com.br\/en\/decisao-do-stj-sobre-recuperacao-de-empresario-rural-observa-o-moderno-conceito-de-empresa-afirma-marcus-vinicius-vita\/\" \/>\n<meta property=\"og:locale\" content=\"en_US\" \/>\n<meta property=\"og:type\" content=\"article\" \/>\n<meta property=\"og:title\" content=\"Decis\u00e3o do STJ sobre recupera\u00e7\u00e3o de empres\u00e1rio rural observa o moderno conceito de empresa, afirma Marcus Vinicius Vita | Wald Advogados\" \/>\n<meta property=\"og:description\" content=\"Publicado no Advogados divergem sobre recupera\u00e7\u00e3o de empres\u00e1rio rural Advogados especialistas em recupera\u00e7\u00e3o judicial e agroneg\u00f3cios est\u00e3o divergindo sobre uma decis\u00e3o da 3\u00aa Turma do Superior Tribunal de Justi\u00e7a. Os ministros decidiram que empres\u00e1rio rural, embora precise estar registrado na Junta Comercial para requerer a recupera\u00e7\u00e3o judicial, pode computar o per\u00edodo anterior \u00e0 formaliza\u00e7\u00e3o do [&hellip;]\" \/>\n<meta property=\"og:url\" content=\"https:\/\/www.wald.com.br\/en\/decisao-do-stj-sobre-recuperacao-de-empresario-rural-observa-o-moderno-conceito-de-empresa-afirma-marcus-vinicius-vita\/\" \/>\n<meta property=\"og:site_name\" content=\"Wald Advogados\" \/>\n<meta property=\"article:published_time\" content=\"2020-11-18T13:13:58+00:00\" \/>\n<meta property=\"article:modified_time\" content=\"2021-06-10T11:49:58+00:00\" \/>\n<meta property=\"og:image\" content=\"https:\/\/www.wald.com.br\/wp-content\/uploads\/2020\/04\/conjur_html_2e39a9340d739397.png\" \/>\n<meta name=\"author\" content=\"waldadmin2020\" \/>\n<meta name=\"twitter:card\" content=\"summary_large_image\" \/>\n<meta name=\"twitter:creator\" content=\"@waldadmin2020\" \/>\n<meta name=\"twitter:label1\" content=\"Written by\" \/>\n\t<meta name=\"twitter:data1\" content=\"waldadmin2020\" \/>\n\t<meta name=\"twitter:label2\" content=\"Est. reading time\" \/>\n\t<meta name=\"twitter:data2\" content=\"1 minute\" \/>\n<script type=\"application\/ld+json\" class=\"yoast-schema-graph\">{\"@context\":\"https:\\\/\\\/schema.org\",\"@graph\":[{\"@type\":\"Article\",\"@id\":\"https:\\\/\\\/www.wald.com.br\\\/en\\\/decisao-do-stj-sobre-recuperacao-de-empresario-rural-observa-o-moderno-conceito-de-empresa-afirma-marcus-vinicius-vita\\\/#article\",\"isPartOf\":{\"@id\":\"https:\\\/\\\/www.wald.com.br\\\/en\\\/decisao-do-stj-sobre-recuperacao-de-empresario-rural-observa-o-moderno-conceito-de-empresa-afirma-marcus-vinicius-vita\\\/\"},\"author\":{\"name\":\"waldadmin2020\",\"@id\":\"https:\\\/\\\/www.wald.com.br\\\/en\\\/#\\\/schema\\\/person\\\/63b1ba5d23c51fa9d050dd06ffd0e04a\"},\"headline\":\"Decis\u00e3o do STJ sobre recupera\u00e7\u00e3o de empres\u00e1rio rural observa o moderno conceito de empresa, afirma Marcus Vinicius Vita\",\"datePublished\":\"2020-11-18T13:13:58+00:00\",\"dateModified\":\"2021-06-10T11:49:58+00:00\",\"mainEntityOfPage\":{\"@id\":\"https:\\\/\\\/www.wald.com.br\\\/en\\\/decisao-do-stj-sobre-recuperacao-de-empresario-rural-observa-o-moderno-conceito-de-empresa-afirma-marcus-vinicius-vita\\\/\"},\"wordCount\":272,\"commentCount\":0,\"publisher\":{\"@id\":\"https:\\\/\\\/www.wald.com.br\\\/en\\\/#organization\"},\"image\":{\"@id\":\"https:\\\/\\\/www.wald.com.br\\\/en\\\/decisao-do-stj-sobre-recuperacao-de-empresario-rural-observa-o-moderno-conceito-de-empresa-afirma-marcus-vinicius-vita\\\/#primaryimage\"},\"thumbnailUrl\":\"https:\\\/\\\/www.wald.com.br\\\/wp-content\\\/uploads\\\/2020\\\/04\\\/conjur_html_2e39a9340d739397.png\",\"keywords\":[\"Agroneg\u00f3cio\",\"Corporate advisory and M&amp;A\",\"Recupera\u00e7\u00e3o do empres\u00e1rio rural\",\"Recupera\u00e7\u00e3o empresarial\",\"Recupera\u00e7\u00e3o judicial\"],\"articleSection\":[\"News\"],\"inLanguage\":\"en-US\",\"potentialAction\":[{\"@type\":\"CommentAction\",\"name\":\"Comment\",\"target\":[\"https:\\\/\\\/www.wald.com.br\\\/en\\\/decisao-do-stj-sobre-recuperacao-de-empresario-rural-observa-o-moderno-conceito-de-empresa-afirma-marcus-vinicius-vita\\\/#respond\"]}]},{\"@type\":\"WebPage\",\"@id\":\"https:\\\/\\\/www.wald.com.br\\\/en\\\/decisao-do-stj-sobre-recuperacao-de-empresario-rural-observa-o-moderno-conceito-de-empresa-afirma-marcus-vinicius-vita\\\/\",\"url\":\"https:\\\/\\\/www.wald.com.br\\\/en\\\/decisao-do-stj-sobre-recuperacao-de-empresario-rural-observa-o-moderno-conceito-de-empresa-afirma-marcus-vinicius-vita\\\/\",\"name\":\"Decis\u00e3o do STJ sobre recupera\u00e7\u00e3o de empres\u00e1rio rural observa o moderno conceito de empresa, afirma Marcus Vinicius Vita | Wald Advogados\",\"isPartOf\":{\"@id\":\"https:\\\/\\\/www.wald.com.br\\\/en\\\/#website\"},\"primaryImageOfPage\":{\"@id\":\"https:\\\/\\\/www.wald.com.br\\\/en\\\/decisao-do-stj-sobre-recuperacao-de-empresario-rural-observa-o-moderno-conceito-de-empresa-afirma-marcus-vinicius-vita\\\/#primaryimage\"},\"image\":{\"@id\":\"https:\\\/\\\/www.wald.com.br\\\/en\\\/decisao-do-stj-sobre-recuperacao-de-empresario-rural-observa-o-moderno-conceito-de-empresa-afirma-marcus-vinicius-vita\\\/#primaryimage\"},\"thumbnailUrl\":\"https:\\\/\\\/www.wald.com.br\\\/wp-content\\\/uploads\\\/2020\\\/04\\\/conjur_html_2e39a9340d739397.png\",\"datePublished\":\"2020-11-18T13:13:58+00:00\",\"dateModified\":\"2021-06-10T11:49:58+00:00\",\"breadcrumb\":{\"@id\":\"https:\\\/\\\/www.wald.com.br\\\/en\\\/decisao-do-stj-sobre-recuperacao-de-empresario-rural-observa-o-moderno-conceito-de-empresa-afirma-marcus-vinicius-vita\\\/#breadcrumb\"},\"inLanguage\":\"en-US\",\"potentialAction\":[{\"@type\":\"ReadAction\",\"target\":[\"https:\\\/\\\/www.wald.com.br\\\/en\\\/decisao-do-stj-sobre-recuperacao-de-empresario-rural-observa-o-moderno-conceito-de-empresa-afirma-marcus-vinicius-vita\\\/\"]}]},{\"@type\":\"ImageObject\",\"inLanguage\":\"en-US\",\"@id\":\"https:\\\/\\\/www.wald.com.br\\\/en\\\/decisao-do-stj-sobre-recuperacao-de-empresario-rural-observa-o-moderno-conceito-de-empresa-afirma-marcus-vinicius-vita\\\/#primaryimage\",\"url\":\"https:\\\/\\\/www.wald.com.br\\\/wp-content\\\/uploads\\\/2020\\\/04\\\/conjur_html_2e39a9340d739397.png\",\"contentUrl\":\"https:\\\/\\\/www.wald.com.br\\\/wp-content\\\/uploads\\\/2020\\\/04\\\/conjur_html_2e39a9340d739397.png\"},{\"@type\":\"BreadcrumbList\",\"@id\":\"https:\\\/\\\/www.wald.com.br\\\/en\\\/decisao-do-stj-sobre-recuperacao-de-empresario-rural-observa-o-moderno-conceito-de-empresa-afirma-marcus-vinicius-vita\\\/#breadcrumb\",\"itemListElement\":[{\"@type\":\"ListItem\",\"position\":1,\"name\":\"In\u00edcio\",\"item\":\"https:\\\/\\\/www.wald.com.br\\\/\"},{\"@type\":\"ListItem\",\"position\":2,\"name\":\"Decis\u00e3o do STJ sobre recupera\u00e7\u00e3o de empres\u00e1rio rural observa o moderno conceito de empresa, afirma Marcus Vinicius Vita\"}]},{\"@type\":\"WebSite\",\"@id\":\"https:\\\/\\\/www.wald.com.br\\\/en\\\/#website\",\"url\":\"https:\\\/\\\/www.wald.com.br\\\/en\\\/\",\"name\":\"Wald Advogados\",\"description\":\"66 years of leading law practice\",\"publisher\":{\"@id\":\"https:\\\/\\\/www.wald.com.br\\\/en\\\/#organization\"},\"potentialAction\":[{\"@type\":\"SearchAction\",\"target\":{\"@type\":\"EntryPoint\",\"urlTemplate\":\"https:\\\/\\\/www.wald.com.br\\\/en\\\/?s={search_term_string}\"},\"query-input\":{\"@type\":\"PropertyValueSpecification\",\"valueRequired\":true,\"valueName\":\"search_term_string\"}}],\"inLanguage\":\"en-US\"},{\"@type\":\"Organization\",\"@id\":\"https:\\\/\\\/www.wald.com.br\\\/en\\\/#organization\",\"name\":\"Wald, Antunes, Vita, Longo e Blattner Advogados\",\"url\":\"https:\\\/\\\/www.wald.com.br\\\/en\\\/\",\"logo\":{\"@type\":\"ImageObject\",\"inLanguage\":\"en-US\",\"@id\":\"https:\\\/\\\/www.wald.com.br\\\/en\\\/#\\\/schema\\\/logo\\\/image\\\/\",\"url\":\"https:\\\/\\\/www.wald.com.br\\\/wp-content\\\/uploads\\\/2020\\\/02\\\/Logo_Wald.png\",\"contentUrl\":\"https:\\\/\\\/www.wald.com.br\\\/wp-content\\\/uploads\\\/2020\\\/02\\\/Logo_Wald.png\",\"width\":5260,\"height\":2565,\"caption\":\"Wald, Antunes, Vita, Longo e Blattner Advogados\"},\"image\":{\"@id\":\"https:\\\/\\\/www.wald.com.br\\\/en\\\/#\\\/schema\\\/logo\\\/image\\\/\"},\"sameAs\":[\"https:\\\/\\\/www.linkedin.com\\\/company\\\/wald\"]},{\"@type\":\"Person\",\"@id\":\"https:\\\/\\\/www.wald.com.br\\\/en\\\/#\\\/schema\\\/person\\\/63b1ba5d23c51fa9d050dd06ffd0e04a\",\"name\":\"waldadmin2020\",\"image\":{\"@type\":\"ImageObject\",\"inLanguage\":\"en-US\",\"@id\":\"https:\\\/\\\/secure.gravatar.com\\\/avatar\\\/a71cf721eb306cd72432a33f9852249bbdb558baa0f55419ddb257983362db55?s=96&d=mm&r=g\",\"url\":\"https:\\\/\\\/secure.gravatar.com\\\/avatar\\\/a71cf721eb306cd72432a33f9852249bbdb558baa0f55419ddb257983362db55?s=96&d=mm&r=g\",\"contentUrl\":\"https:\\\/\\\/secure.gravatar.com\\\/avatar\\\/a71cf721eb306cd72432a33f9852249bbdb558baa0f55419ddb257983362db55?s=96&d=mm&r=g\",\"caption\":\"waldadmin2020\"},\"sameAs\":[\"https:\\\/\\\/x.com\\\/waldadmin2020\"],\"url\":\"https:\\\/\\\/www.wald.com.br\\\/en\\\/author\\\/waldadmin2020\\\/\"}]}<\/script>\n<!-- \/ Yoast SEO plugin. -->","yoast_head_json":{"title":"Decis\u00e3o do STJ sobre recupera\u00e7\u00e3o de empres\u00e1rio rural observa o moderno conceito de empresa, afirma Marcus Vinicius Vita | Wald Advogados","robots":{"index":"index","follow":"follow","max-snippet":"max-snippet:-1","max-image-preview":"max-image-preview:large","max-video-preview":"max-video-preview:-1"},"canonical":"https:\/\/www.wald.com.br\/en\/decisao-do-stj-sobre-recuperacao-de-empresario-rural-observa-o-moderno-conceito-de-empresa-afirma-marcus-vinicius-vita\/","og_locale":"en_US","og_type":"article","og_title":"Decis\u00e3o do STJ sobre recupera\u00e7\u00e3o de empres\u00e1rio rural observa o moderno conceito de empresa, afirma Marcus Vinicius Vita | Wald Advogados","og_description":"Publicado no Advogados divergem sobre recupera\u00e7\u00e3o de empres\u00e1rio rural Advogados especialistas em recupera\u00e7\u00e3o judicial e agroneg\u00f3cios est\u00e3o divergindo sobre uma decis\u00e3o da 3\u00aa Turma do Superior Tribunal de Justi\u00e7a. Os ministros decidiram que empres\u00e1rio rural, embora precise estar registrado na Junta Comercial para requerer a recupera\u00e7\u00e3o judicial, pode computar o per\u00edodo anterior \u00e0 formaliza\u00e7\u00e3o do [&hellip;]","og_url":"https:\/\/www.wald.com.br\/en\/decisao-do-stj-sobre-recuperacao-de-empresario-rural-observa-o-moderno-conceito-de-empresa-afirma-marcus-vinicius-vita\/","og_site_name":"Wald Advogados","article_published_time":"2020-11-18T13:13:58+00:00","article_modified_time":"2021-06-10T11:49:58+00:00","og_image":[{"url":"https:\/\/www.wald.com.br\/wp-content\/uploads\/2020\/04\/conjur_html_2e39a9340d739397.png","type":"","width":"","height":""}],"author":"waldadmin2020","twitter_card":"summary_large_image","twitter_creator":"@waldadmin2020","twitter_misc":{"Written by":"waldadmin2020","Est. reading time":"1 minute"},"schema":{"@context":"https:\/\/schema.org","@graph":[{"@type":"Article","@id":"https:\/\/www.wald.com.br\/en\/decisao-do-stj-sobre-recuperacao-de-empresario-rural-observa-o-moderno-conceito-de-empresa-afirma-marcus-vinicius-vita\/#article","isPartOf":{"@id":"https:\/\/www.wald.com.br\/en\/decisao-do-stj-sobre-recuperacao-de-empresario-rural-observa-o-moderno-conceito-de-empresa-afirma-marcus-vinicius-vita\/"},"author":{"name":"waldadmin2020","@id":"https:\/\/www.wald.com.br\/en\/#\/schema\/person\/63b1ba5d23c51fa9d050dd06ffd0e04a"},"headline":"Decis\u00e3o do STJ sobre recupera\u00e7\u00e3o de empres\u00e1rio rural observa o moderno conceito de empresa, afirma Marcus Vinicius Vita","datePublished":"2020-11-18T13:13:58+00:00","dateModified":"2021-06-10T11:49:58+00:00","mainEntityOfPage":{"@id":"https:\/\/www.wald.com.br\/en\/decisao-do-stj-sobre-recuperacao-de-empresario-rural-observa-o-moderno-conceito-de-empresa-afirma-marcus-vinicius-vita\/"},"wordCount":272,"commentCount":0,"publisher":{"@id":"https:\/\/www.wald.com.br\/en\/#organization"},"image":{"@id":"https:\/\/www.wald.com.br\/en\/decisao-do-stj-sobre-recuperacao-de-empresario-rural-observa-o-moderno-conceito-de-empresa-afirma-marcus-vinicius-vita\/#primaryimage"},"thumbnailUrl":"https:\/\/www.wald.com.br\/wp-content\/uploads\/2020\/04\/conjur_html_2e39a9340d739397.png","keywords":["Agroneg\u00f3cio","Corporate advisory and M&amp;A","Recupera\u00e7\u00e3o do empres\u00e1rio rural","Recupera\u00e7\u00e3o empresarial","Recupera\u00e7\u00e3o judicial"],"articleSection":["News"],"inLanguage":"en-US","potentialAction":[{"@type":"CommentAction","name":"Comment","target":["https:\/\/www.wald.com.br\/en\/decisao-do-stj-sobre-recuperacao-de-empresario-rural-observa-o-moderno-conceito-de-empresa-afirma-marcus-vinicius-vita\/#respond"]}]},{"@type":"WebPage","@id":"https:\/\/www.wald.com.br\/en\/decisao-do-stj-sobre-recuperacao-de-empresario-rural-observa-o-moderno-conceito-de-empresa-afirma-marcus-vinicius-vita\/","url":"https:\/\/www.wald.com.br\/en\/decisao-do-stj-sobre-recuperacao-de-empresario-rural-observa-o-moderno-conceito-de-empresa-afirma-marcus-vinicius-vita\/","name":"Decis\u00e3o do STJ sobre recupera\u00e7\u00e3o de empres\u00e1rio rural observa o moderno conceito de empresa, afirma Marcus Vinicius Vita | Wald Advogados","isPartOf":{"@id":"https:\/\/www.wald.com.br\/en\/#website"},"primaryImageOfPage":{"@id":"https:\/\/www.wald.com.br\/en\/decisao-do-stj-sobre-recuperacao-de-empresario-rural-observa-o-moderno-conceito-de-empresa-afirma-marcus-vinicius-vita\/#primaryimage"},"image":{"@id":"https:\/\/www.wald.com.br\/en\/decisao-do-stj-sobre-recuperacao-de-empresario-rural-observa-o-moderno-conceito-de-empresa-afirma-marcus-vinicius-vita\/#primaryimage"},"thumbnailUrl":"https:\/\/www.wald.com.br\/wp-content\/uploads\/2020\/04\/conjur_html_2e39a9340d739397.png","datePublished":"2020-11-18T13:13:58+00:00","dateModified":"2021-06-10T11:49:58+00:00","breadcrumb":{"@id":"https:\/\/www.wald.com.br\/en\/decisao-do-stj-sobre-recuperacao-de-empresario-rural-observa-o-moderno-conceito-de-empresa-afirma-marcus-vinicius-vita\/#breadcrumb"},"inLanguage":"en-US","potentialAction":[{"@type":"ReadAction","target":["https:\/\/www.wald.com.br\/en\/decisao-do-stj-sobre-recuperacao-de-empresario-rural-observa-o-moderno-conceito-de-empresa-afirma-marcus-vinicius-vita\/"]}]},{"@type":"ImageObject","inLanguage":"en-US","@id":"https:\/\/www.wald.com.br\/en\/decisao-do-stj-sobre-recuperacao-de-empresario-rural-observa-o-moderno-conceito-de-empresa-afirma-marcus-vinicius-vita\/#primaryimage","url":"https:\/\/www.wald.com.br\/wp-content\/uploads\/2020\/04\/conjur_html_2e39a9340d739397.png","contentUrl":"https:\/\/www.wald.com.br\/wp-content\/uploads\/2020\/04\/conjur_html_2e39a9340d739397.png"},{"@type":"BreadcrumbList","@id":"https:\/\/www.wald.com.br\/en\/decisao-do-stj-sobre-recuperacao-de-empresario-rural-observa-o-moderno-conceito-de-empresa-afirma-marcus-vinicius-vita\/#breadcrumb","itemListElement":[{"@type":"ListItem","position":1,"name":"In\u00edcio","item":"https:\/\/www.wald.com.br\/"},{"@type":"ListItem","position":2,"name":"Decis\u00e3o do STJ sobre recupera\u00e7\u00e3o de empres\u00e1rio rural observa o moderno conceito de empresa, afirma Marcus Vinicius Vita"}]},{"@type":"WebSite","@id":"https:\/\/www.wald.com.br\/en\/#website","url":"https:\/\/www.wald.com.br\/en\/","name":"Wald Advogados","description":"66 years of leading law practice","publisher":{"@id":"https:\/\/www.wald.com.br\/en\/#organization"},"potentialAction":[{"@type":"SearchAction","target":{"@type":"EntryPoint","urlTemplate":"https:\/\/www.wald.com.br\/en\/?s={search_term_string}"},"query-input":{"@type":"PropertyValueSpecification","valueRequired":true,"valueName":"search_term_string"}}],"inLanguage":"en-US"},{"@type":"Organization","@id":"https:\/\/www.wald.com.br\/en\/#organization","name":"Wald, Antunes, Vita, Longo e Blattner Advogados","url":"https:\/\/www.wald.com.br\/en\/","logo":{"@type":"ImageObject","inLanguage":"en-US","@id":"https:\/\/www.wald.com.br\/en\/#\/schema\/logo\/image\/","url":"https:\/\/www.wald.com.br\/wp-content\/uploads\/2020\/02\/Logo_Wald.png","contentUrl":"https:\/\/www.wald.com.br\/wp-content\/uploads\/2020\/02\/Logo_Wald.png","width":5260,"height":2565,"caption":"Wald, Antunes, Vita, Longo e Blattner Advogados"},"image":{"@id":"https:\/\/www.wald.com.br\/en\/#\/schema\/logo\/image\/"},"sameAs":["https:\/\/www.linkedin.com\/company\/wald"]},{"@type":"Person","@id":"https:\/\/www.wald.com.br\/en\/#\/schema\/person\/63b1ba5d23c51fa9d050dd06ffd0e04a","name":"waldadmin2020","image":{"@type":"ImageObject","inLanguage":"en-US","@id":"https:\/\/secure.gravatar.com\/avatar\/a71cf721eb306cd72432a33f9852249bbdb558baa0f55419ddb257983362db55?s=96&d=mm&r=g","url":"https:\/\/secure.gravatar.com\/avatar\/a71cf721eb306cd72432a33f9852249bbdb558baa0f55419ddb257983362db55?s=96&d=mm&r=g","contentUrl":"https:\/\/secure.gravatar.com\/avatar\/a71cf721eb306cd72432a33f9852249bbdb558baa0f55419ddb257983362db55?s=96&d=mm&r=g","caption":"waldadmin2020"},"sameAs":["https:\/\/x.com\/waldadmin2020"],"url":"https:\/\/www.wald.com.br\/en\/author\/waldadmin2020\/"}]}},"_links":{"self":[{"href":"https:\/\/www.wald.com.br\/en\/wp-json\/wp\/v2\/posts\/1320","targetHints":{"allow":["GET"]}}],"collection":[{"href":"https:\/\/www.wald.com.br\/en\/wp-json\/wp\/v2\/posts"}],"about":[{"href":"https:\/\/www.wald.com.br\/en\/wp-json\/wp\/v2\/types\/post"}],"author":[{"embeddable":true,"href":"https:\/\/www.wald.com.br\/en\/wp-json\/wp\/v2\/users\/1"}],"replies":[{"embeddable":true,"href":"https:\/\/www.wald.com.br\/en\/wp-json\/wp\/v2\/comments?post=1320"}],"version-history":[{"count":2,"href":"https:\/\/www.wald.com.br\/en\/wp-json\/wp\/v2\/posts\/1320\/revisions"}],"predecessor-version":[{"id":1322,"href":"https:\/\/www.wald.com.br\/en\/wp-json\/wp\/v2\/posts\/1320\/revisions\/1322"}],"wp:attachment":[{"href":"https:\/\/www.wald.com.br\/en\/wp-json\/wp\/v2\/media?parent=1320"}],"wp:term":[{"taxonomy":"category","embeddable":true,"href":"https:\/\/www.wald.com.br\/en\/wp-json\/wp\/v2\/categories?post=1320"},{"taxonomy":"post_tag","embeddable":true,"href":"https:\/\/www.wald.com.br\/en\/wp-json\/wp\/v2\/tags?post=1320"}],"curies":[{"name":"wp","href":"https:\/\/api.w.org\/{rel}","templated":true}]}}