{"id":1323,"date":"2020-11-19T22:28:41","date_gmt":"2020-11-20T01:28:41","guid":{"rendered":"https:\/\/www.wald.com.br\/?p=1323"},"modified":"2020-11-26T11:58:35","modified_gmt":"2020-11-26T14:58:35","slug":"wald-antunes-vita-longo-e-blattner-advogados-entre-os-escritorios-mais-admirados-do-brasil-pela-analise-advocacia-500","status":"publish","type":"post","link":"https:\/\/www.wald.com.br\/en\/wald-antunes-vita-longo-e-blattner-advogados-entre-os-escritorios-mais-admirados-do-brasil-pela-analise-advocacia-500\/","title":{"rendered":"Wald, Antunes, Vita, Longo e Blattner Advogados entre os escrit\u00f3rios mais admirados do Brasil pela An\u00e1lise Advocacia 500"},"content":{"rendered":"<p>O Wald, Antunes, Vita, Longo e Blattner Advogados est\u00e1 entre os escrit\u00f3rios mais admirados do Brasil desde a primeira edi\u00e7\u00e3o da publica\u00e7\u00e3o An\u00e1lise Advocacia 500 da An\u00e1lise Editorial. Em 2020 o escrit\u00f3rio foi reconhecimento por sua atua\u00e7\u00e3o nas \u00e1reas de Arbitragem, Contratos Empresariais, C\u00edvel e Imobili\u00e1rio. Bem como pela indica\u00e7\u00e3o de nossos s\u00f3cios Professor Arnoldo Wald, Alexandre de Mendon\u00e7a Wald, Mariana Tavares Antunes, Bernardo Cavalcanti Freire e Riccardo Torre.<\/p>\n<p><img loading=\"lazy\" decoding=\"async\" class=\"alignnone wp-image-1324 size-full\" src=\"https:\/\/www.wald.com.br\/wp-content\/uploads\/2020\/11\/001.png\" alt=\"\" width=\"1920\" height=\"1080\" srcset=\"https:\/\/www.wald.com.br\/wp-content\/uploads\/2020\/11\/001.png 1920w, https:\/\/www.wald.com.br\/wp-content\/uploads\/2020\/11\/001-300x169.png 300w, https:\/\/www.wald.com.br\/wp-content\/uploads\/2020\/11\/001-1024x576.png 1024w, https:\/\/www.wald.com.br\/wp-content\/uploads\/2020\/11\/001-768x432.png 768w, https:\/\/www.wald.com.br\/wp-content\/uploads\/2020\/11\/001-1536x864.png 1536w\" sizes=\"auto, (max-width: 1920px) 100vw, 1920px\" \/><\/p>\n<p>Nosso s\u00f3cio e fundador, <a href=\"https:\/\/www.wald.com.br\/equipe\/arnoldo-wald\/\" target=\"_blank\" rel=\"noopener noreferrer\">Professor Arnoldo Wald<\/a>, \u00e9 um dos advogados mais mencionados na hist\u00f3ria da publica\u00e7\u00e3o e em 2020 foi um dos mais admirados do Brasil na \u00e1rea C\u00edvel e entre as companhias do segmento de constru\u00e7\u00e3o e engenharia. <a href=\"https:\/\/www.wald.com.br\/equipe\/alexandre-de-mendonca-wald\/\" target=\"_blank\" rel=\"noopener noreferrer\">Alexandre de Mendon\u00e7a Wald<\/a> foi listado entre os advogados mais admirados do Brasil na \u00e1rea de Arbitragem e <a href=\"https:\/\/www.wald.com.br\/equipe\/mariana-tavares-antunes\/\" target=\"_blank\" rel=\"noopener noreferrer\">Mariana Tavares Antunes<\/a> est\u00e1 entre as advogadas de destaque nas \u00e1reas de Arbitragem e C\u00edvel, al\u00e9m de entre as empresas dos setores de alimentos e bebidas, concess\u00f5es e log\u00edstica.<\/p>\n<p>O nosso s\u00f3cio <a href=\"https:\/\/www.wald.com.br\/equipe\/bernardo-cavalcanti-freire\/\" target=\"_blank\" rel=\"noopener noreferrer\">Bernardo Cavalcanti Freire<\/a> \u00e9 um dos advogados mais admirados do Brasil pelo segundo ano consecutivo com destaque entre as companhias sediadas em S\u00e3o Paulo, assim como <a href=\"https:\/\/www.wald.com.br\/equipe\/riccardo-giuliano-figueira-torre\/\" target=\"_blank\" rel=\"noopener noreferrer\">Riccardo Torre<\/a> que tamb\u00e9m registrou sua segunda indica\u00e7\u00e3o, neste ano na \u00e1rea de Arbitragem.<\/p>\n<p><a href=\"https:\/\/analise.com\/dna\/perfil-do-escritorio\/wald-antunes-vita-longo-e-blattner-advogados-100816\" target=\"_blank\" rel=\"noopener noreferrer\">Clique aqui para consultar<\/a> o perfil completo do escrit\u00f3rio na edi\u00e7\u00e3o 2020 da publica\u00e7\u00e3o An\u00e1lise Advocacia 500.<\/p>\n","protected":false},"excerpt":{"rendered":"<p>O Wald, Antunes, Vita, Longo e Blattner Advogados est\u00e1 entre os escrit\u00f3rios mais admirados do Brasil desde a primeira edi\u00e7\u00e3o da publica\u00e7\u00e3o An\u00e1lise Advocacia 500 da An\u00e1lise Editorial. Em 2020 o escrit\u00f3rio foi reconhecimento por sua atua\u00e7\u00e3o nas \u00e1reas de Arbitragem, Contratos Empresariais, C\u00edvel e Imobili\u00e1rio. Bem como pela indica\u00e7\u00e3o de nossos s\u00f3cios Professor Arnoldo [&hellip;]<\/p>\n","protected":false},"author":1,"featured_media":0,"comment_status":"open","ping_status":"closed","sticky":false,"template":"","format":"standard","meta":{"_acf_changed":false,"footnotes":""},"categories":[2],"tags":[84,83,14,86,49],"class_list":["post-1323","post","type-post","status-publish","format-standard","hentry","category-noticias","tag-analise-advocacia-500","tag-analise-editorial","tag-arbitragem","tag-civel","tag-imobiliario"],"acf":[],"yoast_head":"<!-- This site is optimized with the Yoast SEO plugin v27.5 - https:\/\/yoast.com\/product\/yoast-seo-wordpress\/ -->\n<title>Wald, Antunes, Vita, Longo e Blattner Advogados entre os escrit\u00f3rios mais admirados do Brasil pela An\u00e1lise Advocacia 500 | Wald Advogados<\/title>\n<meta name=\"robots\" content=\"index, follow, max-snippet:-1, max-image-preview:large, max-video-preview:-1\" \/>\n<link rel=\"canonical\" href=\"https:\/\/www.wald.com.br\/en\/wald-antunes-vita-longo-e-blattner-advogados-entre-os-escritorios-mais-admirados-do-brasil-pela-analise-advocacia-500\/\" \/>\n<meta property=\"og:locale\" content=\"en_US\" \/>\n<meta property=\"og:type\" content=\"article\" \/>\n<meta property=\"og:title\" content=\"Wald, Antunes, Vita, Longo e Blattner Advogados entre os escrit\u00f3rios mais admirados do Brasil pela An\u00e1lise Advocacia 500 | Wald Advogados\" \/>\n<meta property=\"og:description\" content=\"O Wald, Antunes, Vita, Longo e Blattner Advogados est\u00e1 entre os escrit\u00f3rios mais admirados do Brasil desde a primeira edi\u00e7\u00e3o da publica\u00e7\u00e3o An\u00e1lise Advocacia 500 da An\u00e1lise Editorial. Em 2020 o escrit\u00f3rio foi reconhecimento por sua atua\u00e7\u00e3o nas \u00e1reas de Arbitragem, Contratos Empresariais, C\u00edvel e Imobili\u00e1rio. Bem como pela indica\u00e7\u00e3o de nossos s\u00f3cios Professor Arnoldo [&hellip;]\" \/>\n<meta property=\"og:url\" content=\"https:\/\/www.wald.com.br\/en\/wald-antunes-vita-longo-e-blattner-advogados-entre-os-escritorios-mais-admirados-do-brasil-pela-analise-advocacia-500\/\" \/>\n<meta property=\"og:site_name\" content=\"Wald Advogados\" \/>\n<meta property=\"article:published_time\" content=\"2020-11-20T01:28:41+00:00\" \/>\n<meta property=\"article:modified_time\" content=\"2020-11-26T14:58:35+00:00\" \/>\n<meta property=\"og:image\" content=\"https:\/\/www.wald.com.br\/wp-content\/uploads\/2020\/11\/001.png\" \/>\n<meta name=\"author\" content=\"waldadmin2020\" \/>\n<meta name=\"twitter:card\" content=\"summary_large_image\" \/>\n<meta name=\"twitter:creator\" content=\"@waldadmin2020\" \/>\n<meta name=\"twitter:label1\" content=\"Written by\" \/>\n\t<meta name=\"twitter:data1\" content=\"waldadmin2020\" \/>\n\t<meta name=\"twitter:label2\" content=\"Est. reading time\" \/>\n\t<meta name=\"twitter:data2\" content=\"1 minute\" \/>\n<script type=\"application\/ld+json\" class=\"yoast-schema-graph\">{\"@context\":\"https:\\\/\\\/schema.org\",\"@graph\":[{\"@type\":\"Article\",\"@id\":\"https:\\\/\\\/www.wald.com.br\\\/en\\\/wald-antunes-vita-longo-e-blattner-advogados-entre-os-escritorios-mais-admirados-do-brasil-pela-analise-advocacia-500\\\/#article\",\"isPartOf\":{\"@id\":\"https:\\\/\\\/www.wald.com.br\\\/en\\\/wald-antunes-vita-longo-e-blattner-advogados-entre-os-escritorios-mais-admirados-do-brasil-pela-analise-advocacia-500\\\/\"},\"author\":{\"name\":\"waldadmin2020\",\"@id\":\"https:\\\/\\\/www.wald.com.br\\\/en\\\/#\\\/schema\\\/person\\\/63b1ba5d23c51fa9d050dd06ffd0e04a\"},\"headline\":\"Wald, Antunes, Vita, Longo e Blattner Advogados entre os escrit\u00f3rios mais admirados do Brasil pela An\u00e1lise Advocacia 500\",\"datePublished\":\"2020-11-20T01:28:41+00:00\",\"dateModified\":\"2020-11-26T14:58:35+00:00\",\"mainEntityOfPage\":{\"@id\":\"https:\\\/\\\/www.wald.com.br\\\/en\\\/wald-antunes-vita-longo-e-blattner-advogados-entre-os-escritorios-mais-admirados-do-brasil-pela-analise-advocacia-500\\\/\"},\"wordCount\":258,\"commentCount\":0,\"publisher\":{\"@id\":\"https:\\\/\\\/www.wald.com.br\\\/en\\\/#organization\"},\"image\":{\"@id\":\"https:\\\/\\\/www.wald.com.br\\\/en\\\/wald-antunes-vita-longo-e-blattner-advogados-entre-os-escritorios-mais-admirados-do-brasil-pela-analise-advocacia-500\\\/#primaryimage\"},\"thumbnailUrl\":\"https:\\\/\\\/www.wald.com.br\\\/wp-content\\\/uploads\\\/2020\\\/11\\\/001.png\",\"keywords\":[\"An\u00e1lise Advocacia 500\",\"An\u00e1lise Editorial\",\"Arbitragem\",\"C\u00edvel\",\"Imobili\u00e1rio\"],\"articleSection\":[\"News\"],\"inLanguage\":\"en-US\",\"potentialAction\":[{\"@type\":\"CommentAction\",\"name\":\"Comment\",\"target\":[\"https:\\\/\\\/www.wald.com.br\\\/en\\\/wald-antunes-vita-longo-e-blattner-advogados-entre-os-escritorios-mais-admirados-do-brasil-pela-analise-advocacia-500\\\/#respond\"]}]},{\"@type\":\"WebPage\",\"@id\":\"https:\\\/\\\/www.wald.com.br\\\/en\\\/wald-antunes-vita-longo-e-blattner-advogados-entre-os-escritorios-mais-admirados-do-brasil-pela-analise-advocacia-500\\\/\",\"url\":\"https:\\\/\\\/www.wald.com.br\\\/en\\\/wald-antunes-vita-longo-e-blattner-advogados-entre-os-escritorios-mais-admirados-do-brasil-pela-analise-advocacia-500\\\/\",\"name\":\"Wald, Antunes, Vita, Longo e Blattner Advogados entre os escrit\u00f3rios mais admirados do Brasil pela An\u00e1lise Advocacia 500 | Wald Advogados\",\"isPartOf\":{\"@id\":\"https:\\\/\\\/www.wald.com.br\\\/en\\\/#website\"},\"primaryImageOfPage\":{\"@id\":\"https:\\\/\\\/www.wald.com.br\\\/en\\\/wald-antunes-vita-longo-e-blattner-advogados-entre-os-escritorios-mais-admirados-do-brasil-pela-analise-advocacia-500\\\/#primaryimage\"},\"image\":{\"@id\":\"https:\\\/\\\/www.wald.com.br\\\/en\\\/wald-antunes-vita-longo-e-blattner-advogados-entre-os-escritorios-mais-admirados-do-brasil-pela-analise-advocacia-500\\\/#primaryimage\"},\"thumbnailUrl\":\"https:\\\/\\\/www.wald.com.br\\\/wp-content\\\/uploads\\\/2020\\\/11\\\/001.png\",\"datePublished\":\"2020-11-20T01:28:41+00:00\",\"dateModified\":\"2020-11-26T14:58:35+00:00\",\"breadcrumb\":{\"@id\":\"https:\\\/\\\/www.wald.com.br\\\/en\\\/wald-antunes-vita-longo-e-blattner-advogados-entre-os-escritorios-mais-admirados-do-brasil-pela-analise-advocacia-500\\\/#breadcrumb\"},\"inLanguage\":\"en-US\",\"potentialAction\":[{\"@type\":\"ReadAction\",\"target\":[\"https:\\\/\\\/www.wald.com.br\\\/en\\\/wald-antunes-vita-longo-e-blattner-advogados-entre-os-escritorios-mais-admirados-do-brasil-pela-analise-advocacia-500\\\/\"]}]},{\"@type\":\"ImageObject\",\"inLanguage\":\"en-US\",\"@id\":\"https:\\\/\\\/www.wald.com.br\\\/en\\\/wald-antunes-vita-longo-e-blattner-advogados-entre-os-escritorios-mais-admirados-do-brasil-pela-analise-advocacia-500\\\/#primaryimage\",\"url\":\"https:\\\/\\\/www.wald.com.br\\\/wp-content\\\/uploads\\\/2020\\\/11\\\/001.png\",\"contentUrl\":\"https:\\\/\\\/www.wald.com.br\\\/wp-content\\\/uploads\\\/2020\\\/11\\\/001.png\"},{\"@type\":\"BreadcrumbList\",\"@id\":\"https:\\\/\\\/www.wald.com.br\\\/en\\\/wald-antunes-vita-longo-e-blattner-advogados-entre-os-escritorios-mais-admirados-do-brasil-pela-analise-advocacia-500\\\/#breadcrumb\",\"itemListElement\":[{\"@type\":\"ListItem\",\"position\":1,\"name\":\"In\u00edcio\",\"item\":\"https:\\\/\\\/www.wald.com.br\\\/\"},{\"@type\":\"ListItem\",\"position\":2,\"name\":\"Wald, Antunes, Vita, Longo e Blattner Advogados entre os escrit\u00f3rios mais admirados do Brasil pela An\u00e1lise Advocacia 500\"}]},{\"@type\":\"WebSite\",\"@id\":\"https:\\\/\\\/www.wald.com.br\\\/en\\\/#website\",\"url\":\"https:\\\/\\\/www.wald.com.br\\\/en\\\/\",\"name\":\"Wald Advogados\",\"description\":\"66 years of leading law practice\",\"publisher\":{\"@id\":\"https:\\\/\\\/www.wald.com.br\\\/en\\\/#organization\"},\"potentialAction\":[{\"@type\":\"SearchAction\",\"target\":{\"@type\":\"EntryPoint\",\"urlTemplate\":\"https:\\\/\\\/www.wald.com.br\\\/en\\\/?s={search_term_string}\"},\"query-input\":{\"@type\":\"PropertyValueSpecification\",\"valueRequired\":true,\"valueName\":\"search_term_string\"}}],\"inLanguage\":\"en-US\"},{\"@type\":\"Organization\",\"@id\":\"https:\\\/\\\/www.wald.com.br\\\/en\\\/#organization\",\"name\":\"Wald, Antunes, Vita, Longo e Blattner Advogados\",\"url\":\"https:\\\/\\\/www.wald.com.br\\\/en\\\/\",\"logo\":{\"@type\":\"ImageObject\",\"inLanguage\":\"en-US\",\"@id\":\"https:\\\/\\\/www.wald.com.br\\\/en\\\/#\\\/schema\\\/logo\\\/image\\\/\",\"url\":\"https:\\\/\\\/www.wald.com.br\\\/wp-content\\\/uploads\\\/2020\\\/02\\\/Logo_Wald.png\",\"contentUrl\":\"https:\\\/\\\/www.wald.com.br\\\/wp-content\\\/uploads\\\/2020\\\/02\\\/Logo_Wald.png\",\"width\":5260,\"height\":2565,\"caption\":\"Wald, Antunes, Vita, Longo e Blattner Advogados\"},\"image\":{\"@id\":\"https:\\\/\\\/www.wald.com.br\\\/en\\\/#\\\/schema\\\/logo\\\/image\\\/\"},\"sameAs\":[\"https:\\\/\\\/www.linkedin.com\\\/company\\\/wald\"]},{\"@type\":\"Person\",\"@id\":\"https:\\\/\\\/www.wald.com.br\\\/en\\\/#\\\/schema\\\/person\\\/63b1ba5d23c51fa9d050dd06ffd0e04a\",\"name\":\"waldadmin2020\",\"image\":{\"@type\":\"ImageObject\",\"inLanguage\":\"en-US\",\"@id\":\"https:\\\/\\\/secure.gravatar.com\\\/avatar\\\/a71cf721eb306cd72432a33f9852249bbdb558baa0f55419ddb257983362db55?s=96&d=mm&r=g\",\"url\":\"https:\\\/\\\/secure.gravatar.com\\\/avatar\\\/a71cf721eb306cd72432a33f9852249bbdb558baa0f55419ddb257983362db55?s=96&d=mm&r=g\",\"contentUrl\":\"https:\\\/\\\/secure.gravatar.com\\\/avatar\\\/a71cf721eb306cd72432a33f9852249bbdb558baa0f55419ddb257983362db55?s=96&d=mm&r=g\",\"caption\":\"waldadmin2020\"},\"sameAs\":[\"https:\\\/\\\/x.com\\\/waldadmin2020\"],\"url\":\"https:\\\/\\\/www.wald.com.br\\\/en\\\/author\\\/waldadmin2020\\\/\"}]}<\/script>\n<!-- \/ Yoast SEO plugin. -->","yoast_head_json":{"title":"Wald, Antunes, Vita, Longo e Blattner Advogados entre os escrit\u00f3rios mais admirados do Brasil pela An\u00e1lise Advocacia 500 | Wald Advogados","robots":{"index":"index","follow":"follow","max-snippet":"max-snippet:-1","max-image-preview":"max-image-preview:large","max-video-preview":"max-video-preview:-1"},"canonical":"https:\/\/www.wald.com.br\/en\/wald-antunes-vita-longo-e-blattner-advogados-entre-os-escritorios-mais-admirados-do-brasil-pela-analise-advocacia-500\/","og_locale":"en_US","og_type":"article","og_title":"Wald, Antunes, Vita, Longo e Blattner Advogados entre os escrit\u00f3rios mais admirados do Brasil pela An\u00e1lise Advocacia 500 | Wald Advogados","og_description":"O Wald, Antunes, Vita, Longo e Blattner Advogados est\u00e1 entre os escrit\u00f3rios mais admirados do Brasil desde a primeira edi\u00e7\u00e3o da publica\u00e7\u00e3o An\u00e1lise Advocacia 500 da An\u00e1lise Editorial. Em 2020 o escrit\u00f3rio foi reconhecimento por sua atua\u00e7\u00e3o nas \u00e1reas de Arbitragem, Contratos Empresariais, C\u00edvel e Imobili\u00e1rio. Bem como pela indica\u00e7\u00e3o de nossos s\u00f3cios Professor Arnoldo [&hellip;]","og_url":"https:\/\/www.wald.com.br\/en\/wald-antunes-vita-longo-e-blattner-advogados-entre-os-escritorios-mais-admirados-do-brasil-pela-analise-advocacia-500\/","og_site_name":"Wald Advogados","article_published_time":"2020-11-20T01:28:41+00:00","article_modified_time":"2020-11-26T14:58:35+00:00","og_image":[{"url":"https:\/\/www.wald.com.br\/wp-content\/uploads\/2020\/11\/001.png","type":"","width":"","height":""}],"author":"waldadmin2020","twitter_card":"summary_large_image","twitter_creator":"@waldadmin2020","twitter_misc":{"Written by":"waldadmin2020","Est. reading time":"1 minute"},"schema":{"@context":"https:\/\/schema.org","@graph":[{"@type":"Article","@id":"https:\/\/www.wald.com.br\/en\/wald-antunes-vita-longo-e-blattner-advogados-entre-os-escritorios-mais-admirados-do-brasil-pela-analise-advocacia-500\/#article","isPartOf":{"@id":"https:\/\/www.wald.com.br\/en\/wald-antunes-vita-longo-e-blattner-advogados-entre-os-escritorios-mais-admirados-do-brasil-pela-analise-advocacia-500\/"},"author":{"name":"waldadmin2020","@id":"https:\/\/www.wald.com.br\/en\/#\/schema\/person\/63b1ba5d23c51fa9d050dd06ffd0e04a"},"headline":"Wald, Antunes, Vita, Longo e Blattner Advogados entre os escrit\u00f3rios mais admirados do Brasil pela An\u00e1lise Advocacia 500","datePublished":"2020-11-20T01:28:41+00:00","dateModified":"2020-11-26T14:58:35+00:00","mainEntityOfPage":{"@id":"https:\/\/www.wald.com.br\/en\/wald-antunes-vita-longo-e-blattner-advogados-entre-os-escritorios-mais-admirados-do-brasil-pela-analise-advocacia-500\/"},"wordCount":258,"commentCount":0,"publisher":{"@id":"https:\/\/www.wald.com.br\/en\/#organization"},"image":{"@id":"https:\/\/www.wald.com.br\/en\/wald-antunes-vita-longo-e-blattner-advogados-entre-os-escritorios-mais-admirados-do-brasil-pela-analise-advocacia-500\/#primaryimage"},"thumbnailUrl":"https:\/\/www.wald.com.br\/wp-content\/uploads\/2020\/11\/001.png","keywords":["An\u00e1lise Advocacia 500","An\u00e1lise Editorial","Arbitragem","C\u00edvel","Imobili\u00e1rio"],"articleSection":["News"],"inLanguage":"en-US","potentialAction":[{"@type":"CommentAction","name":"Comment","target":["https:\/\/www.wald.com.br\/en\/wald-antunes-vita-longo-e-blattner-advogados-entre-os-escritorios-mais-admirados-do-brasil-pela-analise-advocacia-500\/#respond"]}]},{"@type":"WebPage","@id":"https:\/\/www.wald.com.br\/en\/wald-antunes-vita-longo-e-blattner-advogados-entre-os-escritorios-mais-admirados-do-brasil-pela-analise-advocacia-500\/","url":"https:\/\/www.wald.com.br\/en\/wald-antunes-vita-longo-e-blattner-advogados-entre-os-escritorios-mais-admirados-do-brasil-pela-analise-advocacia-500\/","name":"Wald, Antunes, Vita, Longo e Blattner Advogados entre os escrit\u00f3rios mais admirados do Brasil pela An\u00e1lise Advocacia 500 | Wald Advogados","isPartOf":{"@id":"https:\/\/www.wald.com.br\/en\/#website"},"primaryImageOfPage":{"@id":"https:\/\/www.wald.com.br\/en\/wald-antunes-vita-longo-e-blattner-advogados-entre-os-escritorios-mais-admirados-do-brasil-pela-analise-advocacia-500\/#primaryimage"},"image":{"@id":"https:\/\/www.wald.com.br\/en\/wald-antunes-vita-longo-e-blattner-advogados-entre-os-escritorios-mais-admirados-do-brasil-pela-analise-advocacia-500\/#primaryimage"},"thumbnailUrl":"https:\/\/www.wald.com.br\/wp-content\/uploads\/2020\/11\/001.png","datePublished":"2020-11-20T01:28:41+00:00","dateModified":"2020-11-26T14:58:35+00:00","breadcrumb":{"@id":"https:\/\/www.wald.com.br\/en\/wald-antunes-vita-longo-e-blattner-advogados-entre-os-escritorios-mais-admirados-do-brasil-pela-analise-advocacia-500\/#breadcrumb"},"inLanguage":"en-US","potentialAction":[{"@type":"ReadAction","target":["https:\/\/www.wald.com.br\/en\/wald-antunes-vita-longo-e-blattner-advogados-entre-os-escritorios-mais-admirados-do-brasil-pela-analise-advocacia-500\/"]}]},{"@type":"ImageObject","inLanguage":"en-US","@id":"https:\/\/www.wald.com.br\/en\/wald-antunes-vita-longo-e-blattner-advogados-entre-os-escritorios-mais-admirados-do-brasil-pela-analise-advocacia-500\/#primaryimage","url":"https:\/\/www.wald.com.br\/wp-content\/uploads\/2020\/11\/001.png","contentUrl":"https:\/\/www.wald.com.br\/wp-content\/uploads\/2020\/11\/001.png"},{"@type":"BreadcrumbList","@id":"https:\/\/www.wald.com.br\/en\/wald-antunes-vita-longo-e-blattner-advogados-entre-os-escritorios-mais-admirados-do-brasil-pela-analise-advocacia-500\/#breadcrumb","itemListElement":[{"@type":"ListItem","position":1,"name":"In\u00edcio","item":"https:\/\/www.wald.com.br\/"},{"@type":"ListItem","position":2,"name":"Wald, Antunes, Vita, Longo e Blattner Advogados entre os escrit\u00f3rios mais admirados do Brasil pela An\u00e1lise Advocacia 500"}]},{"@type":"WebSite","@id":"https:\/\/www.wald.com.br\/en\/#website","url":"https:\/\/www.wald.com.br\/en\/","name":"Wald Advogados","description":"66 years of leading law practice","publisher":{"@id":"https:\/\/www.wald.com.br\/en\/#organization"},"potentialAction":[{"@type":"SearchAction","target":{"@type":"EntryPoint","urlTemplate":"https:\/\/www.wald.com.br\/en\/?s={search_term_string}"},"query-input":{"@type":"PropertyValueSpecification","valueRequired":true,"valueName":"search_term_string"}}],"inLanguage":"en-US"},{"@type":"Organization","@id":"https:\/\/www.wald.com.br\/en\/#organization","name":"Wald, Antunes, Vita, Longo e Blattner Advogados","url":"https:\/\/www.wald.com.br\/en\/","logo":{"@type":"ImageObject","inLanguage":"en-US","@id":"https:\/\/www.wald.com.br\/en\/#\/schema\/logo\/image\/","url":"https:\/\/www.wald.com.br\/wp-content\/uploads\/2020\/02\/Logo_Wald.png","contentUrl":"https:\/\/www.wald.com.br\/wp-content\/uploads\/2020\/02\/Logo_Wald.png","width":5260,"height":2565,"caption":"Wald, Antunes, Vita, Longo e Blattner Advogados"},"image":{"@id":"https:\/\/www.wald.com.br\/en\/#\/schema\/logo\/image\/"},"sameAs":["https:\/\/www.linkedin.com\/company\/wald"]},{"@type":"Person","@id":"https:\/\/www.wald.com.br\/en\/#\/schema\/person\/63b1ba5d23c51fa9d050dd06ffd0e04a","name":"waldadmin2020","image":{"@type":"ImageObject","inLanguage":"en-US","@id":"https:\/\/secure.gravatar.com\/avatar\/a71cf721eb306cd72432a33f9852249bbdb558baa0f55419ddb257983362db55?s=96&d=mm&r=g","url":"https:\/\/secure.gravatar.com\/avatar\/a71cf721eb306cd72432a33f9852249bbdb558baa0f55419ddb257983362db55?s=96&d=mm&r=g","contentUrl":"https:\/\/secure.gravatar.com\/avatar\/a71cf721eb306cd72432a33f9852249bbdb558baa0f55419ddb257983362db55?s=96&d=mm&r=g","caption":"waldadmin2020"},"sameAs":["https:\/\/x.com\/waldadmin2020"],"url":"https:\/\/www.wald.com.br\/en\/author\/waldadmin2020\/"}]}},"_links":{"self":[{"href":"https:\/\/www.wald.com.br\/en\/wp-json\/wp\/v2\/posts\/1323","targetHints":{"allow":["GET"]}}],"collection":[{"href":"https:\/\/www.wald.com.br\/en\/wp-json\/wp\/v2\/posts"}],"about":[{"href":"https:\/\/www.wald.com.br\/en\/wp-json\/wp\/v2\/types\/post"}],"author":[{"embeddable":true,"href":"https:\/\/www.wald.com.br\/en\/wp-json\/wp\/v2\/users\/1"}],"replies":[{"embeddable":true,"href":"https:\/\/www.wald.com.br\/en\/wp-json\/wp\/v2\/comments?post=1323"}],"version-history":[{"count":1,"href":"https:\/\/www.wald.com.br\/en\/wp-json\/wp\/v2\/posts\/1323\/revisions"}],"predecessor-version":[{"id":1325,"href":"https:\/\/www.wald.com.br\/en\/wp-json\/wp\/v2\/posts\/1323\/revisions\/1325"}],"wp:attachment":[{"href":"https:\/\/www.wald.com.br\/en\/wp-json\/wp\/v2\/media?parent=1323"}],"wp:term":[{"taxonomy":"category","embeddable":true,"href":"https:\/\/www.wald.com.br\/en\/wp-json\/wp\/v2\/categories?post=1323"},{"taxonomy":"post_tag","embeddable":true,"href":"https:\/\/www.wald.com.br\/en\/wp-json\/wp\/v2\/tags?post=1323"}],"curies":[{"name":"wp","href":"https:\/\/api.w.org\/{rel}","templated":true}]}}