{"id":1359,"date":"2020-12-11T10:32:23","date_gmt":"2020-12-11T13:32:23","guid":{"rendered":"https:\/\/www.wald.com.br\/?p=1359"},"modified":"2020-12-11T10:33:34","modified_gmt":"2020-12-11T13:33:34","slug":"um-novo-codigo-recuperacional-e-falimentar","status":"publish","type":"post","link":"https:\/\/www.wald.com.br\/en\/um-novo-codigo-recuperacional-e-falimentar\/","title":{"rendered":"Um novo c\u00f3digo recuperacional e falimentar"},"content":{"rendered":"<p><span style=\"font-size: 20px;\"><strong><span style=\"font-size: 12px;\">Publicado no<br \/>\n<\/span><\/strong><a href=\"https:\/\/valor.globo.com\/legislacao\/noticia\/2020\/12\/11\/um-novo-codigo-recuperacional-e-falimentar.ghtml\" target=\"_blank\" rel=\"noopener noreferrer\"><img loading=\"lazy\" decoding=\"async\" class=\"alignnone wp-image-912\" src=\"https:\/\/www.wald.com.br\/wp-content\/uploads\/2020\/04\/Valor.png\" alt=\"\" width=\"100\" height=\"19\" \/><\/a><\/span><\/p>\n<p><em>Teremos positivadas regras sobre a insolv\u00eancia transnacional, que merece cada vez mais aten\u00e7\u00e3o diante da globaliza\u00e7\u00e3o<\/em><\/p>\n<p>A sociedade aguarda ansiosa a manifesta\u00e7\u00e3o da Presid\u00eancia da Rep\u00fablica sobre o texto recentemente aprovado no Senado Federal, que modifica a Lei de Fal\u00eancias e Recupera\u00e7\u00e3o Judicial.<\/p>\n<p>Com a pandemia, o n\u00famero de fal\u00eancias e recupera\u00e7\u00f5es aumentou enormemente no mundo. Simultaneamente, cresceu o perigo ambiental e os tribunais se viram amea\u00e7ados de um verdadeiro \u201ctsunami\u201d de novos pleitos decorrentes das insolv\u00eancias, alegando a imprevis\u00e3o e a for\u00e7a maior.<\/p>\n<p>Assim, em virtude da pandemia do coronorav\u00edrus, ter\u00edamos a paralisia do Poder Judici\u00e1rio, se os tribunais e o Conselho de Justi\u00e7a n\u00e3o tivessem tomado oportunamente algumas importantes medidas. Faltava a iniciativa do legislativo que acaba de nos oferecer um verdadeiro C\u00f3digo.<\/p>\n<p>Numerosos setores de atividades foram mais atingidos, parcial ou totalmente, do que outros, com impontualidade e insolv\u00eancia, numa escala jamais vista no passado, sem que se soubesse quanto duraria a crise nem como e quando as empresas conseguiriam pagar os seus d\u00e9bitos e at\u00e9 se, em determinado momento, poderiam solve-los.<\/p>\n<p>Dezenas de livros e centenas de artigos passaram a tratar do assunto enquanto surgiam novas legisla\u00e7\u00f5es de emerg\u00eancia, tanto no exterior como no pa\u00eds, reconhecendo uma esp\u00e9cie de Estado de s\u00edtio econ\u00f4mico decorrente dos problemas sanit\u00e1rios e da depress\u00e3o econ\u00f4mica consequente.<\/p>\n<p>J\u00e1 havia uma tend\u00eancia, nos \u00faltimos dez anos, diante da revolu\u00e7\u00e3o tecnol\u00f3gica, de rever o direito falimentar e de integra-lo mais intensamente no direito comercial, como meio de garantir a sobreviv\u00eancia das empresas que estavam em condi\u00e7\u00f5es adequadas de sustentabilidade antes da crise, mas que sofreram os problemas decorrentes da globaliza\u00e7\u00e3o e da revolu\u00e7\u00e3o tecnol\u00f3gica.<\/p>\n<p>Tramitava, desde 2005, projeto de lei que trazia altera\u00e7\u00f5es relevantes para o sistema da insolv\u00eancia brasileiro e que acaba de ser aprovado pelo Congresso Nacional.<\/p>\n<p>Ningu\u00e9m duvida que n\u00e3o h\u00e1 lei perfeita, que se adeque magistralmente a todas as situa\u00e7\u00f5es do cotidiano e que agrade a totalidade dos interessados. Com essa lei, n\u00e3o \u00e9 diferente, mas devemos ressaltar as v\u00e1rias inova\u00e7\u00f5es importantes que ela traz.<\/p>\n<p>Trata-se de um verdadeiro C\u00f3digo completo e detalhado com mais de 200 artigos, no qual o legislador n\u00e3o teve medo de inovar, fugindo, assim, a um certo misone\u00edsmo, que dominava o mesmo direito. Preocupou-se com as quest\u00f5es pr\u00e1ticas e inspirou-se no direito comparado, procurando um justo equil\u00edbrio nas solu\u00e7\u00f5es aos conflitos normais entre devedor e credores.<\/p>\n<p>Pela primeira vez, teremos positivadas regras sobre a insolv\u00eancia transnacional, que merece cada vez mais aten\u00e7\u00e3o diante da globaliza\u00e7\u00e3o, sobre o fresh start, o r\u00e1pido recome\u00e7o \u00e0s empresas falidas, e sobre a entrada do dinheiro novo no caixa das empresas, decorrente de empr\u00e9stimos que t\u00eam prefer\u00eancias de pagamento, fundamental para sua recupera\u00e7\u00e3o.<\/p>\n<p>A nova lei inova ao prever o uso da media\u00e7\u00e3o e concilia\u00e7\u00e3o n\u00e3o apenas durante o processo de recupera\u00e7\u00e3o empresarial, mas tamb\u00e9m na fase pr\u00e9-processual, tentando evitar a demanda e fomentando o devedor e os credores a serem mais protagonistas na reestrutura\u00e7\u00e3o. O est\u00edmulo ao di\u00e1logo tamb\u00e9m aparece quando se reduz o qu\u00f3rum de aprova\u00e7\u00e3o do plano de recupera\u00e7\u00e3o extrajudicial, criando um modelo ainda pouco utilizado e que merece ser amplamente desenvolvido. As condi\u00e7\u00f5es na negocia\u00e7\u00e3o dos cr\u00e9ditos inscritos em d\u00edvida p\u00fablica tamb\u00e9m ficam mais vantajosas aos devedores.<\/p>\n<p>A recupera\u00e7\u00e3o, sem ser uma solu\u00e7\u00e3o milagrosa para todos os casos, pode, quando bem orientada, constituir o caminho normal, embora \u00e1rduo, para garantir, numa fase de crise, a manuten\u00e7\u00e3o ou a sobrevida e o reerguimento das empresas em dificuldades e eventualmente a sua reorganiza\u00e7\u00e3o mediante medidas s\u00e9rias, eficientes e \u00e9ticas.<\/p>\n<p>Ela n\u00e3o \u00e9 mais um neg\u00f3cio de interesse exclusivo do dono da empresa, como quando se entendia que ele funcionava como verdadeiro propriet\u00e1rio, com poderes amplos ou at\u00e9 ilimitados. A empresa exerce hoje uma fun\u00e7\u00e3o social, em cuja gest\u00e3o deve ser auxiliada pelo Minist\u00e9rio P\u00fablico, pelo Juiz e pelos administradores judiciais, pelas demais autoridades e at\u00e9 pelo recuperando e pelos titulares de cr\u00e9ditos e eventuais finanaciadores, que passam a ter um papel ativo, deixando de ser meros acompanhantes e fiscais do devedor.<\/p>\n<p>A empresa deve respeitar os interesses dos acionistas n\u00e3o controladores e dos empregados, dos fornecedores, dos clientes e dos eventuais investidores, que podem e devem participar de uma verdadeira parceria para fortalec\u00ea-la, independentemente dos interesses espec\u00edficos do controlador.<\/p>\n<p>A parceria \u00e9 um dos importantes ingredientes do capitalismo, renovado com governan\u00e7a corporativa (Environmental, social and corporate governance &#8211; ESG), que tentamos construir no mundo p\u00f3s pandemia. Esperamos que a nova legisla\u00e7\u00e3o possa contribuir para esse importante e necess\u00e1rio processo.<\/p>\n<p>Artigo publicado no <a href=\"https:\/\/valor.globo.com\/legislacao\/noticia\/2020\/12\/11\/um-novo-codigo-recuperacional-e-falimentar.ghtml\" target=\"_blank\" rel=\"noopener noreferrer\">Valor Econ\u00f4mico<\/a>.<\/p>\n","protected":false},"excerpt":{"rendered":"<p>Publicado no Teremos positivadas regras sobre a insolv\u00eancia transnacional, que merece cada vez mais aten\u00e7\u00e3o diante da globaliza\u00e7\u00e3o A sociedade aguarda ansiosa a manifesta\u00e7\u00e3o da Presid\u00eancia da Rep\u00fablica sobre o texto recentemente aprovado no Senado Federal, que modifica a Lei de Fal\u00eancias e Recupera\u00e7\u00e3o Judicial. Com a pandemia, o n\u00famero de fal\u00eancias e recupera\u00e7\u00f5es aumentou [&hellip;]<\/p>\n","protected":false},"author":1,"featured_media":0,"comment_status":"open","ping_status":"closed","sticky":false,"template":"","format":"standard","meta":{"_acf_changed":false,"footnotes":""},"categories":[3],"tags":[85,19,76,58],"class_list":["post-1359","post","type-post","status-publish","format-standard","hentry","category-artigos","tag-falencia","tag-recuperacao-empresarial","tag-selic","tag-stj"],"acf":[],"yoast_head":"<!-- This site is optimized with the Yoast SEO plugin v27.4 - https:\/\/yoast.com\/product\/yoast-seo-wordpress\/ -->\n<title>Um novo c\u00f3digo recuperacional e falimentar | Wald Advogados<\/title>\n<meta name=\"robots\" content=\"index, follow, max-snippet:-1, max-image-preview:large, max-video-preview:-1\" \/>\n<link rel=\"canonical\" href=\"https:\/\/www.wald.com.br\/en\/um-novo-codigo-recuperacional-e-falimentar\/\" \/>\n<meta property=\"og:locale\" content=\"en_US\" \/>\n<meta property=\"og:type\" content=\"article\" \/>\n<meta property=\"og:title\" content=\"Um novo c\u00f3digo recuperacional e falimentar | Wald Advogados\" \/>\n<meta property=\"og:description\" content=\"Publicado no Teremos positivadas regras sobre a insolv\u00eancia transnacional, que merece cada vez mais aten\u00e7\u00e3o diante da globaliza\u00e7\u00e3o A sociedade aguarda ansiosa a manifesta\u00e7\u00e3o da Presid\u00eancia da Rep\u00fablica sobre o texto recentemente aprovado no Senado Federal, que modifica a Lei de Fal\u00eancias e Recupera\u00e7\u00e3o Judicial. Com a pandemia, o n\u00famero de fal\u00eancias e recupera\u00e7\u00f5es aumentou [&hellip;]\" \/>\n<meta property=\"og:url\" content=\"https:\/\/www.wald.com.br\/en\/um-novo-codigo-recuperacional-e-falimentar\/\" \/>\n<meta property=\"og:site_name\" content=\"Wald Advogados\" \/>\n<meta property=\"article:published_time\" content=\"2020-12-11T13:32:23+00:00\" \/>\n<meta property=\"article:modified_time\" content=\"2020-12-11T13:33:34+00:00\" \/>\n<meta property=\"og:image\" content=\"https:\/\/www.wald.com.br\/wp-content\/uploads\/2020\/04\/Valor.png\" \/>\n<meta name=\"author\" content=\"waldadmin2020\" \/>\n<meta name=\"twitter:card\" content=\"summary_large_image\" \/>\n<meta name=\"twitter:creator\" content=\"@waldadmin2020\" \/>\n<meta name=\"twitter:label1\" content=\"Written by\" \/>\n\t<meta name=\"twitter:data1\" content=\"waldadmin2020\" \/>\n\t<meta name=\"twitter:label2\" content=\"Est. reading time\" \/>\n\t<meta name=\"twitter:data2\" content=\"4 minutes\" \/>\n<script type=\"application\/ld+json\" class=\"yoast-schema-graph\">{\"@context\":\"https:\\\/\\\/schema.org\",\"@graph\":[{\"@type\":\"Article\",\"@id\":\"https:\\\/\\\/www.wald.com.br\\\/en\\\/um-novo-codigo-recuperacional-e-falimentar\\\/#article\",\"isPartOf\":{\"@id\":\"https:\\\/\\\/www.wald.com.br\\\/en\\\/um-novo-codigo-recuperacional-e-falimentar\\\/\"},\"author\":{\"name\":\"waldadmin2020\",\"@id\":\"https:\\\/\\\/www.wald.com.br\\\/en\\\/#\\\/schema\\\/person\\\/63b1ba5d23c51fa9d050dd06ffd0e04a\"},\"headline\":\"Um novo c\u00f3digo recuperacional e falimentar\",\"datePublished\":\"2020-12-11T13:32:23+00:00\",\"dateModified\":\"2020-12-11T13:33:34+00:00\",\"mainEntityOfPage\":{\"@id\":\"https:\\\/\\\/www.wald.com.br\\\/en\\\/um-novo-codigo-recuperacional-e-falimentar\\\/\"},\"wordCount\":855,\"commentCount\":0,\"publisher\":{\"@id\":\"https:\\\/\\\/www.wald.com.br\\\/en\\\/#organization\"},\"image\":{\"@id\":\"https:\\\/\\\/www.wald.com.br\\\/en\\\/um-novo-codigo-recuperacional-e-falimentar\\\/#primaryimage\"},\"thumbnailUrl\":\"https:\\\/\\\/www.wald.com.br\\\/wp-content\\\/uploads\\\/2020\\\/04\\\/Valor.png\",\"keywords\":[\"Fal\u00eancia\",\"Recupera\u00e7\u00e3o empresarial\",\"Selic\",\"STJ\"],\"articleSection\":[\"Articles\"],\"inLanguage\":\"en-US\",\"potentialAction\":[{\"@type\":\"CommentAction\",\"name\":\"Comment\",\"target\":[\"https:\\\/\\\/www.wald.com.br\\\/en\\\/um-novo-codigo-recuperacional-e-falimentar\\\/#respond\"]}]},{\"@type\":\"WebPage\",\"@id\":\"https:\\\/\\\/www.wald.com.br\\\/en\\\/um-novo-codigo-recuperacional-e-falimentar\\\/\",\"url\":\"https:\\\/\\\/www.wald.com.br\\\/en\\\/um-novo-codigo-recuperacional-e-falimentar\\\/\",\"name\":\"Um novo c\u00f3digo recuperacional e falimentar | Wald Advogados\",\"isPartOf\":{\"@id\":\"https:\\\/\\\/www.wald.com.br\\\/en\\\/#website\"},\"primaryImageOfPage\":{\"@id\":\"https:\\\/\\\/www.wald.com.br\\\/en\\\/um-novo-codigo-recuperacional-e-falimentar\\\/#primaryimage\"},\"image\":{\"@id\":\"https:\\\/\\\/www.wald.com.br\\\/en\\\/um-novo-codigo-recuperacional-e-falimentar\\\/#primaryimage\"},\"thumbnailUrl\":\"https:\\\/\\\/www.wald.com.br\\\/wp-content\\\/uploads\\\/2020\\\/04\\\/Valor.png\",\"datePublished\":\"2020-12-11T13:32:23+00:00\",\"dateModified\":\"2020-12-11T13:33:34+00:00\",\"breadcrumb\":{\"@id\":\"https:\\\/\\\/www.wald.com.br\\\/en\\\/um-novo-codigo-recuperacional-e-falimentar\\\/#breadcrumb\"},\"inLanguage\":\"en-US\",\"potentialAction\":[{\"@type\":\"ReadAction\",\"target\":[\"https:\\\/\\\/www.wald.com.br\\\/en\\\/um-novo-codigo-recuperacional-e-falimentar\\\/\"]}]},{\"@type\":\"ImageObject\",\"inLanguage\":\"en-US\",\"@id\":\"https:\\\/\\\/www.wald.com.br\\\/en\\\/um-novo-codigo-recuperacional-e-falimentar\\\/#primaryimage\",\"url\":\"https:\\\/\\\/www.wald.com.br\\\/wp-content\\\/uploads\\\/2020\\\/04\\\/Valor.png\",\"contentUrl\":\"https:\\\/\\\/www.wald.com.br\\\/wp-content\\\/uploads\\\/2020\\\/04\\\/Valor.png\"},{\"@type\":\"BreadcrumbList\",\"@id\":\"https:\\\/\\\/www.wald.com.br\\\/en\\\/um-novo-codigo-recuperacional-e-falimentar\\\/#breadcrumb\",\"itemListElement\":[{\"@type\":\"ListItem\",\"position\":1,\"name\":\"In\u00edcio\",\"item\":\"https:\\\/\\\/www.wald.com.br\\\/\"},{\"@type\":\"ListItem\",\"position\":2,\"name\":\"Um novo c\u00f3digo recuperacional e falimentar\"}]},{\"@type\":\"WebSite\",\"@id\":\"https:\\\/\\\/www.wald.com.br\\\/en\\\/#website\",\"url\":\"https:\\\/\\\/www.wald.com.br\\\/en\\\/\",\"name\":\"Wald Advogados\",\"description\":\"66 years of leading law practice\",\"publisher\":{\"@id\":\"https:\\\/\\\/www.wald.com.br\\\/en\\\/#organization\"},\"potentialAction\":[{\"@type\":\"SearchAction\",\"target\":{\"@type\":\"EntryPoint\",\"urlTemplate\":\"https:\\\/\\\/www.wald.com.br\\\/en\\\/?s={search_term_string}\"},\"query-input\":{\"@type\":\"PropertyValueSpecification\",\"valueRequired\":true,\"valueName\":\"search_term_string\"}}],\"inLanguage\":\"en-US\"},{\"@type\":\"Organization\",\"@id\":\"https:\\\/\\\/www.wald.com.br\\\/en\\\/#organization\",\"name\":\"Wald, Antunes, Vita, Longo e Blattner Advogados\",\"url\":\"https:\\\/\\\/www.wald.com.br\\\/en\\\/\",\"logo\":{\"@type\":\"ImageObject\",\"inLanguage\":\"en-US\",\"@id\":\"https:\\\/\\\/www.wald.com.br\\\/en\\\/#\\\/schema\\\/logo\\\/image\\\/\",\"url\":\"https:\\\/\\\/www.wald.com.br\\\/wp-content\\\/uploads\\\/2020\\\/02\\\/Logo_Wald.png\",\"contentUrl\":\"https:\\\/\\\/www.wald.com.br\\\/wp-content\\\/uploads\\\/2020\\\/02\\\/Logo_Wald.png\",\"width\":5260,\"height\":2565,\"caption\":\"Wald, Antunes, Vita, Longo e Blattner Advogados\"},\"image\":{\"@id\":\"https:\\\/\\\/www.wald.com.br\\\/en\\\/#\\\/schema\\\/logo\\\/image\\\/\"},\"sameAs\":[\"https:\\\/\\\/www.linkedin.com\\\/company\\\/wald\"]},{\"@type\":\"Person\",\"@id\":\"https:\\\/\\\/www.wald.com.br\\\/en\\\/#\\\/schema\\\/person\\\/63b1ba5d23c51fa9d050dd06ffd0e04a\",\"name\":\"waldadmin2020\",\"image\":{\"@type\":\"ImageObject\",\"inLanguage\":\"en-US\",\"@id\":\"https:\\\/\\\/secure.gravatar.com\\\/avatar\\\/a71cf721eb306cd72432a33f9852249bbdb558baa0f55419ddb257983362db55?s=96&d=mm&r=g\",\"url\":\"https:\\\/\\\/secure.gravatar.com\\\/avatar\\\/a71cf721eb306cd72432a33f9852249bbdb558baa0f55419ddb257983362db55?s=96&d=mm&r=g\",\"contentUrl\":\"https:\\\/\\\/secure.gravatar.com\\\/avatar\\\/a71cf721eb306cd72432a33f9852249bbdb558baa0f55419ddb257983362db55?s=96&d=mm&r=g\",\"caption\":\"waldadmin2020\"},\"sameAs\":[\"https:\\\/\\\/x.com\\\/waldadmin2020\"],\"url\":\"https:\\\/\\\/www.wald.com.br\\\/en\\\/author\\\/waldadmin2020\\\/\"}]}<\/script>\n<!-- \/ Yoast SEO plugin. -->","yoast_head_json":{"title":"Um novo c\u00f3digo recuperacional e falimentar | Wald Advogados","robots":{"index":"index","follow":"follow","max-snippet":"max-snippet:-1","max-image-preview":"max-image-preview:large","max-video-preview":"max-video-preview:-1"},"canonical":"https:\/\/www.wald.com.br\/en\/um-novo-codigo-recuperacional-e-falimentar\/","og_locale":"en_US","og_type":"article","og_title":"Um novo c\u00f3digo recuperacional e falimentar | Wald Advogados","og_description":"Publicado no Teremos positivadas regras sobre a insolv\u00eancia transnacional, que merece cada vez mais aten\u00e7\u00e3o diante da globaliza\u00e7\u00e3o A sociedade aguarda ansiosa a manifesta\u00e7\u00e3o da Presid\u00eancia da Rep\u00fablica sobre o texto recentemente aprovado no Senado Federal, que modifica a Lei de Fal\u00eancias e Recupera\u00e7\u00e3o Judicial. Com a pandemia, o n\u00famero de fal\u00eancias e recupera\u00e7\u00f5es aumentou [&hellip;]","og_url":"https:\/\/www.wald.com.br\/en\/um-novo-codigo-recuperacional-e-falimentar\/","og_site_name":"Wald Advogados","article_published_time":"2020-12-11T13:32:23+00:00","article_modified_time":"2020-12-11T13:33:34+00:00","og_image":[{"url":"https:\/\/www.wald.com.br\/wp-content\/uploads\/2020\/04\/Valor.png","type":"","width":"","height":""}],"author":"waldadmin2020","twitter_card":"summary_large_image","twitter_creator":"@waldadmin2020","twitter_misc":{"Written by":"waldadmin2020","Est. reading time":"4 minutes"},"schema":{"@context":"https:\/\/schema.org","@graph":[{"@type":"Article","@id":"https:\/\/www.wald.com.br\/en\/um-novo-codigo-recuperacional-e-falimentar\/#article","isPartOf":{"@id":"https:\/\/www.wald.com.br\/en\/um-novo-codigo-recuperacional-e-falimentar\/"},"author":{"name":"waldadmin2020","@id":"https:\/\/www.wald.com.br\/en\/#\/schema\/person\/63b1ba5d23c51fa9d050dd06ffd0e04a"},"headline":"Um novo c\u00f3digo recuperacional e falimentar","datePublished":"2020-12-11T13:32:23+00:00","dateModified":"2020-12-11T13:33:34+00:00","mainEntityOfPage":{"@id":"https:\/\/www.wald.com.br\/en\/um-novo-codigo-recuperacional-e-falimentar\/"},"wordCount":855,"commentCount":0,"publisher":{"@id":"https:\/\/www.wald.com.br\/en\/#organization"},"image":{"@id":"https:\/\/www.wald.com.br\/en\/um-novo-codigo-recuperacional-e-falimentar\/#primaryimage"},"thumbnailUrl":"https:\/\/www.wald.com.br\/wp-content\/uploads\/2020\/04\/Valor.png","keywords":["Fal\u00eancia","Recupera\u00e7\u00e3o empresarial","Selic","STJ"],"articleSection":["Articles"],"inLanguage":"en-US","potentialAction":[{"@type":"CommentAction","name":"Comment","target":["https:\/\/www.wald.com.br\/en\/um-novo-codigo-recuperacional-e-falimentar\/#respond"]}]},{"@type":"WebPage","@id":"https:\/\/www.wald.com.br\/en\/um-novo-codigo-recuperacional-e-falimentar\/","url":"https:\/\/www.wald.com.br\/en\/um-novo-codigo-recuperacional-e-falimentar\/","name":"Um novo c\u00f3digo recuperacional e falimentar | Wald Advogados","isPartOf":{"@id":"https:\/\/www.wald.com.br\/en\/#website"},"primaryImageOfPage":{"@id":"https:\/\/www.wald.com.br\/en\/um-novo-codigo-recuperacional-e-falimentar\/#primaryimage"},"image":{"@id":"https:\/\/www.wald.com.br\/en\/um-novo-codigo-recuperacional-e-falimentar\/#primaryimage"},"thumbnailUrl":"https:\/\/www.wald.com.br\/wp-content\/uploads\/2020\/04\/Valor.png","datePublished":"2020-12-11T13:32:23+00:00","dateModified":"2020-12-11T13:33:34+00:00","breadcrumb":{"@id":"https:\/\/www.wald.com.br\/en\/um-novo-codigo-recuperacional-e-falimentar\/#breadcrumb"},"inLanguage":"en-US","potentialAction":[{"@type":"ReadAction","target":["https:\/\/www.wald.com.br\/en\/um-novo-codigo-recuperacional-e-falimentar\/"]}]},{"@type":"ImageObject","inLanguage":"en-US","@id":"https:\/\/www.wald.com.br\/en\/um-novo-codigo-recuperacional-e-falimentar\/#primaryimage","url":"https:\/\/www.wald.com.br\/wp-content\/uploads\/2020\/04\/Valor.png","contentUrl":"https:\/\/www.wald.com.br\/wp-content\/uploads\/2020\/04\/Valor.png"},{"@type":"BreadcrumbList","@id":"https:\/\/www.wald.com.br\/en\/um-novo-codigo-recuperacional-e-falimentar\/#breadcrumb","itemListElement":[{"@type":"ListItem","position":1,"name":"In\u00edcio","item":"https:\/\/www.wald.com.br\/"},{"@type":"ListItem","position":2,"name":"Um novo c\u00f3digo recuperacional e falimentar"}]},{"@type":"WebSite","@id":"https:\/\/www.wald.com.br\/en\/#website","url":"https:\/\/www.wald.com.br\/en\/","name":"Wald Advogados","description":"66 years of leading law practice","publisher":{"@id":"https:\/\/www.wald.com.br\/en\/#organization"},"potentialAction":[{"@type":"SearchAction","target":{"@type":"EntryPoint","urlTemplate":"https:\/\/www.wald.com.br\/en\/?s={search_term_string}"},"query-input":{"@type":"PropertyValueSpecification","valueRequired":true,"valueName":"search_term_string"}}],"inLanguage":"en-US"},{"@type":"Organization","@id":"https:\/\/www.wald.com.br\/en\/#organization","name":"Wald, Antunes, Vita, Longo e Blattner Advogados","url":"https:\/\/www.wald.com.br\/en\/","logo":{"@type":"ImageObject","inLanguage":"en-US","@id":"https:\/\/www.wald.com.br\/en\/#\/schema\/logo\/image\/","url":"https:\/\/www.wald.com.br\/wp-content\/uploads\/2020\/02\/Logo_Wald.png","contentUrl":"https:\/\/www.wald.com.br\/wp-content\/uploads\/2020\/02\/Logo_Wald.png","width":5260,"height":2565,"caption":"Wald, Antunes, Vita, Longo e Blattner Advogados"},"image":{"@id":"https:\/\/www.wald.com.br\/en\/#\/schema\/logo\/image\/"},"sameAs":["https:\/\/www.linkedin.com\/company\/wald"]},{"@type":"Person","@id":"https:\/\/www.wald.com.br\/en\/#\/schema\/person\/63b1ba5d23c51fa9d050dd06ffd0e04a","name":"waldadmin2020","image":{"@type":"ImageObject","inLanguage":"en-US","@id":"https:\/\/secure.gravatar.com\/avatar\/a71cf721eb306cd72432a33f9852249bbdb558baa0f55419ddb257983362db55?s=96&d=mm&r=g","url":"https:\/\/secure.gravatar.com\/avatar\/a71cf721eb306cd72432a33f9852249bbdb558baa0f55419ddb257983362db55?s=96&d=mm&r=g","contentUrl":"https:\/\/secure.gravatar.com\/avatar\/a71cf721eb306cd72432a33f9852249bbdb558baa0f55419ddb257983362db55?s=96&d=mm&r=g","caption":"waldadmin2020"},"sameAs":["https:\/\/x.com\/waldadmin2020"],"url":"https:\/\/www.wald.com.br\/en\/author\/waldadmin2020\/"}]}},"_links":{"self":[{"href":"https:\/\/www.wald.com.br\/en\/wp-json\/wp\/v2\/posts\/1359","targetHints":{"allow":["GET"]}}],"collection":[{"href":"https:\/\/www.wald.com.br\/en\/wp-json\/wp\/v2\/posts"}],"about":[{"href":"https:\/\/www.wald.com.br\/en\/wp-json\/wp\/v2\/types\/post"}],"author":[{"embeddable":true,"href":"https:\/\/www.wald.com.br\/en\/wp-json\/wp\/v2\/users\/1"}],"replies":[{"embeddable":true,"href":"https:\/\/www.wald.com.br\/en\/wp-json\/wp\/v2\/comments?post=1359"}],"version-history":[{"count":2,"href":"https:\/\/www.wald.com.br\/en\/wp-json\/wp\/v2\/posts\/1359\/revisions"}],"predecessor-version":[{"id":1361,"href":"https:\/\/www.wald.com.br\/en\/wp-json\/wp\/v2\/posts\/1359\/revisions\/1361"}],"wp:attachment":[{"href":"https:\/\/www.wald.com.br\/en\/wp-json\/wp\/v2\/media?parent=1359"}],"wp:term":[{"taxonomy":"category","embeddable":true,"href":"https:\/\/www.wald.com.br\/en\/wp-json\/wp\/v2\/categories?post=1359"},{"taxonomy":"post_tag","embeddable":true,"href":"https:\/\/www.wald.com.br\/en\/wp-json\/wp\/v2\/tags?post=1359"}],"curies":[{"name":"wp","href":"https:\/\/api.w.org\/{rel}","templated":true}]}}