{"id":1466,"date":"2021-05-06T17:20:32","date_gmt":"2021-05-06T20:20:32","guid":{"rendered":"https:\/\/www.wald.com.br\/?p=1466"},"modified":"2021-06-10T08:43:34","modified_gmt":"2021-06-10T11:43:34","slug":"maioria-do-stf-vota-para-derrubar-norma-que-permite-prorrogacao-de-patentes","status":"publish","type":"post","link":"https:\/\/www.wald.com.br\/en\/maioria-do-stf-vota-para-derrubar-norma-que-permite-prorrogacao-de-patentes\/","title":{"rendered":"Maioria do STF vota para derrubar norma que permite prorroga\u00e7\u00e3o de patentes"},"content":{"rendered":"<p><span style=\"font-size: 20px;\"><strong><span style=\"font-size: 12px;\">Publicado no portal do<br \/>\n<\/span><\/strong><a href=\"https:\/\/politica.estadao.com.br\/blogs\/fausto-macedo\/maioria-do-stf-vota-para-derrubar-norma-que-permite-prorrogacao-de-patentes\/\" target=\"_blank\" rel=\"noopener noreferrer\"><img loading=\"lazy\" decoding=\"async\" class=\"alignnone wp-image-912\" src=\"https:\/\/www.wald.com.br\/wp-content\/uploads\/2020\/04\/estado.png\" alt=\"\" width=\"142\" height=\"53\" \/><\/a><\/span><\/p>\n<p>Por 9 a 2, o Supremo Tribunal Federal (STF) decidiu nesta quinta-feira (6) derrubar uma norma que permite a prorroga\u00e7\u00e3o do prazo de patentes concedidas pelo Instituto Nacional de Propriedade Industrial (Inpi). O tribunal retomou nesta quinta-feira (6) o julgamento de uma a\u00e7\u00e3o da Procuradoria-Geral da Rep\u00fablica (PGR) que contesta a Lei de Propriedade Industrial, em vigor desde 1996. Na pr\u00e1tica, o entendimento da maioria da Corte deve levar \u00e0 redu\u00e7\u00e3o do prazo de patentes, afetando a ind\u00fastria como um todo, especialmente mercados gigantes, como o setor farmac\u00eautico, qu\u00edmico e de biotecnologia.<\/p>\n<p>Os ministros do STF ainda precisam decidir se v\u00e3o modular os efeitos do julgamento, ou seja, definir quando deve ser implantado o entendimento. O STF deve esclarecer, por exemplo, se o fim do prazo esticado atinge inclusive patentes farmac\u00eauticas que j\u00e1 foram prorrogadas, como defende o relator do caso, Dias Toffoli. Esse ponto deve ser discutido em maior profundidade ao final da sess\u00e3o.<\/p>\n<p>De acordo com a Lei de Propriedade Industrial, as patentes t\u00eam prazo de 15 anos a 20 anos, tempo contado a partir da data do pedido (dep\u00f3sito) feito ao Inpi. Depois desse per\u00edodo, podem ser feitas vers\u00f5es gen\u00e9ricas de medicamentos, equipamentos e outras inven\u00e7\u00f5es livremente.<\/p>\n<p>A pol\u00eamica gira em torno de uma regra da mesma lei que determina que o prazo de vig\u00eancia da patente n\u00e3o ser\u00e1 inferior a dez anos, no caso de inven\u00e7\u00f5es, e de sete anos para modelos de utilidade (atualiza\u00e7\u00f5es de algo j\u00e1 existente), prazo contado a partir de outro marco temporal: a concess\u00e3o da patente pelo Inpi. Como n\u00e3o h\u00e1 prazo para que o instituto conceda a patente, n\u00e3o h\u00e1 como saber quando a prote\u00e7\u00e3o cair\u00e1 e muitas inven\u00e7\u00f5es acabam protegidas para al\u00e9m de duas d\u00e9cadas, prazo padr\u00e3o no resto do mundo.<\/p>\n<p>O advogado <a href=\"https:\/\/www.wald.com.br\/equipe\/marcus-vinicius-vita-ferreira\/\"><strong>Marcus Vinicius Vita<\/strong><\/a>, s\u00f3cio do Wald, Antunes, Vita e Blattner Advogados e representante do grupo FarmaBrasil, considera o resultado do julgamento \u201cum importante marco no direito patent\u00e1rio brasileiro\u201d. A FarmaBrasil \u00e9 um grupo de ind\u00fastrias farmac\u00eauticas voltado para a produ\u00e7\u00e3o de gen\u00e9ricos.<\/p>\n<p>\u201cEspecialmente na \u00e1rea da sa\u00fade, a decis\u00e3o tem impacto social de enorme relev\u00e2ncia, pois garante uma amplia\u00e7\u00e3o imediata dos medicamentos gen\u00e9ricos, reduzindo os gastos p\u00fablicos e permitindo um maior acesso \u00e0 sa\u00fade, direito fundamental de qualquer cidad\u00e3o\u201d, avaliou Marcus.<\/p>\n<p><strong>Julgamento.<\/strong>\u00a0\u201cO exerc\u00edcio do direito de propriedade industrial n\u00e3o pode transmudar-se em abuso do poder\u201d, observou o ministro Edson Fachin. \u201cO consumidor n\u00e3o pode ser indefinidamente vinculado aos pre\u00e7os e disponibilidade dos produtos definidos pelo detentor do monop\u00f3lio, sem perspectiva de quando ter\u00e1 acesso a novas possibilidades daquele produto ou modelo de utilidade.\u201d<\/p>\n<p>O sexto voto a favor de derrubar a norma veio da ministra C\u00e1rmen L\u00facia. \u201cTivemos demonstra\u00e7\u00e3o de um quadro em que esse dispositivo levava a uma indetermina\u00e7\u00e3o do prazo, contrariando a ideia de privil\u00e9gio tempor\u00e1rio\u201d, apontou.<\/p>\n<p>Na opini\u00e3o do ministro Ricardo Lewandowski, a discuss\u00e3o do caso exp\u00f5e a \u201ctotal disfuncionalidade e inadequa\u00e7\u00e3o\u201d do prazo prolongado das patentes. \u201cEle (esse dispositivo) dificulta a supera\u00e7\u00e3o da pobreza, o atraso tecnol\u00f3gico do nosso pa\u00eds e n\u00e3o contribui para o desenvolvimento do Brasil, onerando o poder p\u00fablico e o consumidor em favor de empresas multinacionais que aqui obt\u00eam benef\u00edcios que n\u00e3o conseguem alcan\u00e7ar nem em seus pa\u00edses de origem nem em outras na\u00e7\u00f5es\u201d, disse o ministro.<\/p>\n<p><strong>Sa\u00fade.<\/strong> Em um longo voto de 77 p\u00e1ginas, Toffoli defendeu o entendimento de que, de agora em diante, n\u00e3o se pode mais prorrogar o prazo das patentes para nenhum produto em nenhuma hip\u00f3tese. Ou seja: o prazo de vig\u00eancia das patentes deve ficar limitado ao per\u00edodo de 20 anos a partir do dep\u00f3sito do pedido feito ao Inpi.<\/p>\n<p>Toffoli, no entanto, avalia que a decis\u00e3o do Supremo deve retroagir nos casos de produtos farmac\u00eauticos e equipamentos de sa\u00fade, considerando as bilion\u00e1rias despesas do Sistema \u00danico de Sa\u00fade (SUS) no tratamento da popula\u00e7\u00e3o brasileira. Dessa forma, na opini\u00e3o do relator, somente nos casos da \u00e1rea de sa\u00fade, cairia a patente que j\u00e1 tenha sido prorrogada por um per\u00edodo superior a 20 anos.<\/p>\n<p>O n\u00famero total de patentes da \u00e1rea farmac\u00eautica que tiveram o prazo de vig\u00eancia esticado chega a 3.435 no final deste ano, observou Toffoli. Os ministros ainda precisam definir se essas patentes prorrogadas da \u00e1rea de sa\u00fade devem ser atingidas pela decis\u00e3o do Supremo, como quer o relator.<\/p>\n<p>\u201cA situa\u00e7\u00e3o excepcional caracterizada pela emerg\u00eancia de sa\u00fade p\u00fablica decorrente da covid-19 nos coloca diante de um cen\u00e1rio de escassez de recursos destinados \u00e0 sa\u00fade, os quais devem ser geridos de forma racional e eficiente, de forma a melhor atender \u00e0 concretiza\u00e7\u00e3o dos direitos \u00e0 sa\u00fade e \u00e0 vida Nesse quadro, e diante dos enormes impactos financeiros sobre o sistema p\u00fablico de sa\u00fade, entendo que, na situa\u00e7\u00e3o espec\u00edfica das patentes de uso em sa\u00fade, o interesse social milita em favor da plena e imediata supera\u00e7\u00e3o da norma questionada\u201d, ressaltou o relator.<\/p>\n<p>Leia a reportagem completa no <a href=\"https:\/\/politica.estadao.com.br\/blogs\/fausto-macedo\/maioria-do-stf-vota-para-derrubar-norma-que-permite-prorrogacao-de-patentes\/\" target=\"_blank\" rel=\"noopener noreferrer\">Estad\u00e3o<\/a>.<\/p>\n","protected":false},"excerpt":{"rendered":"<p>Publicado no portal do Por 9 a 2, o Supremo Tribunal Federal (STF) decidiu nesta quinta-feira (6) derrubar uma norma que permite a prorroga\u00e7\u00e3o do prazo de patentes concedidas pelo Instituto Nacional de Propriedade Industrial (Inpi). O tribunal retomou nesta quinta-feira (6) o julgamento de uma a\u00e7\u00e3o da Procuradoria-Geral da Rep\u00fablica (PGR) que contesta a [&hellip;]<\/p>\n","protected":false},"author":1,"featured_media":0,"comment_status":"open","ping_status":"closed","sticky":false,"template":"","format":"standard","meta":{"_acf_changed":false,"footnotes":""},"categories":[2],"tags":[67,68,66,70,103],"class_list":["post-1466","post","type-post","status-publish","format-standard","hentry","category-noticias","tag-adi-5529","tag-inpi","tag-patentes","tag-propriedade-industrial","tag-propriedade-intelectual"],"acf":[],"yoast_head":"<!-- This site is optimized with the Yoast SEO plugin v27.4 - https:\/\/yoast.com\/product\/yoast-seo-wordpress\/ -->\n<title>Maioria do STF vota para derrubar norma que permite prorroga\u00e7\u00e3o de patentes | Wald Advogados<\/title>\n<meta name=\"robots\" content=\"index, follow, max-snippet:-1, max-image-preview:large, max-video-preview:-1\" \/>\n<link rel=\"canonical\" href=\"https:\/\/www.wald.com.br\/en\/maioria-do-stf-vota-para-derrubar-norma-que-permite-prorrogacao-de-patentes\/\" \/>\n<meta property=\"og:locale\" content=\"en_US\" \/>\n<meta property=\"og:type\" content=\"article\" \/>\n<meta property=\"og:title\" content=\"Maioria do STF vota para derrubar norma que permite prorroga\u00e7\u00e3o de patentes | Wald Advogados\" \/>\n<meta property=\"og:description\" content=\"Publicado no portal do Por 9 a 2, o Supremo Tribunal Federal (STF) decidiu nesta quinta-feira (6) derrubar uma norma que permite a prorroga\u00e7\u00e3o do prazo de patentes concedidas pelo Instituto Nacional de Propriedade Industrial (Inpi). O tribunal retomou nesta quinta-feira (6) o julgamento de uma a\u00e7\u00e3o da Procuradoria-Geral da Rep\u00fablica (PGR) que contesta a [&hellip;]\" \/>\n<meta property=\"og:url\" content=\"https:\/\/www.wald.com.br\/en\/maioria-do-stf-vota-para-derrubar-norma-que-permite-prorrogacao-de-patentes\/\" \/>\n<meta property=\"og:site_name\" content=\"Wald Advogados\" \/>\n<meta property=\"article:published_time\" content=\"2021-05-06T20:20:32+00:00\" \/>\n<meta property=\"article:modified_time\" content=\"2021-06-10T11:43:34+00:00\" \/>\n<meta property=\"og:image\" content=\"https:\/\/www.wald.com.br\/wp-content\/uploads\/2020\/04\/estado.png\" \/>\n<meta name=\"author\" content=\"waldadmin2020\" \/>\n<meta name=\"twitter:card\" content=\"summary_large_image\" \/>\n<meta name=\"twitter:creator\" content=\"@waldadmin2020\" \/>\n<meta name=\"twitter:label1\" content=\"Written by\" \/>\n\t<meta name=\"twitter:data1\" content=\"waldadmin2020\" \/>\n\t<meta name=\"twitter:label2\" content=\"Est. reading time\" \/>\n\t<meta name=\"twitter:data2\" content=\"4 minutes\" \/>\n<script type=\"application\/ld+json\" class=\"yoast-schema-graph\">{\"@context\":\"https:\\\/\\\/schema.org\",\"@graph\":[{\"@type\":\"Article\",\"@id\":\"https:\\\/\\\/www.wald.com.br\\\/en\\\/maioria-do-stf-vota-para-derrubar-norma-que-permite-prorrogacao-de-patentes\\\/#article\",\"isPartOf\":{\"@id\":\"https:\\\/\\\/www.wald.com.br\\\/en\\\/maioria-do-stf-vota-para-derrubar-norma-que-permite-prorrogacao-de-patentes\\\/\"},\"author\":{\"name\":\"waldadmin2020\",\"@id\":\"https:\\\/\\\/www.wald.com.br\\\/en\\\/#\\\/schema\\\/person\\\/63b1ba5d23c51fa9d050dd06ffd0e04a\"},\"headline\":\"Maioria do STF vota para derrubar norma que permite prorroga\u00e7\u00e3o de patentes\",\"datePublished\":\"2021-05-06T20:20:32+00:00\",\"dateModified\":\"2021-06-10T11:43:34+00:00\",\"mainEntityOfPage\":{\"@id\":\"https:\\\/\\\/www.wald.com.br\\\/en\\\/maioria-do-stf-vota-para-derrubar-norma-que-permite-prorrogacao-de-patentes\\\/\"},\"wordCount\":911,\"commentCount\":0,\"publisher\":{\"@id\":\"https:\\\/\\\/www.wald.com.br\\\/en\\\/#organization\"},\"image\":{\"@id\":\"https:\\\/\\\/www.wald.com.br\\\/en\\\/maioria-do-stf-vota-para-derrubar-norma-que-permite-prorrogacao-de-patentes\\\/#primaryimage\"},\"thumbnailUrl\":\"https:\\\/\\\/www.wald.com.br\\\/wp-content\\\/uploads\\\/2020\\\/04\\\/estado.png\",\"keywords\":[\"ADI 5529\",\"INPI\",\"Patentes\",\"Propriedade industrial\",\"Propriedade intelectual\"],\"articleSection\":[\"News\"],\"inLanguage\":\"en-US\",\"potentialAction\":[{\"@type\":\"CommentAction\",\"name\":\"Comment\",\"target\":[\"https:\\\/\\\/www.wald.com.br\\\/en\\\/maioria-do-stf-vota-para-derrubar-norma-que-permite-prorrogacao-de-patentes\\\/#respond\"]}]},{\"@type\":\"WebPage\",\"@id\":\"https:\\\/\\\/www.wald.com.br\\\/en\\\/maioria-do-stf-vota-para-derrubar-norma-que-permite-prorrogacao-de-patentes\\\/\",\"url\":\"https:\\\/\\\/www.wald.com.br\\\/en\\\/maioria-do-stf-vota-para-derrubar-norma-que-permite-prorrogacao-de-patentes\\\/\",\"name\":\"Maioria do STF vota para derrubar norma que permite prorroga\u00e7\u00e3o de patentes | Wald Advogados\",\"isPartOf\":{\"@id\":\"https:\\\/\\\/www.wald.com.br\\\/en\\\/#website\"},\"primaryImageOfPage\":{\"@id\":\"https:\\\/\\\/www.wald.com.br\\\/en\\\/maioria-do-stf-vota-para-derrubar-norma-que-permite-prorrogacao-de-patentes\\\/#primaryimage\"},\"image\":{\"@id\":\"https:\\\/\\\/www.wald.com.br\\\/en\\\/maioria-do-stf-vota-para-derrubar-norma-que-permite-prorrogacao-de-patentes\\\/#primaryimage\"},\"thumbnailUrl\":\"https:\\\/\\\/www.wald.com.br\\\/wp-content\\\/uploads\\\/2020\\\/04\\\/estado.png\",\"datePublished\":\"2021-05-06T20:20:32+00:00\",\"dateModified\":\"2021-06-10T11:43:34+00:00\",\"breadcrumb\":{\"@id\":\"https:\\\/\\\/www.wald.com.br\\\/en\\\/maioria-do-stf-vota-para-derrubar-norma-que-permite-prorrogacao-de-patentes\\\/#breadcrumb\"},\"inLanguage\":\"en-US\",\"potentialAction\":[{\"@type\":\"ReadAction\",\"target\":[\"https:\\\/\\\/www.wald.com.br\\\/en\\\/maioria-do-stf-vota-para-derrubar-norma-que-permite-prorrogacao-de-patentes\\\/\"]}]},{\"@type\":\"ImageObject\",\"inLanguage\":\"en-US\",\"@id\":\"https:\\\/\\\/www.wald.com.br\\\/en\\\/maioria-do-stf-vota-para-derrubar-norma-que-permite-prorrogacao-de-patentes\\\/#primaryimage\",\"url\":\"https:\\\/\\\/www.wald.com.br\\\/wp-content\\\/uploads\\\/2020\\\/04\\\/estado.png\",\"contentUrl\":\"https:\\\/\\\/www.wald.com.br\\\/wp-content\\\/uploads\\\/2020\\\/04\\\/estado.png\"},{\"@type\":\"BreadcrumbList\",\"@id\":\"https:\\\/\\\/www.wald.com.br\\\/en\\\/maioria-do-stf-vota-para-derrubar-norma-que-permite-prorrogacao-de-patentes\\\/#breadcrumb\",\"itemListElement\":[{\"@type\":\"ListItem\",\"position\":1,\"name\":\"In\u00edcio\",\"item\":\"https:\\\/\\\/www.wald.com.br\\\/\"},{\"@type\":\"ListItem\",\"position\":2,\"name\":\"Maioria do STF vota para derrubar norma que permite prorroga\u00e7\u00e3o de patentes\"}]},{\"@type\":\"WebSite\",\"@id\":\"https:\\\/\\\/www.wald.com.br\\\/en\\\/#website\",\"url\":\"https:\\\/\\\/www.wald.com.br\\\/en\\\/\",\"name\":\"Wald Advogados\",\"description\":\"66 years of leading law practice\",\"publisher\":{\"@id\":\"https:\\\/\\\/www.wald.com.br\\\/en\\\/#organization\"},\"potentialAction\":[{\"@type\":\"SearchAction\",\"target\":{\"@type\":\"EntryPoint\",\"urlTemplate\":\"https:\\\/\\\/www.wald.com.br\\\/en\\\/?s={search_term_string}\"},\"query-input\":{\"@type\":\"PropertyValueSpecification\",\"valueRequired\":true,\"valueName\":\"search_term_string\"}}],\"inLanguage\":\"en-US\"},{\"@type\":\"Organization\",\"@id\":\"https:\\\/\\\/www.wald.com.br\\\/en\\\/#organization\",\"name\":\"Wald, Antunes, Vita, Longo e Blattner Advogados\",\"url\":\"https:\\\/\\\/www.wald.com.br\\\/en\\\/\",\"logo\":{\"@type\":\"ImageObject\",\"inLanguage\":\"en-US\",\"@id\":\"https:\\\/\\\/www.wald.com.br\\\/en\\\/#\\\/schema\\\/logo\\\/image\\\/\",\"url\":\"https:\\\/\\\/www.wald.com.br\\\/wp-content\\\/uploads\\\/2020\\\/02\\\/Logo_Wald.png\",\"contentUrl\":\"https:\\\/\\\/www.wald.com.br\\\/wp-content\\\/uploads\\\/2020\\\/02\\\/Logo_Wald.png\",\"width\":5260,\"height\":2565,\"caption\":\"Wald, Antunes, Vita, Longo e Blattner Advogados\"},\"image\":{\"@id\":\"https:\\\/\\\/www.wald.com.br\\\/en\\\/#\\\/schema\\\/logo\\\/image\\\/\"},\"sameAs\":[\"https:\\\/\\\/www.linkedin.com\\\/company\\\/wald\"]},{\"@type\":\"Person\",\"@id\":\"https:\\\/\\\/www.wald.com.br\\\/en\\\/#\\\/schema\\\/person\\\/63b1ba5d23c51fa9d050dd06ffd0e04a\",\"name\":\"waldadmin2020\",\"image\":{\"@type\":\"ImageObject\",\"inLanguage\":\"en-US\",\"@id\":\"https:\\\/\\\/secure.gravatar.com\\\/avatar\\\/a71cf721eb306cd72432a33f9852249bbdb558baa0f55419ddb257983362db55?s=96&d=mm&r=g\",\"url\":\"https:\\\/\\\/secure.gravatar.com\\\/avatar\\\/a71cf721eb306cd72432a33f9852249bbdb558baa0f55419ddb257983362db55?s=96&d=mm&r=g\",\"contentUrl\":\"https:\\\/\\\/secure.gravatar.com\\\/avatar\\\/a71cf721eb306cd72432a33f9852249bbdb558baa0f55419ddb257983362db55?s=96&d=mm&r=g\",\"caption\":\"waldadmin2020\"},\"sameAs\":[\"https:\\\/\\\/x.com\\\/waldadmin2020\"],\"url\":\"https:\\\/\\\/www.wald.com.br\\\/en\\\/author\\\/waldadmin2020\\\/\"}]}<\/script>\n<!-- \/ Yoast SEO plugin. -->","yoast_head_json":{"title":"Maioria do STF vota para derrubar norma que permite prorroga\u00e7\u00e3o de patentes | Wald Advogados","robots":{"index":"index","follow":"follow","max-snippet":"max-snippet:-1","max-image-preview":"max-image-preview:large","max-video-preview":"max-video-preview:-1"},"canonical":"https:\/\/www.wald.com.br\/en\/maioria-do-stf-vota-para-derrubar-norma-que-permite-prorrogacao-de-patentes\/","og_locale":"en_US","og_type":"article","og_title":"Maioria do STF vota para derrubar norma que permite prorroga\u00e7\u00e3o de patentes | Wald Advogados","og_description":"Publicado no portal do Por 9 a 2, o Supremo Tribunal Federal (STF) decidiu nesta quinta-feira (6) derrubar uma norma que permite a prorroga\u00e7\u00e3o do prazo de patentes concedidas pelo Instituto Nacional de Propriedade Industrial (Inpi). O tribunal retomou nesta quinta-feira (6) o julgamento de uma a\u00e7\u00e3o da Procuradoria-Geral da Rep\u00fablica (PGR) que contesta a [&hellip;]","og_url":"https:\/\/www.wald.com.br\/en\/maioria-do-stf-vota-para-derrubar-norma-que-permite-prorrogacao-de-patentes\/","og_site_name":"Wald Advogados","article_published_time":"2021-05-06T20:20:32+00:00","article_modified_time":"2021-06-10T11:43:34+00:00","og_image":[{"url":"https:\/\/www.wald.com.br\/wp-content\/uploads\/2020\/04\/estado.png","type":"","width":"","height":""}],"author":"waldadmin2020","twitter_card":"summary_large_image","twitter_creator":"@waldadmin2020","twitter_misc":{"Written by":"waldadmin2020","Est. reading time":"4 minutes"},"schema":{"@context":"https:\/\/schema.org","@graph":[{"@type":"Article","@id":"https:\/\/www.wald.com.br\/en\/maioria-do-stf-vota-para-derrubar-norma-que-permite-prorrogacao-de-patentes\/#article","isPartOf":{"@id":"https:\/\/www.wald.com.br\/en\/maioria-do-stf-vota-para-derrubar-norma-que-permite-prorrogacao-de-patentes\/"},"author":{"name":"waldadmin2020","@id":"https:\/\/www.wald.com.br\/en\/#\/schema\/person\/63b1ba5d23c51fa9d050dd06ffd0e04a"},"headline":"Maioria do STF vota para derrubar norma que permite prorroga\u00e7\u00e3o de patentes","datePublished":"2021-05-06T20:20:32+00:00","dateModified":"2021-06-10T11:43:34+00:00","mainEntityOfPage":{"@id":"https:\/\/www.wald.com.br\/en\/maioria-do-stf-vota-para-derrubar-norma-que-permite-prorrogacao-de-patentes\/"},"wordCount":911,"commentCount":0,"publisher":{"@id":"https:\/\/www.wald.com.br\/en\/#organization"},"image":{"@id":"https:\/\/www.wald.com.br\/en\/maioria-do-stf-vota-para-derrubar-norma-que-permite-prorrogacao-de-patentes\/#primaryimage"},"thumbnailUrl":"https:\/\/www.wald.com.br\/wp-content\/uploads\/2020\/04\/estado.png","keywords":["ADI 5529","INPI","Patentes","Propriedade industrial","Propriedade intelectual"],"articleSection":["News"],"inLanguage":"en-US","potentialAction":[{"@type":"CommentAction","name":"Comment","target":["https:\/\/www.wald.com.br\/en\/maioria-do-stf-vota-para-derrubar-norma-que-permite-prorrogacao-de-patentes\/#respond"]}]},{"@type":"WebPage","@id":"https:\/\/www.wald.com.br\/en\/maioria-do-stf-vota-para-derrubar-norma-que-permite-prorrogacao-de-patentes\/","url":"https:\/\/www.wald.com.br\/en\/maioria-do-stf-vota-para-derrubar-norma-que-permite-prorrogacao-de-patentes\/","name":"Maioria do STF vota para derrubar norma que permite prorroga\u00e7\u00e3o de patentes | Wald Advogados","isPartOf":{"@id":"https:\/\/www.wald.com.br\/en\/#website"},"primaryImageOfPage":{"@id":"https:\/\/www.wald.com.br\/en\/maioria-do-stf-vota-para-derrubar-norma-que-permite-prorrogacao-de-patentes\/#primaryimage"},"image":{"@id":"https:\/\/www.wald.com.br\/en\/maioria-do-stf-vota-para-derrubar-norma-que-permite-prorrogacao-de-patentes\/#primaryimage"},"thumbnailUrl":"https:\/\/www.wald.com.br\/wp-content\/uploads\/2020\/04\/estado.png","datePublished":"2021-05-06T20:20:32+00:00","dateModified":"2021-06-10T11:43:34+00:00","breadcrumb":{"@id":"https:\/\/www.wald.com.br\/en\/maioria-do-stf-vota-para-derrubar-norma-que-permite-prorrogacao-de-patentes\/#breadcrumb"},"inLanguage":"en-US","potentialAction":[{"@type":"ReadAction","target":["https:\/\/www.wald.com.br\/en\/maioria-do-stf-vota-para-derrubar-norma-que-permite-prorrogacao-de-patentes\/"]}]},{"@type":"ImageObject","inLanguage":"en-US","@id":"https:\/\/www.wald.com.br\/en\/maioria-do-stf-vota-para-derrubar-norma-que-permite-prorrogacao-de-patentes\/#primaryimage","url":"https:\/\/www.wald.com.br\/wp-content\/uploads\/2020\/04\/estado.png","contentUrl":"https:\/\/www.wald.com.br\/wp-content\/uploads\/2020\/04\/estado.png"},{"@type":"BreadcrumbList","@id":"https:\/\/www.wald.com.br\/en\/maioria-do-stf-vota-para-derrubar-norma-que-permite-prorrogacao-de-patentes\/#breadcrumb","itemListElement":[{"@type":"ListItem","position":1,"name":"In\u00edcio","item":"https:\/\/www.wald.com.br\/"},{"@type":"ListItem","position":2,"name":"Maioria do STF vota para derrubar norma que permite prorroga\u00e7\u00e3o de patentes"}]},{"@type":"WebSite","@id":"https:\/\/www.wald.com.br\/en\/#website","url":"https:\/\/www.wald.com.br\/en\/","name":"Wald Advogados","description":"66 years of leading law practice","publisher":{"@id":"https:\/\/www.wald.com.br\/en\/#organization"},"potentialAction":[{"@type":"SearchAction","target":{"@type":"EntryPoint","urlTemplate":"https:\/\/www.wald.com.br\/en\/?s={search_term_string}"},"query-input":{"@type":"PropertyValueSpecification","valueRequired":true,"valueName":"search_term_string"}}],"inLanguage":"en-US"},{"@type":"Organization","@id":"https:\/\/www.wald.com.br\/en\/#organization","name":"Wald, Antunes, Vita, Longo e Blattner Advogados","url":"https:\/\/www.wald.com.br\/en\/","logo":{"@type":"ImageObject","inLanguage":"en-US","@id":"https:\/\/www.wald.com.br\/en\/#\/schema\/logo\/image\/","url":"https:\/\/www.wald.com.br\/wp-content\/uploads\/2020\/02\/Logo_Wald.png","contentUrl":"https:\/\/www.wald.com.br\/wp-content\/uploads\/2020\/02\/Logo_Wald.png","width":5260,"height":2565,"caption":"Wald, Antunes, Vita, Longo e Blattner Advogados"},"image":{"@id":"https:\/\/www.wald.com.br\/en\/#\/schema\/logo\/image\/"},"sameAs":["https:\/\/www.linkedin.com\/company\/wald"]},{"@type":"Person","@id":"https:\/\/www.wald.com.br\/en\/#\/schema\/person\/63b1ba5d23c51fa9d050dd06ffd0e04a","name":"waldadmin2020","image":{"@type":"ImageObject","inLanguage":"en-US","@id":"https:\/\/secure.gravatar.com\/avatar\/a71cf721eb306cd72432a33f9852249bbdb558baa0f55419ddb257983362db55?s=96&d=mm&r=g","url":"https:\/\/secure.gravatar.com\/avatar\/a71cf721eb306cd72432a33f9852249bbdb558baa0f55419ddb257983362db55?s=96&d=mm&r=g","contentUrl":"https:\/\/secure.gravatar.com\/avatar\/a71cf721eb306cd72432a33f9852249bbdb558baa0f55419ddb257983362db55?s=96&d=mm&r=g","caption":"waldadmin2020"},"sameAs":["https:\/\/x.com\/waldadmin2020"],"url":"https:\/\/www.wald.com.br\/en\/author\/waldadmin2020\/"}]}},"_links":{"self":[{"href":"https:\/\/www.wald.com.br\/en\/wp-json\/wp\/v2\/posts\/1466","targetHints":{"allow":["GET"]}}],"collection":[{"href":"https:\/\/www.wald.com.br\/en\/wp-json\/wp\/v2\/posts"}],"about":[{"href":"https:\/\/www.wald.com.br\/en\/wp-json\/wp\/v2\/types\/post"}],"author":[{"embeddable":true,"href":"https:\/\/www.wald.com.br\/en\/wp-json\/wp\/v2\/users\/1"}],"replies":[{"embeddable":true,"href":"https:\/\/www.wald.com.br\/en\/wp-json\/wp\/v2\/comments?post=1466"}],"version-history":[{"count":1,"href":"https:\/\/www.wald.com.br\/en\/wp-json\/wp\/v2\/posts\/1466\/revisions"}],"predecessor-version":[{"id":1467,"href":"https:\/\/www.wald.com.br\/en\/wp-json\/wp\/v2\/posts\/1466\/revisions\/1467"}],"wp:attachment":[{"href":"https:\/\/www.wald.com.br\/en\/wp-json\/wp\/v2\/media?parent=1466"}],"wp:term":[{"taxonomy":"category","embeddable":true,"href":"https:\/\/www.wald.com.br\/en\/wp-json\/wp\/v2\/categories?post=1466"},{"taxonomy":"post_tag","embeddable":true,"href":"https:\/\/www.wald.com.br\/en\/wp-json\/wp\/v2\/tags?post=1466"}],"curies":[{"name":"wp","href":"https:\/\/api.w.org\/{rel}","templated":true}]}}