{"id":1487,"date":"2021-06-10T08:38:25","date_gmt":"2021-06-10T11:38:25","guid":{"rendered":"https:\/\/www.wald.com.br\/?p=1487"},"modified":"2021-07-23T13:18:55","modified_gmt":"2021-07-23T16:18:55","slug":"supremo-da-aval-a-exigencia-de-caucao-em-pedidos-de-liminar","status":"publish","type":"post","link":"https:\/\/www.wald.com.br\/en\/supremo-da-aval-a-exigencia-de-caucao-em-pedidos-de-liminar\/","title":{"rendered":"Supremo d\u00e1 aval \u00e0 exig\u00eancia de cau\u00e7\u00e3o em pedidos de liminar"},"content":{"rendered":"<p><\/p>\n<p><span style=\"font-size: 20px;\"><strong><span style=\"font-size: 12px;\">Publicado no<br \/>\n<\/span><\/strong><a href=\"https:\/\/valor.globo.com\/legislacao\/noticia\/2021\/06\/09\/supremo-da-aval-a-exigencia-de-caucao-em-pedidos-de-liminar.ghtml\" target=\"_blank\" rel=\"noopener noreferrer\"><img loading=\"lazy\" decoding=\"async\" class=\"alignnone wp-image-912\" src=\"https:\/\/www.wald.com.br\/wp-content\/uploads\/2020\/04\/Valor.png\" alt=\"\" width=\"100\" height=\"19\" \/><\/a><\/span><\/p>\n<p><em>Liminares para a compensa\u00e7\u00e3o de cr\u00e9ditos tribut\u00e1rios foram autorizadas<\/em><\/p>\n<p>O Plen\u00e1rio do Supremo Tribunal Federal (STF) rejeitou a maior parte do requerimento feito pela Ordem dos Advogados do Brasil (OAB) contra pontos da lei que regulamenta o mandado de seguran\u00e7a. O principal deles foi mantido: a exig\u00eancia de cau\u00e7\u00e3o ou fian\u00e7a em pedidos de liminar (urg\u00eancia). Mas os ministros autorizaram as liminares, em mandados de seguran\u00e7a, para a compensa\u00e7\u00e3o de cr\u00e9ditos tribut\u00e1rios e entregas de mercadorias vindas do exterior, entre outras situa\u00e7\u00f5es.<\/p>\n<p>O mandado de seguran\u00e7a \u00e9 uma a\u00e7\u00e3o utilizada para pedir um direito \u201cl\u00edquido e certo\u201d &#8211; que n\u00e3o depende de an\u00e1lise de provas &#8211; amea\u00e7ado por uma autoridade p\u00fablica ou que esteja em exerc\u00edcio de fun\u00e7\u00e3o p\u00fablica. Tem um uso amplo, para diferentes assuntos, desde pedido de diploma em universidade at\u00e9 revers\u00e3o de demiss\u00e3o de servidor\u00a0p\u00fablico, segundo Joaquim Pedro de Medeiros Rodrigues, s\u00f3cio- fundador do escrit\u00f3rio Pisco e Rodrigues Advogados.<\/p>\n<p>Na a\u00e7\u00e3o no STF, a OAB questionou a validade de seis pontos da Lei no 12.016, de 2009, que restringiriam o uso do mandado de seguran\u00e7a em algumas situa\u00e7\u00f5es. A exig\u00eancia de cau\u00e7\u00e3o ou fian\u00e7a, por exemplo, segundo a Ordem, cria uma separa\u00e7\u00e3o entre pobres e ricos, entre quem n\u00e3o pode e quem pode pagar a cau\u00e7\u00e3o, diferencia\u00e7\u00e3o que seria inconstitucional (Adin 4296).<\/p>\n<p>Outra previs\u00e3o questionada pela OAB \u00e9 a de que n\u00e3o cabe mandado de seguran\u00e7a contra os atos de gest\u00e3o comercial praticados pelos\u00a0administradores de empresas p\u00fablicas, de sociedade de economia mista e de concession\u00e1rias de servi\u00e7o p\u00fablico. Na sess\u00e3o, a advogada do Conselho Federal da OAB Bruna Santos Costa sustentou que a Constitui\u00e7\u00e3o atribui cabimento do mandado de seguran\u00e7a contra atos ilegais atribu\u00eddos ao poder p\u00fablico.<\/p>\n<p>De acordo com\u00a0<a href=\"https:\/\/www.wald.com.br\/equipe\/arnoldo-wald\/\" target=\"_blank\" rel=\"noopener noreferrer\"><strong>Arnoldo Wald<\/strong><\/a>, um dos relatores do anteprojeto\u00a0de lei e s\u00f3cio do escrit\u00f3rio <strong>Wald, Antunes, Vita e Blattner\u00a0Advogados<\/strong>, a exig\u00eancia de cau\u00e7\u00e3o ou fian\u00e7a pode interessar \u00e0 pr\u00f3pria parte e cabe ao juiz determinar. \u201cO mandado de seguran\u00e7a \u00e9 o pilar da democracia e do cumprimento de leis pelas autoridades\u201d, afirma. Segundo o advogado, sem o mandado de seguran\u00e7a, quando uma autoridade praticava um ato il\u00edcito, era necess\u00e1ria uma a\u00e7\u00e3o ordin\u00e1ria e s\u00f3 em dez ou vinte anos haveria uma solu\u00e7\u00e3o.<\/p>\n<p>Quatro outros pontos foram questionados pela OAB: o prazo de 120 dias para propor o mandado de seguran\u00e7a, a condena\u00e7\u00e3o ao pagamento de honor\u00e1rios advocat\u00edcios de sucumb\u00eancia e, nas liminares, tanto a necessidade de audi\u00eancia com representante da pessoa jur\u00eddica de direito p\u00fablico, quanto a veda\u00e7\u00e3o \u00e0 liminar sobre compensa\u00e7\u00e3o de cr\u00e9ditos tribut\u00e1rios, entrega de mercadorias e bens provenientes do exterior, reclassifica\u00e7\u00e3o ou equipara\u00e7\u00e3o de servidores p\u00fablicos, a concess\u00e3o de aumento ou a extens\u00e3o de vantagens ou\u00a0pagamento de qualquer natureza. A veda\u00e7\u00e3o \u00e0 liminar sobre compensa\u00e7\u00e3o de cr\u00e9ditos tribut\u00e1rios e a necessidade de audi\u00eancia foram declaradas inconstitucionais por maioria de votos.<\/p>\n<p>O relator, ministro Marco Aur\u00e9lio Mello, foi o \u00fanico que votou contra a validade de todos os itens. Ele afirmou que entre as garantias constitucionais est\u00e3o o livre acesso ao Judici\u00e1rio e a previs\u00e3o do mandado de seguran\u00e7a. E empresas p\u00fablicas e sociedades de economia mista se submetem \u00e0s leis. \u201cN\u00e3o \u00e9 razo\u00e1vel dizer que pode haver a\u00e7\u00e3o ordin\u00e1ria, mas n\u00e3o o mandado de seguran\u00e7a.\u201d<\/p>\n<p>O relator ficou vencido. Prevaleceu o voto do ministro Alexandre de Moraes. Para o ministro, a maior parte dos itens \u00e9 v\u00e1lida. Somente dois\u00a0s\u00e3o inconstitucionais: o par\u00e1grafo 2o do artigo 7o e o par\u00e1grafo 2o do artigo 22.\u00a0Dessa forma, autorizou a concess\u00e3o de medida liminar que tenha por objeto a compensa\u00e7\u00e3o de cr\u00e9ditos tribut\u00e1rios, a entrega de mercadorias e bens vindos do exterior, a reclassifica\u00e7\u00e3o ou equipara\u00e7\u00e3o de servidores p\u00fablicos e a concess\u00e3o de aumento ou a extens\u00e3o de vantagens ou pagamento de qualquer natureza.\u00a0E dispensou, no mandado de seguran\u00e7a coletivo, a realiza\u00e7\u00e3o de audi\u00eancia do representante judicial da pessoa jur\u00eddica de direito p\u00fablico para concess\u00e3o de liminar. A lei previa a audi\u00eancia e manifesta\u00e7\u00e3o da\u00a0autoridade no prazo de 72 horas.<\/p>\n<p>Para Moraes, assim como o habeas corpus no campo penal, o mandado de seguran\u00e7a, no campo c\u00edvel, \u00e9 uma a\u00e7\u00e3o constitucional e seria \u201ccapenga\u201d sem a possibilidade de liminar. Sobre a cau\u00e7\u00e3o, afirmou que se trata de uma faculdade do juiz, cabe a ele analisar se o caso espec\u00edfico exige cau\u00e7\u00e3o ou dep\u00f3sito.<\/p>\n<p>O voto de Moraes foi seguido pelos ministros Rosa Weber, Dias Toffoli (que assina a lei como advogado-geral da Uni\u00e3o, na \u00e9poca), C\u00e1rmen L\u00facia, Ricardo Lewandowski e Gilmar Mendes. Ficaram vencidos, com diferentes posicionamentos, os ministros Edson Fachin, Kassio Nunes Marques, Luiz Fux e Lu\u00eds Roberto Barroso.\u00a0Leia a reportagem completa no <a href=\"https:\/\/valor.globo.com\/legislacao\/noticia\/2021\/06\/09\/supremo-da-aval-a-exigencia-de-caucao-em-pedidos-de-liminar.ghtml\" target=\"_blank\" rel=\"noopener noreferrer\">Valor Econ\u00f4mico<\/a>.<\/p>\n<p>Leia mais: <a href=\"https:\/\/www.wald.com.br\/livro-de-wald-sobre-mandado-de-seguranca-faz-65-anos-com-nova-edicao\/\" target=\"_blank\" rel=\"noopener noreferrer\">Livro de Wald sobre Mandado de Seguran\u00e7a faz 65 anos com nova edi\u00e7\u00e3o<\/a><\/p>\n<p><\/p>","protected":false},"excerpt":{"rendered":"<p>Publicado no Liminares para a compensa\u00e7\u00e3o de cr\u00e9ditos tribut\u00e1rios foram autorizadas O Plen\u00e1rio do Supremo Tribunal Federal (STF) rejeitou a maior parte do requerimento feito pela Ordem dos Advogados do Brasil (OAB) contra pontos da lei que regulamenta o mandado de seguran\u00e7a. O principal deles foi mantido: a exig\u00eancia de cau\u00e7\u00e3o ou fian\u00e7a em pedidos [&hellip;]<\/p>\n","protected":false},"author":1,"featured_media":0,"comment_status":"open","ping_status":"closed","sticky":false,"template":"","format":"standard","meta":{"_acf_changed":false,"footnotes":""},"categories":[2],"tags":[17,96,102,56],"class_list":["post-1487","post","type-post","status-publish","format-standard","hentry","category-noticias","tag-contencioso","tag-mandado-de-seguranca","tag-oab","tag-stf"],"acf":[],"yoast_head":"<!-- This site is optimized with the Yoast SEO plugin v27.5 - https:\/\/yoast.com\/product\/yoast-seo-wordpress\/ -->\n<title>Supremo d\u00e1 aval \u00e0 exig\u00eancia de cau\u00e7\u00e3o em pedidos de liminar | Wald Advogados<\/title>\n<meta name=\"robots\" content=\"index, follow, max-snippet:-1, max-image-preview:large, max-video-preview:-1\" \/>\n<link rel=\"canonical\" href=\"https:\/\/www.wald.com.br\/en\/supremo-da-aval-a-exigencia-de-caucao-em-pedidos-de-liminar\/\" \/>\n<meta property=\"og:locale\" content=\"en_US\" \/>\n<meta property=\"og:type\" content=\"article\" \/>\n<meta property=\"og:title\" content=\"Supremo d\u00e1 aval \u00e0 exig\u00eancia de cau\u00e7\u00e3o em pedidos de liminar | Wald Advogados\" \/>\n<meta property=\"og:description\" content=\"Publicado no Liminares para a compensa\u00e7\u00e3o de cr\u00e9ditos tribut\u00e1rios foram autorizadas O Plen\u00e1rio do Supremo Tribunal Federal (STF) rejeitou a maior parte do requerimento feito pela Ordem dos Advogados do Brasil (OAB) contra pontos da lei que regulamenta o mandado de seguran\u00e7a. O principal deles foi mantido: a exig\u00eancia de cau\u00e7\u00e3o ou fian\u00e7a em pedidos [&hellip;]\" \/>\n<meta property=\"og:url\" content=\"https:\/\/www.wald.com.br\/en\/supremo-da-aval-a-exigencia-de-caucao-em-pedidos-de-liminar\/\" \/>\n<meta property=\"og:site_name\" content=\"Wald Advogados\" \/>\n<meta property=\"article:published_time\" content=\"2021-06-10T11:38:25+00:00\" \/>\n<meta property=\"article:modified_time\" content=\"2021-07-23T16:18:55+00:00\" \/>\n<meta property=\"og:image\" content=\"https:\/\/www.wald.com.br\/wp-content\/uploads\/2020\/04\/Valor.png\" \/>\n<meta name=\"author\" content=\"waldadmin2020\" \/>\n<meta name=\"twitter:card\" content=\"summary_large_image\" \/>\n<meta name=\"twitter:creator\" content=\"@waldadmin2020\" \/>\n<meta name=\"twitter:label1\" content=\"Written by\" \/>\n\t<meta name=\"twitter:data1\" content=\"waldadmin2020\" \/>\n\t<meta name=\"twitter:label2\" content=\"Est. reading time\" \/>\n\t<meta name=\"twitter:data2\" content=\"4 minutes\" \/>\n<script type=\"application\/ld+json\" class=\"yoast-schema-graph\">{\"@context\":\"https:\\\/\\\/schema.org\",\"@graph\":[{\"@type\":\"Article\",\"@id\":\"https:\\\/\\\/www.wald.com.br\\\/en\\\/supremo-da-aval-a-exigencia-de-caucao-em-pedidos-de-liminar\\\/#article\",\"isPartOf\":{\"@id\":\"https:\\\/\\\/www.wald.com.br\\\/en\\\/supremo-da-aval-a-exigencia-de-caucao-em-pedidos-de-liminar\\\/\"},\"author\":{\"name\":\"waldadmin2020\",\"@id\":\"https:\\\/\\\/www.wald.com.br\\\/en\\\/#\\\/schema\\\/person\\\/63b1ba5d23c51fa9d050dd06ffd0e04a\"},\"headline\":\"Supremo d\u00e1 aval \u00e0 exig\u00eancia de cau\u00e7\u00e3o em pedidos de liminar\",\"datePublished\":\"2021-06-10T11:38:25+00:00\",\"dateModified\":\"2021-07-23T16:18:55+00:00\",\"mainEntityOfPage\":{\"@id\":\"https:\\\/\\\/www.wald.com.br\\\/en\\\/supremo-da-aval-a-exigencia-de-caucao-em-pedidos-de-liminar\\\/\"},\"wordCount\":1816,\"commentCount\":0,\"publisher\":{\"@id\":\"https:\\\/\\\/www.wald.com.br\\\/en\\\/#organization\"},\"image\":{\"@id\":\"https:\\\/\\\/www.wald.com.br\\\/en\\\/supremo-da-aval-a-exigencia-de-caucao-em-pedidos-de-liminar\\\/#primaryimage\"},\"thumbnailUrl\":\"https:\\\/\\\/www.wald.com.br\\\/wp-content\\\/uploads\\\/2020\\\/04\\\/Valor.png\",\"keywords\":[\"Contencioso administrativo e judicial\",\"Mandado de Seguran\u00e7a\",\"OAB\",\"STF\"],\"articleSection\":[\"News\"],\"inLanguage\":\"en-US\",\"potentialAction\":[{\"@type\":\"CommentAction\",\"name\":\"Comment\",\"target\":[\"https:\\\/\\\/www.wald.com.br\\\/en\\\/supremo-da-aval-a-exigencia-de-caucao-em-pedidos-de-liminar\\\/#respond\"]}]},{\"@type\":\"WebPage\",\"@id\":\"https:\\\/\\\/www.wald.com.br\\\/en\\\/supremo-da-aval-a-exigencia-de-caucao-em-pedidos-de-liminar\\\/\",\"url\":\"https:\\\/\\\/www.wald.com.br\\\/en\\\/supremo-da-aval-a-exigencia-de-caucao-em-pedidos-de-liminar\\\/\",\"name\":\"Supremo d\u00e1 aval \u00e0 exig\u00eancia de cau\u00e7\u00e3o em pedidos de liminar | Wald Advogados\",\"isPartOf\":{\"@id\":\"https:\\\/\\\/www.wald.com.br\\\/en\\\/#website\"},\"primaryImageOfPage\":{\"@id\":\"https:\\\/\\\/www.wald.com.br\\\/en\\\/supremo-da-aval-a-exigencia-de-caucao-em-pedidos-de-liminar\\\/#primaryimage\"},\"image\":{\"@id\":\"https:\\\/\\\/www.wald.com.br\\\/en\\\/supremo-da-aval-a-exigencia-de-caucao-em-pedidos-de-liminar\\\/#primaryimage\"},\"thumbnailUrl\":\"https:\\\/\\\/www.wald.com.br\\\/wp-content\\\/uploads\\\/2020\\\/04\\\/Valor.png\",\"datePublished\":\"2021-06-10T11:38:25+00:00\",\"dateModified\":\"2021-07-23T16:18:55+00:00\",\"breadcrumb\":{\"@id\":\"https:\\\/\\\/www.wald.com.br\\\/en\\\/supremo-da-aval-a-exigencia-de-caucao-em-pedidos-de-liminar\\\/#breadcrumb\"},\"inLanguage\":\"en-US\",\"potentialAction\":[{\"@type\":\"ReadAction\",\"target\":[\"https:\\\/\\\/www.wald.com.br\\\/en\\\/supremo-da-aval-a-exigencia-de-caucao-em-pedidos-de-liminar\\\/\"]}]},{\"@type\":\"ImageObject\",\"inLanguage\":\"en-US\",\"@id\":\"https:\\\/\\\/www.wald.com.br\\\/en\\\/supremo-da-aval-a-exigencia-de-caucao-em-pedidos-de-liminar\\\/#primaryimage\",\"url\":\"https:\\\/\\\/www.wald.com.br\\\/wp-content\\\/uploads\\\/2020\\\/04\\\/Valor.png\",\"contentUrl\":\"https:\\\/\\\/www.wald.com.br\\\/wp-content\\\/uploads\\\/2020\\\/04\\\/Valor.png\"},{\"@type\":\"BreadcrumbList\",\"@id\":\"https:\\\/\\\/www.wald.com.br\\\/en\\\/supremo-da-aval-a-exigencia-de-caucao-em-pedidos-de-liminar\\\/#breadcrumb\",\"itemListElement\":[{\"@type\":\"ListItem\",\"position\":1,\"name\":\"In\u00edcio\",\"item\":\"https:\\\/\\\/www.wald.com.br\\\/\"},{\"@type\":\"ListItem\",\"position\":2,\"name\":\"Supremo d\u00e1 aval \u00e0 exig\u00eancia de cau\u00e7\u00e3o em pedidos de liminar\"}]},{\"@type\":\"WebSite\",\"@id\":\"https:\\\/\\\/www.wald.com.br\\\/en\\\/#website\",\"url\":\"https:\\\/\\\/www.wald.com.br\\\/en\\\/\",\"name\":\"Wald Advogados\",\"description\":\"66 years of leading law practice\",\"publisher\":{\"@id\":\"https:\\\/\\\/www.wald.com.br\\\/en\\\/#organization\"},\"potentialAction\":[{\"@type\":\"SearchAction\",\"target\":{\"@type\":\"EntryPoint\",\"urlTemplate\":\"https:\\\/\\\/www.wald.com.br\\\/en\\\/?s={search_term_string}\"},\"query-input\":{\"@type\":\"PropertyValueSpecification\",\"valueRequired\":true,\"valueName\":\"search_term_string\"}}],\"inLanguage\":\"en-US\"},{\"@type\":\"Organization\",\"@id\":\"https:\\\/\\\/www.wald.com.br\\\/en\\\/#organization\",\"name\":\"Wald, Antunes, Vita, Longo e Blattner Advogados\",\"url\":\"https:\\\/\\\/www.wald.com.br\\\/en\\\/\",\"logo\":{\"@type\":\"ImageObject\",\"inLanguage\":\"en-US\",\"@id\":\"https:\\\/\\\/www.wald.com.br\\\/en\\\/#\\\/schema\\\/logo\\\/image\\\/\",\"url\":\"https:\\\/\\\/www.wald.com.br\\\/wp-content\\\/uploads\\\/2020\\\/02\\\/Logo_Wald.png\",\"contentUrl\":\"https:\\\/\\\/www.wald.com.br\\\/wp-content\\\/uploads\\\/2020\\\/02\\\/Logo_Wald.png\",\"width\":5260,\"height\":2565,\"caption\":\"Wald, Antunes, Vita, Longo e Blattner Advogados\"},\"image\":{\"@id\":\"https:\\\/\\\/www.wald.com.br\\\/en\\\/#\\\/schema\\\/logo\\\/image\\\/\"},\"sameAs\":[\"https:\\\/\\\/www.linkedin.com\\\/company\\\/wald\"]},{\"@type\":\"Person\",\"@id\":\"https:\\\/\\\/www.wald.com.br\\\/en\\\/#\\\/schema\\\/person\\\/63b1ba5d23c51fa9d050dd06ffd0e04a\",\"name\":\"waldadmin2020\",\"image\":{\"@type\":\"ImageObject\",\"inLanguage\":\"en-US\",\"@id\":\"https:\\\/\\\/secure.gravatar.com\\\/avatar\\\/a71cf721eb306cd72432a33f9852249bbdb558baa0f55419ddb257983362db55?s=96&d=mm&r=g\",\"url\":\"https:\\\/\\\/secure.gravatar.com\\\/avatar\\\/a71cf721eb306cd72432a33f9852249bbdb558baa0f55419ddb257983362db55?s=96&d=mm&r=g\",\"contentUrl\":\"https:\\\/\\\/secure.gravatar.com\\\/avatar\\\/a71cf721eb306cd72432a33f9852249bbdb558baa0f55419ddb257983362db55?s=96&d=mm&r=g\",\"caption\":\"waldadmin2020\"},\"sameAs\":[\"https:\\\/\\\/x.com\\\/waldadmin2020\"],\"url\":\"https:\\\/\\\/www.wald.com.br\\\/en\\\/author\\\/waldadmin2020\\\/\"}]}<\/script>\n<!-- \/ Yoast SEO plugin. -->","yoast_head_json":{"title":"Supremo d\u00e1 aval \u00e0 exig\u00eancia de cau\u00e7\u00e3o em pedidos de liminar | Wald Advogados","robots":{"index":"index","follow":"follow","max-snippet":"max-snippet:-1","max-image-preview":"max-image-preview:large","max-video-preview":"max-video-preview:-1"},"canonical":"https:\/\/www.wald.com.br\/en\/supremo-da-aval-a-exigencia-de-caucao-em-pedidos-de-liminar\/","og_locale":"en_US","og_type":"article","og_title":"Supremo d\u00e1 aval \u00e0 exig\u00eancia de cau\u00e7\u00e3o em pedidos de liminar | Wald Advogados","og_description":"Publicado no Liminares para a compensa\u00e7\u00e3o de cr\u00e9ditos tribut\u00e1rios foram autorizadas O Plen\u00e1rio do Supremo Tribunal Federal (STF) rejeitou a maior parte do requerimento feito pela Ordem dos Advogados do Brasil (OAB) contra pontos da lei que regulamenta o mandado de seguran\u00e7a. O principal deles foi mantido: a exig\u00eancia de cau\u00e7\u00e3o ou fian\u00e7a em pedidos [&hellip;]","og_url":"https:\/\/www.wald.com.br\/en\/supremo-da-aval-a-exigencia-de-caucao-em-pedidos-de-liminar\/","og_site_name":"Wald Advogados","article_published_time":"2021-06-10T11:38:25+00:00","article_modified_time":"2021-07-23T16:18:55+00:00","og_image":[{"url":"https:\/\/www.wald.com.br\/wp-content\/uploads\/2020\/04\/Valor.png","type":"","width":"","height":""}],"author":"waldadmin2020","twitter_card":"summary_large_image","twitter_creator":"@waldadmin2020","twitter_misc":{"Written by":"waldadmin2020","Est. reading time":"4 minutes"},"schema":{"@context":"https:\/\/schema.org","@graph":[{"@type":"Article","@id":"https:\/\/www.wald.com.br\/en\/supremo-da-aval-a-exigencia-de-caucao-em-pedidos-de-liminar\/#article","isPartOf":{"@id":"https:\/\/www.wald.com.br\/en\/supremo-da-aval-a-exigencia-de-caucao-em-pedidos-de-liminar\/"},"author":{"name":"waldadmin2020","@id":"https:\/\/www.wald.com.br\/en\/#\/schema\/person\/63b1ba5d23c51fa9d050dd06ffd0e04a"},"headline":"Supremo d\u00e1 aval \u00e0 exig\u00eancia de cau\u00e7\u00e3o em pedidos de liminar","datePublished":"2021-06-10T11:38:25+00:00","dateModified":"2021-07-23T16:18:55+00:00","mainEntityOfPage":{"@id":"https:\/\/www.wald.com.br\/en\/supremo-da-aval-a-exigencia-de-caucao-em-pedidos-de-liminar\/"},"wordCount":1816,"commentCount":0,"publisher":{"@id":"https:\/\/www.wald.com.br\/en\/#organization"},"image":{"@id":"https:\/\/www.wald.com.br\/en\/supremo-da-aval-a-exigencia-de-caucao-em-pedidos-de-liminar\/#primaryimage"},"thumbnailUrl":"https:\/\/www.wald.com.br\/wp-content\/uploads\/2020\/04\/Valor.png","keywords":["Contencioso administrativo e judicial","Mandado de Seguran\u00e7a","OAB","STF"],"articleSection":["News"],"inLanguage":"en-US","potentialAction":[{"@type":"CommentAction","name":"Comment","target":["https:\/\/www.wald.com.br\/en\/supremo-da-aval-a-exigencia-de-caucao-em-pedidos-de-liminar\/#respond"]}]},{"@type":"WebPage","@id":"https:\/\/www.wald.com.br\/en\/supremo-da-aval-a-exigencia-de-caucao-em-pedidos-de-liminar\/","url":"https:\/\/www.wald.com.br\/en\/supremo-da-aval-a-exigencia-de-caucao-em-pedidos-de-liminar\/","name":"Supremo d\u00e1 aval \u00e0 exig\u00eancia de cau\u00e7\u00e3o em pedidos de liminar | Wald Advogados","isPartOf":{"@id":"https:\/\/www.wald.com.br\/en\/#website"},"primaryImageOfPage":{"@id":"https:\/\/www.wald.com.br\/en\/supremo-da-aval-a-exigencia-de-caucao-em-pedidos-de-liminar\/#primaryimage"},"image":{"@id":"https:\/\/www.wald.com.br\/en\/supremo-da-aval-a-exigencia-de-caucao-em-pedidos-de-liminar\/#primaryimage"},"thumbnailUrl":"https:\/\/www.wald.com.br\/wp-content\/uploads\/2020\/04\/Valor.png","datePublished":"2021-06-10T11:38:25+00:00","dateModified":"2021-07-23T16:18:55+00:00","breadcrumb":{"@id":"https:\/\/www.wald.com.br\/en\/supremo-da-aval-a-exigencia-de-caucao-em-pedidos-de-liminar\/#breadcrumb"},"inLanguage":"en-US","potentialAction":[{"@type":"ReadAction","target":["https:\/\/www.wald.com.br\/en\/supremo-da-aval-a-exigencia-de-caucao-em-pedidos-de-liminar\/"]}]},{"@type":"ImageObject","inLanguage":"en-US","@id":"https:\/\/www.wald.com.br\/en\/supremo-da-aval-a-exigencia-de-caucao-em-pedidos-de-liminar\/#primaryimage","url":"https:\/\/www.wald.com.br\/wp-content\/uploads\/2020\/04\/Valor.png","contentUrl":"https:\/\/www.wald.com.br\/wp-content\/uploads\/2020\/04\/Valor.png"},{"@type":"BreadcrumbList","@id":"https:\/\/www.wald.com.br\/en\/supremo-da-aval-a-exigencia-de-caucao-em-pedidos-de-liminar\/#breadcrumb","itemListElement":[{"@type":"ListItem","position":1,"name":"In\u00edcio","item":"https:\/\/www.wald.com.br\/"},{"@type":"ListItem","position":2,"name":"Supremo d\u00e1 aval \u00e0 exig\u00eancia de cau\u00e7\u00e3o em pedidos de liminar"}]},{"@type":"WebSite","@id":"https:\/\/www.wald.com.br\/en\/#website","url":"https:\/\/www.wald.com.br\/en\/","name":"Wald Advogados","description":"66 years of leading law practice","publisher":{"@id":"https:\/\/www.wald.com.br\/en\/#organization"},"potentialAction":[{"@type":"SearchAction","target":{"@type":"EntryPoint","urlTemplate":"https:\/\/www.wald.com.br\/en\/?s={search_term_string}"},"query-input":{"@type":"PropertyValueSpecification","valueRequired":true,"valueName":"search_term_string"}}],"inLanguage":"en-US"},{"@type":"Organization","@id":"https:\/\/www.wald.com.br\/en\/#organization","name":"Wald, Antunes, Vita, Longo e Blattner Advogados","url":"https:\/\/www.wald.com.br\/en\/","logo":{"@type":"ImageObject","inLanguage":"en-US","@id":"https:\/\/www.wald.com.br\/en\/#\/schema\/logo\/image\/","url":"https:\/\/www.wald.com.br\/wp-content\/uploads\/2020\/02\/Logo_Wald.png","contentUrl":"https:\/\/www.wald.com.br\/wp-content\/uploads\/2020\/02\/Logo_Wald.png","width":5260,"height":2565,"caption":"Wald, Antunes, Vita, Longo e Blattner Advogados"},"image":{"@id":"https:\/\/www.wald.com.br\/en\/#\/schema\/logo\/image\/"},"sameAs":["https:\/\/www.linkedin.com\/company\/wald"]},{"@type":"Person","@id":"https:\/\/www.wald.com.br\/en\/#\/schema\/person\/63b1ba5d23c51fa9d050dd06ffd0e04a","name":"waldadmin2020","image":{"@type":"ImageObject","inLanguage":"en-US","@id":"https:\/\/secure.gravatar.com\/avatar\/a71cf721eb306cd72432a33f9852249bbdb558baa0f55419ddb257983362db55?s=96&d=mm&r=g","url":"https:\/\/secure.gravatar.com\/avatar\/a71cf721eb306cd72432a33f9852249bbdb558baa0f55419ddb257983362db55?s=96&d=mm&r=g","contentUrl":"https:\/\/secure.gravatar.com\/avatar\/a71cf721eb306cd72432a33f9852249bbdb558baa0f55419ddb257983362db55?s=96&d=mm&r=g","caption":"waldadmin2020"},"sameAs":["https:\/\/x.com\/waldadmin2020"],"url":"https:\/\/www.wald.com.br\/en\/author\/waldadmin2020\/"}]}},"_links":{"self":[{"href":"https:\/\/www.wald.com.br\/en\/wp-json\/wp\/v2\/posts\/1487","targetHints":{"allow":["GET"]}}],"collection":[{"href":"https:\/\/www.wald.com.br\/en\/wp-json\/wp\/v2\/posts"}],"about":[{"href":"https:\/\/www.wald.com.br\/en\/wp-json\/wp\/v2\/types\/post"}],"author":[{"embeddable":true,"href":"https:\/\/www.wald.com.br\/en\/wp-json\/wp\/v2\/users\/1"}],"replies":[{"embeddable":true,"href":"https:\/\/www.wald.com.br\/en\/wp-json\/wp\/v2\/comments?post=1487"}],"version-history":[{"count":4,"href":"https:\/\/www.wald.com.br\/en\/wp-json\/wp\/v2\/posts\/1487\/revisions"}],"predecessor-version":[{"id":1491,"href":"https:\/\/www.wald.com.br\/en\/wp-json\/wp\/v2\/posts\/1487\/revisions\/1491"}],"wp:attachment":[{"href":"https:\/\/www.wald.com.br\/en\/wp-json\/wp\/v2\/media?parent=1487"}],"wp:term":[{"taxonomy":"category","embeddable":true,"href":"https:\/\/www.wald.com.br\/en\/wp-json\/wp\/v2\/categories?post=1487"},{"taxonomy":"post_tag","embeddable":true,"href":"https:\/\/www.wald.com.br\/en\/wp-json\/wp\/v2\/tags?post=1487"}],"curies":[{"name":"wp","href":"https:\/\/api.w.org\/{rel}","templated":true}]}}