{"id":1538,"date":"2021-08-03T14:51:43","date_gmt":"2021-08-03T17:51:43","guid":{"rendered":"https:\/\/www.wald.com.br\/?p=1538"},"modified":"2021-08-03T14:51:43","modified_gmt":"2021-08-03T17:51:43","slug":"conselho-nacional-de-justica-institui-comite-gestor-da-conciliacao","status":"publish","type":"post","link":"https:\/\/www.wald.com.br\/en\/conselho-nacional-de-justica-institui-comite-gestor-da-conciliacao\/","title":{"rendered":"Conselho Nacional de Justi\u00e7a institui Comit\u00ea Gestor da Concilia\u00e7\u00e3o"},"content":{"rendered":"<p><\/p>\n<p>O CNJ (Conselho Nacional de Justi\u00e7a) instituiu, no final de julho, o novo <strong>Comit\u00ea Gestor da Concilia\u00e7\u00e3o<\/strong>, que ter\u00e1 o papel de dar efetividade ao projeto de divulga\u00e7\u00e3o e incentivo a m\u00e9todos de solu\u00e7\u00e3o de conflitos.<\/p>\n<p>O grupo, presidido pelo conselheiro Marcos Vin\u00edcius Jardim Rodrigues, ir\u00e1 colocar em execu\u00e7\u00e3o medidas para garantir a continuidade do Movimento pela Concilia\u00e7\u00e3o e conta com a participa\u00e7\u00e3o do nosso <strong>s\u00f3cio Marcus Vinicius Vita e do advogado Arnoldo de Paula Wald<\/strong>.\u00a0 Tamb\u00e9m fazem parte do comit\u00ea os conselheiros Candice Lavocat Galv\u00e3o Jobim e Rubens de Mendon\u00e7a Canuto Neto, do CNJ, e o Ministro Marco Aur\u00e9lio Gastaldi Buzzi, do STJ, ao lado de ju\u00edzes, desembargadores e advogados.<\/p>\n<p>O conselho ainda ser\u00e1 respons\u00e1vel por toda a divulga\u00e7\u00e3o e incentivo da solu\u00e7\u00e3o de conflitos, al\u00e9m de organizar e implementar a\u00e7\u00f5es para a promo\u00e7\u00e3o da Pol\u00edtica P\u00fablica de M\u00e9todos Consensuais de Solu\u00e7\u00e3o de Conflitos.\u00a0<\/p>\n<p><img loading=\"lazy\" decoding=\"async\" class=\"alignnone wp-image-1540 size-large\" src=\"https:\/\/www.wald.com.br\/wp-content\/uploads\/2021\/08\/CNJ-Marcus-Arnoldo-de-Paula-1024x576.png\" alt=\"\" width=\"1024\" height=\"576\" srcset=\"https:\/\/www.wald.com.br\/wp-content\/uploads\/2021\/08\/CNJ-Marcus-Arnoldo-de-Paula-1024x576.png 1024w, https:\/\/www.wald.com.br\/wp-content\/uploads\/2021\/08\/CNJ-Marcus-Arnoldo-de-Paula-300x169.png 300w, https:\/\/www.wald.com.br\/wp-content\/uploads\/2021\/08\/CNJ-Marcus-Arnoldo-de-Paula-768x432.png 768w, https:\/\/www.wald.com.br\/wp-content\/uploads\/2021\/08\/CNJ-Marcus-Arnoldo-de-Paula-1536x864.png 1536w, https:\/\/www.wald.com.br\/wp-content\/uploads\/2021\/08\/CNJ-Marcus-Arnoldo-de-Paula.png 1920w\" sizes=\"auto, (max-width: 1024px) 100vw, 1024px\" \/><\/p>\n<p>Veja abaixo a composi\u00e7\u00e3o completa do <a href=\"https:\/\/www.wald.com.br\/wp-content\/uploads\/2021\/08\/Portaria-Comite\u0302-Gestor-da-Conciliac\u0327a\u0303o.pdf\">Comit\u00ea Gestor<\/a>:<\/p>\n<a href=\"https:\/\/www.wald.com.br\/wp-content\/uploads\/2021\/08\/Portaria-Comite\u0302-Gestor-da-Conciliac\u0327a\u0303o.pdf\" class=\"pdfemb-viewer\" style=\"\" data-width=\"max\" data-height=\"max\" data-toolbar=\"both\" data-toolbar-fixed=\"on\">Portaria - Comite\u0302 Gestor da Conciliac\u0327a\u0303o<\/a>\n<p><\/p>","protected":false},"excerpt":{"rendered":"<p>O CNJ (Conselho Nacional de Justi\u00e7a) instituiu, no final de julho, o novo Comit\u00ea Gestor da Concilia\u00e7\u00e3o, que ter\u00e1 o papel de dar efetividade ao projeto de divulga\u00e7\u00e3o e incentivo a m\u00e9todos de solu\u00e7\u00e3o de conflitos. O grupo, presidido pelo conselheiro Marcos Vin\u00edcius Jardim Rodrigues, ir\u00e1 colocar em execu\u00e7\u00e3o medidas para garantir a continuidade do [&hellip;]<\/p>\n","protected":false},"author":1,"featured_media":0,"comment_status":"open","ping_status":"closed","sticky":false,"template":"","format":"standard","meta":{"_acf_changed":false,"footnotes":""},"categories":[2],"tags":[113,28],"class_list":["post-1538","post","type-post","status-publish","format-standard","hentry","category-noticias","tag-cnj-comite-gestor","tag-conciliacao"],"acf":[],"yoast_head":"<!-- This site is optimized with the Yoast SEO plugin v27.5 - https:\/\/yoast.com\/product\/yoast-seo-wordpress\/ -->\n<title>Conselho Nacional de Justi\u00e7a institui Comit\u00ea Gestor da Concilia\u00e7\u00e3o | Wald Advogados<\/title>\n<meta name=\"robots\" content=\"index, follow, max-snippet:-1, max-image-preview:large, max-video-preview:-1\" \/>\n<link rel=\"canonical\" href=\"https:\/\/www.wald.com.br\/en\/conselho-nacional-de-justica-institui-comite-gestor-da-conciliacao\/\" \/>\n<meta property=\"og:locale\" content=\"en_US\" \/>\n<meta property=\"og:type\" content=\"article\" \/>\n<meta property=\"og:title\" content=\"Conselho Nacional de Justi\u00e7a institui Comit\u00ea Gestor da Concilia\u00e7\u00e3o | Wald Advogados\" \/>\n<meta property=\"og:description\" content=\"O CNJ (Conselho Nacional de Justi\u00e7a) instituiu, no final de julho, o novo Comit\u00ea Gestor da Concilia\u00e7\u00e3o, que ter\u00e1 o papel de dar efetividade ao projeto de divulga\u00e7\u00e3o e incentivo a m\u00e9todos de solu\u00e7\u00e3o de conflitos. O grupo, presidido pelo conselheiro Marcos Vin\u00edcius Jardim Rodrigues, ir\u00e1 colocar em execu\u00e7\u00e3o medidas para garantir a continuidade do [&hellip;]\" \/>\n<meta property=\"og:url\" content=\"https:\/\/www.wald.com.br\/en\/conselho-nacional-de-justica-institui-comite-gestor-da-conciliacao\/\" \/>\n<meta property=\"og:site_name\" content=\"Wald Advogados\" \/>\n<meta property=\"article:published_time\" content=\"2021-08-03T17:51:43+00:00\" \/>\n<meta property=\"og:image\" content=\"https:\/\/www.wald.com.br\/wp-content\/uploads\/2021\/08\/CNJ-Marcus-Arnoldo-de-Paula-1024x576.png\" \/>\n<meta name=\"author\" content=\"waldadmin2020\" \/>\n<meta name=\"twitter:card\" content=\"summary_large_image\" \/>\n<meta name=\"twitter:creator\" content=\"@waldadmin2020\" \/>\n<meta name=\"twitter:label1\" content=\"Written by\" \/>\n\t<meta name=\"twitter:data1\" content=\"waldadmin2020\" \/>\n\t<meta name=\"twitter:label2\" content=\"Est. reading time\" \/>\n\t<meta name=\"twitter:data2\" content=\"1 minute\" \/>\n<script type=\"application\/ld+json\" class=\"yoast-schema-graph\">{\"@context\":\"https:\\\/\\\/schema.org\",\"@graph\":[{\"@type\":\"Article\",\"@id\":\"https:\\\/\\\/www.wald.com.br\\\/en\\\/conselho-nacional-de-justica-institui-comite-gestor-da-conciliacao\\\/#article\",\"isPartOf\":{\"@id\":\"https:\\\/\\\/www.wald.com.br\\\/en\\\/conselho-nacional-de-justica-institui-comite-gestor-da-conciliacao\\\/\"},\"author\":{\"name\":\"waldadmin2020\",\"@id\":\"https:\\\/\\\/www.wald.com.br\\\/en\\\/#\\\/schema\\\/person\\\/63b1ba5d23c51fa9d050dd06ffd0e04a\"},\"headline\":\"Conselho Nacional de Justi\u00e7a institui Comit\u00ea Gestor da Concilia\u00e7\u00e3o\",\"datePublished\":\"2021-08-03T17:51:43+00:00\",\"mainEntityOfPage\":{\"@id\":\"https:\\\/\\\/www.wald.com.br\\\/en\\\/conselho-nacional-de-justica-institui-comite-gestor-da-conciliacao\\\/\"},\"wordCount\":418,\"commentCount\":0,\"publisher\":{\"@id\":\"https:\\\/\\\/www.wald.com.br\\\/en\\\/#organization\"},\"image\":{\"@id\":\"https:\\\/\\\/www.wald.com.br\\\/en\\\/conselho-nacional-de-justica-institui-comite-gestor-da-conciliacao\\\/#primaryimage\"},\"thumbnailUrl\":\"https:\\\/\\\/www.wald.com.br\\\/wp-content\\\/uploads\\\/2021\\\/08\\\/CNJ-Marcus-Arnoldo-de-Paula-1024x576.png\",\"keywords\":[\"CNJ. Comit\u00ea Gestor\",\"Concilia\u00e7\u00e3o\"],\"articleSection\":[\"News\"],\"inLanguage\":\"en-US\",\"potentialAction\":[{\"@type\":\"CommentAction\",\"name\":\"Comment\",\"target\":[\"https:\\\/\\\/www.wald.com.br\\\/en\\\/conselho-nacional-de-justica-institui-comite-gestor-da-conciliacao\\\/#respond\"]}]},{\"@type\":\"WebPage\",\"@id\":\"https:\\\/\\\/www.wald.com.br\\\/en\\\/conselho-nacional-de-justica-institui-comite-gestor-da-conciliacao\\\/\",\"url\":\"https:\\\/\\\/www.wald.com.br\\\/en\\\/conselho-nacional-de-justica-institui-comite-gestor-da-conciliacao\\\/\",\"name\":\"Conselho Nacional de Justi\u00e7a institui Comit\u00ea Gestor da Concilia\u00e7\u00e3o | Wald Advogados\",\"isPartOf\":{\"@id\":\"https:\\\/\\\/www.wald.com.br\\\/en\\\/#website\"},\"primaryImageOfPage\":{\"@id\":\"https:\\\/\\\/www.wald.com.br\\\/en\\\/conselho-nacional-de-justica-institui-comite-gestor-da-conciliacao\\\/#primaryimage\"},\"image\":{\"@id\":\"https:\\\/\\\/www.wald.com.br\\\/en\\\/conselho-nacional-de-justica-institui-comite-gestor-da-conciliacao\\\/#primaryimage\"},\"thumbnailUrl\":\"https:\\\/\\\/www.wald.com.br\\\/wp-content\\\/uploads\\\/2021\\\/08\\\/CNJ-Marcus-Arnoldo-de-Paula-1024x576.png\",\"datePublished\":\"2021-08-03T17:51:43+00:00\",\"breadcrumb\":{\"@id\":\"https:\\\/\\\/www.wald.com.br\\\/en\\\/conselho-nacional-de-justica-institui-comite-gestor-da-conciliacao\\\/#breadcrumb\"},\"inLanguage\":\"en-US\",\"potentialAction\":[{\"@type\":\"ReadAction\",\"target\":[\"https:\\\/\\\/www.wald.com.br\\\/en\\\/conselho-nacional-de-justica-institui-comite-gestor-da-conciliacao\\\/\"]}]},{\"@type\":\"ImageObject\",\"inLanguage\":\"en-US\",\"@id\":\"https:\\\/\\\/www.wald.com.br\\\/en\\\/conselho-nacional-de-justica-institui-comite-gestor-da-conciliacao\\\/#primaryimage\",\"url\":\"https:\\\/\\\/www.wald.com.br\\\/wp-content\\\/uploads\\\/2021\\\/08\\\/CNJ-Marcus-Arnoldo-de-Paula-1024x576.png\",\"contentUrl\":\"https:\\\/\\\/www.wald.com.br\\\/wp-content\\\/uploads\\\/2021\\\/08\\\/CNJ-Marcus-Arnoldo-de-Paula-1024x576.png\"},{\"@type\":\"BreadcrumbList\",\"@id\":\"https:\\\/\\\/www.wald.com.br\\\/en\\\/conselho-nacional-de-justica-institui-comite-gestor-da-conciliacao\\\/#breadcrumb\",\"itemListElement\":[{\"@type\":\"ListItem\",\"position\":1,\"name\":\"In\u00edcio\",\"item\":\"https:\\\/\\\/www.wald.com.br\\\/\"},{\"@type\":\"ListItem\",\"position\":2,\"name\":\"Conselho Nacional de Justi\u00e7a institui Comit\u00ea Gestor da Concilia\u00e7\u00e3o\"}]},{\"@type\":\"WebSite\",\"@id\":\"https:\\\/\\\/www.wald.com.br\\\/en\\\/#website\",\"url\":\"https:\\\/\\\/www.wald.com.br\\\/en\\\/\",\"name\":\"Wald Advogados\",\"description\":\"66 years of leading law practice\",\"publisher\":{\"@id\":\"https:\\\/\\\/www.wald.com.br\\\/en\\\/#organization\"},\"potentialAction\":[{\"@type\":\"SearchAction\",\"target\":{\"@type\":\"EntryPoint\",\"urlTemplate\":\"https:\\\/\\\/www.wald.com.br\\\/en\\\/?s={search_term_string}\"},\"query-input\":{\"@type\":\"PropertyValueSpecification\",\"valueRequired\":true,\"valueName\":\"search_term_string\"}}],\"inLanguage\":\"en-US\"},{\"@type\":\"Organization\",\"@id\":\"https:\\\/\\\/www.wald.com.br\\\/en\\\/#organization\",\"name\":\"Wald, Antunes, Vita, Longo e Blattner Advogados\",\"url\":\"https:\\\/\\\/www.wald.com.br\\\/en\\\/\",\"logo\":{\"@type\":\"ImageObject\",\"inLanguage\":\"en-US\",\"@id\":\"https:\\\/\\\/www.wald.com.br\\\/en\\\/#\\\/schema\\\/logo\\\/image\\\/\",\"url\":\"https:\\\/\\\/www.wald.com.br\\\/wp-content\\\/uploads\\\/2020\\\/02\\\/Logo_Wald.png\",\"contentUrl\":\"https:\\\/\\\/www.wald.com.br\\\/wp-content\\\/uploads\\\/2020\\\/02\\\/Logo_Wald.png\",\"width\":5260,\"height\":2565,\"caption\":\"Wald, Antunes, Vita, Longo e Blattner Advogados\"},\"image\":{\"@id\":\"https:\\\/\\\/www.wald.com.br\\\/en\\\/#\\\/schema\\\/logo\\\/image\\\/\"},\"sameAs\":[\"https:\\\/\\\/www.linkedin.com\\\/company\\\/wald\"]},{\"@type\":\"Person\",\"@id\":\"https:\\\/\\\/www.wald.com.br\\\/en\\\/#\\\/schema\\\/person\\\/63b1ba5d23c51fa9d050dd06ffd0e04a\",\"name\":\"waldadmin2020\",\"image\":{\"@type\":\"ImageObject\",\"inLanguage\":\"en-US\",\"@id\":\"https:\\\/\\\/secure.gravatar.com\\\/avatar\\\/a71cf721eb306cd72432a33f9852249bbdb558baa0f55419ddb257983362db55?s=96&d=mm&r=g\",\"url\":\"https:\\\/\\\/secure.gravatar.com\\\/avatar\\\/a71cf721eb306cd72432a33f9852249bbdb558baa0f55419ddb257983362db55?s=96&d=mm&r=g\",\"contentUrl\":\"https:\\\/\\\/secure.gravatar.com\\\/avatar\\\/a71cf721eb306cd72432a33f9852249bbdb558baa0f55419ddb257983362db55?s=96&d=mm&r=g\",\"caption\":\"waldadmin2020\"},\"sameAs\":[\"https:\\\/\\\/x.com\\\/waldadmin2020\"],\"url\":\"https:\\\/\\\/www.wald.com.br\\\/en\\\/author\\\/waldadmin2020\\\/\"}]}<\/script>\n<!-- \/ Yoast SEO plugin. -->","yoast_head_json":{"title":"Conselho Nacional de Justi\u00e7a institui Comit\u00ea Gestor da Concilia\u00e7\u00e3o | Wald Advogados","robots":{"index":"index","follow":"follow","max-snippet":"max-snippet:-1","max-image-preview":"max-image-preview:large","max-video-preview":"max-video-preview:-1"},"canonical":"https:\/\/www.wald.com.br\/en\/conselho-nacional-de-justica-institui-comite-gestor-da-conciliacao\/","og_locale":"en_US","og_type":"article","og_title":"Conselho Nacional de Justi\u00e7a institui Comit\u00ea Gestor da Concilia\u00e7\u00e3o | Wald Advogados","og_description":"O CNJ (Conselho Nacional de Justi\u00e7a) instituiu, no final de julho, o novo Comit\u00ea Gestor da Concilia\u00e7\u00e3o, que ter\u00e1 o papel de dar efetividade ao projeto de divulga\u00e7\u00e3o e incentivo a m\u00e9todos de solu\u00e7\u00e3o de conflitos. O grupo, presidido pelo conselheiro Marcos Vin\u00edcius Jardim Rodrigues, ir\u00e1 colocar em execu\u00e7\u00e3o medidas para garantir a continuidade do [&hellip;]","og_url":"https:\/\/www.wald.com.br\/en\/conselho-nacional-de-justica-institui-comite-gestor-da-conciliacao\/","og_site_name":"Wald Advogados","article_published_time":"2021-08-03T17:51:43+00:00","og_image":[{"url":"https:\/\/www.wald.com.br\/wp-content\/uploads\/2021\/08\/CNJ-Marcus-Arnoldo-de-Paula-1024x576.png","type":"","width":"","height":""}],"author":"waldadmin2020","twitter_card":"summary_large_image","twitter_creator":"@waldadmin2020","twitter_misc":{"Written by":"waldadmin2020","Est. reading time":"1 minute"},"schema":{"@context":"https:\/\/schema.org","@graph":[{"@type":"Article","@id":"https:\/\/www.wald.com.br\/en\/conselho-nacional-de-justica-institui-comite-gestor-da-conciliacao\/#article","isPartOf":{"@id":"https:\/\/www.wald.com.br\/en\/conselho-nacional-de-justica-institui-comite-gestor-da-conciliacao\/"},"author":{"name":"waldadmin2020","@id":"https:\/\/www.wald.com.br\/en\/#\/schema\/person\/63b1ba5d23c51fa9d050dd06ffd0e04a"},"headline":"Conselho Nacional de Justi\u00e7a institui Comit\u00ea Gestor da Concilia\u00e7\u00e3o","datePublished":"2021-08-03T17:51:43+00:00","mainEntityOfPage":{"@id":"https:\/\/www.wald.com.br\/en\/conselho-nacional-de-justica-institui-comite-gestor-da-conciliacao\/"},"wordCount":418,"commentCount":0,"publisher":{"@id":"https:\/\/www.wald.com.br\/en\/#organization"},"image":{"@id":"https:\/\/www.wald.com.br\/en\/conselho-nacional-de-justica-institui-comite-gestor-da-conciliacao\/#primaryimage"},"thumbnailUrl":"https:\/\/www.wald.com.br\/wp-content\/uploads\/2021\/08\/CNJ-Marcus-Arnoldo-de-Paula-1024x576.png","keywords":["CNJ. Comit\u00ea Gestor","Concilia\u00e7\u00e3o"],"articleSection":["News"],"inLanguage":"en-US","potentialAction":[{"@type":"CommentAction","name":"Comment","target":["https:\/\/www.wald.com.br\/en\/conselho-nacional-de-justica-institui-comite-gestor-da-conciliacao\/#respond"]}]},{"@type":"WebPage","@id":"https:\/\/www.wald.com.br\/en\/conselho-nacional-de-justica-institui-comite-gestor-da-conciliacao\/","url":"https:\/\/www.wald.com.br\/en\/conselho-nacional-de-justica-institui-comite-gestor-da-conciliacao\/","name":"Conselho Nacional de Justi\u00e7a institui Comit\u00ea Gestor da Concilia\u00e7\u00e3o | Wald Advogados","isPartOf":{"@id":"https:\/\/www.wald.com.br\/en\/#website"},"primaryImageOfPage":{"@id":"https:\/\/www.wald.com.br\/en\/conselho-nacional-de-justica-institui-comite-gestor-da-conciliacao\/#primaryimage"},"image":{"@id":"https:\/\/www.wald.com.br\/en\/conselho-nacional-de-justica-institui-comite-gestor-da-conciliacao\/#primaryimage"},"thumbnailUrl":"https:\/\/www.wald.com.br\/wp-content\/uploads\/2021\/08\/CNJ-Marcus-Arnoldo-de-Paula-1024x576.png","datePublished":"2021-08-03T17:51:43+00:00","breadcrumb":{"@id":"https:\/\/www.wald.com.br\/en\/conselho-nacional-de-justica-institui-comite-gestor-da-conciliacao\/#breadcrumb"},"inLanguage":"en-US","potentialAction":[{"@type":"ReadAction","target":["https:\/\/www.wald.com.br\/en\/conselho-nacional-de-justica-institui-comite-gestor-da-conciliacao\/"]}]},{"@type":"ImageObject","inLanguage":"en-US","@id":"https:\/\/www.wald.com.br\/en\/conselho-nacional-de-justica-institui-comite-gestor-da-conciliacao\/#primaryimage","url":"https:\/\/www.wald.com.br\/wp-content\/uploads\/2021\/08\/CNJ-Marcus-Arnoldo-de-Paula-1024x576.png","contentUrl":"https:\/\/www.wald.com.br\/wp-content\/uploads\/2021\/08\/CNJ-Marcus-Arnoldo-de-Paula-1024x576.png"},{"@type":"BreadcrumbList","@id":"https:\/\/www.wald.com.br\/en\/conselho-nacional-de-justica-institui-comite-gestor-da-conciliacao\/#breadcrumb","itemListElement":[{"@type":"ListItem","position":1,"name":"In\u00edcio","item":"https:\/\/www.wald.com.br\/"},{"@type":"ListItem","position":2,"name":"Conselho Nacional de Justi\u00e7a institui Comit\u00ea Gestor da Concilia\u00e7\u00e3o"}]},{"@type":"WebSite","@id":"https:\/\/www.wald.com.br\/en\/#website","url":"https:\/\/www.wald.com.br\/en\/","name":"Wald Advogados","description":"66 years of leading law practice","publisher":{"@id":"https:\/\/www.wald.com.br\/en\/#organization"},"potentialAction":[{"@type":"SearchAction","target":{"@type":"EntryPoint","urlTemplate":"https:\/\/www.wald.com.br\/en\/?s={search_term_string}"},"query-input":{"@type":"PropertyValueSpecification","valueRequired":true,"valueName":"search_term_string"}}],"inLanguage":"en-US"},{"@type":"Organization","@id":"https:\/\/www.wald.com.br\/en\/#organization","name":"Wald, Antunes, Vita, Longo e Blattner Advogados","url":"https:\/\/www.wald.com.br\/en\/","logo":{"@type":"ImageObject","inLanguage":"en-US","@id":"https:\/\/www.wald.com.br\/en\/#\/schema\/logo\/image\/","url":"https:\/\/www.wald.com.br\/wp-content\/uploads\/2020\/02\/Logo_Wald.png","contentUrl":"https:\/\/www.wald.com.br\/wp-content\/uploads\/2020\/02\/Logo_Wald.png","width":5260,"height":2565,"caption":"Wald, Antunes, Vita, Longo e Blattner Advogados"},"image":{"@id":"https:\/\/www.wald.com.br\/en\/#\/schema\/logo\/image\/"},"sameAs":["https:\/\/www.linkedin.com\/company\/wald"]},{"@type":"Person","@id":"https:\/\/www.wald.com.br\/en\/#\/schema\/person\/63b1ba5d23c51fa9d050dd06ffd0e04a","name":"waldadmin2020","image":{"@type":"ImageObject","inLanguage":"en-US","@id":"https:\/\/secure.gravatar.com\/avatar\/a71cf721eb306cd72432a33f9852249bbdb558baa0f55419ddb257983362db55?s=96&d=mm&r=g","url":"https:\/\/secure.gravatar.com\/avatar\/a71cf721eb306cd72432a33f9852249bbdb558baa0f55419ddb257983362db55?s=96&d=mm&r=g","contentUrl":"https:\/\/secure.gravatar.com\/avatar\/a71cf721eb306cd72432a33f9852249bbdb558baa0f55419ddb257983362db55?s=96&d=mm&r=g","caption":"waldadmin2020"},"sameAs":["https:\/\/x.com\/waldadmin2020"],"url":"https:\/\/www.wald.com.br\/en\/author\/waldadmin2020\/"}]}},"_links":{"self":[{"href":"https:\/\/www.wald.com.br\/en\/wp-json\/wp\/v2\/posts\/1538","targetHints":{"allow":["GET"]}}],"collection":[{"href":"https:\/\/www.wald.com.br\/en\/wp-json\/wp\/v2\/posts"}],"about":[{"href":"https:\/\/www.wald.com.br\/en\/wp-json\/wp\/v2\/types\/post"}],"author":[{"embeddable":true,"href":"https:\/\/www.wald.com.br\/en\/wp-json\/wp\/v2\/users\/1"}],"replies":[{"embeddable":true,"href":"https:\/\/www.wald.com.br\/en\/wp-json\/wp\/v2\/comments?post=1538"}],"version-history":[{"count":2,"href":"https:\/\/www.wald.com.br\/en\/wp-json\/wp\/v2\/posts\/1538\/revisions"}],"predecessor-version":[{"id":1542,"href":"https:\/\/www.wald.com.br\/en\/wp-json\/wp\/v2\/posts\/1538\/revisions\/1542"}],"wp:attachment":[{"href":"https:\/\/www.wald.com.br\/en\/wp-json\/wp\/v2\/media?parent=1538"}],"wp:term":[{"taxonomy":"category","embeddable":true,"href":"https:\/\/www.wald.com.br\/en\/wp-json\/wp\/v2\/categories?post=1538"},{"taxonomy":"post_tag","embeddable":true,"href":"https:\/\/www.wald.com.br\/en\/wp-json\/wp\/v2\/tags?post=1538"}],"curies":[{"name":"wp","href":"https:\/\/api.w.org\/{rel}","templated":true}]}}