{"id":1618,"date":"2021-10-20T08:32:13","date_gmt":"2021-10-20T11:32:13","guid":{"rendered":"https:\/\/www.wald.com.br\/?p=1618"},"modified":"2021-10-20T10:27:16","modified_gmt":"2021-10-20T13:27:16","slug":"escritorio-assessora-fonte-de-saude-na-aquisicao-das-acoes-detidas-pelo-patria-na-alliar","status":"publish","type":"post","link":"https:\/\/www.wald.com.br\/en\/escritorio-assessora-fonte-de-saude-na-aquisicao-das-acoes-detidas-pelo-patria-na-alliar\/","title":{"rendered":"Escrit\u00f3rio assessora Fonte de Sa\u00fade na aquisi\u00e7\u00e3o das a\u00e7\u00f5es detidas pelo P\u00e1tria na Alliar"},"content":{"rendered":"<p><span style=\"font-size: 20px;\"><span style=\"font-size: 20px;\"><strong><span style=\"font-size: 12px;\">Publicado no<br \/>\n<\/span><\/strong><\/span><\/span><span style=\"font-size: 20px;\"><a href=\"https:\/\/valor.globo.com\/empresas\/noticia\/2021\/10\/20\/alliar-ptria-finaliza-venda-de-participao-de-2114-pontos-percentuais-para-mam-asset-management.ghtml\" target=\"_blank\" rel=\"noopener noreferrer\"><img loading=\"lazy\" decoding=\"async\" class=\"alignnone wp-image-912\" src=\"\nhttps:\/\/www.wald.com.br\/wp-content\/uploads\/2020\/04\/Valor.png\" alt=\"\" width=\"117\" height=\"40\" \/><\/a><\/span><\/p>\n<p>O Fundo Fonte de Sa\u00fade, do investidor Nelson Tanure, concluiu em 19\/10 a opera\u00e7\u00e3o de aquisi\u00e7\u00e3o das a\u00e7\u00f5es detidas pelo P\u00e1tria na rede de diagn\u00f3sticos cl\u00ednicos Alliar. A transa\u00e7\u00e3o foi assessorada pelo nosso s\u00f3cio <a href=\"https:\/\/www.wald.com.br\/equipe\/eduardo-cezar-chad\/\">Eduardo Chad<\/a> e o advogado <a href=\"https:\/\/www.wald.com.br\/equipe\/bernardo-vieira-kluppel-carrara\/\">Bernardo Carrara<\/a>.<\/p>\n<p>Com a conclus\u00e3o do neg\u00f3cio, o Fonte de Sa\u00fade passa a deter cerca de 26% da Alliar, ao redor de 25 milh\u00f5es de a\u00e7\u00f5es da companhia.<\/p>\n<p>Com informa\u00e7\u00f5es do <a href=\"https:\/\/valor.globo.com\/empresas\/noticia\/2021\/10\/20\/alliar-ptria-finaliza-venda-de-participao-de-2114-pontos-percentuais-para-mam-asset-management.ghtml\" target=\"_blank\" rel=\"noopener noreferrer\">Valor Econ\u00f4mico<\/a>, <a href=\"https:\/\/economia.estadao.com.br\/blogs\/coluna-do-broad\/tanure-pagou-r-300-milhoes-por-fatia-do-patria-na-alliar\/\" target=\"_blank\" rel=\"noopener noreferrer\">Estad\u00e3o<\/a> e <a href=\"https:\/\/www.infomoney.com.br\/mercados\/aalr3-fundos-ligado-a-tanure-chegam-a-273-de-participacao-na-alliar\/\" target=\"_blank\" rel=\"noopener noreferrer\">InfoMoney<\/a>.<\/p>\n","protected":false},"excerpt":{"rendered":"<p>Publicado no O Fundo Fonte de Sa\u00fade, do investidor Nelson Tanure, concluiu em 19\/10 a opera\u00e7\u00e3o de aquisi\u00e7\u00e3o das a\u00e7\u00f5es detidas pelo P\u00e1tria na rede de diagn\u00f3sticos cl\u00ednicos Alliar. A transa\u00e7\u00e3o foi assessorada pelo nosso s\u00f3cio Eduardo Chad e o advogado Bernardo Carrara. Com a conclus\u00e3o do neg\u00f3cio, o Fonte de Sa\u00fade passa a deter [&hellip;]<\/p>\n","protected":false},"author":1,"featured_media":0,"comment_status":"open","ping_status":"closed","sticky":false,"template":"","format":"standard","meta":{"_acf_changed":false,"footnotes":""},"categories":[2],"tags":[124,18,125],"class_list":["post-1618","post","type-post","status-publish","format-standard","hentry","category-noticias","tag-alliar","tag-societario","tag-patria"],"acf":[],"yoast_head":"<!-- This site is optimized with the Yoast SEO plugin v27.5 - https:\/\/yoast.com\/product\/yoast-seo-wordpress\/ -->\n<title>Escrit\u00f3rio assessora Fonte de Sa\u00fade na aquisi\u00e7\u00e3o das a\u00e7\u00f5es detidas pelo P\u00e1tria na Alliar | Wald Advogados<\/title>\n<meta name=\"robots\" content=\"index, follow, max-snippet:-1, max-image-preview:large, max-video-preview:-1\" \/>\n<link rel=\"canonical\" href=\"https:\/\/www.wald.com.br\/en\/escritorio-assessora-fonte-de-saude-na-aquisicao-das-acoes-detidas-pelo-patria-na-alliar\/\" \/>\n<meta property=\"og:locale\" content=\"en_US\" \/>\n<meta property=\"og:type\" content=\"article\" \/>\n<meta property=\"og:title\" content=\"Escrit\u00f3rio assessora Fonte de Sa\u00fade na aquisi\u00e7\u00e3o das a\u00e7\u00f5es detidas pelo P\u00e1tria na Alliar | Wald Advogados\" \/>\n<meta property=\"og:description\" content=\"Publicado no O Fundo Fonte de Sa\u00fade, do investidor Nelson Tanure, concluiu em 19\/10 a opera\u00e7\u00e3o de aquisi\u00e7\u00e3o das a\u00e7\u00f5es detidas pelo P\u00e1tria na rede de diagn\u00f3sticos cl\u00ednicos Alliar. A transa\u00e7\u00e3o foi assessorada pelo nosso s\u00f3cio Eduardo Chad e o advogado Bernardo Carrara. Com a conclus\u00e3o do neg\u00f3cio, o Fonte de Sa\u00fade passa a deter [&hellip;]\" \/>\n<meta property=\"og:url\" content=\"https:\/\/www.wald.com.br\/en\/escritorio-assessora-fonte-de-saude-na-aquisicao-das-acoes-detidas-pelo-patria-na-alliar\/\" \/>\n<meta property=\"og:site_name\" content=\"Wald Advogados\" \/>\n<meta property=\"article:published_time\" content=\"2021-10-20T11:32:13+00:00\" \/>\n<meta property=\"article:modified_time\" content=\"2021-10-20T13:27:16+00:00\" \/>\n<meta name=\"author\" content=\"waldadmin2020\" \/>\n<meta name=\"twitter:card\" content=\"summary_large_image\" \/>\n<meta name=\"twitter:creator\" content=\"@waldadmin2020\" \/>\n<meta name=\"twitter:label1\" content=\"Written by\" \/>\n\t<meta name=\"twitter:data1\" content=\"waldadmin2020\" \/>\n\t<meta name=\"twitter:label2\" content=\"Est. reading time\" \/>\n\t<meta name=\"twitter:data2\" content=\"1 minute\" \/>\n<script type=\"application\/ld+json\" class=\"yoast-schema-graph\">{\"@context\":\"https:\\\/\\\/schema.org\",\"@graph\":[{\"@type\":\"Article\",\"@id\":\"https:\\\/\\\/www.wald.com.br\\\/en\\\/escritorio-assessora-fonte-de-saude-na-aquisicao-das-acoes-detidas-pelo-patria-na-alliar\\\/#article\",\"isPartOf\":{\"@id\":\"https:\\\/\\\/www.wald.com.br\\\/en\\\/escritorio-assessora-fonte-de-saude-na-aquisicao-das-acoes-detidas-pelo-patria-na-alliar\\\/\"},\"author\":{\"name\":\"waldadmin2020\",\"@id\":\"https:\\\/\\\/www.wald.com.br\\\/en\\\/#\\\/schema\\\/person\\\/63b1ba5d23c51fa9d050dd06ffd0e04a\"},\"headline\":\"Escrit\u00f3rio assessora Fonte de Sa\u00fade na aquisi\u00e7\u00e3o das a\u00e7\u00f5es detidas pelo P\u00e1tria na Alliar\",\"datePublished\":\"2021-10-20T11:32:13+00:00\",\"dateModified\":\"2021-10-20T13:27:16+00:00\",\"mainEntityOfPage\":{\"@id\":\"https:\\\/\\\/www.wald.com.br\\\/en\\\/escritorio-assessora-fonte-de-saude-na-aquisicao-das-acoes-detidas-pelo-patria-na-alliar\\\/\"},\"wordCount\":110,\"commentCount\":0,\"publisher\":{\"@id\":\"https:\\\/\\\/www.wald.com.br\\\/en\\\/#organization\"},\"keywords\":[\"Alliar\",\"Corporate advisory and M&amp;A\",\"P\u00e1tria\"],\"articleSection\":[\"News\"],\"inLanguage\":\"en-US\",\"potentialAction\":[{\"@type\":\"CommentAction\",\"name\":\"Comment\",\"target\":[\"https:\\\/\\\/www.wald.com.br\\\/en\\\/escritorio-assessora-fonte-de-saude-na-aquisicao-das-acoes-detidas-pelo-patria-na-alliar\\\/#respond\"]}]},{\"@type\":\"WebPage\",\"@id\":\"https:\\\/\\\/www.wald.com.br\\\/en\\\/escritorio-assessora-fonte-de-saude-na-aquisicao-das-acoes-detidas-pelo-patria-na-alliar\\\/\",\"url\":\"https:\\\/\\\/www.wald.com.br\\\/en\\\/escritorio-assessora-fonte-de-saude-na-aquisicao-das-acoes-detidas-pelo-patria-na-alliar\\\/\",\"name\":\"Escrit\u00f3rio assessora Fonte de Sa\u00fade na aquisi\u00e7\u00e3o das a\u00e7\u00f5es detidas pelo P\u00e1tria na Alliar | Wald Advogados\",\"isPartOf\":{\"@id\":\"https:\\\/\\\/www.wald.com.br\\\/en\\\/#website\"},\"datePublished\":\"2021-10-20T11:32:13+00:00\",\"dateModified\":\"2021-10-20T13:27:16+00:00\",\"breadcrumb\":{\"@id\":\"https:\\\/\\\/www.wald.com.br\\\/en\\\/escritorio-assessora-fonte-de-saude-na-aquisicao-das-acoes-detidas-pelo-patria-na-alliar\\\/#breadcrumb\"},\"inLanguage\":\"en-US\",\"potentialAction\":[{\"@type\":\"ReadAction\",\"target\":[\"https:\\\/\\\/www.wald.com.br\\\/en\\\/escritorio-assessora-fonte-de-saude-na-aquisicao-das-acoes-detidas-pelo-patria-na-alliar\\\/\"]}]},{\"@type\":\"BreadcrumbList\",\"@id\":\"https:\\\/\\\/www.wald.com.br\\\/en\\\/escritorio-assessora-fonte-de-saude-na-aquisicao-das-acoes-detidas-pelo-patria-na-alliar\\\/#breadcrumb\",\"itemListElement\":[{\"@type\":\"ListItem\",\"position\":1,\"name\":\"In\u00edcio\",\"item\":\"https:\\\/\\\/www.wald.com.br\\\/\"},{\"@type\":\"ListItem\",\"position\":2,\"name\":\"Escrit\u00f3rio assessora Fonte de Sa\u00fade na aquisi\u00e7\u00e3o das a\u00e7\u00f5es detidas pelo P\u00e1tria na Alliar\"}]},{\"@type\":\"WebSite\",\"@id\":\"https:\\\/\\\/www.wald.com.br\\\/en\\\/#website\",\"url\":\"https:\\\/\\\/www.wald.com.br\\\/en\\\/\",\"name\":\"Wald Advogados\",\"description\":\"66 years of leading law practice\",\"publisher\":{\"@id\":\"https:\\\/\\\/www.wald.com.br\\\/en\\\/#organization\"},\"potentialAction\":[{\"@type\":\"SearchAction\",\"target\":{\"@type\":\"EntryPoint\",\"urlTemplate\":\"https:\\\/\\\/www.wald.com.br\\\/en\\\/?s={search_term_string}\"},\"query-input\":{\"@type\":\"PropertyValueSpecification\",\"valueRequired\":true,\"valueName\":\"search_term_string\"}}],\"inLanguage\":\"en-US\"},{\"@type\":\"Organization\",\"@id\":\"https:\\\/\\\/www.wald.com.br\\\/en\\\/#organization\",\"name\":\"Wald, Antunes, Vita, Longo e Blattner Advogados\",\"url\":\"https:\\\/\\\/www.wald.com.br\\\/en\\\/\",\"logo\":{\"@type\":\"ImageObject\",\"inLanguage\":\"en-US\",\"@id\":\"https:\\\/\\\/www.wald.com.br\\\/en\\\/#\\\/schema\\\/logo\\\/image\\\/\",\"url\":\"https:\\\/\\\/www.wald.com.br\\\/wp-content\\\/uploads\\\/2020\\\/02\\\/Logo_Wald.png\",\"contentUrl\":\"https:\\\/\\\/www.wald.com.br\\\/wp-content\\\/uploads\\\/2020\\\/02\\\/Logo_Wald.png\",\"width\":5260,\"height\":2565,\"caption\":\"Wald, Antunes, Vita, Longo e Blattner Advogados\"},\"image\":{\"@id\":\"https:\\\/\\\/www.wald.com.br\\\/en\\\/#\\\/schema\\\/logo\\\/image\\\/\"},\"sameAs\":[\"https:\\\/\\\/www.linkedin.com\\\/company\\\/wald\"]},{\"@type\":\"Person\",\"@id\":\"https:\\\/\\\/www.wald.com.br\\\/en\\\/#\\\/schema\\\/person\\\/63b1ba5d23c51fa9d050dd06ffd0e04a\",\"name\":\"waldadmin2020\",\"image\":{\"@type\":\"ImageObject\",\"inLanguage\":\"en-US\",\"@id\":\"https:\\\/\\\/secure.gravatar.com\\\/avatar\\\/a71cf721eb306cd72432a33f9852249bbdb558baa0f55419ddb257983362db55?s=96&d=mm&r=g\",\"url\":\"https:\\\/\\\/secure.gravatar.com\\\/avatar\\\/a71cf721eb306cd72432a33f9852249bbdb558baa0f55419ddb257983362db55?s=96&d=mm&r=g\",\"contentUrl\":\"https:\\\/\\\/secure.gravatar.com\\\/avatar\\\/a71cf721eb306cd72432a33f9852249bbdb558baa0f55419ddb257983362db55?s=96&d=mm&r=g\",\"caption\":\"waldadmin2020\"},\"sameAs\":[\"https:\\\/\\\/x.com\\\/waldadmin2020\"],\"url\":\"https:\\\/\\\/www.wald.com.br\\\/en\\\/author\\\/waldadmin2020\\\/\"}]}<\/script>\n<!-- \/ Yoast SEO plugin. -->","yoast_head_json":{"title":"Escrit\u00f3rio assessora Fonte de Sa\u00fade na aquisi\u00e7\u00e3o das a\u00e7\u00f5es detidas pelo P\u00e1tria na Alliar | Wald Advogados","robots":{"index":"index","follow":"follow","max-snippet":"max-snippet:-1","max-image-preview":"max-image-preview:large","max-video-preview":"max-video-preview:-1"},"canonical":"https:\/\/www.wald.com.br\/en\/escritorio-assessora-fonte-de-saude-na-aquisicao-das-acoes-detidas-pelo-patria-na-alliar\/","og_locale":"en_US","og_type":"article","og_title":"Escrit\u00f3rio assessora Fonte de Sa\u00fade na aquisi\u00e7\u00e3o das a\u00e7\u00f5es detidas pelo P\u00e1tria na Alliar | Wald Advogados","og_description":"Publicado no O Fundo Fonte de Sa\u00fade, do investidor Nelson Tanure, concluiu em 19\/10 a opera\u00e7\u00e3o de aquisi\u00e7\u00e3o das a\u00e7\u00f5es detidas pelo P\u00e1tria na rede de diagn\u00f3sticos cl\u00ednicos Alliar. A transa\u00e7\u00e3o foi assessorada pelo nosso s\u00f3cio Eduardo Chad e o advogado Bernardo Carrara. Com a conclus\u00e3o do neg\u00f3cio, o Fonte de Sa\u00fade passa a deter [&hellip;]","og_url":"https:\/\/www.wald.com.br\/en\/escritorio-assessora-fonte-de-saude-na-aquisicao-das-acoes-detidas-pelo-patria-na-alliar\/","og_site_name":"Wald Advogados","article_published_time":"2021-10-20T11:32:13+00:00","article_modified_time":"2021-10-20T13:27:16+00:00","author":"waldadmin2020","twitter_card":"summary_large_image","twitter_creator":"@waldadmin2020","twitter_misc":{"Written by":"waldadmin2020","Est. reading time":"1 minute"},"schema":{"@context":"https:\/\/schema.org","@graph":[{"@type":"Article","@id":"https:\/\/www.wald.com.br\/en\/escritorio-assessora-fonte-de-saude-na-aquisicao-das-acoes-detidas-pelo-patria-na-alliar\/#article","isPartOf":{"@id":"https:\/\/www.wald.com.br\/en\/escritorio-assessora-fonte-de-saude-na-aquisicao-das-acoes-detidas-pelo-patria-na-alliar\/"},"author":{"name":"waldadmin2020","@id":"https:\/\/www.wald.com.br\/en\/#\/schema\/person\/63b1ba5d23c51fa9d050dd06ffd0e04a"},"headline":"Escrit\u00f3rio assessora Fonte de Sa\u00fade na aquisi\u00e7\u00e3o das a\u00e7\u00f5es detidas pelo P\u00e1tria na Alliar","datePublished":"2021-10-20T11:32:13+00:00","dateModified":"2021-10-20T13:27:16+00:00","mainEntityOfPage":{"@id":"https:\/\/www.wald.com.br\/en\/escritorio-assessora-fonte-de-saude-na-aquisicao-das-acoes-detidas-pelo-patria-na-alliar\/"},"wordCount":110,"commentCount":0,"publisher":{"@id":"https:\/\/www.wald.com.br\/en\/#organization"},"keywords":["Alliar","Corporate advisory and M&amp;A","P\u00e1tria"],"articleSection":["News"],"inLanguage":"en-US","potentialAction":[{"@type":"CommentAction","name":"Comment","target":["https:\/\/www.wald.com.br\/en\/escritorio-assessora-fonte-de-saude-na-aquisicao-das-acoes-detidas-pelo-patria-na-alliar\/#respond"]}]},{"@type":"WebPage","@id":"https:\/\/www.wald.com.br\/en\/escritorio-assessora-fonte-de-saude-na-aquisicao-das-acoes-detidas-pelo-patria-na-alliar\/","url":"https:\/\/www.wald.com.br\/en\/escritorio-assessora-fonte-de-saude-na-aquisicao-das-acoes-detidas-pelo-patria-na-alliar\/","name":"Escrit\u00f3rio assessora Fonte de Sa\u00fade na aquisi\u00e7\u00e3o das a\u00e7\u00f5es detidas pelo P\u00e1tria na Alliar | Wald Advogados","isPartOf":{"@id":"https:\/\/www.wald.com.br\/en\/#website"},"datePublished":"2021-10-20T11:32:13+00:00","dateModified":"2021-10-20T13:27:16+00:00","breadcrumb":{"@id":"https:\/\/www.wald.com.br\/en\/escritorio-assessora-fonte-de-saude-na-aquisicao-das-acoes-detidas-pelo-patria-na-alliar\/#breadcrumb"},"inLanguage":"en-US","potentialAction":[{"@type":"ReadAction","target":["https:\/\/www.wald.com.br\/en\/escritorio-assessora-fonte-de-saude-na-aquisicao-das-acoes-detidas-pelo-patria-na-alliar\/"]}]},{"@type":"BreadcrumbList","@id":"https:\/\/www.wald.com.br\/en\/escritorio-assessora-fonte-de-saude-na-aquisicao-das-acoes-detidas-pelo-patria-na-alliar\/#breadcrumb","itemListElement":[{"@type":"ListItem","position":1,"name":"In\u00edcio","item":"https:\/\/www.wald.com.br\/"},{"@type":"ListItem","position":2,"name":"Escrit\u00f3rio assessora Fonte de Sa\u00fade na aquisi\u00e7\u00e3o das a\u00e7\u00f5es detidas pelo P\u00e1tria na Alliar"}]},{"@type":"WebSite","@id":"https:\/\/www.wald.com.br\/en\/#website","url":"https:\/\/www.wald.com.br\/en\/","name":"Wald Advogados","description":"66 years of leading law practice","publisher":{"@id":"https:\/\/www.wald.com.br\/en\/#organization"},"potentialAction":[{"@type":"SearchAction","target":{"@type":"EntryPoint","urlTemplate":"https:\/\/www.wald.com.br\/en\/?s={search_term_string}"},"query-input":{"@type":"PropertyValueSpecification","valueRequired":true,"valueName":"search_term_string"}}],"inLanguage":"en-US"},{"@type":"Organization","@id":"https:\/\/www.wald.com.br\/en\/#organization","name":"Wald, Antunes, Vita, Longo e Blattner Advogados","url":"https:\/\/www.wald.com.br\/en\/","logo":{"@type":"ImageObject","inLanguage":"en-US","@id":"https:\/\/www.wald.com.br\/en\/#\/schema\/logo\/image\/","url":"https:\/\/www.wald.com.br\/wp-content\/uploads\/2020\/02\/Logo_Wald.png","contentUrl":"https:\/\/www.wald.com.br\/wp-content\/uploads\/2020\/02\/Logo_Wald.png","width":5260,"height":2565,"caption":"Wald, Antunes, Vita, Longo e Blattner Advogados"},"image":{"@id":"https:\/\/www.wald.com.br\/en\/#\/schema\/logo\/image\/"},"sameAs":["https:\/\/www.linkedin.com\/company\/wald"]},{"@type":"Person","@id":"https:\/\/www.wald.com.br\/en\/#\/schema\/person\/63b1ba5d23c51fa9d050dd06ffd0e04a","name":"waldadmin2020","image":{"@type":"ImageObject","inLanguage":"en-US","@id":"https:\/\/secure.gravatar.com\/avatar\/a71cf721eb306cd72432a33f9852249bbdb558baa0f55419ddb257983362db55?s=96&d=mm&r=g","url":"https:\/\/secure.gravatar.com\/avatar\/a71cf721eb306cd72432a33f9852249bbdb558baa0f55419ddb257983362db55?s=96&d=mm&r=g","contentUrl":"https:\/\/secure.gravatar.com\/avatar\/a71cf721eb306cd72432a33f9852249bbdb558baa0f55419ddb257983362db55?s=96&d=mm&r=g","caption":"waldadmin2020"},"sameAs":["https:\/\/x.com\/waldadmin2020"],"url":"https:\/\/www.wald.com.br\/en\/author\/waldadmin2020\/"}]}},"_links":{"self":[{"href":"https:\/\/www.wald.com.br\/en\/wp-json\/wp\/v2\/posts\/1618","targetHints":{"allow":["GET"]}}],"collection":[{"href":"https:\/\/www.wald.com.br\/en\/wp-json\/wp\/v2\/posts"}],"about":[{"href":"https:\/\/www.wald.com.br\/en\/wp-json\/wp\/v2\/types\/post"}],"author":[{"embeddable":true,"href":"https:\/\/www.wald.com.br\/en\/wp-json\/wp\/v2\/users\/1"}],"replies":[{"embeddable":true,"href":"https:\/\/www.wald.com.br\/en\/wp-json\/wp\/v2\/comments?post=1618"}],"version-history":[{"count":5,"href":"https:\/\/www.wald.com.br\/en\/wp-json\/wp\/v2\/posts\/1618\/revisions"}],"predecessor-version":[{"id":1623,"href":"https:\/\/www.wald.com.br\/en\/wp-json\/wp\/v2\/posts\/1618\/revisions\/1623"}],"wp:attachment":[{"href":"https:\/\/www.wald.com.br\/en\/wp-json\/wp\/v2\/media?parent=1618"}],"wp:term":[{"taxonomy":"category","embeddable":true,"href":"https:\/\/www.wald.com.br\/en\/wp-json\/wp\/v2\/categories?post=1618"},{"taxonomy":"post_tag","embeddable":true,"href":"https:\/\/www.wald.com.br\/en\/wp-json\/wp\/v2\/tags?post=1618"}],"curies":[{"name":"wp","href":"https:\/\/api.w.org\/{rel}","templated":true}]}}