{"id":1711,"date":"2022-05-05T10:18:14","date_gmt":"2022-05-05T13:18:14","guid":{"rendered":"https:\/\/www.wald.com.br\/?p=1711"},"modified":"2022-05-05T10:18:14","modified_gmt":"2022-05-05T13:18:14","slug":"obra-discute-25-anos-da-lei-de-arbitragem","status":"publish","type":"post","link":"https:\/\/www.wald.com.br\/en\/obra-discute-25-anos-da-lei-de-arbitragem\/","title":{"rendered":"Obra discute 25 anos da Lei de Arbitragem"},"content":{"rendered":"<p><\/p>\n<p>Acaba de ser lan\u00e7ada, pela Editora Revista dos Tribunais, uma an\u00e1lise completa, detalhada e did\u00e1tica sobre os &#8220;25 anos da Lei de Arbitragem&#8221;. A obra \u00e9 coordenada pelos advogados, \u00e1rbitros e professores Arnoldo Wald e Selma Ferreira Lemes, que tratam do assunto h\u00e1 cerca de tr\u00eas d\u00e9cadas. O livro conta com a colabora\u00e7\u00e3o de cerca de 50 dos mais renomados juristas em arbitragem.\u00a0<\/p>\n<p>O professor Arnoldo Wald representou o pa\u00eds por mais de uma d\u00e9cada na Corte Internacional da CCI, que hoje \u00e9 a maior entidade mundial, com ag\u00eancias ou filiais em v\u00e1rios pa\u00edses, inclusive no Brasil.<\/p>\n<p>A professora Selma Lemes foi coautora do Projeto que se transformou na Lei n\u00ba 9.307, de 1996. A legisla\u00e7\u00e3o implantou a arbitragem moderna no Brasil, que permite centenas de solu\u00e7\u00f5es arbitrais por ano. O prazo para problemas na arbitragem \u00e9 de 6 meses a 2 anos.\u00a0<\/p>\n<p>Ambos foram \u00e1rbitros, advogados e deram pareceres em muitos casos, como lembra o professor Carlos Alberto Carmona no pref\u00e1cio.<\/p>\n<p>Pelo seu estilo e forma de exposi\u00e7\u00e3o, o livro se destina tanto aos estudiosos da mat\u00e9ria, alunos e professores, como ao empresariado que est\u00e1 utilizando a arbitragem como ferramenta \u00fatil nos neg\u00f3cios, quer conhecer mais profundamente os benef\u00edcios e saber como evitar ou superar as suas dificuldades.<\/p>\n<p>Publicado no Migalhas.<\/p>\n<p><\/p>","protected":false},"excerpt":{"rendered":"<p>Acaba de ser lan\u00e7ada, pela Editora Revista dos Tribunais, uma an\u00e1lise completa, detalhada e did\u00e1tica sobre os &#8220;25 anos da Lei de Arbitragem&#8221;. A obra \u00e9 coordenada pelos advogados, \u00e1rbitros e professores Arnoldo Wald e Selma Ferreira Lemes, que tratam do assunto h\u00e1 cerca de tr\u00eas d\u00e9cadas. O livro conta com a colabora\u00e7\u00e3o de cerca [&hellip;]<\/p>\n","protected":false},"author":1,"featured_media":0,"comment_status":"open","ping_status":"closed","sticky":false,"template":"","format":"standard","meta":{"_acf_changed":false,"footnotes":""},"categories":[2],"tags":[14,141,12],"class_list":["post-1711","post","type-post","status-publish","format-standard","hentry","category-noticias","tag-arbitragem","tag-lei-da-arbitragem","tag-mediacao"],"acf":[],"yoast_head":"<!-- This site is optimized with the Yoast SEO plugin v27.5 - https:\/\/yoast.com\/product\/yoast-seo-wordpress\/ -->\n<title>Obra discute 25 anos da Lei de Arbitragem | Wald Advogados<\/title>\n<meta name=\"robots\" content=\"index, follow, max-snippet:-1, max-image-preview:large, max-video-preview:-1\" \/>\n<link rel=\"canonical\" href=\"https:\/\/www.wald.com.br\/en\/obra-discute-25-anos-da-lei-de-arbitragem\/\" \/>\n<meta property=\"og:locale\" content=\"en_US\" \/>\n<meta property=\"og:type\" content=\"article\" \/>\n<meta property=\"og:title\" content=\"Obra discute 25 anos da Lei de Arbitragem | Wald Advogados\" \/>\n<meta property=\"og:description\" content=\"Acaba de ser lan\u00e7ada, pela Editora Revista dos Tribunais, uma an\u00e1lise completa, detalhada e did\u00e1tica sobre os &#8220;25 anos da Lei de Arbitragem&#8221;. A obra \u00e9 coordenada pelos advogados, \u00e1rbitros e professores Arnoldo Wald e Selma Ferreira Lemes, que tratam do assunto h\u00e1 cerca de tr\u00eas d\u00e9cadas. O livro conta com a colabora\u00e7\u00e3o de cerca [&hellip;]\" \/>\n<meta property=\"og:url\" content=\"https:\/\/www.wald.com.br\/en\/obra-discute-25-anos-da-lei-de-arbitragem\/\" \/>\n<meta property=\"og:site_name\" content=\"Wald Advogados\" \/>\n<meta property=\"article:published_time\" content=\"2022-05-05T13:18:14+00:00\" \/>\n<meta name=\"author\" content=\"waldadmin2020\" \/>\n<meta name=\"twitter:card\" content=\"summary_large_image\" \/>\n<meta name=\"twitter:creator\" content=\"@waldadmin2020\" \/>\n<meta name=\"twitter:label1\" content=\"Written by\" \/>\n\t<meta name=\"twitter:data1\" content=\"waldadmin2020\" \/>\n\t<meta name=\"twitter:label2\" content=\"Est. reading time\" \/>\n\t<meta name=\"twitter:data2\" content=\"1 minute\" \/>\n<script type=\"application\/ld+json\" class=\"yoast-schema-graph\">{\"@context\":\"https:\\\/\\\/schema.org\",\"@graph\":[{\"@type\":\"Article\",\"@id\":\"https:\\\/\\\/www.wald.com.br\\\/en\\\/obra-discute-25-anos-da-lei-de-arbitragem\\\/#article\",\"isPartOf\":{\"@id\":\"https:\\\/\\\/www.wald.com.br\\\/en\\\/obra-discute-25-anos-da-lei-de-arbitragem\\\/\"},\"author\":{\"name\":\"waldadmin2020\",\"@id\":\"https:\\\/\\\/www.wald.com.br\\\/en\\\/#\\\/schema\\\/person\\\/63b1ba5d23c51fa9d050dd06ffd0e04a\"},\"headline\":\"Obra discute 25 anos da Lei de Arbitragem\",\"datePublished\":\"2022-05-05T13:18:14+00:00\",\"mainEntityOfPage\":{\"@id\":\"https:\\\/\\\/www.wald.com.br\\\/en\\\/obra-discute-25-anos-da-lei-de-arbitragem\\\/\"},\"wordCount\":451,\"commentCount\":0,\"publisher\":{\"@id\":\"https:\\\/\\\/www.wald.com.br\\\/en\\\/#organization\"},\"keywords\":[\"Arbitragem\",\"Lei da Arbitragem\",\"Media\u00e7\u00e3o\"],\"articleSection\":[\"News\"],\"inLanguage\":\"en-US\",\"potentialAction\":[{\"@type\":\"CommentAction\",\"name\":\"Comment\",\"target\":[\"https:\\\/\\\/www.wald.com.br\\\/en\\\/obra-discute-25-anos-da-lei-de-arbitragem\\\/#respond\"]}]},{\"@type\":\"WebPage\",\"@id\":\"https:\\\/\\\/www.wald.com.br\\\/en\\\/obra-discute-25-anos-da-lei-de-arbitragem\\\/\",\"url\":\"https:\\\/\\\/www.wald.com.br\\\/en\\\/obra-discute-25-anos-da-lei-de-arbitragem\\\/\",\"name\":\"Obra discute 25 anos da Lei de Arbitragem | Wald Advogados\",\"isPartOf\":{\"@id\":\"https:\\\/\\\/www.wald.com.br\\\/en\\\/#website\"},\"datePublished\":\"2022-05-05T13:18:14+00:00\",\"breadcrumb\":{\"@id\":\"https:\\\/\\\/www.wald.com.br\\\/en\\\/obra-discute-25-anos-da-lei-de-arbitragem\\\/#breadcrumb\"},\"inLanguage\":\"en-US\",\"potentialAction\":[{\"@type\":\"ReadAction\",\"target\":[\"https:\\\/\\\/www.wald.com.br\\\/en\\\/obra-discute-25-anos-da-lei-de-arbitragem\\\/\"]}]},{\"@type\":\"BreadcrumbList\",\"@id\":\"https:\\\/\\\/www.wald.com.br\\\/en\\\/obra-discute-25-anos-da-lei-de-arbitragem\\\/#breadcrumb\",\"itemListElement\":[{\"@type\":\"ListItem\",\"position\":1,\"name\":\"In\u00edcio\",\"item\":\"https:\\\/\\\/www.wald.com.br\\\/\"},{\"@type\":\"ListItem\",\"position\":2,\"name\":\"Obra discute 25 anos da Lei de Arbitragem\"}]},{\"@type\":\"WebSite\",\"@id\":\"https:\\\/\\\/www.wald.com.br\\\/en\\\/#website\",\"url\":\"https:\\\/\\\/www.wald.com.br\\\/en\\\/\",\"name\":\"Wald Advogados\",\"description\":\"66 years of leading law practice\",\"publisher\":{\"@id\":\"https:\\\/\\\/www.wald.com.br\\\/en\\\/#organization\"},\"potentialAction\":[{\"@type\":\"SearchAction\",\"target\":{\"@type\":\"EntryPoint\",\"urlTemplate\":\"https:\\\/\\\/www.wald.com.br\\\/en\\\/?s={search_term_string}\"},\"query-input\":{\"@type\":\"PropertyValueSpecification\",\"valueRequired\":true,\"valueName\":\"search_term_string\"}}],\"inLanguage\":\"en-US\"},{\"@type\":\"Organization\",\"@id\":\"https:\\\/\\\/www.wald.com.br\\\/en\\\/#organization\",\"name\":\"Wald, Antunes, Vita, Longo e Blattner Advogados\",\"url\":\"https:\\\/\\\/www.wald.com.br\\\/en\\\/\",\"logo\":{\"@type\":\"ImageObject\",\"inLanguage\":\"en-US\",\"@id\":\"https:\\\/\\\/www.wald.com.br\\\/en\\\/#\\\/schema\\\/logo\\\/image\\\/\",\"url\":\"https:\\\/\\\/www.wald.com.br\\\/wp-content\\\/uploads\\\/2020\\\/02\\\/Logo_Wald.png\",\"contentUrl\":\"https:\\\/\\\/www.wald.com.br\\\/wp-content\\\/uploads\\\/2020\\\/02\\\/Logo_Wald.png\",\"width\":5260,\"height\":2565,\"caption\":\"Wald, Antunes, Vita, Longo e Blattner Advogados\"},\"image\":{\"@id\":\"https:\\\/\\\/www.wald.com.br\\\/en\\\/#\\\/schema\\\/logo\\\/image\\\/\"},\"sameAs\":[\"https:\\\/\\\/www.linkedin.com\\\/company\\\/wald\"]},{\"@type\":\"Person\",\"@id\":\"https:\\\/\\\/www.wald.com.br\\\/en\\\/#\\\/schema\\\/person\\\/63b1ba5d23c51fa9d050dd06ffd0e04a\",\"name\":\"waldadmin2020\",\"image\":{\"@type\":\"ImageObject\",\"inLanguage\":\"en-US\",\"@id\":\"https:\\\/\\\/secure.gravatar.com\\\/avatar\\\/a71cf721eb306cd72432a33f9852249bbdb558baa0f55419ddb257983362db55?s=96&d=mm&r=g\",\"url\":\"https:\\\/\\\/secure.gravatar.com\\\/avatar\\\/a71cf721eb306cd72432a33f9852249bbdb558baa0f55419ddb257983362db55?s=96&d=mm&r=g\",\"contentUrl\":\"https:\\\/\\\/secure.gravatar.com\\\/avatar\\\/a71cf721eb306cd72432a33f9852249bbdb558baa0f55419ddb257983362db55?s=96&d=mm&r=g\",\"caption\":\"waldadmin2020\"},\"sameAs\":[\"https:\\\/\\\/x.com\\\/waldadmin2020\"],\"url\":\"https:\\\/\\\/www.wald.com.br\\\/en\\\/author\\\/waldadmin2020\\\/\"}]}<\/script>\n<!-- \/ Yoast SEO plugin. -->","yoast_head_json":{"title":"Obra discute 25 anos da Lei de Arbitragem | Wald Advogados","robots":{"index":"index","follow":"follow","max-snippet":"max-snippet:-1","max-image-preview":"max-image-preview:large","max-video-preview":"max-video-preview:-1"},"canonical":"https:\/\/www.wald.com.br\/en\/obra-discute-25-anos-da-lei-de-arbitragem\/","og_locale":"en_US","og_type":"article","og_title":"Obra discute 25 anos da Lei de Arbitragem | Wald Advogados","og_description":"Acaba de ser lan\u00e7ada, pela Editora Revista dos Tribunais, uma an\u00e1lise completa, detalhada e did\u00e1tica sobre os &#8220;25 anos da Lei de Arbitragem&#8221;. A obra \u00e9 coordenada pelos advogados, \u00e1rbitros e professores Arnoldo Wald e Selma Ferreira Lemes, que tratam do assunto h\u00e1 cerca de tr\u00eas d\u00e9cadas. O livro conta com a colabora\u00e7\u00e3o de cerca [&hellip;]","og_url":"https:\/\/www.wald.com.br\/en\/obra-discute-25-anos-da-lei-de-arbitragem\/","og_site_name":"Wald Advogados","article_published_time":"2022-05-05T13:18:14+00:00","author":"waldadmin2020","twitter_card":"summary_large_image","twitter_creator":"@waldadmin2020","twitter_misc":{"Written by":"waldadmin2020","Est. reading time":"1 minute"},"schema":{"@context":"https:\/\/schema.org","@graph":[{"@type":"Article","@id":"https:\/\/www.wald.com.br\/en\/obra-discute-25-anos-da-lei-de-arbitragem\/#article","isPartOf":{"@id":"https:\/\/www.wald.com.br\/en\/obra-discute-25-anos-da-lei-de-arbitragem\/"},"author":{"name":"waldadmin2020","@id":"https:\/\/www.wald.com.br\/en\/#\/schema\/person\/63b1ba5d23c51fa9d050dd06ffd0e04a"},"headline":"Obra discute 25 anos da Lei de Arbitragem","datePublished":"2022-05-05T13:18:14+00:00","mainEntityOfPage":{"@id":"https:\/\/www.wald.com.br\/en\/obra-discute-25-anos-da-lei-de-arbitragem\/"},"wordCount":451,"commentCount":0,"publisher":{"@id":"https:\/\/www.wald.com.br\/en\/#organization"},"keywords":["Arbitragem","Lei da Arbitragem","Media\u00e7\u00e3o"],"articleSection":["News"],"inLanguage":"en-US","potentialAction":[{"@type":"CommentAction","name":"Comment","target":["https:\/\/www.wald.com.br\/en\/obra-discute-25-anos-da-lei-de-arbitragem\/#respond"]}]},{"@type":"WebPage","@id":"https:\/\/www.wald.com.br\/en\/obra-discute-25-anos-da-lei-de-arbitragem\/","url":"https:\/\/www.wald.com.br\/en\/obra-discute-25-anos-da-lei-de-arbitragem\/","name":"Obra discute 25 anos da Lei de Arbitragem | Wald Advogados","isPartOf":{"@id":"https:\/\/www.wald.com.br\/en\/#website"},"datePublished":"2022-05-05T13:18:14+00:00","breadcrumb":{"@id":"https:\/\/www.wald.com.br\/en\/obra-discute-25-anos-da-lei-de-arbitragem\/#breadcrumb"},"inLanguage":"en-US","potentialAction":[{"@type":"ReadAction","target":["https:\/\/www.wald.com.br\/en\/obra-discute-25-anos-da-lei-de-arbitragem\/"]}]},{"@type":"BreadcrumbList","@id":"https:\/\/www.wald.com.br\/en\/obra-discute-25-anos-da-lei-de-arbitragem\/#breadcrumb","itemListElement":[{"@type":"ListItem","position":1,"name":"In\u00edcio","item":"https:\/\/www.wald.com.br\/"},{"@type":"ListItem","position":2,"name":"Obra discute 25 anos da Lei de Arbitragem"}]},{"@type":"WebSite","@id":"https:\/\/www.wald.com.br\/en\/#website","url":"https:\/\/www.wald.com.br\/en\/","name":"Wald Advogados","description":"66 years of leading law practice","publisher":{"@id":"https:\/\/www.wald.com.br\/en\/#organization"},"potentialAction":[{"@type":"SearchAction","target":{"@type":"EntryPoint","urlTemplate":"https:\/\/www.wald.com.br\/en\/?s={search_term_string}"},"query-input":{"@type":"PropertyValueSpecification","valueRequired":true,"valueName":"search_term_string"}}],"inLanguage":"en-US"},{"@type":"Organization","@id":"https:\/\/www.wald.com.br\/en\/#organization","name":"Wald, Antunes, Vita, Longo e Blattner Advogados","url":"https:\/\/www.wald.com.br\/en\/","logo":{"@type":"ImageObject","inLanguage":"en-US","@id":"https:\/\/www.wald.com.br\/en\/#\/schema\/logo\/image\/","url":"https:\/\/www.wald.com.br\/wp-content\/uploads\/2020\/02\/Logo_Wald.png","contentUrl":"https:\/\/www.wald.com.br\/wp-content\/uploads\/2020\/02\/Logo_Wald.png","width":5260,"height":2565,"caption":"Wald, Antunes, Vita, Longo e Blattner Advogados"},"image":{"@id":"https:\/\/www.wald.com.br\/en\/#\/schema\/logo\/image\/"},"sameAs":["https:\/\/www.linkedin.com\/company\/wald"]},{"@type":"Person","@id":"https:\/\/www.wald.com.br\/en\/#\/schema\/person\/63b1ba5d23c51fa9d050dd06ffd0e04a","name":"waldadmin2020","image":{"@type":"ImageObject","inLanguage":"en-US","@id":"https:\/\/secure.gravatar.com\/avatar\/a71cf721eb306cd72432a33f9852249bbdb558baa0f55419ddb257983362db55?s=96&d=mm&r=g","url":"https:\/\/secure.gravatar.com\/avatar\/a71cf721eb306cd72432a33f9852249bbdb558baa0f55419ddb257983362db55?s=96&d=mm&r=g","contentUrl":"https:\/\/secure.gravatar.com\/avatar\/a71cf721eb306cd72432a33f9852249bbdb558baa0f55419ddb257983362db55?s=96&d=mm&r=g","caption":"waldadmin2020"},"sameAs":["https:\/\/x.com\/waldadmin2020"],"url":"https:\/\/www.wald.com.br\/en\/author\/waldadmin2020\/"}]}},"_links":{"self":[{"href":"https:\/\/www.wald.com.br\/en\/wp-json\/wp\/v2\/posts\/1711","targetHints":{"allow":["GET"]}}],"collection":[{"href":"https:\/\/www.wald.com.br\/en\/wp-json\/wp\/v2\/posts"}],"about":[{"href":"https:\/\/www.wald.com.br\/en\/wp-json\/wp\/v2\/types\/post"}],"author":[{"embeddable":true,"href":"https:\/\/www.wald.com.br\/en\/wp-json\/wp\/v2\/users\/1"}],"replies":[{"embeddable":true,"href":"https:\/\/www.wald.com.br\/en\/wp-json\/wp\/v2\/comments?post=1711"}],"version-history":[{"count":1,"href":"https:\/\/www.wald.com.br\/en\/wp-json\/wp\/v2\/posts\/1711\/revisions"}],"predecessor-version":[{"id":1712,"href":"https:\/\/www.wald.com.br\/en\/wp-json\/wp\/v2\/posts\/1711\/revisions\/1712"}],"wp:attachment":[{"href":"https:\/\/www.wald.com.br\/en\/wp-json\/wp\/v2\/media?parent=1711"}],"wp:term":[{"taxonomy":"category","embeddable":true,"href":"https:\/\/www.wald.com.br\/en\/wp-json\/wp\/v2\/categories?post=1711"},{"taxonomy":"post_tag","embeddable":true,"href":"https:\/\/www.wald.com.br\/en\/wp-json\/wp\/v2\/tags?post=1711"}],"curies":[{"name":"wp","href":"https:\/\/api.w.org\/{rel}","templated":true}]}}