{"id":1760,"date":"2022-03-18T09:20:52","date_gmt":"2022-03-18T12:20:52","guid":{"rendered":"https:\/\/www.wald.com.br\/?p=1760"},"modified":"2022-06-01T09:21:51","modified_gmt":"2022-06-01T12:21:51","slug":"wald-antunes-vita-e-blattner-advogados-e-destaque-no-ranking-internacional-chambers-and-partners","status":"publish","type":"post","link":"https:\/\/www.wald.com.br\/en\/wald-antunes-vita-e-blattner-advogados-e-destaque-no-ranking-internacional-chambers-and-partners\/","title":{"rendered":"Wald, Antunes, Vita e Blattner Advogados \u00e9 destaque no ranking internacional Chambers and Partners"},"content":{"rendered":"<p>O ranking internacional Chambers and Partners destacou, mais uma vez, o Wald, Antunes, Vita e Blattner Advogados entre os principais escrit\u00f3rios brasileiros por sua atua\u00e7\u00e3o na \u00e1rea de resolu\u00e7\u00e3o de disputas, tanto no Contencioso quanto na Arbitragem. O nosso s\u00f3cio e fundador, <strong>Professor Arnoldo Wald<\/strong>, est\u00e1 listado pelo 15\u00ba ano consecutivo na publica\u00e7\u00e3o, entre os advogados pioneiros na \u00e1rea.<\/p>\n<p><img loading=\"lazy\" decoding=\"async\" class=\"alignnone size-full wp-image-1762\" src=\"https:\/\/www.wald.com.br\/wp-content\/uploads\/2022\/06\/Wald-Chambers.png\" alt=\"\" width=\"1920\" height=\"1080\" srcset=\"https:\/\/www.wald.com.br\/wp-content\/uploads\/2022\/06\/Wald-Chambers.png 1920w, https:\/\/www.wald.com.br\/wp-content\/uploads\/2022\/06\/Wald-Chambers-300x169.png 300w, https:\/\/www.wald.com.br\/wp-content\/uploads\/2022\/06\/Wald-Chambers-1024x576.png 1024w, https:\/\/www.wald.com.br\/wp-content\/uploads\/2022\/06\/Wald-Chambers-768x432.png 768w, https:\/\/www.wald.com.br\/wp-content\/uploads\/2022\/06\/Wald-Chambers-1536x864.png 1536w\" sizes=\"auto, (max-width: 1920px) 100vw, 1920px\" \/><a href=\"https:\/\/chambers.com\/law-firm\/wald-antunes-vita-e-blattner-advogados-brazil-95:2361\" target=\"_blank\" rel=\"noopener noreferrer\">Clique para consultar o perfil completo do escrit\u00f3rio<\/a>.<\/p>\n","protected":false},"excerpt":{"rendered":"<p>O ranking internacional Chambers and Partners destacou, mais uma vez, o Wald, Antunes, Vita e Blattner Advogados entre os principais escrit\u00f3rios brasileiros por sua atua\u00e7\u00e3o na \u00e1rea de resolu\u00e7\u00e3o de disputas, tanto no Contencioso quanto na Arbitragem. O nosso s\u00f3cio e fundador, Professor Arnoldo Wald, est\u00e1 listado pelo 15\u00ba ano consecutivo na publica\u00e7\u00e3o, entre os [&hellip;]<\/p>\n","protected":false},"author":1,"featured_media":0,"comment_status":"open","ping_status":"closed","sticky":false,"template":"","format":"standard","meta":{"_acf_changed":false,"footnotes":""},"categories":[2],"tags":[92],"class_list":["post-1760","post","type-post","status-publish","format-standard","hentry","category-noticias","tag-chambers-and-partners"],"acf":[],"yoast_head":"<!-- This site is optimized with the Yoast SEO plugin v27.5 - https:\/\/yoast.com\/product\/yoast-seo-wordpress\/ -->\n<title>Wald, Antunes, Vita e Blattner Advogados \u00e9 destaque no ranking internacional Chambers and Partners | Wald Advogados<\/title>\n<meta name=\"robots\" content=\"index, follow, max-snippet:-1, max-image-preview:large, max-video-preview:-1\" \/>\n<link rel=\"canonical\" href=\"https:\/\/www.wald.com.br\/en\/wald-antunes-vita-e-blattner-advogados-e-destaque-no-ranking-internacional-chambers-and-partners\/\" \/>\n<meta property=\"og:locale\" content=\"en_US\" \/>\n<meta property=\"og:type\" content=\"article\" \/>\n<meta property=\"og:title\" content=\"Wald, Antunes, Vita e Blattner Advogados \u00e9 destaque no ranking internacional Chambers and Partners | Wald Advogados\" \/>\n<meta property=\"og:description\" content=\"O ranking internacional Chambers and Partners destacou, mais uma vez, o Wald, Antunes, Vita e Blattner Advogados entre os principais escrit\u00f3rios brasileiros por sua atua\u00e7\u00e3o na \u00e1rea de resolu\u00e7\u00e3o de disputas, tanto no Contencioso quanto na Arbitragem. O nosso s\u00f3cio e fundador, Professor Arnoldo Wald, est\u00e1 listado pelo 15\u00ba ano consecutivo na publica\u00e7\u00e3o, entre os [&hellip;]\" \/>\n<meta property=\"og:url\" content=\"https:\/\/www.wald.com.br\/en\/wald-antunes-vita-e-blattner-advogados-e-destaque-no-ranking-internacional-chambers-and-partners\/\" \/>\n<meta property=\"og:site_name\" content=\"Wald Advogados\" \/>\n<meta property=\"article:published_time\" content=\"2022-03-18T12:20:52+00:00\" \/>\n<meta property=\"article:modified_time\" content=\"2022-06-01T12:21:51+00:00\" \/>\n<meta property=\"og:image\" content=\"https:\/\/www.wald.com.br\/wp-content\/uploads\/2022\/06\/Wald-Chambers.png\" \/>\n<meta name=\"author\" content=\"waldadmin2020\" \/>\n<meta name=\"twitter:card\" content=\"summary_large_image\" \/>\n<meta name=\"twitter:creator\" content=\"@waldadmin2020\" \/>\n<meta name=\"twitter:label1\" content=\"Written by\" \/>\n\t<meta name=\"twitter:data1\" content=\"waldadmin2020\" \/>\n\t<meta name=\"twitter:label2\" content=\"Est. reading time\" \/>\n\t<meta name=\"twitter:data2\" content=\"1 minute\" \/>\n<script type=\"application\/ld+json\" class=\"yoast-schema-graph\">{\"@context\":\"https:\\\/\\\/schema.org\",\"@graph\":[{\"@type\":\"Article\",\"@id\":\"https:\\\/\\\/www.wald.com.br\\\/en\\\/wald-antunes-vita-e-blattner-advogados-e-destaque-no-ranking-internacional-chambers-and-partners\\\/#article\",\"isPartOf\":{\"@id\":\"https:\\\/\\\/www.wald.com.br\\\/en\\\/wald-antunes-vita-e-blattner-advogados-e-destaque-no-ranking-internacional-chambers-and-partners\\\/\"},\"author\":{\"name\":\"waldadmin2020\",\"@id\":\"https:\\\/\\\/www.wald.com.br\\\/en\\\/#\\\/schema\\\/person\\\/63b1ba5d23c51fa9d050dd06ffd0e04a\"},\"headline\":\"Wald, Antunes, Vita e Blattner Advogados \u00e9 destaque no ranking internacional Chambers and Partners\",\"datePublished\":\"2022-03-18T12:20:52+00:00\",\"dateModified\":\"2022-06-01T12:21:51+00:00\",\"mainEntityOfPage\":{\"@id\":\"https:\\\/\\\/www.wald.com.br\\\/en\\\/wald-antunes-vita-e-blattner-advogados-e-destaque-no-ranking-internacional-chambers-and-partners\\\/\"},\"wordCount\":85,\"commentCount\":0,\"publisher\":{\"@id\":\"https:\\\/\\\/www.wald.com.br\\\/en\\\/#organization\"},\"image\":{\"@id\":\"https:\\\/\\\/www.wald.com.br\\\/en\\\/wald-antunes-vita-e-blattner-advogados-e-destaque-no-ranking-internacional-chambers-and-partners\\\/#primaryimage\"},\"thumbnailUrl\":\"https:\\\/\\\/www.wald.com.br\\\/wp-content\\\/uploads\\\/2022\\\/06\\\/Wald-Chambers.png\",\"keywords\":[\"Chambers and Partners\"],\"articleSection\":[\"News\"],\"inLanguage\":\"en-US\",\"potentialAction\":[{\"@type\":\"CommentAction\",\"name\":\"Comment\",\"target\":[\"https:\\\/\\\/www.wald.com.br\\\/en\\\/wald-antunes-vita-e-blattner-advogados-e-destaque-no-ranking-internacional-chambers-and-partners\\\/#respond\"]}]},{\"@type\":\"WebPage\",\"@id\":\"https:\\\/\\\/www.wald.com.br\\\/en\\\/wald-antunes-vita-e-blattner-advogados-e-destaque-no-ranking-internacional-chambers-and-partners\\\/\",\"url\":\"https:\\\/\\\/www.wald.com.br\\\/en\\\/wald-antunes-vita-e-blattner-advogados-e-destaque-no-ranking-internacional-chambers-and-partners\\\/\",\"name\":\"Wald, Antunes, Vita e Blattner Advogados \u00e9 destaque no ranking internacional Chambers and Partners | Wald Advogados\",\"isPartOf\":{\"@id\":\"https:\\\/\\\/www.wald.com.br\\\/en\\\/#website\"},\"primaryImageOfPage\":{\"@id\":\"https:\\\/\\\/www.wald.com.br\\\/en\\\/wald-antunes-vita-e-blattner-advogados-e-destaque-no-ranking-internacional-chambers-and-partners\\\/#primaryimage\"},\"image\":{\"@id\":\"https:\\\/\\\/www.wald.com.br\\\/en\\\/wald-antunes-vita-e-blattner-advogados-e-destaque-no-ranking-internacional-chambers-and-partners\\\/#primaryimage\"},\"thumbnailUrl\":\"https:\\\/\\\/www.wald.com.br\\\/wp-content\\\/uploads\\\/2022\\\/06\\\/Wald-Chambers.png\",\"datePublished\":\"2022-03-18T12:20:52+00:00\",\"dateModified\":\"2022-06-01T12:21:51+00:00\",\"breadcrumb\":{\"@id\":\"https:\\\/\\\/www.wald.com.br\\\/en\\\/wald-antunes-vita-e-blattner-advogados-e-destaque-no-ranking-internacional-chambers-and-partners\\\/#breadcrumb\"},\"inLanguage\":\"en-US\",\"potentialAction\":[{\"@type\":\"ReadAction\",\"target\":[\"https:\\\/\\\/www.wald.com.br\\\/en\\\/wald-antunes-vita-e-blattner-advogados-e-destaque-no-ranking-internacional-chambers-and-partners\\\/\"]}]},{\"@type\":\"ImageObject\",\"inLanguage\":\"en-US\",\"@id\":\"https:\\\/\\\/www.wald.com.br\\\/en\\\/wald-antunes-vita-e-blattner-advogados-e-destaque-no-ranking-internacional-chambers-and-partners\\\/#primaryimage\",\"url\":\"https:\\\/\\\/www.wald.com.br\\\/wp-content\\\/uploads\\\/2022\\\/06\\\/Wald-Chambers.png\",\"contentUrl\":\"https:\\\/\\\/www.wald.com.br\\\/wp-content\\\/uploads\\\/2022\\\/06\\\/Wald-Chambers.png\"},{\"@type\":\"BreadcrumbList\",\"@id\":\"https:\\\/\\\/www.wald.com.br\\\/en\\\/wald-antunes-vita-e-blattner-advogados-e-destaque-no-ranking-internacional-chambers-and-partners\\\/#breadcrumb\",\"itemListElement\":[{\"@type\":\"ListItem\",\"position\":1,\"name\":\"In\u00edcio\",\"item\":\"https:\\\/\\\/www.wald.com.br\\\/\"},{\"@type\":\"ListItem\",\"position\":2,\"name\":\"Wald, Antunes, Vita e Blattner Advogados \u00e9 destaque no ranking internacional Chambers and Partners\"}]},{\"@type\":\"WebSite\",\"@id\":\"https:\\\/\\\/www.wald.com.br\\\/en\\\/#website\",\"url\":\"https:\\\/\\\/www.wald.com.br\\\/en\\\/\",\"name\":\"Wald Advogados\",\"description\":\"66 years of leading law practice\",\"publisher\":{\"@id\":\"https:\\\/\\\/www.wald.com.br\\\/en\\\/#organization\"},\"potentialAction\":[{\"@type\":\"SearchAction\",\"target\":{\"@type\":\"EntryPoint\",\"urlTemplate\":\"https:\\\/\\\/www.wald.com.br\\\/en\\\/?s={search_term_string}\"},\"query-input\":{\"@type\":\"PropertyValueSpecification\",\"valueRequired\":true,\"valueName\":\"search_term_string\"}}],\"inLanguage\":\"en-US\"},{\"@type\":\"Organization\",\"@id\":\"https:\\\/\\\/www.wald.com.br\\\/en\\\/#organization\",\"name\":\"Wald, Antunes, Vita, Longo e Blattner Advogados\",\"url\":\"https:\\\/\\\/www.wald.com.br\\\/en\\\/\",\"logo\":{\"@type\":\"ImageObject\",\"inLanguage\":\"en-US\",\"@id\":\"https:\\\/\\\/www.wald.com.br\\\/en\\\/#\\\/schema\\\/logo\\\/image\\\/\",\"url\":\"https:\\\/\\\/www.wald.com.br\\\/wp-content\\\/uploads\\\/2020\\\/02\\\/Logo_Wald.png\",\"contentUrl\":\"https:\\\/\\\/www.wald.com.br\\\/wp-content\\\/uploads\\\/2020\\\/02\\\/Logo_Wald.png\",\"width\":5260,\"height\":2565,\"caption\":\"Wald, Antunes, Vita, Longo e Blattner Advogados\"},\"image\":{\"@id\":\"https:\\\/\\\/www.wald.com.br\\\/en\\\/#\\\/schema\\\/logo\\\/image\\\/\"},\"sameAs\":[\"https:\\\/\\\/www.linkedin.com\\\/company\\\/wald\"]},{\"@type\":\"Person\",\"@id\":\"https:\\\/\\\/www.wald.com.br\\\/en\\\/#\\\/schema\\\/person\\\/63b1ba5d23c51fa9d050dd06ffd0e04a\",\"name\":\"waldadmin2020\",\"image\":{\"@type\":\"ImageObject\",\"inLanguage\":\"en-US\",\"@id\":\"https:\\\/\\\/secure.gravatar.com\\\/avatar\\\/a71cf721eb306cd72432a33f9852249bbdb558baa0f55419ddb257983362db55?s=96&d=mm&r=g\",\"url\":\"https:\\\/\\\/secure.gravatar.com\\\/avatar\\\/a71cf721eb306cd72432a33f9852249bbdb558baa0f55419ddb257983362db55?s=96&d=mm&r=g\",\"contentUrl\":\"https:\\\/\\\/secure.gravatar.com\\\/avatar\\\/a71cf721eb306cd72432a33f9852249bbdb558baa0f55419ddb257983362db55?s=96&d=mm&r=g\",\"caption\":\"waldadmin2020\"},\"sameAs\":[\"https:\\\/\\\/x.com\\\/waldadmin2020\"],\"url\":\"https:\\\/\\\/www.wald.com.br\\\/en\\\/author\\\/waldadmin2020\\\/\"}]}<\/script>\n<!-- \/ Yoast SEO plugin. -->","yoast_head_json":{"title":"Wald, Antunes, Vita e Blattner Advogados \u00e9 destaque no ranking internacional Chambers and Partners | Wald Advogados","robots":{"index":"index","follow":"follow","max-snippet":"max-snippet:-1","max-image-preview":"max-image-preview:large","max-video-preview":"max-video-preview:-1"},"canonical":"https:\/\/www.wald.com.br\/en\/wald-antunes-vita-e-blattner-advogados-e-destaque-no-ranking-internacional-chambers-and-partners\/","og_locale":"en_US","og_type":"article","og_title":"Wald, Antunes, Vita e Blattner Advogados \u00e9 destaque no ranking internacional Chambers and Partners | Wald Advogados","og_description":"O ranking internacional Chambers and Partners destacou, mais uma vez, o Wald, Antunes, Vita e Blattner Advogados entre os principais escrit\u00f3rios brasileiros por sua atua\u00e7\u00e3o na \u00e1rea de resolu\u00e7\u00e3o de disputas, tanto no Contencioso quanto na Arbitragem. O nosso s\u00f3cio e fundador, Professor Arnoldo Wald, est\u00e1 listado pelo 15\u00ba ano consecutivo na publica\u00e7\u00e3o, entre os [&hellip;]","og_url":"https:\/\/www.wald.com.br\/en\/wald-antunes-vita-e-blattner-advogados-e-destaque-no-ranking-internacional-chambers-and-partners\/","og_site_name":"Wald Advogados","article_published_time":"2022-03-18T12:20:52+00:00","article_modified_time":"2022-06-01T12:21:51+00:00","og_image":[{"url":"https:\/\/www.wald.com.br\/wp-content\/uploads\/2022\/06\/Wald-Chambers.png","type":"","width":"","height":""}],"author":"waldadmin2020","twitter_card":"summary_large_image","twitter_creator":"@waldadmin2020","twitter_misc":{"Written by":"waldadmin2020","Est. reading time":"1 minute"},"schema":{"@context":"https:\/\/schema.org","@graph":[{"@type":"Article","@id":"https:\/\/www.wald.com.br\/en\/wald-antunes-vita-e-blattner-advogados-e-destaque-no-ranking-internacional-chambers-and-partners\/#article","isPartOf":{"@id":"https:\/\/www.wald.com.br\/en\/wald-antunes-vita-e-blattner-advogados-e-destaque-no-ranking-internacional-chambers-and-partners\/"},"author":{"name":"waldadmin2020","@id":"https:\/\/www.wald.com.br\/en\/#\/schema\/person\/63b1ba5d23c51fa9d050dd06ffd0e04a"},"headline":"Wald, Antunes, Vita e Blattner Advogados \u00e9 destaque no ranking internacional Chambers and Partners","datePublished":"2022-03-18T12:20:52+00:00","dateModified":"2022-06-01T12:21:51+00:00","mainEntityOfPage":{"@id":"https:\/\/www.wald.com.br\/en\/wald-antunes-vita-e-blattner-advogados-e-destaque-no-ranking-internacional-chambers-and-partners\/"},"wordCount":85,"commentCount":0,"publisher":{"@id":"https:\/\/www.wald.com.br\/en\/#organization"},"image":{"@id":"https:\/\/www.wald.com.br\/en\/wald-antunes-vita-e-blattner-advogados-e-destaque-no-ranking-internacional-chambers-and-partners\/#primaryimage"},"thumbnailUrl":"https:\/\/www.wald.com.br\/wp-content\/uploads\/2022\/06\/Wald-Chambers.png","keywords":["Chambers and Partners"],"articleSection":["News"],"inLanguage":"en-US","potentialAction":[{"@type":"CommentAction","name":"Comment","target":["https:\/\/www.wald.com.br\/en\/wald-antunes-vita-e-blattner-advogados-e-destaque-no-ranking-internacional-chambers-and-partners\/#respond"]}]},{"@type":"WebPage","@id":"https:\/\/www.wald.com.br\/en\/wald-antunes-vita-e-blattner-advogados-e-destaque-no-ranking-internacional-chambers-and-partners\/","url":"https:\/\/www.wald.com.br\/en\/wald-antunes-vita-e-blattner-advogados-e-destaque-no-ranking-internacional-chambers-and-partners\/","name":"Wald, Antunes, Vita e Blattner Advogados \u00e9 destaque no ranking internacional Chambers and Partners | Wald Advogados","isPartOf":{"@id":"https:\/\/www.wald.com.br\/en\/#website"},"primaryImageOfPage":{"@id":"https:\/\/www.wald.com.br\/en\/wald-antunes-vita-e-blattner-advogados-e-destaque-no-ranking-internacional-chambers-and-partners\/#primaryimage"},"image":{"@id":"https:\/\/www.wald.com.br\/en\/wald-antunes-vita-e-blattner-advogados-e-destaque-no-ranking-internacional-chambers-and-partners\/#primaryimage"},"thumbnailUrl":"https:\/\/www.wald.com.br\/wp-content\/uploads\/2022\/06\/Wald-Chambers.png","datePublished":"2022-03-18T12:20:52+00:00","dateModified":"2022-06-01T12:21:51+00:00","breadcrumb":{"@id":"https:\/\/www.wald.com.br\/en\/wald-antunes-vita-e-blattner-advogados-e-destaque-no-ranking-internacional-chambers-and-partners\/#breadcrumb"},"inLanguage":"en-US","potentialAction":[{"@type":"ReadAction","target":["https:\/\/www.wald.com.br\/en\/wald-antunes-vita-e-blattner-advogados-e-destaque-no-ranking-internacional-chambers-and-partners\/"]}]},{"@type":"ImageObject","inLanguage":"en-US","@id":"https:\/\/www.wald.com.br\/en\/wald-antunes-vita-e-blattner-advogados-e-destaque-no-ranking-internacional-chambers-and-partners\/#primaryimage","url":"https:\/\/www.wald.com.br\/wp-content\/uploads\/2022\/06\/Wald-Chambers.png","contentUrl":"https:\/\/www.wald.com.br\/wp-content\/uploads\/2022\/06\/Wald-Chambers.png"},{"@type":"BreadcrumbList","@id":"https:\/\/www.wald.com.br\/en\/wald-antunes-vita-e-blattner-advogados-e-destaque-no-ranking-internacional-chambers-and-partners\/#breadcrumb","itemListElement":[{"@type":"ListItem","position":1,"name":"In\u00edcio","item":"https:\/\/www.wald.com.br\/"},{"@type":"ListItem","position":2,"name":"Wald, Antunes, Vita e Blattner Advogados \u00e9 destaque no ranking internacional Chambers and Partners"}]},{"@type":"WebSite","@id":"https:\/\/www.wald.com.br\/en\/#website","url":"https:\/\/www.wald.com.br\/en\/","name":"Wald Advogados","description":"66 years of leading law practice","publisher":{"@id":"https:\/\/www.wald.com.br\/en\/#organization"},"potentialAction":[{"@type":"SearchAction","target":{"@type":"EntryPoint","urlTemplate":"https:\/\/www.wald.com.br\/en\/?s={search_term_string}"},"query-input":{"@type":"PropertyValueSpecification","valueRequired":true,"valueName":"search_term_string"}}],"inLanguage":"en-US"},{"@type":"Organization","@id":"https:\/\/www.wald.com.br\/en\/#organization","name":"Wald, Antunes, Vita, Longo e Blattner Advogados","url":"https:\/\/www.wald.com.br\/en\/","logo":{"@type":"ImageObject","inLanguage":"en-US","@id":"https:\/\/www.wald.com.br\/en\/#\/schema\/logo\/image\/","url":"https:\/\/www.wald.com.br\/wp-content\/uploads\/2020\/02\/Logo_Wald.png","contentUrl":"https:\/\/www.wald.com.br\/wp-content\/uploads\/2020\/02\/Logo_Wald.png","width":5260,"height":2565,"caption":"Wald, Antunes, Vita, Longo e Blattner Advogados"},"image":{"@id":"https:\/\/www.wald.com.br\/en\/#\/schema\/logo\/image\/"},"sameAs":["https:\/\/www.linkedin.com\/company\/wald"]},{"@type":"Person","@id":"https:\/\/www.wald.com.br\/en\/#\/schema\/person\/63b1ba5d23c51fa9d050dd06ffd0e04a","name":"waldadmin2020","image":{"@type":"ImageObject","inLanguage":"en-US","@id":"https:\/\/secure.gravatar.com\/avatar\/a71cf721eb306cd72432a33f9852249bbdb558baa0f55419ddb257983362db55?s=96&d=mm&r=g","url":"https:\/\/secure.gravatar.com\/avatar\/a71cf721eb306cd72432a33f9852249bbdb558baa0f55419ddb257983362db55?s=96&d=mm&r=g","contentUrl":"https:\/\/secure.gravatar.com\/avatar\/a71cf721eb306cd72432a33f9852249bbdb558baa0f55419ddb257983362db55?s=96&d=mm&r=g","caption":"waldadmin2020"},"sameAs":["https:\/\/x.com\/waldadmin2020"],"url":"https:\/\/www.wald.com.br\/en\/author\/waldadmin2020\/"}]}},"_links":{"self":[{"href":"https:\/\/www.wald.com.br\/en\/wp-json\/wp\/v2\/posts\/1760","targetHints":{"allow":["GET"]}}],"collection":[{"href":"https:\/\/www.wald.com.br\/en\/wp-json\/wp\/v2\/posts"}],"about":[{"href":"https:\/\/www.wald.com.br\/en\/wp-json\/wp\/v2\/types\/post"}],"author":[{"embeddable":true,"href":"https:\/\/www.wald.com.br\/en\/wp-json\/wp\/v2\/users\/1"}],"replies":[{"embeddable":true,"href":"https:\/\/www.wald.com.br\/en\/wp-json\/wp\/v2\/comments?post=1760"}],"version-history":[{"count":1,"href":"https:\/\/www.wald.com.br\/en\/wp-json\/wp\/v2\/posts\/1760\/revisions"}],"predecessor-version":[{"id":1765,"href":"https:\/\/www.wald.com.br\/en\/wp-json\/wp\/v2\/posts\/1760\/revisions\/1765"}],"wp:attachment":[{"href":"https:\/\/www.wald.com.br\/en\/wp-json\/wp\/v2\/media?parent=1760"}],"wp:term":[{"taxonomy":"category","embeddable":true,"href":"https:\/\/www.wald.com.br\/en\/wp-json\/wp\/v2\/categories?post=1760"},{"taxonomy":"post_tag","embeddable":true,"href":"https:\/\/www.wald.com.br\/en\/wp-json\/wp\/v2\/tags?post=1760"}],"curies":[{"name":"wp","href":"https:\/\/api.w.org\/{rel}","templated":true}]}}