{"id":1826,"date":"2022-06-30T09:38:45","date_gmt":"2022-06-30T12:38:45","guid":{"rendered":"https:\/\/www.wald.com.br\/?p=1826"},"modified":"2022-07-01T09:41:21","modified_gmt":"2022-07-01T12:41:21","slug":"adriana-zamponi-e-mariana-negri-logiodice-no-simposio-reestruturacao-de-dividas-da-oab-sp","status":"publish","type":"post","link":"https:\/\/www.wald.com.br\/en\/adriana-zamponi-e-mariana-negri-logiodice-no-simposio-reestruturacao-de-dividas-da-oab-sp\/","title":{"rendered":"Adriana Zamponi e Mariana Negri Logiodice no \u201cSimp\u00f3sio Reestrutura\u00e7\u00e3o de D\u00edvidas\u201d da OAB-SP"},"content":{"rendered":"<p>Nesta semana Adriana Conrado Zamponi e Mariana Negri Logiodice participaram do \u201cSimp\u00f3sio Reestrutura\u00e7\u00e3o de D\u00edvidas\u201d, realizado pela Comiss\u00e3o de Recupera\u00e7\u00e3o de Empresas e Fal\u00eancia e a escola da OAB-SP, para falar sobre planos de recupera\u00e7\u00e3o judicial, venda de ativos, e DIP Financing, modalidade de financiamento para empresas em reestrutura\u00e7\u00e3o.<\/p>\n<p>A palestra, mediada pelo advogado Hoanes Koutoudjian, est\u00e1 dispon\u00edvel a seguir.<\/p>\n<p><iframe loading=\"lazy\" title=\"Simp\u00f3sio \u201cReestrutura\u00e7\u00e3o de d\u00edvidas; recupera\u00e7\u00e3o de empresas e o novo sistema falimentar\u201d | #03\" width=\"500\" height=\"281\" src=\"https:\/\/www.youtube.com\/embed\/3HaVFImiu_Y?feature=oembed\" frameborder=\"0\" allow=\"accelerometer; autoplay; clipboard-write; encrypted-media; gyroscope; picture-in-picture; web-share\" referrerpolicy=\"strict-origin-when-cross-origin\" allowfullscreen><\/iframe><\/p>\n","protected":false},"excerpt":{"rendered":"<p>Nesta semana Adriana Conrado Zamponi e Mariana Negri Logiodice participaram do \u201cSimp\u00f3sio Reestrutura\u00e7\u00e3o de D\u00edvidas\u201d, realizado pela Comiss\u00e3o de Recupera\u00e7\u00e3o de Empresas e Fal\u00eancia e a escola da OAB-SP, para falar sobre planos de recupera\u00e7\u00e3o judicial, venda de ativos, e DIP Financing, modalidade de financiamento para empresas em reestrutura\u00e7\u00e3o. A palestra, mediada pelo advogado Hoanes [&hellip;]<\/p>\n","protected":false},"author":1,"featured_media":0,"comment_status":"open","ping_status":"closed","sticky":false,"template":"","format":"standard","meta":{"_acf_changed":false,"footnotes":""},"categories":[2],"tags":[19,146],"class_list":["post-1826","post","type-post","status-publish","format-standard","hentry","category-noticias","tag-recuperacao-empresarial","tag-reestruturacao"],"acf":[],"yoast_head":"<!-- This site is optimized with the Yoast SEO plugin v27.5 - https:\/\/yoast.com\/product\/yoast-seo-wordpress\/ -->\n<title>Adriana Zamponi e Mariana Negri Logiodice no \u201cSimp\u00f3sio Reestrutura\u00e7\u00e3o de D\u00edvidas\u201d da OAB-SP | Wald Advogados<\/title>\n<meta name=\"robots\" content=\"index, follow, max-snippet:-1, max-image-preview:large, max-video-preview:-1\" \/>\n<link rel=\"canonical\" href=\"https:\/\/www.wald.com.br\/en\/adriana-zamponi-e-mariana-negri-logiodice-no-simposio-reestruturacao-de-dividas-da-oab-sp\/\" \/>\n<meta property=\"og:locale\" content=\"en_US\" \/>\n<meta property=\"og:type\" content=\"article\" \/>\n<meta property=\"og:title\" content=\"Adriana Zamponi e Mariana Negri Logiodice no \u201cSimp\u00f3sio Reestrutura\u00e7\u00e3o de D\u00edvidas\u201d da OAB-SP | Wald Advogados\" \/>\n<meta property=\"og:description\" content=\"Nesta semana Adriana Conrado Zamponi e Mariana Negri Logiodice participaram do \u201cSimp\u00f3sio Reestrutura\u00e7\u00e3o de D\u00edvidas\u201d, realizado pela Comiss\u00e3o de Recupera\u00e7\u00e3o de Empresas e Fal\u00eancia e a escola da OAB-SP, para falar sobre planos de recupera\u00e7\u00e3o judicial, venda de ativos, e DIP Financing, modalidade de financiamento para empresas em reestrutura\u00e7\u00e3o. A palestra, mediada pelo advogado Hoanes [&hellip;]\" \/>\n<meta property=\"og:url\" content=\"https:\/\/www.wald.com.br\/en\/adriana-zamponi-e-mariana-negri-logiodice-no-simposio-reestruturacao-de-dividas-da-oab-sp\/\" \/>\n<meta property=\"og:site_name\" content=\"Wald Advogados\" \/>\n<meta property=\"article:published_time\" content=\"2022-06-30T12:38:45+00:00\" \/>\n<meta property=\"article:modified_time\" content=\"2022-07-01T12:41:21+00:00\" \/>\n<meta name=\"author\" content=\"waldadmin2020\" \/>\n<meta name=\"twitter:card\" content=\"summary_large_image\" \/>\n<meta name=\"twitter:creator\" content=\"@waldadmin2020\" \/>\n<meta name=\"twitter:label1\" content=\"Written by\" \/>\n\t<meta name=\"twitter:data1\" content=\"waldadmin2020\" \/>\n\t<meta name=\"twitter:label2\" content=\"Est. reading time\" \/>\n\t<meta name=\"twitter:data2\" content=\"1 minute\" \/>\n<script type=\"application\/ld+json\" class=\"yoast-schema-graph\">{\"@context\":\"https:\\\/\\\/schema.org\",\"@graph\":[{\"@type\":\"Article\",\"@id\":\"https:\\\/\\\/www.wald.com.br\\\/en\\\/adriana-zamponi-e-mariana-negri-logiodice-no-simposio-reestruturacao-de-dividas-da-oab-sp\\\/#article\",\"isPartOf\":{\"@id\":\"https:\\\/\\\/www.wald.com.br\\\/en\\\/adriana-zamponi-e-mariana-negri-logiodice-no-simposio-reestruturacao-de-dividas-da-oab-sp\\\/\"},\"author\":{\"name\":\"waldadmin2020\",\"@id\":\"https:\\\/\\\/www.wald.com.br\\\/en\\\/#\\\/schema\\\/person\\\/63b1ba5d23c51fa9d050dd06ffd0e04a\"},\"headline\":\"Adriana Zamponi e Mariana Negri Logiodice no \u201cSimp\u00f3sio Reestrutura\u00e7\u00e3o de D\u00edvidas\u201d da OAB-SP\",\"datePublished\":\"2022-06-30T12:38:45+00:00\",\"dateModified\":\"2022-07-01T12:41:21+00:00\",\"mainEntityOfPage\":{\"@id\":\"https:\\\/\\\/www.wald.com.br\\\/en\\\/adriana-zamponi-e-mariana-negri-logiodice-no-simposio-reestruturacao-de-dividas-da-oab-sp\\\/\"},\"wordCount\":93,\"commentCount\":0,\"publisher\":{\"@id\":\"https:\\\/\\\/www.wald.com.br\\\/en\\\/#organization\"},\"keywords\":[\"Recupera\u00e7\u00e3o empresarial\",\"Reestrutura\u00e7\u00e3o\"],\"articleSection\":[\"News\"],\"inLanguage\":\"en-US\",\"potentialAction\":[{\"@type\":\"CommentAction\",\"name\":\"Comment\",\"target\":[\"https:\\\/\\\/www.wald.com.br\\\/en\\\/adriana-zamponi-e-mariana-negri-logiodice-no-simposio-reestruturacao-de-dividas-da-oab-sp\\\/#respond\"]}]},{\"@type\":\"WebPage\",\"@id\":\"https:\\\/\\\/www.wald.com.br\\\/en\\\/adriana-zamponi-e-mariana-negri-logiodice-no-simposio-reestruturacao-de-dividas-da-oab-sp\\\/\",\"url\":\"https:\\\/\\\/www.wald.com.br\\\/en\\\/adriana-zamponi-e-mariana-negri-logiodice-no-simposio-reestruturacao-de-dividas-da-oab-sp\\\/\",\"name\":\"Adriana Zamponi e Mariana Negri Logiodice no \u201cSimp\u00f3sio Reestrutura\u00e7\u00e3o de D\u00edvidas\u201d da OAB-SP | Wald Advogados\",\"isPartOf\":{\"@id\":\"https:\\\/\\\/www.wald.com.br\\\/en\\\/#website\"},\"datePublished\":\"2022-06-30T12:38:45+00:00\",\"dateModified\":\"2022-07-01T12:41:21+00:00\",\"breadcrumb\":{\"@id\":\"https:\\\/\\\/www.wald.com.br\\\/en\\\/adriana-zamponi-e-mariana-negri-logiodice-no-simposio-reestruturacao-de-dividas-da-oab-sp\\\/#breadcrumb\"},\"inLanguage\":\"en-US\",\"potentialAction\":[{\"@type\":\"ReadAction\",\"target\":[\"https:\\\/\\\/www.wald.com.br\\\/en\\\/adriana-zamponi-e-mariana-negri-logiodice-no-simposio-reestruturacao-de-dividas-da-oab-sp\\\/\"]}]},{\"@type\":\"BreadcrumbList\",\"@id\":\"https:\\\/\\\/www.wald.com.br\\\/en\\\/adriana-zamponi-e-mariana-negri-logiodice-no-simposio-reestruturacao-de-dividas-da-oab-sp\\\/#breadcrumb\",\"itemListElement\":[{\"@type\":\"ListItem\",\"position\":1,\"name\":\"In\u00edcio\",\"item\":\"https:\\\/\\\/www.wald.com.br\\\/\"},{\"@type\":\"ListItem\",\"position\":2,\"name\":\"Adriana Zamponi e Mariana Negri Logiodice no \u201cSimp\u00f3sio Reestrutura\u00e7\u00e3o de D\u00edvidas\u201d da OAB-SP\"}]},{\"@type\":\"WebSite\",\"@id\":\"https:\\\/\\\/www.wald.com.br\\\/en\\\/#website\",\"url\":\"https:\\\/\\\/www.wald.com.br\\\/en\\\/\",\"name\":\"Wald Advogados\",\"description\":\"66 years of leading law practice\",\"publisher\":{\"@id\":\"https:\\\/\\\/www.wald.com.br\\\/en\\\/#organization\"},\"potentialAction\":[{\"@type\":\"SearchAction\",\"target\":{\"@type\":\"EntryPoint\",\"urlTemplate\":\"https:\\\/\\\/www.wald.com.br\\\/en\\\/?s={search_term_string}\"},\"query-input\":{\"@type\":\"PropertyValueSpecification\",\"valueRequired\":true,\"valueName\":\"search_term_string\"}}],\"inLanguage\":\"en-US\"},{\"@type\":\"Organization\",\"@id\":\"https:\\\/\\\/www.wald.com.br\\\/en\\\/#organization\",\"name\":\"Wald, Antunes, Vita, Longo e Blattner Advogados\",\"url\":\"https:\\\/\\\/www.wald.com.br\\\/en\\\/\",\"logo\":{\"@type\":\"ImageObject\",\"inLanguage\":\"en-US\",\"@id\":\"https:\\\/\\\/www.wald.com.br\\\/en\\\/#\\\/schema\\\/logo\\\/image\\\/\",\"url\":\"https:\\\/\\\/www.wald.com.br\\\/wp-content\\\/uploads\\\/2020\\\/02\\\/Logo_Wald.png\",\"contentUrl\":\"https:\\\/\\\/www.wald.com.br\\\/wp-content\\\/uploads\\\/2020\\\/02\\\/Logo_Wald.png\",\"width\":5260,\"height\":2565,\"caption\":\"Wald, Antunes, Vita, Longo e Blattner Advogados\"},\"image\":{\"@id\":\"https:\\\/\\\/www.wald.com.br\\\/en\\\/#\\\/schema\\\/logo\\\/image\\\/\"},\"sameAs\":[\"https:\\\/\\\/www.linkedin.com\\\/company\\\/wald\"]},{\"@type\":\"Person\",\"@id\":\"https:\\\/\\\/www.wald.com.br\\\/en\\\/#\\\/schema\\\/person\\\/63b1ba5d23c51fa9d050dd06ffd0e04a\",\"name\":\"waldadmin2020\",\"image\":{\"@type\":\"ImageObject\",\"inLanguage\":\"en-US\",\"@id\":\"https:\\\/\\\/secure.gravatar.com\\\/avatar\\\/a71cf721eb306cd72432a33f9852249bbdb558baa0f55419ddb257983362db55?s=96&d=mm&r=g\",\"url\":\"https:\\\/\\\/secure.gravatar.com\\\/avatar\\\/a71cf721eb306cd72432a33f9852249bbdb558baa0f55419ddb257983362db55?s=96&d=mm&r=g\",\"contentUrl\":\"https:\\\/\\\/secure.gravatar.com\\\/avatar\\\/a71cf721eb306cd72432a33f9852249bbdb558baa0f55419ddb257983362db55?s=96&d=mm&r=g\",\"caption\":\"waldadmin2020\"},\"sameAs\":[\"https:\\\/\\\/x.com\\\/waldadmin2020\"],\"url\":\"https:\\\/\\\/www.wald.com.br\\\/en\\\/author\\\/waldadmin2020\\\/\"}]}<\/script>\n<!-- \/ Yoast SEO plugin. -->","yoast_head_json":{"title":"Adriana Zamponi e Mariana Negri Logiodice no \u201cSimp\u00f3sio Reestrutura\u00e7\u00e3o de D\u00edvidas\u201d da OAB-SP | Wald Advogados","robots":{"index":"index","follow":"follow","max-snippet":"max-snippet:-1","max-image-preview":"max-image-preview:large","max-video-preview":"max-video-preview:-1"},"canonical":"https:\/\/www.wald.com.br\/en\/adriana-zamponi-e-mariana-negri-logiodice-no-simposio-reestruturacao-de-dividas-da-oab-sp\/","og_locale":"en_US","og_type":"article","og_title":"Adriana Zamponi e Mariana Negri Logiodice no \u201cSimp\u00f3sio Reestrutura\u00e7\u00e3o de D\u00edvidas\u201d da OAB-SP | Wald Advogados","og_description":"Nesta semana Adriana Conrado Zamponi e Mariana Negri Logiodice participaram do \u201cSimp\u00f3sio Reestrutura\u00e7\u00e3o de D\u00edvidas\u201d, realizado pela Comiss\u00e3o de Recupera\u00e7\u00e3o de Empresas e Fal\u00eancia e a escola da OAB-SP, para falar sobre planos de recupera\u00e7\u00e3o judicial, venda de ativos, e DIP Financing, modalidade de financiamento para empresas em reestrutura\u00e7\u00e3o. A palestra, mediada pelo advogado Hoanes [&hellip;]","og_url":"https:\/\/www.wald.com.br\/en\/adriana-zamponi-e-mariana-negri-logiodice-no-simposio-reestruturacao-de-dividas-da-oab-sp\/","og_site_name":"Wald Advogados","article_published_time":"2022-06-30T12:38:45+00:00","article_modified_time":"2022-07-01T12:41:21+00:00","author":"waldadmin2020","twitter_card":"summary_large_image","twitter_creator":"@waldadmin2020","twitter_misc":{"Written by":"waldadmin2020","Est. reading time":"1 minute"},"schema":{"@context":"https:\/\/schema.org","@graph":[{"@type":"Article","@id":"https:\/\/www.wald.com.br\/en\/adriana-zamponi-e-mariana-negri-logiodice-no-simposio-reestruturacao-de-dividas-da-oab-sp\/#article","isPartOf":{"@id":"https:\/\/www.wald.com.br\/en\/adriana-zamponi-e-mariana-negri-logiodice-no-simposio-reestruturacao-de-dividas-da-oab-sp\/"},"author":{"name":"waldadmin2020","@id":"https:\/\/www.wald.com.br\/en\/#\/schema\/person\/63b1ba5d23c51fa9d050dd06ffd0e04a"},"headline":"Adriana Zamponi e Mariana Negri Logiodice no \u201cSimp\u00f3sio Reestrutura\u00e7\u00e3o de D\u00edvidas\u201d da OAB-SP","datePublished":"2022-06-30T12:38:45+00:00","dateModified":"2022-07-01T12:41:21+00:00","mainEntityOfPage":{"@id":"https:\/\/www.wald.com.br\/en\/adriana-zamponi-e-mariana-negri-logiodice-no-simposio-reestruturacao-de-dividas-da-oab-sp\/"},"wordCount":93,"commentCount":0,"publisher":{"@id":"https:\/\/www.wald.com.br\/en\/#organization"},"keywords":["Recupera\u00e7\u00e3o empresarial","Reestrutura\u00e7\u00e3o"],"articleSection":["News"],"inLanguage":"en-US","potentialAction":[{"@type":"CommentAction","name":"Comment","target":["https:\/\/www.wald.com.br\/en\/adriana-zamponi-e-mariana-negri-logiodice-no-simposio-reestruturacao-de-dividas-da-oab-sp\/#respond"]}]},{"@type":"WebPage","@id":"https:\/\/www.wald.com.br\/en\/adriana-zamponi-e-mariana-negri-logiodice-no-simposio-reestruturacao-de-dividas-da-oab-sp\/","url":"https:\/\/www.wald.com.br\/en\/adriana-zamponi-e-mariana-negri-logiodice-no-simposio-reestruturacao-de-dividas-da-oab-sp\/","name":"Adriana Zamponi e Mariana Negri Logiodice no \u201cSimp\u00f3sio Reestrutura\u00e7\u00e3o de D\u00edvidas\u201d da OAB-SP | Wald Advogados","isPartOf":{"@id":"https:\/\/www.wald.com.br\/en\/#website"},"datePublished":"2022-06-30T12:38:45+00:00","dateModified":"2022-07-01T12:41:21+00:00","breadcrumb":{"@id":"https:\/\/www.wald.com.br\/en\/adriana-zamponi-e-mariana-negri-logiodice-no-simposio-reestruturacao-de-dividas-da-oab-sp\/#breadcrumb"},"inLanguage":"en-US","potentialAction":[{"@type":"ReadAction","target":["https:\/\/www.wald.com.br\/en\/adriana-zamponi-e-mariana-negri-logiodice-no-simposio-reestruturacao-de-dividas-da-oab-sp\/"]}]},{"@type":"BreadcrumbList","@id":"https:\/\/www.wald.com.br\/en\/adriana-zamponi-e-mariana-negri-logiodice-no-simposio-reestruturacao-de-dividas-da-oab-sp\/#breadcrumb","itemListElement":[{"@type":"ListItem","position":1,"name":"In\u00edcio","item":"https:\/\/www.wald.com.br\/"},{"@type":"ListItem","position":2,"name":"Adriana Zamponi e Mariana Negri Logiodice no \u201cSimp\u00f3sio Reestrutura\u00e7\u00e3o de D\u00edvidas\u201d da OAB-SP"}]},{"@type":"WebSite","@id":"https:\/\/www.wald.com.br\/en\/#website","url":"https:\/\/www.wald.com.br\/en\/","name":"Wald Advogados","description":"66 years of leading law practice","publisher":{"@id":"https:\/\/www.wald.com.br\/en\/#organization"},"potentialAction":[{"@type":"SearchAction","target":{"@type":"EntryPoint","urlTemplate":"https:\/\/www.wald.com.br\/en\/?s={search_term_string}"},"query-input":{"@type":"PropertyValueSpecification","valueRequired":true,"valueName":"search_term_string"}}],"inLanguage":"en-US"},{"@type":"Organization","@id":"https:\/\/www.wald.com.br\/en\/#organization","name":"Wald, Antunes, Vita, Longo e Blattner Advogados","url":"https:\/\/www.wald.com.br\/en\/","logo":{"@type":"ImageObject","inLanguage":"en-US","@id":"https:\/\/www.wald.com.br\/en\/#\/schema\/logo\/image\/","url":"https:\/\/www.wald.com.br\/wp-content\/uploads\/2020\/02\/Logo_Wald.png","contentUrl":"https:\/\/www.wald.com.br\/wp-content\/uploads\/2020\/02\/Logo_Wald.png","width":5260,"height":2565,"caption":"Wald, Antunes, Vita, Longo e Blattner Advogados"},"image":{"@id":"https:\/\/www.wald.com.br\/en\/#\/schema\/logo\/image\/"},"sameAs":["https:\/\/www.linkedin.com\/company\/wald"]},{"@type":"Person","@id":"https:\/\/www.wald.com.br\/en\/#\/schema\/person\/63b1ba5d23c51fa9d050dd06ffd0e04a","name":"waldadmin2020","image":{"@type":"ImageObject","inLanguage":"en-US","@id":"https:\/\/secure.gravatar.com\/avatar\/a71cf721eb306cd72432a33f9852249bbdb558baa0f55419ddb257983362db55?s=96&d=mm&r=g","url":"https:\/\/secure.gravatar.com\/avatar\/a71cf721eb306cd72432a33f9852249bbdb558baa0f55419ddb257983362db55?s=96&d=mm&r=g","contentUrl":"https:\/\/secure.gravatar.com\/avatar\/a71cf721eb306cd72432a33f9852249bbdb558baa0f55419ddb257983362db55?s=96&d=mm&r=g","caption":"waldadmin2020"},"sameAs":["https:\/\/x.com\/waldadmin2020"],"url":"https:\/\/www.wald.com.br\/en\/author\/waldadmin2020\/"}]}},"_links":{"self":[{"href":"https:\/\/www.wald.com.br\/en\/wp-json\/wp\/v2\/posts\/1826","targetHints":{"allow":["GET"]}}],"collection":[{"href":"https:\/\/www.wald.com.br\/en\/wp-json\/wp\/v2\/posts"}],"about":[{"href":"https:\/\/www.wald.com.br\/en\/wp-json\/wp\/v2\/types\/post"}],"author":[{"embeddable":true,"href":"https:\/\/www.wald.com.br\/en\/wp-json\/wp\/v2\/users\/1"}],"replies":[{"embeddable":true,"href":"https:\/\/www.wald.com.br\/en\/wp-json\/wp\/v2\/comments?post=1826"}],"version-history":[{"count":2,"href":"https:\/\/www.wald.com.br\/en\/wp-json\/wp\/v2\/posts\/1826\/revisions"}],"predecessor-version":[{"id":1828,"href":"https:\/\/www.wald.com.br\/en\/wp-json\/wp\/v2\/posts\/1826\/revisions\/1828"}],"wp:attachment":[{"href":"https:\/\/www.wald.com.br\/en\/wp-json\/wp\/v2\/media?parent=1826"}],"wp:term":[{"taxonomy":"category","embeddable":true,"href":"https:\/\/www.wald.com.br\/en\/wp-json\/wp\/v2\/categories?post=1826"},{"taxonomy":"post_tag","embeddable":true,"href":"https:\/\/www.wald.com.br\/en\/wp-json\/wp\/v2\/tags?post=1826"}],"curies":[{"name":"wp","href":"https:\/\/api.w.org\/{rel}","templated":true}]}}