{"id":1829,"date":"2022-07-08T09:58:27","date_gmt":"2022-07-08T12:58:27","guid":{"rendered":"https:\/\/www.wald.com.br\/?p=1829"},"modified":"2022-07-08T09:58:27","modified_gmt":"2022-07-08T12:58:27","slug":"oab-sp-nomeia-mariana-negri-logiodice-para-comissao-sobre-recuperacao-judicial-presidida-por-arnoldo-wald-filho","status":"publish","type":"post","link":"https:\/\/www.wald.com.br\/en\/oab-sp-nomeia-mariana-negri-logiodice-para-comissao-sobre-recuperacao-judicial-presidida-por-arnoldo-wald-filho\/","title":{"rendered":"OAB-SP nomeia Mariana Negri Logiodice para comiss\u00e3o sobre recupera\u00e7\u00e3o judicial, presidida por Arnoldo Wald Filho"},"content":{"rendered":"<p>A seccional de S\u00e3o Paulo da Ordem dos Advogados do Brasil (OAB-SP) divulgou nesta semana os nomes de mais 29 advogados para integrar a &#8220;Comiss\u00e3o Especial de Recupera\u00e7\u00e3o Judicial e Fal\u00eancia&#8221;. Entre os profissionais est\u00e1 <strong>Mariana Negri Logiodice<\/strong>, do Wald, Antunes, Vita e Blattner Advogados.<\/p>\n<p>Segundo a entidade, um dos objetivos do grupo \u00e9 criar mecanismos de contribui\u00e7\u00e3o para o aprimoramento, transpar\u00eancia e impessoalidade dos processos de recupera\u00e7\u00e3o judicial e fal\u00eancia. A comiss\u00e3o \u00e9 presidida pelo nosso s\u00f3cio, o advogado <strong>Arnoldo Wald Filho<\/strong>, que foi designado para o posto em fevereiro deste ano.<\/p>\n<p>Entre os novos membros, foi eleito para o posto de vice-presidente o advogado Hoanes Koutoudjian. O secret\u00e1rio da comiss\u00e3o ser\u00e1 Marcio Calil de Assump\u00e7\u00e3o. Al\u00e9m dos advogados rec\u00e9m-empossados, outros tr\u00eas participantes do grupo tamb\u00e9m j\u00e1 haviam sido anunciados entre mar\u00e7o e maio deste ano. S\u00e3o eles Fabio Souza Pinto, Alexandre Borges Leite e Aguinaldo Alves Biffi, eleitos para compor o quadro de membros efetivos regionais.<\/p>\n<p>Veja abaixo lista de nomes e fun\u00e7\u00f5es dos membros anunciados no \u00faltimo dia 04\/07:<\/p>\n<p><strong>Vice-Presidente<\/strong><br \/>\nHoanes Koutoudjian<\/p>\n<p><strong>Secret\u00e1rio<\/strong><br \/>\nMarcio Calil de Assump\u00e7\u00e3o<\/p>\n<p><strong>Membros Efetivos<\/strong><br \/>\nAlberto Cami\u00f1a Moreira<br \/>\nAntonio Carlos Fernandes Deccache<br \/>\nArthur Migliari Junior<br \/>\nCarlos Teixeira Leite Filho<br \/>\nDaniel Dorsi Pereira<br \/>\nDaniela Tapxure Severino<br \/>\nEdson Edmir Velho<br \/>\nFabricio Passos Magro<br \/>\nFelipe Silva Vieira<br \/>\nFrederico Santiago Loureiro de Oliveira<br \/>\nHamid Charaf Bdine Junior<br \/>\nIvan Lorena Vitale Junior<br \/>\nJarbas Andrade Machioni<br \/>\nJulia Spadoni Mahfuz<br \/>\nKleber de Nicola Bissolatti<\/p>\n<p><strong>Gabinete da presid\u00eancia<\/strong><br \/>\nL\u00edvia Gavioli Machado<br \/>\nLuiz Augusto Winther Rebello Junior<br \/>\nManoel Justino Bezerra Filho<br \/>\nMarcelo Rossi Nobre<br \/>\nMariana Negri Logiodice Real Amadeo<br \/>\nMonique Helen Antonacci<br \/>\nRafael Barud Casqueira Pimenta<br \/>\nRodrigo Eduardo Quadrante<\/p>\n<p><strong>Membros Efetivos Regionais<\/strong><br \/>\nFernando Ferreira Castellani<br \/>\nOdair de Moraes Junior<br \/>\nPaula Castro Collesi<br \/>\nRicardo Amaral Siqueira<\/p>\n<p>Publicado no <a href=\"https:\/\/www.conjur.com.br\/2022-jul-07\/oab-sp-nomeia-29-membros-comissao-recuperacao-judicial\" target=\"_blank\" rel=\"noopener noreferrer\">Consultor Jur\u00eddico<\/a>.<\/p>\n","protected":false},"excerpt":{"rendered":"<p>A seccional de S\u00e3o Paulo da Ordem dos Advogados do Brasil (OAB-SP) divulgou nesta semana os nomes de mais 29 advogados para integrar a &#8220;Comiss\u00e3o Especial de Recupera\u00e7\u00e3o Judicial e Fal\u00eancia&#8221;. Entre os profissionais est\u00e1 Mariana Negri Logiodice, do Wald, Antunes, Vita e Blattner Advogados. Segundo a entidade, um dos objetivos do grupo \u00e9 criar [&hellip;]<\/p>\n","protected":false},"author":1,"featured_media":0,"comment_status":"open","ping_status":"closed","sticky":false,"template":"","format":"standard","meta":{"_acf_changed":false,"footnotes":""},"categories":[2],"tags":[102,147,19,80],"class_list":["post-1829","post","type-post","status-publish","format-standard","hentry","category-noticias","tag-oab","tag-oab-sp","tag-recuperacao-empresarial","tag-recuperacao-judicial"],"acf":[],"yoast_head":"<!-- This site is optimized with the Yoast SEO plugin v27.5 - https:\/\/yoast.com\/product\/yoast-seo-wordpress\/ -->\n<title>OAB-SP nomeia Mariana Negri Logiodice para comiss\u00e3o sobre recupera\u00e7\u00e3o judicial, presidida por Arnoldo Wald Filho | Wald Advogados<\/title>\n<meta name=\"robots\" content=\"index, follow, max-snippet:-1, max-image-preview:large, max-video-preview:-1\" \/>\n<link rel=\"canonical\" href=\"https:\/\/www.wald.com.br\/en\/oab-sp-nomeia-mariana-negri-logiodice-para-comissao-sobre-recuperacao-judicial-presidida-por-arnoldo-wald-filho\/\" \/>\n<meta property=\"og:locale\" content=\"en_US\" \/>\n<meta property=\"og:type\" content=\"article\" \/>\n<meta property=\"og:title\" content=\"OAB-SP nomeia Mariana Negri Logiodice para comiss\u00e3o sobre recupera\u00e7\u00e3o judicial, presidida por Arnoldo Wald Filho | Wald Advogados\" \/>\n<meta property=\"og:description\" content=\"A seccional de S\u00e3o Paulo da Ordem dos Advogados do Brasil (OAB-SP) divulgou nesta semana os nomes de mais 29 advogados para integrar a &#8220;Comiss\u00e3o Especial de Recupera\u00e7\u00e3o Judicial e Fal\u00eancia&#8221;. Entre os profissionais est\u00e1 Mariana Negri Logiodice, do Wald, Antunes, Vita e Blattner Advogados. Segundo a entidade, um dos objetivos do grupo \u00e9 criar [&hellip;]\" \/>\n<meta property=\"og:url\" content=\"https:\/\/www.wald.com.br\/en\/oab-sp-nomeia-mariana-negri-logiodice-para-comissao-sobre-recuperacao-judicial-presidida-por-arnoldo-wald-filho\/\" \/>\n<meta property=\"og:site_name\" content=\"Wald Advogados\" \/>\n<meta property=\"article:published_time\" content=\"2022-07-08T12:58:27+00:00\" \/>\n<meta name=\"author\" content=\"waldadmin2020\" \/>\n<meta name=\"twitter:card\" content=\"summary_large_image\" \/>\n<meta name=\"twitter:creator\" content=\"@waldadmin2020\" \/>\n<meta name=\"twitter:label1\" content=\"Written by\" \/>\n\t<meta name=\"twitter:data1\" content=\"waldadmin2020\" \/>\n\t<meta name=\"twitter:label2\" content=\"Est. reading time\" \/>\n\t<meta name=\"twitter:data2\" content=\"2 minutes\" \/>\n<script type=\"application\/ld+json\" class=\"yoast-schema-graph\">{\"@context\":\"https:\\\/\\\/schema.org\",\"@graph\":[{\"@type\":\"Article\",\"@id\":\"https:\\\/\\\/www.wald.com.br\\\/en\\\/oab-sp-nomeia-mariana-negri-logiodice-para-comissao-sobre-recuperacao-judicial-presidida-por-arnoldo-wald-filho\\\/#article\",\"isPartOf\":{\"@id\":\"https:\\\/\\\/www.wald.com.br\\\/en\\\/oab-sp-nomeia-mariana-negri-logiodice-para-comissao-sobre-recuperacao-judicial-presidida-por-arnoldo-wald-filho\\\/\"},\"author\":{\"name\":\"waldadmin2020\",\"@id\":\"https:\\\/\\\/www.wald.com.br\\\/en\\\/#\\\/schema\\\/person\\\/63b1ba5d23c51fa9d050dd06ffd0e04a\"},\"headline\":\"OAB-SP nomeia Mariana Negri Logiodice para comiss\u00e3o sobre recupera\u00e7\u00e3o judicial, presidida por Arnoldo Wald Filho\",\"datePublished\":\"2022-07-08T12:58:27+00:00\",\"mainEntityOfPage\":{\"@id\":\"https:\\\/\\\/www.wald.com.br\\\/en\\\/oab-sp-nomeia-mariana-negri-logiodice-para-comissao-sobre-recuperacao-judicial-presidida-por-arnoldo-wald-filho\\\/\"},\"wordCount\":326,\"commentCount\":0,\"publisher\":{\"@id\":\"https:\\\/\\\/www.wald.com.br\\\/en\\\/#organization\"},\"keywords\":[\"OAB\",\"OAB-SP\",\"Recupera\u00e7\u00e3o empresarial\",\"Recupera\u00e7\u00e3o judicial\"],\"articleSection\":[\"News\"],\"inLanguage\":\"en-US\",\"potentialAction\":[{\"@type\":\"CommentAction\",\"name\":\"Comment\",\"target\":[\"https:\\\/\\\/www.wald.com.br\\\/en\\\/oab-sp-nomeia-mariana-negri-logiodice-para-comissao-sobre-recuperacao-judicial-presidida-por-arnoldo-wald-filho\\\/#respond\"]}]},{\"@type\":\"WebPage\",\"@id\":\"https:\\\/\\\/www.wald.com.br\\\/en\\\/oab-sp-nomeia-mariana-negri-logiodice-para-comissao-sobre-recuperacao-judicial-presidida-por-arnoldo-wald-filho\\\/\",\"url\":\"https:\\\/\\\/www.wald.com.br\\\/en\\\/oab-sp-nomeia-mariana-negri-logiodice-para-comissao-sobre-recuperacao-judicial-presidida-por-arnoldo-wald-filho\\\/\",\"name\":\"OAB-SP nomeia Mariana Negri Logiodice para comiss\u00e3o sobre recupera\u00e7\u00e3o judicial, presidida por Arnoldo Wald Filho | Wald Advogados\",\"isPartOf\":{\"@id\":\"https:\\\/\\\/www.wald.com.br\\\/en\\\/#website\"},\"datePublished\":\"2022-07-08T12:58:27+00:00\",\"breadcrumb\":{\"@id\":\"https:\\\/\\\/www.wald.com.br\\\/en\\\/oab-sp-nomeia-mariana-negri-logiodice-para-comissao-sobre-recuperacao-judicial-presidida-por-arnoldo-wald-filho\\\/#breadcrumb\"},\"inLanguage\":\"en-US\",\"potentialAction\":[{\"@type\":\"ReadAction\",\"target\":[\"https:\\\/\\\/www.wald.com.br\\\/en\\\/oab-sp-nomeia-mariana-negri-logiodice-para-comissao-sobre-recuperacao-judicial-presidida-por-arnoldo-wald-filho\\\/\"]}]},{\"@type\":\"BreadcrumbList\",\"@id\":\"https:\\\/\\\/www.wald.com.br\\\/en\\\/oab-sp-nomeia-mariana-negri-logiodice-para-comissao-sobre-recuperacao-judicial-presidida-por-arnoldo-wald-filho\\\/#breadcrumb\",\"itemListElement\":[{\"@type\":\"ListItem\",\"position\":1,\"name\":\"In\u00edcio\",\"item\":\"https:\\\/\\\/www.wald.com.br\\\/\"},{\"@type\":\"ListItem\",\"position\":2,\"name\":\"OAB-SP nomeia Mariana Negri Logiodice para comiss\u00e3o sobre recupera\u00e7\u00e3o judicial, presidida por Arnoldo Wald Filho\"}]},{\"@type\":\"WebSite\",\"@id\":\"https:\\\/\\\/www.wald.com.br\\\/en\\\/#website\",\"url\":\"https:\\\/\\\/www.wald.com.br\\\/en\\\/\",\"name\":\"Wald Advogados\",\"description\":\"66 years of leading law practice\",\"publisher\":{\"@id\":\"https:\\\/\\\/www.wald.com.br\\\/en\\\/#organization\"},\"potentialAction\":[{\"@type\":\"SearchAction\",\"target\":{\"@type\":\"EntryPoint\",\"urlTemplate\":\"https:\\\/\\\/www.wald.com.br\\\/en\\\/?s={search_term_string}\"},\"query-input\":{\"@type\":\"PropertyValueSpecification\",\"valueRequired\":true,\"valueName\":\"search_term_string\"}}],\"inLanguage\":\"en-US\"},{\"@type\":\"Organization\",\"@id\":\"https:\\\/\\\/www.wald.com.br\\\/en\\\/#organization\",\"name\":\"Wald, Antunes, Vita, Longo e Blattner Advogados\",\"url\":\"https:\\\/\\\/www.wald.com.br\\\/en\\\/\",\"logo\":{\"@type\":\"ImageObject\",\"inLanguage\":\"en-US\",\"@id\":\"https:\\\/\\\/www.wald.com.br\\\/en\\\/#\\\/schema\\\/logo\\\/image\\\/\",\"url\":\"https:\\\/\\\/www.wald.com.br\\\/wp-content\\\/uploads\\\/2020\\\/02\\\/Logo_Wald.png\",\"contentUrl\":\"https:\\\/\\\/www.wald.com.br\\\/wp-content\\\/uploads\\\/2020\\\/02\\\/Logo_Wald.png\",\"width\":5260,\"height\":2565,\"caption\":\"Wald, Antunes, Vita, Longo e Blattner Advogados\"},\"image\":{\"@id\":\"https:\\\/\\\/www.wald.com.br\\\/en\\\/#\\\/schema\\\/logo\\\/image\\\/\"},\"sameAs\":[\"https:\\\/\\\/www.linkedin.com\\\/company\\\/wald\"]},{\"@type\":\"Person\",\"@id\":\"https:\\\/\\\/www.wald.com.br\\\/en\\\/#\\\/schema\\\/person\\\/63b1ba5d23c51fa9d050dd06ffd0e04a\",\"name\":\"waldadmin2020\",\"image\":{\"@type\":\"ImageObject\",\"inLanguage\":\"en-US\",\"@id\":\"https:\\\/\\\/secure.gravatar.com\\\/avatar\\\/a71cf721eb306cd72432a33f9852249bbdb558baa0f55419ddb257983362db55?s=96&d=mm&r=g\",\"url\":\"https:\\\/\\\/secure.gravatar.com\\\/avatar\\\/a71cf721eb306cd72432a33f9852249bbdb558baa0f55419ddb257983362db55?s=96&d=mm&r=g\",\"contentUrl\":\"https:\\\/\\\/secure.gravatar.com\\\/avatar\\\/a71cf721eb306cd72432a33f9852249bbdb558baa0f55419ddb257983362db55?s=96&d=mm&r=g\",\"caption\":\"waldadmin2020\"},\"sameAs\":[\"https:\\\/\\\/x.com\\\/waldadmin2020\"],\"url\":\"https:\\\/\\\/www.wald.com.br\\\/en\\\/author\\\/waldadmin2020\\\/\"}]}<\/script>\n<!-- \/ Yoast SEO plugin. -->","yoast_head_json":{"title":"OAB-SP nomeia Mariana Negri Logiodice para comiss\u00e3o sobre recupera\u00e7\u00e3o judicial, presidida por Arnoldo Wald Filho | Wald Advogados","robots":{"index":"index","follow":"follow","max-snippet":"max-snippet:-1","max-image-preview":"max-image-preview:large","max-video-preview":"max-video-preview:-1"},"canonical":"https:\/\/www.wald.com.br\/en\/oab-sp-nomeia-mariana-negri-logiodice-para-comissao-sobre-recuperacao-judicial-presidida-por-arnoldo-wald-filho\/","og_locale":"en_US","og_type":"article","og_title":"OAB-SP nomeia Mariana Negri Logiodice para comiss\u00e3o sobre recupera\u00e7\u00e3o judicial, presidida por Arnoldo Wald Filho | Wald Advogados","og_description":"A seccional de S\u00e3o Paulo da Ordem dos Advogados do Brasil (OAB-SP) divulgou nesta semana os nomes de mais 29 advogados para integrar a &#8220;Comiss\u00e3o Especial de Recupera\u00e7\u00e3o Judicial e Fal\u00eancia&#8221;. Entre os profissionais est\u00e1 Mariana Negri Logiodice, do Wald, Antunes, Vita e Blattner Advogados. Segundo a entidade, um dos objetivos do grupo \u00e9 criar [&hellip;]","og_url":"https:\/\/www.wald.com.br\/en\/oab-sp-nomeia-mariana-negri-logiodice-para-comissao-sobre-recuperacao-judicial-presidida-por-arnoldo-wald-filho\/","og_site_name":"Wald Advogados","article_published_time":"2022-07-08T12:58:27+00:00","author":"waldadmin2020","twitter_card":"summary_large_image","twitter_creator":"@waldadmin2020","twitter_misc":{"Written by":"waldadmin2020","Est. reading time":"2 minutes"},"schema":{"@context":"https:\/\/schema.org","@graph":[{"@type":"Article","@id":"https:\/\/www.wald.com.br\/en\/oab-sp-nomeia-mariana-negri-logiodice-para-comissao-sobre-recuperacao-judicial-presidida-por-arnoldo-wald-filho\/#article","isPartOf":{"@id":"https:\/\/www.wald.com.br\/en\/oab-sp-nomeia-mariana-negri-logiodice-para-comissao-sobre-recuperacao-judicial-presidida-por-arnoldo-wald-filho\/"},"author":{"name":"waldadmin2020","@id":"https:\/\/www.wald.com.br\/en\/#\/schema\/person\/63b1ba5d23c51fa9d050dd06ffd0e04a"},"headline":"OAB-SP nomeia Mariana Negri Logiodice para comiss\u00e3o sobre recupera\u00e7\u00e3o judicial, presidida por Arnoldo Wald Filho","datePublished":"2022-07-08T12:58:27+00:00","mainEntityOfPage":{"@id":"https:\/\/www.wald.com.br\/en\/oab-sp-nomeia-mariana-negri-logiodice-para-comissao-sobre-recuperacao-judicial-presidida-por-arnoldo-wald-filho\/"},"wordCount":326,"commentCount":0,"publisher":{"@id":"https:\/\/www.wald.com.br\/en\/#organization"},"keywords":["OAB","OAB-SP","Recupera\u00e7\u00e3o empresarial","Recupera\u00e7\u00e3o judicial"],"articleSection":["News"],"inLanguage":"en-US","potentialAction":[{"@type":"CommentAction","name":"Comment","target":["https:\/\/www.wald.com.br\/en\/oab-sp-nomeia-mariana-negri-logiodice-para-comissao-sobre-recuperacao-judicial-presidida-por-arnoldo-wald-filho\/#respond"]}]},{"@type":"WebPage","@id":"https:\/\/www.wald.com.br\/en\/oab-sp-nomeia-mariana-negri-logiodice-para-comissao-sobre-recuperacao-judicial-presidida-por-arnoldo-wald-filho\/","url":"https:\/\/www.wald.com.br\/en\/oab-sp-nomeia-mariana-negri-logiodice-para-comissao-sobre-recuperacao-judicial-presidida-por-arnoldo-wald-filho\/","name":"OAB-SP nomeia Mariana Negri Logiodice para comiss\u00e3o sobre recupera\u00e7\u00e3o judicial, presidida por Arnoldo Wald Filho | Wald Advogados","isPartOf":{"@id":"https:\/\/www.wald.com.br\/en\/#website"},"datePublished":"2022-07-08T12:58:27+00:00","breadcrumb":{"@id":"https:\/\/www.wald.com.br\/en\/oab-sp-nomeia-mariana-negri-logiodice-para-comissao-sobre-recuperacao-judicial-presidida-por-arnoldo-wald-filho\/#breadcrumb"},"inLanguage":"en-US","potentialAction":[{"@type":"ReadAction","target":["https:\/\/www.wald.com.br\/en\/oab-sp-nomeia-mariana-negri-logiodice-para-comissao-sobre-recuperacao-judicial-presidida-por-arnoldo-wald-filho\/"]}]},{"@type":"BreadcrumbList","@id":"https:\/\/www.wald.com.br\/en\/oab-sp-nomeia-mariana-negri-logiodice-para-comissao-sobre-recuperacao-judicial-presidida-por-arnoldo-wald-filho\/#breadcrumb","itemListElement":[{"@type":"ListItem","position":1,"name":"In\u00edcio","item":"https:\/\/www.wald.com.br\/"},{"@type":"ListItem","position":2,"name":"OAB-SP nomeia Mariana Negri Logiodice para comiss\u00e3o sobre recupera\u00e7\u00e3o judicial, presidida por Arnoldo Wald Filho"}]},{"@type":"WebSite","@id":"https:\/\/www.wald.com.br\/en\/#website","url":"https:\/\/www.wald.com.br\/en\/","name":"Wald Advogados","description":"66 years of leading law practice","publisher":{"@id":"https:\/\/www.wald.com.br\/en\/#organization"},"potentialAction":[{"@type":"SearchAction","target":{"@type":"EntryPoint","urlTemplate":"https:\/\/www.wald.com.br\/en\/?s={search_term_string}"},"query-input":{"@type":"PropertyValueSpecification","valueRequired":true,"valueName":"search_term_string"}}],"inLanguage":"en-US"},{"@type":"Organization","@id":"https:\/\/www.wald.com.br\/en\/#organization","name":"Wald, Antunes, Vita, Longo e Blattner Advogados","url":"https:\/\/www.wald.com.br\/en\/","logo":{"@type":"ImageObject","inLanguage":"en-US","@id":"https:\/\/www.wald.com.br\/en\/#\/schema\/logo\/image\/","url":"https:\/\/www.wald.com.br\/wp-content\/uploads\/2020\/02\/Logo_Wald.png","contentUrl":"https:\/\/www.wald.com.br\/wp-content\/uploads\/2020\/02\/Logo_Wald.png","width":5260,"height":2565,"caption":"Wald, Antunes, Vita, Longo e Blattner Advogados"},"image":{"@id":"https:\/\/www.wald.com.br\/en\/#\/schema\/logo\/image\/"},"sameAs":["https:\/\/www.linkedin.com\/company\/wald"]},{"@type":"Person","@id":"https:\/\/www.wald.com.br\/en\/#\/schema\/person\/63b1ba5d23c51fa9d050dd06ffd0e04a","name":"waldadmin2020","image":{"@type":"ImageObject","inLanguage":"en-US","@id":"https:\/\/secure.gravatar.com\/avatar\/a71cf721eb306cd72432a33f9852249bbdb558baa0f55419ddb257983362db55?s=96&d=mm&r=g","url":"https:\/\/secure.gravatar.com\/avatar\/a71cf721eb306cd72432a33f9852249bbdb558baa0f55419ddb257983362db55?s=96&d=mm&r=g","contentUrl":"https:\/\/secure.gravatar.com\/avatar\/a71cf721eb306cd72432a33f9852249bbdb558baa0f55419ddb257983362db55?s=96&d=mm&r=g","caption":"waldadmin2020"},"sameAs":["https:\/\/x.com\/waldadmin2020"],"url":"https:\/\/www.wald.com.br\/en\/author\/waldadmin2020\/"}]}},"_links":{"self":[{"href":"https:\/\/www.wald.com.br\/en\/wp-json\/wp\/v2\/posts\/1829","targetHints":{"allow":["GET"]}}],"collection":[{"href":"https:\/\/www.wald.com.br\/en\/wp-json\/wp\/v2\/posts"}],"about":[{"href":"https:\/\/www.wald.com.br\/en\/wp-json\/wp\/v2\/types\/post"}],"author":[{"embeddable":true,"href":"https:\/\/www.wald.com.br\/en\/wp-json\/wp\/v2\/users\/1"}],"replies":[{"embeddable":true,"href":"https:\/\/www.wald.com.br\/en\/wp-json\/wp\/v2\/comments?post=1829"}],"version-history":[{"count":1,"href":"https:\/\/www.wald.com.br\/en\/wp-json\/wp\/v2\/posts\/1829\/revisions"}],"predecessor-version":[{"id":1830,"href":"https:\/\/www.wald.com.br\/en\/wp-json\/wp\/v2\/posts\/1829\/revisions\/1830"}],"wp:attachment":[{"href":"https:\/\/www.wald.com.br\/en\/wp-json\/wp\/v2\/media?parent=1829"}],"wp:term":[{"taxonomy":"category","embeddable":true,"href":"https:\/\/www.wald.com.br\/en\/wp-json\/wp\/v2\/categories?post=1829"},{"taxonomy":"post_tag","embeddable":true,"href":"https:\/\/www.wald.com.br\/en\/wp-json\/wp\/v2\/tags?post=1829"}],"curies":[{"name":"wp","href":"https:\/\/api.w.org\/{rel}","templated":true}]}}