{"id":1848,"date":"2022-10-03T10:48:46","date_gmt":"2022-10-03T13:48:46","guid":{"rendered":"https:\/\/www.wald.com.br\/?p=1848"},"modified":"2022-10-03T13:47:04","modified_gmt":"2022-10-03T16:47:04","slug":"riccardo-torre-e-indicado-para-fazer-parte-da-icc-global-commission-on-arbitration-and-adr","status":"publish","type":"post","link":"https:\/\/www.wald.com.br\/en\/riccardo-torre-e-indicado-para-fazer-parte-da-icc-global-commission-on-arbitration-and-adr\/","title":{"rendered":"Riccardo Torre \u00e9 nomeado para fazer parte da ICC Global Commission on Arbitration and ADR"},"content":{"rendered":"<p>Nosso s\u00f3cio <strong>Riccardo Torre<\/strong> foi nomeado, pela Comiss\u00e3o de Arbitragem e Media\u00e7\u00e3o da CCI Brasil, para representar o pa\u00eds na ICC Global Commission on Arbitration and ADR. O \u00f3rg\u00e3o \u2013 parte da International Chamber of Commerce (ICC) \u2013 atua na formula\u00e7\u00e3o e revis\u00e3o de pol\u00edticas e padr\u00f5es para a condu\u00e7\u00e3o de arbitragens internacionais e processos de resolu\u00e7\u00e3o de disputas, e conta com cerca de mil membros em mais de 90 pa\u00edses.<\/p>\n<p><a href=\"https:\/\/iccwbo.org\/dispute-resolution-services\/commission-on-arbitration-and-adr\" target=\"_blank\" rel=\"noopener noreferrer\">Clique aqui para saber mais sobre a comiss\u00e3o<\/a>.<\/p>\n","protected":false},"excerpt":{"rendered":"<p>Nosso s\u00f3cio Riccardo Torre foi nomeado, pela Comiss\u00e3o de Arbitragem e Media\u00e7\u00e3o da CCI Brasil, para representar o pa\u00eds na ICC Global Commission on Arbitration and ADR. O \u00f3rg\u00e3o \u2013 parte da International Chamber of Commerce (ICC) \u2013 atua na formula\u00e7\u00e3o e revis\u00e3o de pol\u00edticas e padr\u00f5es para a condu\u00e7\u00e3o de arbitragens internacionais e processos [&hellip;]<\/p>\n","protected":false},"author":1,"featured_media":0,"comment_status":"open","ping_status":"closed","sticky":false,"template":"","format":"standard","meta":{"_acf_changed":false,"footnotes":""},"categories":[2],"tags":[14,148],"class_list":["post-1848","post","type-post","status-publish","format-standard","hentry","category-noticias","tag-arbitragem","tag-icc"],"acf":[],"yoast_head":"<!-- This site is optimized with the Yoast SEO plugin v27.5 - https:\/\/yoast.com\/product\/yoast-seo-wordpress\/ -->\n<title>Riccardo Torre \u00e9 nomeado para fazer parte da ICC Global Commission on Arbitration and ADR | Wald Advogados<\/title>\n<meta name=\"robots\" content=\"index, follow, max-snippet:-1, max-image-preview:large, max-video-preview:-1\" \/>\n<link rel=\"canonical\" href=\"https:\/\/www.wald.com.br\/en\/riccardo-torre-e-indicado-para-fazer-parte-da-icc-global-commission-on-arbitration-and-adr\/\" \/>\n<meta property=\"og:locale\" content=\"en_US\" \/>\n<meta property=\"og:type\" content=\"article\" \/>\n<meta property=\"og:title\" content=\"Riccardo Torre \u00e9 nomeado para fazer parte da ICC Global Commission on Arbitration and ADR | Wald Advogados\" \/>\n<meta property=\"og:description\" content=\"Nosso s\u00f3cio Riccardo Torre foi nomeado, pela Comiss\u00e3o de Arbitragem e Media\u00e7\u00e3o da CCI Brasil, para representar o pa\u00eds na ICC Global Commission on Arbitration and ADR. O \u00f3rg\u00e3o \u2013 parte da International Chamber of Commerce (ICC) \u2013 atua na formula\u00e7\u00e3o e revis\u00e3o de pol\u00edticas e padr\u00f5es para a condu\u00e7\u00e3o de arbitragens internacionais e processos [&hellip;]\" \/>\n<meta property=\"og:url\" content=\"https:\/\/www.wald.com.br\/en\/riccardo-torre-e-indicado-para-fazer-parte-da-icc-global-commission-on-arbitration-and-adr\/\" \/>\n<meta property=\"og:site_name\" content=\"Wald Advogados\" \/>\n<meta property=\"article:published_time\" content=\"2022-10-03T13:48:46+00:00\" \/>\n<meta property=\"article:modified_time\" content=\"2022-10-03T16:47:04+00:00\" \/>\n<meta name=\"author\" content=\"waldadmin2020\" \/>\n<meta name=\"twitter:card\" content=\"summary_large_image\" \/>\n<meta name=\"twitter:creator\" content=\"@waldadmin2020\" \/>\n<meta name=\"twitter:label1\" content=\"Written by\" \/>\n\t<meta name=\"twitter:data1\" content=\"waldadmin2020\" \/>\n\t<meta name=\"twitter:label2\" content=\"Est. reading time\" \/>\n\t<meta name=\"twitter:data2\" content=\"1 minute\" \/>\n<script type=\"application\/ld+json\" class=\"yoast-schema-graph\">{\"@context\":\"https:\\\/\\\/schema.org\",\"@graph\":[{\"@type\":\"Article\",\"@id\":\"https:\\\/\\\/www.wald.com.br\\\/en\\\/riccardo-torre-e-indicado-para-fazer-parte-da-icc-global-commission-on-arbitration-and-adr\\\/#article\",\"isPartOf\":{\"@id\":\"https:\\\/\\\/www.wald.com.br\\\/en\\\/riccardo-torre-e-indicado-para-fazer-parte-da-icc-global-commission-on-arbitration-and-adr\\\/\"},\"author\":{\"name\":\"waldadmin2020\",\"@id\":\"https:\\\/\\\/www.wald.com.br\\\/en\\\/#\\\/schema\\\/person\\\/63b1ba5d23c51fa9d050dd06ffd0e04a\"},\"headline\":\"Riccardo Torre \u00e9 nomeado para fazer parte da ICC Global Commission on Arbitration and ADR\",\"datePublished\":\"2022-10-03T13:48:46+00:00\",\"dateModified\":\"2022-10-03T16:47:04+00:00\",\"mainEntityOfPage\":{\"@id\":\"https:\\\/\\\/www.wald.com.br\\\/en\\\/riccardo-torre-e-indicado-para-fazer-parte-da-icc-global-commission-on-arbitration-and-adr\\\/\"},\"wordCount\":103,\"commentCount\":0,\"publisher\":{\"@id\":\"https:\\\/\\\/www.wald.com.br\\\/en\\\/#organization\"},\"keywords\":[\"Arbitragem\",\"ICC\"],\"articleSection\":[\"News\"],\"inLanguage\":\"en-US\",\"potentialAction\":[{\"@type\":\"CommentAction\",\"name\":\"Comment\",\"target\":[\"https:\\\/\\\/www.wald.com.br\\\/en\\\/riccardo-torre-e-indicado-para-fazer-parte-da-icc-global-commission-on-arbitration-and-adr\\\/#respond\"]}]},{\"@type\":\"WebPage\",\"@id\":\"https:\\\/\\\/www.wald.com.br\\\/en\\\/riccardo-torre-e-indicado-para-fazer-parte-da-icc-global-commission-on-arbitration-and-adr\\\/\",\"url\":\"https:\\\/\\\/www.wald.com.br\\\/en\\\/riccardo-torre-e-indicado-para-fazer-parte-da-icc-global-commission-on-arbitration-and-adr\\\/\",\"name\":\"Riccardo Torre \u00e9 nomeado para fazer parte da ICC Global Commission on Arbitration and ADR | Wald Advogados\",\"isPartOf\":{\"@id\":\"https:\\\/\\\/www.wald.com.br\\\/en\\\/#website\"},\"datePublished\":\"2022-10-03T13:48:46+00:00\",\"dateModified\":\"2022-10-03T16:47:04+00:00\",\"breadcrumb\":{\"@id\":\"https:\\\/\\\/www.wald.com.br\\\/en\\\/riccardo-torre-e-indicado-para-fazer-parte-da-icc-global-commission-on-arbitration-and-adr\\\/#breadcrumb\"},\"inLanguage\":\"en-US\",\"potentialAction\":[{\"@type\":\"ReadAction\",\"target\":[\"https:\\\/\\\/www.wald.com.br\\\/en\\\/riccardo-torre-e-indicado-para-fazer-parte-da-icc-global-commission-on-arbitration-and-adr\\\/\"]}]},{\"@type\":\"BreadcrumbList\",\"@id\":\"https:\\\/\\\/www.wald.com.br\\\/en\\\/riccardo-torre-e-indicado-para-fazer-parte-da-icc-global-commission-on-arbitration-and-adr\\\/#breadcrumb\",\"itemListElement\":[{\"@type\":\"ListItem\",\"position\":1,\"name\":\"In\u00edcio\",\"item\":\"https:\\\/\\\/www.wald.com.br\\\/\"},{\"@type\":\"ListItem\",\"position\":2,\"name\":\"Riccardo Torre \u00e9 nomeado para fazer parte da ICC Global Commission on Arbitration and ADR\"}]},{\"@type\":\"WebSite\",\"@id\":\"https:\\\/\\\/www.wald.com.br\\\/en\\\/#website\",\"url\":\"https:\\\/\\\/www.wald.com.br\\\/en\\\/\",\"name\":\"Wald Advogados\",\"description\":\"66 years of leading law practice\",\"publisher\":{\"@id\":\"https:\\\/\\\/www.wald.com.br\\\/en\\\/#organization\"},\"potentialAction\":[{\"@type\":\"SearchAction\",\"target\":{\"@type\":\"EntryPoint\",\"urlTemplate\":\"https:\\\/\\\/www.wald.com.br\\\/en\\\/?s={search_term_string}\"},\"query-input\":{\"@type\":\"PropertyValueSpecification\",\"valueRequired\":true,\"valueName\":\"search_term_string\"}}],\"inLanguage\":\"en-US\"},{\"@type\":\"Organization\",\"@id\":\"https:\\\/\\\/www.wald.com.br\\\/en\\\/#organization\",\"name\":\"Wald, Antunes, Vita, Longo e Blattner Advogados\",\"url\":\"https:\\\/\\\/www.wald.com.br\\\/en\\\/\",\"logo\":{\"@type\":\"ImageObject\",\"inLanguage\":\"en-US\",\"@id\":\"https:\\\/\\\/www.wald.com.br\\\/en\\\/#\\\/schema\\\/logo\\\/image\\\/\",\"url\":\"https:\\\/\\\/www.wald.com.br\\\/wp-content\\\/uploads\\\/2020\\\/02\\\/Logo_Wald.png\",\"contentUrl\":\"https:\\\/\\\/www.wald.com.br\\\/wp-content\\\/uploads\\\/2020\\\/02\\\/Logo_Wald.png\",\"width\":5260,\"height\":2565,\"caption\":\"Wald, Antunes, Vita, Longo e Blattner Advogados\"},\"image\":{\"@id\":\"https:\\\/\\\/www.wald.com.br\\\/en\\\/#\\\/schema\\\/logo\\\/image\\\/\"},\"sameAs\":[\"https:\\\/\\\/www.linkedin.com\\\/company\\\/wald\"]},{\"@type\":\"Person\",\"@id\":\"https:\\\/\\\/www.wald.com.br\\\/en\\\/#\\\/schema\\\/person\\\/63b1ba5d23c51fa9d050dd06ffd0e04a\",\"name\":\"waldadmin2020\",\"image\":{\"@type\":\"ImageObject\",\"inLanguage\":\"en-US\",\"@id\":\"https:\\\/\\\/secure.gravatar.com\\\/avatar\\\/a71cf721eb306cd72432a33f9852249bbdb558baa0f55419ddb257983362db55?s=96&d=mm&r=g\",\"url\":\"https:\\\/\\\/secure.gravatar.com\\\/avatar\\\/a71cf721eb306cd72432a33f9852249bbdb558baa0f55419ddb257983362db55?s=96&d=mm&r=g\",\"contentUrl\":\"https:\\\/\\\/secure.gravatar.com\\\/avatar\\\/a71cf721eb306cd72432a33f9852249bbdb558baa0f55419ddb257983362db55?s=96&d=mm&r=g\",\"caption\":\"waldadmin2020\"},\"sameAs\":[\"https:\\\/\\\/x.com\\\/waldadmin2020\"],\"url\":\"https:\\\/\\\/www.wald.com.br\\\/en\\\/author\\\/waldadmin2020\\\/\"}]}<\/script>\n<!-- \/ Yoast SEO plugin. -->","yoast_head_json":{"title":"Riccardo Torre \u00e9 nomeado para fazer parte da ICC Global Commission on Arbitration and ADR | Wald Advogados","robots":{"index":"index","follow":"follow","max-snippet":"max-snippet:-1","max-image-preview":"max-image-preview:large","max-video-preview":"max-video-preview:-1"},"canonical":"https:\/\/www.wald.com.br\/en\/riccardo-torre-e-indicado-para-fazer-parte-da-icc-global-commission-on-arbitration-and-adr\/","og_locale":"en_US","og_type":"article","og_title":"Riccardo Torre \u00e9 nomeado para fazer parte da ICC Global Commission on Arbitration and ADR | Wald Advogados","og_description":"Nosso s\u00f3cio Riccardo Torre foi nomeado, pela Comiss\u00e3o de Arbitragem e Media\u00e7\u00e3o da CCI Brasil, para representar o pa\u00eds na ICC Global Commission on Arbitration and ADR. O \u00f3rg\u00e3o \u2013 parte da International Chamber of Commerce (ICC) \u2013 atua na formula\u00e7\u00e3o e revis\u00e3o de pol\u00edticas e padr\u00f5es para a condu\u00e7\u00e3o de arbitragens internacionais e processos [&hellip;]","og_url":"https:\/\/www.wald.com.br\/en\/riccardo-torre-e-indicado-para-fazer-parte-da-icc-global-commission-on-arbitration-and-adr\/","og_site_name":"Wald Advogados","article_published_time":"2022-10-03T13:48:46+00:00","article_modified_time":"2022-10-03T16:47:04+00:00","author":"waldadmin2020","twitter_card":"summary_large_image","twitter_creator":"@waldadmin2020","twitter_misc":{"Written by":"waldadmin2020","Est. reading time":"1 minute"},"schema":{"@context":"https:\/\/schema.org","@graph":[{"@type":"Article","@id":"https:\/\/www.wald.com.br\/en\/riccardo-torre-e-indicado-para-fazer-parte-da-icc-global-commission-on-arbitration-and-adr\/#article","isPartOf":{"@id":"https:\/\/www.wald.com.br\/en\/riccardo-torre-e-indicado-para-fazer-parte-da-icc-global-commission-on-arbitration-and-adr\/"},"author":{"name":"waldadmin2020","@id":"https:\/\/www.wald.com.br\/en\/#\/schema\/person\/63b1ba5d23c51fa9d050dd06ffd0e04a"},"headline":"Riccardo Torre \u00e9 nomeado para fazer parte da ICC Global Commission on Arbitration and ADR","datePublished":"2022-10-03T13:48:46+00:00","dateModified":"2022-10-03T16:47:04+00:00","mainEntityOfPage":{"@id":"https:\/\/www.wald.com.br\/en\/riccardo-torre-e-indicado-para-fazer-parte-da-icc-global-commission-on-arbitration-and-adr\/"},"wordCount":103,"commentCount":0,"publisher":{"@id":"https:\/\/www.wald.com.br\/en\/#organization"},"keywords":["Arbitragem","ICC"],"articleSection":["News"],"inLanguage":"en-US","potentialAction":[{"@type":"CommentAction","name":"Comment","target":["https:\/\/www.wald.com.br\/en\/riccardo-torre-e-indicado-para-fazer-parte-da-icc-global-commission-on-arbitration-and-adr\/#respond"]}]},{"@type":"WebPage","@id":"https:\/\/www.wald.com.br\/en\/riccardo-torre-e-indicado-para-fazer-parte-da-icc-global-commission-on-arbitration-and-adr\/","url":"https:\/\/www.wald.com.br\/en\/riccardo-torre-e-indicado-para-fazer-parte-da-icc-global-commission-on-arbitration-and-adr\/","name":"Riccardo Torre \u00e9 nomeado para fazer parte da ICC Global Commission on Arbitration and ADR | Wald Advogados","isPartOf":{"@id":"https:\/\/www.wald.com.br\/en\/#website"},"datePublished":"2022-10-03T13:48:46+00:00","dateModified":"2022-10-03T16:47:04+00:00","breadcrumb":{"@id":"https:\/\/www.wald.com.br\/en\/riccardo-torre-e-indicado-para-fazer-parte-da-icc-global-commission-on-arbitration-and-adr\/#breadcrumb"},"inLanguage":"en-US","potentialAction":[{"@type":"ReadAction","target":["https:\/\/www.wald.com.br\/en\/riccardo-torre-e-indicado-para-fazer-parte-da-icc-global-commission-on-arbitration-and-adr\/"]}]},{"@type":"BreadcrumbList","@id":"https:\/\/www.wald.com.br\/en\/riccardo-torre-e-indicado-para-fazer-parte-da-icc-global-commission-on-arbitration-and-adr\/#breadcrumb","itemListElement":[{"@type":"ListItem","position":1,"name":"In\u00edcio","item":"https:\/\/www.wald.com.br\/"},{"@type":"ListItem","position":2,"name":"Riccardo Torre \u00e9 nomeado para fazer parte da ICC Global Commission on Arbitration and ADR"}]},{"@type":"WebSite","@id":"https:\/\/www.wald.com.br\/en\/#website","url":"https:\/\/www.wald.com.br\/en\/","name":"Wald Advogados","description":"66 years of leading law practice","publisher":{"@id":"https:\/\/www.wald.com.br\/en\/#organization"},"potentialAction":[{"@type":"SearchAction","target":{"@type":"EntryPoint","urlTemplate":"https:\/\/www.wald.com.br\/en\/?s={search_term_string}"},"query-input":{"@type":"PropertyValueSpecification","valueRequired":true,"valueName":"search_term_string"}}],"inLanguage":"en-US"},{"@type":"Organization","@id":"https:\/\/www.wald.com.br\/en\/#organization","name":"Wald, Antunes, Vita, Longo e Blattner Advogados","url":"https:\/\/www.wald.com.br\/en\/","logo":{"@type":"ImageObject","inLanguage":"en-US","@id":"https:\/\/www.wald.com.br\/en\/#\/schema\/logo\/image\/","url":"https:\/\/www.wald.com.br\/wp-content\/uploads\/2020\/02\/Logo_Wald.png","contentUrl":"https:\/\/www.wald.com.br\/wp-content\/uploads\/2020\/02\/Logo_Wald.png","width":5260,"height":2565,"caption":"Wald, Antunes, Vita, Longo e Blattner Advogados"},"image":{"@id":"https:\/\/www.wald.com.br\/en\/#\/schema\/logo\/image\/"},"sameAs":["https:\/\/www.linkedin.com\/company\/wald"]},{"@type":"Person","@id":"https:\/\/www.wald.com.br\/en\/#\/schema\/person\/63b1ba5d23c51fa9d050dd06ffd0e04a","name":"waldadmin2020","image":{"@type":"ImageObject","inLanguage":"en-US","@id":"https:\/\/secure.gravatar.com\/avatar\/a71cf721eb306cd72432a33f9852249bbdb558baa0f55419ddb257983362db55?s=96&d=mm&r=g","url":"https:\/\/secure.gravatar.com\/avatar\/a71cf721eb306cd72432a33f9852249bbdb558baa0f55419ddb257983362db55?s=96&d=mm&r=g","contentUrl":"https:\/\/secure.gravatar.com\/avatar\/a71cf721eb306cd72432a33f9852249bbdb558baa0f55419ddb257983362db55?s=96&d=mm&r=g","caption":"waldadmin2020"},"sameAs":["https:\/\/x.com\/waldadmin2020"],"url":"https:\/\/www.wald.com.br\/en\/author\/waldadmin2020\/"}]}},"_links":{"self":[{"href":"https:\/\/www.wald.com.br\/en\/wp-json\/wp\/v2\/posts\/1848","targetHints":{"allow":["GET"]}}],"collection":[{"href":"https:\/\/www.wald.com.br\/en\/wp-json\/wp\/v2\/posts"}],"about":[{"href":"https:\/\/www.wald.com.br\/en\/wp-json\/wp\/v2\/types\/post"}],"author":[{"embeddable":true,"href":"https:\/\/www.wald.com.br\/en\/wp-json\/wp\/v2\/users\/1"}],"replies":[{"embeddable":true,"href":"https:\/\/www.wald.com.br\/en\/wp-json\/wp\/v2\/comments?post=1848"}],"version-history":[{"count":4,"href":"https:\/\/www.wald.com.br\/en\/wp-json\/wp\/v2\/posts\/1848\/revisions"}],"predecessor-version":[{"id":1945,"href":"https:\/\/www.wald.com.br\/en\/wp-json\/wp\/v2\/posts\/1848\/revisions\/1945"}],"wp:attachment":[{"href":"https:\/\/www.wald.com.br\/en\/wp-json\/wp\/v2\/media?parent=1848"}],"wp:term":[{"taxonomy":"category","embeddable":true,"href":"https:\/\/www.wald.com.br\/en\/wp-json\/wp\/v2\/categories?post=1848"},{"taxonomy":"post_tag","embeddable":true,"href":"https:\/\/www.wald.com.br\/en\/wp-json\/wp\/v2\/tags?post=1848"}],"curies":[{"name":"wp","href":"https:\/\/api.w.org\/{rel}","templated":true}]}}