{"id":1903,"date":"2022-08-29T15:01:37","date_gmt":"2022-08-29T18:01:37","guid":{"rendered":"https:\/\/www.wald.com.br\/?p=1903"},"modified":"2022-08-29T15:42:33","modified_gmt":"2022-08-29T18:42:33","slug":"wald-antunes-vita-e-blattner-advogados-e-destaque-no-latin-lawyer-250","status":"publish","type":"post","link":"https:\/\/www.wald.com.br\/en\/wald-antunes-vita-e-blattner-advogados-e-destaque-no-latin-lawyer-250\/","title":{"rendered":"Wald, Antunes, Vita e Blattner Advogados \u00e9 destaque no Latin Lawyer 250"},"content":{"rendered":"<p>O Wald, Antunes, Vita e Blattner Advogados est\u00e1 entre os escrit\u00f3rios \u201caltamente recomendados\u201d na mais recente edi\u00e7\u00e3o do ranking Latin Lawyer 250 nas \u00e1reas de Arbitration e Litigation.<\/p>\n<p>No campo da arbitragem, al\u00e9m do nosso fundador, professor <strong>Arnoldo Wald<\/strong>, a publica\u00e7\u00e3o tamb\u00e9m destaca os s\u00f3cios <strong>Alexandre Wald<\/strong>, <strong>Arnoldo Wald Filho<\/strong>, <strong>Mariana Tavares Antunes<\/strong>, <strong>Marcus Vinicius Vita<\/strong>, <strong>Marina Blattner<\/strong>, <strong>Riccardo Torre<\/strong> e <strong>Clarissa Marcondes Mac\u00e9a<\/strong>. No contencioso, <strong>Eduardo Chad<\/strong> tamb\u00e9m \u00e9 destaque.<\/p>\n<p><a href=\"\/\/latinlawyer.com\/rankings\/latin-lawyer-250\/profile\/firm\/wald-antunes-vita-e-blattner-advogados\" target=\"_blank\" rel=\"noopener noreferrer\">Clique para acessar o perfil completo do escrit\u00f3rio no LL 250<\/a>.<\/p>\n<p><img loading=\"lazy\" decoding=\"async\" class=\"alignnone size-full wp-image-1904\" src=\"https:\/\/www.wald.com.br\/wp-content\/uploads\/2022\/08\/Wald-LL250-2022.png\" alt=\"\" width=\"1920\" height=\"1920\" srcset=\"https:\/\/www.wald.com.br\/wp-content\/uploads\/2022\/08\/Wald-LL250-2022.png 1920w, https:\/\/www.wald.com.br\/wp-content\/uploads\/2022\/08\/Wald-LL250-2022-300x300.png 300w, https:\/\/www.wald.com.br\/wp-content\/uploads\/2022\/08\/Wald-LL250-2022-1024x1024.png 1024w, https:\/\/www.wald.com.br\/wp-content\/uploads\/2022\/08\/Wald-LL250-2022-150x150.png 150w, https:\/\/www.wald.com.br\/wp-content\/uploads\/2022\/08\/Wald-LL250-2022-768x768.png 768w, https:\/\/www.wald.com.br\/wp-content\/uploads\/2022\/08\/Wald-LL250-2022-1536x1536.png 1536w\" sizes=\"auto, (max-width: 1920px) 100vw, 1920px\" \/><\/p>\n","protected":false},"excerpt":{"rendered":"<p>O Wald, Antunes, Vita e Blattner Advogados est\u00e1 entre os escrit\u00f3rios \u201caltamente recomendados\u201d na mais recente edi\u00e7\u00e3o do ranking Latin Lawyer 250 nas \u00e1reas de Arbitration e Litigation. No campo da arbitragem, al\u00e9m do nosso fundador, professor Arnoldo Wald, a publica\u00e7\u00e3o tamb\u00e9m destaca os s\u00f3cios Alexandre Wald, Arnoldo Wald Filho, Mariana Tavares Antunes, Marcus Vinicius [&hellip;]<\/p>\n","protected":false},"author":1,"featured_media":0,"comment_status":"open","ping_status":"closed","sticky":false,"template":"","format":"standard","meta":{"_acf_changed":false,"footnotes":""},"categories":[2],"tags":[14,17,53,46,12,16],"class_list":["post-1903","post","type-post","status-publish","format-standard","hentry","category-noticias","tag-arbitragem","tag-contencioso","tag-latin-lawyer","tag-latin-lawyer-250","tag-mediacao","tag-precontencioso"],"acf":[],"yoast_head":"<!-- This site is optimized with the Yoast SEO plugin v27.5 - https:\/\/yoast.com\/product\/yoast-seo-wordpress\/ -->\n<title>Wald, Antunes, Vita e Blattner Advogados \u00e9 destaque no Latin Lawyer 250 | Wald Advogados<\/title>\n<meta name=\"robots\" content=\"index, follow, max-snippet:-1, max-image-preview:large, max-video-preview:-1\" \/>\n<link rel=\"canonical\" href=\"https:\/\/www.wald.com.br\/wald-antunes-vita-e-blattner-advogados-e-destaque-no-latin-lawyer-250\/\" \/>\n<meta property=\"og:locale\" content=\"en_US\" \/>\n<meta property=\"og:type\" content=\"article\" \/>\n<meta property=\"og:title\" content=\"Wald, Antunes, Vita e Blattner Advogados \u00e9 destaque no Latin Lawyer 250 | Wald Advogados\" \/>\n<meta property=\"og:description\" content=\"O Wald, Antunes, Vita e Blattner Advogados est\u00e1 entre os escrit\u00f3rios \u201caltamente recomendados\u201d na mais recente edi\u00e7\u00e3o do ranking Latin Lawyer 250 nas \u00e1reas de Arbitration e Litigation. No campo da arbitragem, al\u00e9m do nosso fundador, professor Arnoldo Wald, a publica\u00e7\u00e3o tamb\u00e9m destaca os s\u00f3cios Alexandre Wald, Arnoldo Wald Filho, Mariana Tavares Antunes, Marcus Vinicius [&hellip;]\" \/>\n<meta property=\"og:url\" content=\"https:\/\/www.wald.com.br\/wald-antunes-vita-e-blattner-advogados-e-destaque-no-latin-lawyer-250\/\" \/>\n<meta property=\"og:site_name\" content=\"Wald Advogados\" \/>\n<meta property=\"article:published_time\" content=\"2022-08-29T18:01:37+00:00\" \/>\n<meta property=\"article:modified_time\" content=\"2022-08-29T18:42:33+00:00\" \/>\n<meta property=\"og:image\" content=\"https:\/\/www.wald.com.br\/wp-content\/uploads\/2022\/08\/Wald-LL250-2022.png\" \/>\n<meta name=\"author\" content=\"waldadmin2020\" \/>\n<meta name=\"twitter:card\" content=\"summary_large_image\" \/>\n<meta name=\"twitter:creator\" content=\"@waldadmin2020\" \/>\n<meta name=\"twitter:label1\" content=\"Written by\" \/>\n\t<meta name=\"twitter:data1\" content=\"waldadmin2020\" \/>\n\t<meta name=\"twitter:label2\" content=\"Est. reading time\" \/>\n\t<meta name=\"twitter:data2\" content=\"1 minute\" \/>\n<script type=\"application\/ld+json\" class=\"yoast-schema-graph\">{\"@context\":\"https:\\\/\\\/schema.org\",\"@graph\":[{\"@type\":\"Article\",\"@id\":\"https:\\\/\\\/www.wald.com.br\\\/wald-antunes-vita-e-blattner-advogados-e-destaque-no-latin-lawyer-250\\\/#article\",\"isPartOf\":{\"@id\":\"https:\\\/\\\/www.wald.com.br\\\/wald-antunes-vita-e-blattner-advogados-e-destaque-no-latin-lawyer-250\\\/\"},\"author\":{\"name\":\"waldadmin2020\",\"@id\":\"https:\\\/\\\/www.wald.com.br\\\/en\\\/#\\\/schema\\\/person\\\/63b1ba5d23c51fa9d050dd06ffd0e04a\"},\"headline\":\"Wald, Antunes, Vita e Blattner Advogados \u00e9 destaque no Latin Lawyer 250\",\"datePublished\":\"2022-08-29T18:01:37+00:00\",\"dateModified\":\"2022-08-29T18:42:33+00:00\",\"mainEntityOfPage\":{\"@id\":\"https:\\\/\\\/www.wald.com.br\\\/wald-antunes-vita-e-blattner-advogados-e-destaque-no-latin-lawyer-250\\\/\"},\"wordCount\":98,\"commentCount\":0,\"publisher\":{\"@id\":\"https:\\\/\\\/www.wald.com.br\\\/en\\\/#organization\"},\"image\":{\"@id\":\"https:\\\/\\\/www.wald.com.br\\\/wald-antunes-vita-e-blattner-advogados-e-destaque-no-latin-lawyer-250\\\/#primaryimage\"},\"thumbnailUrl\":\"https:\\\/\\\/www.wald.com.br\\\/wp-content\\\/uploads\\\/2022\\\/08\\\/Wald-LL250-2022.png\",\"keywords\":[\"Arbitragem\",\"Contencioso administrativo e judicial\",\"Latin Lawyer\",\"Latin Lawyer 250\",\"Media\u00e7\u00e3o\",\"Pr\u00e9-contencioso\"],\"articleSection\":[\"News\"],\"inLanguage\":\"en-US\",\"potentialAction\":[{\"@type\":\"CommentAction\",\"name\":\"Comment\",\"target\":[\"https:\\\/\\\/www.wald.com.br\\\/wald-antunes-vita-e-blattner-advogados-e-destaque-no-latin-lawyer-250\\\/#respond\"]}]},{\"@type\":\"WebPage\",\"@id\":\"https:\\\/\\\/www.wald.com.br\\\/wald-antunes-vita-e-blattner-advogados-e-destaque-no-latin-lawyer-250\\\/\",\"url\":\"https:\\\/\\\/www.wald.com.br\\\/wald-antunes-vita-e-blattner-advogados-e-destaque-no-latin-lawyer-250\\\/\",\"name\":\"Wald, Antunes, Vita e Blattner Advogados \u00e9 destaque no Latin Lawyer 250 | Wald Advogados\",\"isPartOf\":{\"@id\":\"https:\\\/\\\/www.wald.com.br\\\/en\\\/#website\"},\"primaryImageOfPage\":{\"@id\":\"https:\\\/\\\/www.wald.com.br\\\/wald-antunes-vita-e-blattner-advogados-e-destaque-no-latin-lawyer-250\\\/#primaryimage\"},\"image\":{\"@id\":\"https:\\\/\\\/www.wald.com.br\\\/wald-antunes-vita-e-blattner-advogados-e-destaque-no-latin-lawyer-250\\\/#primaryimage\"},\"thumbnailUrl\":\"https:\\\/\\\/www.wald.com.br\\\/wp-content\\\/uploads\\\/2022\\\/08\\\/Wald-LL250-2022.png\",\"datePublished\":\"2022-08-29T18:01:37+00:00\",\"dateModified\":\"2022-08-29T18:42:33+00:00\",\"breadcrumb\":{\"@id\":\"https:\\\/\\\/www.wald.com.br\\\/wald-antunes-vita-e-blattner-advogados-e-destaque-no-latin-lawyer-250\\\/#breadcrumb\"},\"inLanguage\":\"en-US\",\"potentialAction\":[{\"@type\":\"ReadAction\",\"target\":[\"https:\\\/\\\/www.wald.com.br\\\/wald-antunes-vita-e-blattner-advogados-e-destaque-no-latin-lawyer-250\\\/\"]}]},{\"@type\":\"ImageObject\",\"inLanguage\":\"en-US\",\"@id\":\"https:\\\/\\\/www.wald.com.br\\\/wald-antunes-vita-e-blattner-advogados-e-destaque-no-latin-lawyer-250\\\/#primaryimage\",\"url\":\"https:\\\/\\\/www.wald.com.br\\\/wp-content\\\/uploads\\\/2022\\\/08\\\/Wald-LL250-2022.png\",\"contentUrl\":\"https:\\\/\\\/www.wald.com.br\\\/wp-content\\\/uploads\\\/2022\\\/08\\\/Wald-LL250-2022.png\"},{\"@type\":\"BreadcrumbList\",\"@id\":\"https:\\\/\\\/www.wald.com.br\\\/wald-antunes-vita-e-blattner-advogados-e-destaque-no-latin-lawyer-250\\\/#breadcrumb\",\"itemListElement\":[{\"@type\":\"ListItem\",\"position\":1,\"name\":\"In\u00edcio\",\"item\":\"https:\\\/\\\/www.wald.com.br\\\/\"},{\"@type\":\"ListItem\",\"position\":2,\"name\":\"Wald, Antunes, Vita e Blattner Advogados \u00e9 destaque no Latin Lawyer 250\"}]},{\"@type\":\"WebSite\",\"@id\":\"https:\\\/\\\/www.wald.com.br\\\/en\\\/#website\",\"url\":\"https:\\\/\\\/www.wald.com.br\\\/en\\\/\",\"name\":\"Wald Advogados\",\"description\":\"66 years of leading law practice\",\"publisher\":{\"@id\":\"https:\\\/\\\/www.wald.com.br\\\/en\\\/#organization\"},\"potentialAction\":[{\"@type\":\"SearchAction\",\"target\":{\"@type\":\"EntryPoint\",\"urlTemplate\":\"https:\\\/\\\/www.wald.com.br\\\/en\\\/?s={search_term_string}\"},\"query-input\":{\"@type\":\"PropertyValueSpecification\",\"valueRequired\":true,\"valueName\":\"search_term_string\"}}],\"inLanguage\":\"en-US\"},{\"@type\":\"Organization\",\"@id\":\"https:\\\/\\\/www.wald.com.br\\\/en\\\/#organization\",\"name\":\"Wald, Antunes, Vita, Longo e Blattner Advogados\",\"url\":\"https:\\\/\\\/www.wald.com.br\\\/en\\\/\",\"logo\":{\"@type\":\"ImageObject\",\"inLanguage\":\"en-US\",\"@id\":\"https:\\\/\\\/www.wald.com.br\\\/en\\\/#\\\/schema\\\/logo\\\/image\\\/\",\"url\":\"https:\\\/\\\/www.wald.com.br\\\/wp-content\\\/uploads\\\/2020\\\/02\\\/Logo_Wald.png\",\"contentUrl\":\"https:\\\/\\\/www.wald.com.br\\\/wp-content\\\/uploads\\\/2020\\\/02\\\/Logo_Wald.png\",\"width\":5260,\"height\":2565,\"caption\":\"Wald, Antunes, Vita, Longo e Blattner Advogados\"},\"image\":{\"@id\":\"https:\\\/\\\/www.wald.com.br\\\/en\\\/#\\\/schema\\\/logo\\\/image\\\/\"},\"sameAs\":[\"https:\\\/\\\/www.linkedin.com\\\/company\\\/wald\"]},{\"@type\":\"Person\",\"@id\":\"https:\\\/\\\/www.wald.com.br\\\/en\\\/#\\\/schema\\\/person\\\/63b1ba5d23c51fa9d050dd06ffd0e04a\",\"name\":\"waldadmin2020\",\"image\":{\"@type\":\"ImageObject\",\"inLanguage\":\"en-US\",\"@id\":\"https:\\\/\\\/secure.gravatar.com\\\/avatar\\\/a71cf721eb306cd72432a33f9852249bbdb558baa0f55419ddb257983362db55?s=96&d=mm&r=g\",\"url\":\"https:\\\/\\\/secure.gravatar.com\\\/avatar\\\/a71cf721eb306cd72432a33f9852249bbdb558baa0f55419ddb257983362db55?s=96&d=mm&r=g\",\"contentUrl\":\"https:\\\/\\\/secure.gravatar.com\\\/avatar\\\/a71cf721eb306cd72432a33f9852249bbdb558baa0f55419ddb257983362db55?s=96&d=mm&r=g\",\"caption\":\"waldadmin2020\"},\"sameAs\":[\"https:\\\/\\\/x.com\\\/waldadmin2020\"],\"url\":\"https:\\\/\\\/www.wald.com.br\\\/en\\\/author\\\/waldadmin2020\\\/\"}]}<\/script>\n<!-- \/ Yoast SEO plugin. -->","yoast_head_json":{"title":"Wald, Antunes, Vita e Blattner Advogados \u00e9 destaque no Latin Lawyer 250 | Wald Advogados","robots":{"index":"index","follow":"follow","max-snippet":"max-snippet:-1","max-image-preview":"max-image-preview:large","max-video-preview":"max-video-preview:-1"},"canonical":"https:\/\/www.wald.com.br\/wald-antunes-vita-e-blattner-advogados-e-destaque-no-latin-lawyer-250\/","og_locale":"en_US","og_type":"article","og_title":"Wald, Antunes, Vita e Blattner Advogados \u00e9 destaque no Latin Lawyer 250 | Wald Advogados","og_description":"O Wald, Antunes, Vita e Blattner Advogados est\u00e1 entre os escrit\u00f3rios \u201caltamente recomendados\u201d na mais recente edi\u00e7\u00e3o do ranking Latin Lawyer 250 nas \u00e1reas de Arbitration e Litigation. No campo da arbitragem, al\u00e9m do nosso fundador, professor Arnoldo Wald, a publica\u00e7\u00e3o tamb\u00e9m destaca os s\u00f3cios Alexandre Wald, Arnoldo Wald Filho, Mariana Tavares Antunes, Marcus Vinicius [&hellip;]","og_url":"https:\/\/www.wald.com.br\/wald-antunes-vita-e-blattner-advogados-e-destaque-no-latin-lawyer-250\/","og_site_name":"Wald Advogados","article_published_time":"2022-08-29T18:01:37+00:00","article_modified_time":"2022-08-29T18:42:33+00:00","og_image":[{"url":"https:\/\/www.wald.com.br\/wp-content\/uploads\/2022\/08\/Wald-LL250-2022.png","type":"","width":"","height":""}],"author":"waldadmin2020","twitter_card":"summary_large_image","twitter_creator":"@waldadmin2020","twitter_misc":{"Written by":"waldadmin2020","Est. reading time":"1 minute"},"schema":{"@context":"https:\/\/schema.org","@graph":[{"@type":"Article","@id":"https:\/\/www.wald.com.br\/wald-antunes-vita-e-blattner-advogados-e-destaque-no-latin-lawyer-250\/#article","isPartOf":{"@id":"https:\/\/www.wald.com.br\/wald-antunes-vita-e-blattner-advogados-e-destaque-no-latin-lawyer-250\/"},"author":{"name":"waldadmin2020","@id":"https:\/\/www.wald.com.br\/en\/#\/schema\/person\/63b1ba5d23c51fa9d050dd06ffd0e04a"},"headline":"Wald, Antunes, Vita e Blattner Advogados \u00e9 destaque no Latin Lawyer 250","datePublished":"2022-08-29T18:01:37+00:00","dateModified":"2022-08-29T18:42:33+00:00","mainEntityOfPage":{"@id":"https:\/\/www.wald.com.br\/wald-antunes-vita-e-blattner-advogados-e-destaque-no-latin-lawyer-250\/"},"wordCount":98,"commentCount":0,"publisher":{"@id":"https:\/\/www.wald.com.br\/en\/#organization"},"image":{"@id":"https:\/\/www.wald.com.br\/wald-antunes-vita-e-blattner-advogados-e-destaque-no-latin-lawyer-250\/#primaryimage"},"thumbnailUrl":"https:\/\/www.wald.com.br\/wp-content\/uploads\/2022\/08\/Wald-LL250-2022.png","keywords":["Arbitragem","Contencioso administrativo e judicial","Latin Lawyer","Latin Lawyer 250","Media\u00e7\u00e3o","Pr\u00e9-contencioso"],"articleSection":["News"],"inLanguage":"en-US","potentialAction":[{"@type":"CommentAction","name":"Comment","target":["https:\/\/www.wald.com.br\/wald-antunes-vita-e-blattner-advogados-e-destaque-no-latin-lawyer-250\/#respond"]}]},{"@type":"WebPage","@id":"https:\/\/www.wald.com.br\/wald-antunes-vita-e-blattner-advogados-e-destaque-no-latin-lawyer-250\/","url":"https:\/\/www.wald.com.br\/wald-antunes-vita-e-blattner-advogados-e-destaque-no-latin-lawyer-250\/","name":"Wald, Antunes, Vita e Blattner Advogados \u00e9 destaque no Latin Lawyer 250 | Wald Advogados","isPartOf":{"@id":"https:\/\/www.wald.com.br\/en\/#website"},"primaryImageOfPage":{"@id":"https:\/\/www.wald.com.br\/wald-antunes-vita-e-blattner-advogados-e-destaque-no-latin-lawyer-250\/#primaryimage"},"image":{"@id":"https:\/\/www.wald.com.br\/wald-antunes-vita-e-blattner-advogados-e-destaque-no-latin-lawyer-250\/#primaryimage"},"thumbnailUrl":"https:\/\/www.wald.com.br\/wp-content\/uploads\/2022\/08\/Wald-LL250-2022.png","datePublished":"2022-08-29T18:01:37+00:00","dateModified":"2022-08-29T18:42:33+00:00","breadcrumb":{"@id":"https:\/\/www.wald.com.br\/wald-antunes-vita-e-blattner-advogados-e-destaque-no-latin-lawyer-250\/#breadcrumb"},"inLanguage":"en-US","potentialAction":[{"@type":"ReadAction","target":["https:\/\/www.wald.com.br\/wald-antunes-vita-e-blattner-advogados-e-destaque-no-latin-lawyer-250\/"]}]},{"@type":"ImageObject","inLanguage":"en-US","@id":"https:\/\/www.wald.com.br\/wald-antunes-vita-e-blattner-advogados-e-destaque-no-latin-lawyer-250\/#primaryimage","url":"https:\/\/www.wald.com.br\/wp-content\/uploads\/2022\/08\/Wald-LL250-2022.png","contentUrl":"https:\/\/www.wald.com.br\/wp-content\/uploads\/2022\/08\/Wald-LL250-2022.png"},{"@type":"BreadcrumbList","@id":"https:\/\/www.wald.com.br\/wald-antunes-vita-e-blattner-advogados-e-destaque-no-latin-lawyer-250\/#breadcrumb","itemListElement":[{"@type":"ListItem","position":1,"name":"In\u00edcio","item":"https:\/\/www.wald.com.br\/"},{"@type":"ListItem","position":2,"name":"Wald, Antunes, Vita e Blattner Advogados \u00e9 destaque no Latin Lawyer 250"}]},{"@type":"WebSite","@id":"https:\/\/www.wald.com.br\/en\/#website","url":"https:\/\/www.wald.com.br\/en\/","name":"Wald Advogados","description":"66 years of leading law practice","publisher":{"@id":"https:\/\/www.wald.com.br\/en\/#organization"},"potentialAction":[{"@type":"SearchAction","target":{"@type":"EntryPoint","urlTemplate":"https:\/\/www.wald.com.br\/en\/?s={search_term_string}"},"query-input":{"@type":"PropertyValueSpecification","valueRequired":true,"valueName":"search_term_string"}}],"inLanguage":"en-US"},{"@type":"Organization","@id":"https:\/\/www.wald.com.br\/en\/#organization","name":"Wald, Antunes, Vita, Longo e Blattner Advogados","url":"https:\/\/www.wald.com.br\/en\/","logo":{"@type":"ImageObject","inLanguage":"en-US","@id":"https:\/\/www.wald.com.br\/en\/#\/schema\/logo\/image\/","url":"https:\/\/www.wald.com.br\/wp-content\/uploads\/2020\/02\/Logo_Wald.png","contentUrl":"https:\/\/www.wald.com.br\/wp-content\/uploads\/2020\/02\/Logo_Wald.png","width":5260,"height":2565,"caption":"Wald, Antunes, Vita, Longo e Blattner Advogados"},"image":{"@id":"https:\/\/www.wald.com.br\/en\/#\/schema\/logo\/image\/"},"sameAs":["https:\/\/www.linkedin.com\/company\/wald"]},{"@type":"Person","@id":"https:\/\/www.wald.com.br\/en\/#\/schema\/person\/63b1ba5d23c51fa9d050dd06ffd0e04a","name":"waldadmin2020","image":{"@type":"ImageObject","inLanguage":"en-US","@id":"https:\/\/secure.gravatar.com\/avatar\/a71cf721eb306cd72432a33f9852249bbdb558baa0f55419ddb257983362db55?s=96&d=mm&r=g","url":"https:\/\/secure.gravatar.com\/avatar\/a71cf721eb306cd72432a33f9852249bbdb558baa0f55419ddb257983362db55?s=96&d=mm&r=g","contentUrl":"https:\/\/secure.gravatar.com\/avatar\/a71cf721eb306cd72432a33f9852249bbdb558baa0f55419ddb257983362db55?s=96&d=mm&r=g","caption":"waldadmin2020"},"sameAs":["https:\/\/x.com\/waldadmin2020"],"url":"https:\/\/www.wald.com.br\/en\/author\/waldadmin2020\/"}]}},"_links":{"self":[{"href":"https:\/\/www.wald.com.br\/en\/wp-json\/wp\/v2\/posts\/1903","targetHints":{"allow":["GET"]}}],"collection":[{"href":"https:\/\/www.wald.com.br\/en\/wp-json\/wp\/v2\/posts"}],"about":[{"href":"https:\/\/www.wald.com.br\/en\/wp-json\/wp\/v2\/types\/post"}],"author":[{"embeddable":true,"href":"https:\/\/www.wald.com.br\/en\/wp-json\/wp\/v2\/users\/1"}],"replies":[{"embeddable":true,"href":"https:\/\/www.wald.com.br\/en\/wp-json\/wp\/v2\/comments?post=1903"}],"version-history":[{"count":3,"href":"https:\/\/www.wald.com.br\/en\/wp-json\/wp\/v2\/posts\/1903\/revisions"}],"predecessor-version":[{"id":1907,"href":"https:\/\/www.wald.com.br\/en\/wp-json\/wp\/v2\/posts\/1903\/revisions\/1907"}],"wp:attachment":[{"href":"https:\/\/www.wald.com.br\/en\/wp-json\/wp\/v2\/media?parent=1903"}],"wp:term":[{"taxonomy":"category","embeddable":true,"href":"https:\/\/www.wald.com.br\/en\/wp-json\/wp\/v2\/categories?post=1903"},{"taxonomy":"post_tag","embeddable":true,"href":"https:\/\/www.wald.com.br\/en\/wp-json\/wp\/v2\/tags?post=1903"}],"curies":[{"name":"wp","href":"https:\/\/api.w.org\/{rel}","templated":true}]}}