{"id":1927,"date":"2022-09-21T09:22:53","date_gmt":"2022-09-21T12:22:53","guid":{"rendered":"https:\/\/www.wald.com.br\/?p=1927"},"modified":"2022-09-22T10:05:19","modified_gmt":"2022-09-22T13:05:19","slug":"arnoldo-wald-e-homenageado-em-livro-pelos-70-anos-de-carreira","status":"publish","type":"post","link":"https:\/\/www.wald.com.br\/en\/arnoldo-wald-e-homenageado-em-livro-pelos-70-anos-de-carreira\/","title":{"rendered":"Arnoldo Wald \u00e9 homenageado em livro pelos 70 anos de carreira"},"content":{"rendered":"<p>Nesta quinta-feira (22\/9), a partir das 18h, na sede do Instituto dos Advogados de S\u00e3o Paulo (Iasp), ser\u00e1 lan\u00e7ado o livro <em>A evolu\u00e7\u00e3o do Direito no s\u00e9culo XXI \u2014 ESG, Liberdade, Regula\u00e7\u00e3o, Igualdade e Seguran\u00e7a Jur\u00eddica<\/em>\u00a0(<a href=\"https:\/\/www.iasp.org.br\/produto\/livro-a-evolucao-do-direito-no-seculo-xxi-seus-principios-e-valores-esg-liberdade-regulacao-igualdade-e-seguranca-juridica-homenagem-ao-professor-arnoldo-wald-volume-3-direito-publico\/\" target=\"_blank\" rel=\"noopener noreferrer\">clique para saber mais<\/a>), em homenagem ao advogado e professor <strong>Arnoldo Wald, s\u00f3cio do escrit\u00f3rio Wald, Antunes, Vita e Blattner Advogados<\/strong>.<\/p>\n<p>A obra re\u00fane artigos de juristas e de amigos do professor Wald. Entre eles, ministros do Supremo Tribunal Federal e do Superior Tribunal de Justi\u00e7a \u2013 incluindo Edson Fachin, Gilmar Mendes e Dias Toffoli \u2013, magistrados, professores de Direito, \u00e1rbitros e advogados, tanto brasileiros quanto estrangeiros. Em tr\u00eas volumes, a cole\u00e7\u00e3o abrange os mais diversos assuntos nos campos da Arbitragem, do Direito Privado e do Direito P\u00fablico.<\/p>\n<p>A obra \u00e9 composta tamb\u00e9m por pref\u00e1cios e apresenta\u00e7\u00f5es dos diversos livros do professor Wald, que registraram, ao longo de 70 anos, a sua intensa atividade cultural e profissional.<\/p>\n<p>Publicado na <a href=\"https:\/\/www1.folha.uol.com.br\/colunas\/monicabergamo\/2022\/09\/fachin-gilmar-mendes-e-toffoli-assinam-livro-que-homenageia-arnoldo-wald.shtml\" target=\"_blank\" rel=\"noopener noreferrer\">Folha de S.Paulo<\/a> e no <a href=\"https:\/\/www.conjur.com.br\/2022-set-20\/arnoldo-wald-homenageado-livro-pelos-70-anos-carreira2\" target=\"_blank\" rel=\"noopener noreferrer\">ConJur<\/a>.<\/p>\n","protected":false},"excerpt":{"rendered":"<p>Nesta quinta-feira (22\/9), a partir das 18h, na sede do Instituto dos Advogados de S\u00e3o Paulo (Iasp), ser\u00e1 lan\u00e7ado o livro A evolu\u00e7\u00e3o do Direito no s\u00e9culo XXI \u2014 ESG, Liberdade, Regula\u00e7\u00e3o, Igualdade e Seguran\u00e7a Jur\u00eddica\u00a0(clique para saber mais), em homenagem ao advogado e professor Arnoldo Wald, s\u00f3cio do escrit\u00f3rio Wald, Antunes, Vita e Blattner [&hellip;]<\/p>\n","protected":false},"author":1,"featured_media":0,"comment_status":"open","ping_status":"closed","sticky":false,"template":"","format":"standard","meta":{"_acf_changed":false,"footnotes":""},"categories":[2],"tags":[14,155,156],"class_list":["post-1927","post","type-post","status-publish","format-standard","hentry","category-noticias","tag-arbitragem","tag-direito-privado","tag-direito-publico"],"acf":[],"yoast_head":"<!-- This site is optimized with the Yoast SEO plugin v27.5 - https:\/\/yoast.com\/product\/yoast-seo-wordpress\/ -->\n<title>Arnoldo Wald \u00e9 homenageado em livro pelos 70 anos de carreira | Wald Advogados<\/title>\n<meta name=\"robots\" content=\"index, follow, max-snippet:-1, max-image-preview:large, max-video-preview:-1\" \/>\n<link rel=\"canonical\" href=\"https:\/\/www.wald.com.br\/en\/arnoldo-wald-e-homenageado-em-livro-pelos-70-anos-de-carreira\/\" \/>\n<meta property=\"og:locale\" content=\"en_US\" \/>\n<meta property=\"og:type\" content=\"article\" \/>\n<meta property=\"og:title\" content=\"Arnoldo Wald \u00e9 homenageado em livro pelos 70 anos de carreira | Wald Advogados\" \/>\n<meta property=\"og:description\" content=\"Nesta quinta-feira (22\/9), a partir das 18h, na sede do Instituto dos Advogados de S\u00e3o Paulo (Iasp), ser\u00e1 lan\u00e7ado o livro A evolu\u00e7\u00e3o do Direito no s\u00e9culo XXI \u2014 ESG, Liberdade, Regula\u00e7\u00e3o, Igualdade e Seguran\u00e7a Jur\u00eddica\u00a0(clique para saber mais), em homenagem ao advogado e professor Arnoldo Wald, s\u00f3cio do escrit\u00f3rio Wald, Antunes, Vita e Blattner [&hellip;]\" \/>\n<meta property=\"og:url\" content=\"https:\/\/www.wald.com.br\/en\/arnoldo-wald-e-homenageado-em-livro-pelos-70-anos-de-carreira\/\" \/>\n<meta property=\"og:site_name\" content=\"Wald Advogados\" \/>\n<meta property=\"article:published_time\" content=\"2022-09-21T12:22:53+00:00\" \/>\n<meta property=\"article:modified_time\" content=\"2022-09-22T13:05:19+00:00\" \/>\n<meta name=\"author\" content=\"waldadmin2020\" \/>\n<meta name=\"twitter:card\" content=\"summary_large_image\" \/>\n<meta name=\"twitter:creator\" content=\"@waldadmin2020\" \/>\n<meta name=\"twitter:label1\" content=\"Written by\" \/>\n\t<meta name=\"twitter:data1\" content=\"waldadmin2020\" \/>\n\t<meta name=\"twitter:label2\" content=\"Est. reading time\" \/>\n\t<meta name=\"twitter:data2\" content=\"1 minute\" \/>\n<script type=\"application\/ld+json\" class=\"yoast-schema-graph\">{\"@context\":\"https:\\\/\\\/schema.org\",\"@graph\":[{\"@type\":\"Article\",\"@id\":\"https:\\\/\\\/www.wald.com.br\\\/en\\\/arnoldo-wald-e-homenageado-em-livro-pelos-70-anos-de-carreira\\\/#article\",\"isPartOf\":{\"@id\":\"https:\\\/\\\/www.wald.com.br\\\/en\\\/arnoldo-wald-e-homenageado-em-livro-pelos-70-anos-de-carreira\\\/\"},\"author\":{\"name\":\"waldadmin2020\",\"@id\":\"https:\\\/\\\/www.wald.com.br\\\/en\\\/#\\\/schema\\\/person\\\/63b1ba5d23c51fa9d050dd06ffd0e04a\"},\"headline\":\"Arnoldo Wald \u00e9 homenageado em livro pelos 70 anos de carreira\",\"datePublished\":\"2022-09-21T12:22:53+00:00\",\"dateModified\":\"2022-09-22T13:05:19+00:00\",\"mainEntityOfPage\":{\"@id\":\"https:\\\/\\\/www.wald.com.br\\\/en\\\/arnoldo-wald-e-homenageado-em-livro-pelos-70-anos-de-carreira\\\/\"},\"wordCount\":182,\"commentCount\":0,\"publisher\":{\"@id\":\"https:\\\/\\\/www.wald.com.br\\\/en\\\/#organization\"},\"keywords\":[\"Arbitragem\",\"Direito Privado\",\"Direito P\u00fablico\"],\"articleSection\":[\"News\"],\"inLanguage\":\"en-US\",\"potentialAction\":[{\"@type\":\"CommentAction\",\"name\":\"Comment\",\"target\":[\"https:\\\/\\\/www.wald.com.br\\\/en\\\/arnoldo-wald-e-homenageado-em-livro-pelos-70-anos-de-carreira\\\/#respond\"]}]},{\"@type\":\"WebPage\",\"@id\":\"https:\\\/\\\/www.wald.com.br\\\/en\\\/arnoldo-wald-e-homenageado-em-livro-pelos-70-anos-de-carreira\\\/\",\"url\":\"https:\\\/\\\/www.wald.com.br\\\/en\\\/arnoldo-wald-e-homenageado-em-livro-pelos-70-anos-de-carreira\\\/\",\"name\":\"Arnoldo Wald \u00e9 homenageado em livro pelos 70 anos de carreira | Wald Advogados\",\"isPartOf\":{\"@id\":\"https:\\\/\\\/www.wald.com.br\\\/en\\\/#website\"},\"datePublished\":\"2022-09-21T12:22:53+00:00\",\"dateModified\":\"2022-09-22T13:05:19+00:00\",\"breadcrumb\":{\"@id\":\"https:\\\/\\\/www.wald.com.br\\\/en\\\/arnoldo-wald-e-homenageado-em-livro-pelos-70-anos-de-carreira\\\/#breadcrumb\"},\"inLanguage\":\"en-US\",\"potentialAction\":[{\"@type\":\"ReadAction\",\"target\":[\"https:\\\/\\\/www.wald.com.br\\\/en\\\/arnoldo-wald-e-homenageado-em-livro-pelos-70-anos-de-carreira\\\/\"]}]},{\"@type\":\"BreadcrumbList\",\"@id\":\"https:\\\/\\\/www.wald.com.br\\\/en\\\/arnoldo-wald-e-homenageado-em-livro-pelos-70-anos-de-carreira\\\/#breadcrumb\",\"itemListElement\":[{\"@type\":\"ListItem\",\"position\":1,\"name\":\"In\u00edcio\",\"item\":\"https:\\\/\\\/www.wald.com.br\\\/\"},{\"@type\":\"ListItem\",\"position\":2,\"name\":\"Arnoldo Wald \u00e9 homenageado em livro pelos 70 anos de carreira\"}]},{\"@type\":\"WebSite\",\"@id\":\"https:\\\/\\\/www.wald.com.br\\\/en\\\/#website\",\"url\":\"https:\\\/\\\/www.wald.com.br\\\/en\\\/\",\"name\":\"Wald Advogados\",\"description\":\"66 years of leading law practice\",\"publisher\":{\"@id\":\"https:\\\/\\\/www.wald.com.br\\\/en\\\/#organization\"},\"potentialAction\":[{\"@type\":\"SearchAction\",\"target\":{\"@type\":\"EntryPoint\",\"urlTemplate\":\"https:\\\/\\\/www.wald.com.br\\\/en\\\/?s={search_term_string}\"},\"query-input\":{\"@type\":\"PropertyValueSpecification\",\"valueRequired\":true,\"valueName\":\"search_term_string\"}}],\"inLanguage\":\"en-US\"},{\"@type\":\"Organization\",\"@id\":\"https:\\\/\\\/www.wald.com.br\\\/en\\\/#organization\",\"name\":\"Wald, Antunes, Vita, Longo e Blattner Advogados\",\"url\":\"https:\\\/\\\/www.wald.com.br\\\/en\\\/\",\"logo\":{\"@type\":\"ImageObject\",\"inLanguage\":\"en-US\",\"@id\":\"https:\\\/\\\/www.wald.com.br\\\/en\\\/#\\\/schema\\\/logo\\\/image\\\/\",\"url\":\"https:\\\/\\\/www.wald.com.br\\\/wp-content\\\/uploads\\\/2020\\\/02\\\/Logo_Wald.png\",\"contentUrl\":\"https:\\\/\\\/www.wald.com.br\\\/wp-content\\\/uploads\\\/2020\\\/02\\\/Logo_Wald.png\",\"width\":5260,\"height\":2565,\"caption\":\"Wald, Antunes, Vita, Longo e Blattner Advogados\"},\"image\":{\"@id\":\"https:\\\/\\\/www.wald.com.br\\\/en\\\/#\\\/schema\\\/logo\\\/image\\\/\"},\"sameAs\":[\"https:\\\/\\\/www.linkedin.com\\\/company\\\/wald\"]},{\"@type\":\"Person\",\"@id\":\"https:\\\/\\\/www.wald.com.br\\\/en\\\/#\\\/schema\\\/person\\\/63b1ba5d23c51fa9d050dd06ffd0e04a\",\"name\":\"waldadmin2020\",\"image\":{\"@type\":\"ImageObject\",\"inLanguage\":\"en-US\",\"@id\":\"https:\\\/\\\/secure.gravatar.com\\\/avatar\\\/a71cf721eb306cd72432a33f9852249bbdb558baa0f55419ddb257983362db55?s=96&d=mm&r=g\",\"url\":\"https:\\\/\\\/secure.gravatar.com\\\/avatar\\\/a71cf721eb306cd72432a33f9852249bbdb558baa0f55419ddb257983362db55?s=96&d=mm&r=g\",\"contentUrl\":\"https:\\\/\\\/secure.gravatar.com\\\/avatar\\\/a71cf721eb306cd72432a33f9852249bbdb558baa0f55419ddb257983362db55?s=96&d=mm&r=g\",\"caption\":\"waldadmin2020\"},\"sameAs\":[\"https:\\\/\\\/x.com\\\/waldadmin2020\"],\"url\":\"https:\\\/\\\/www.wald.com.br\\\/en\\\/author\\\/waldadmin2020\\\/\"}]}<\/script>\n<!-- \/ Yoast SEO plugin. -->","yoast_head_json":{"title":"Arnoldo Wald \u00e9 homenageado em livro pelos 70 anos de carreira | Wald Advogados","robots":{"index":"index","follow":"follow","max-snippet":"max-snippet:-1","max-image-preview":"max-image-preview:large","max-video-preview":"max-video-preview:-1"},"canonical":"https:\/\/www.wald.com.br\/en\/arnoldo-wald-e-homenageado-em-livro-pelos-70-anos-de-carreira\/","og_locale":"en_US","og_type":"article","og_title":"Arnoldo Wald \u00e9 homenageado em livro pelos 70 anos de carreira | Wald Advogados","og_description":"Nesta quinta-feira (22\/9), a partir das 18h, na sede do Instituto dos Advogados de S\u00e3o Paulo (Iasp), ser\u00e1 lan\u00e7ado o livro A evolu\u00e7\u00e3o do Direito no s\u00e9culo XXI \u2014 ESG, Liberdade, Regula\u00e7\u00e3o, Igualdade e Seguran\u00e7a Jur\u00eddica\u00a0(clique para saber mais), em homenagem ao advogado e professor Arnoldo Wald, s\u00f3cio do escrit\u00f3rio Wald, Antunes, Vita e Blattner [&hellip;]","og_url":"https:\/\/www.wald.com.br\/en\/arnoldo-wald-e-homenageado-em-livro-pelos-70-anos-de-carreira\/","og_site_name":"Wald Advogados","article_published_time":"2022-09-21T12:22:53+00:00","article_modified_time":"2022-09-22T13:05:19+00:00","author":"waldadmin2020","twitter_card":"summary_large_image","twitter_creator":"@waldadmin2020","twitter_misc":{"Written by":"waldadmin2020","Est. reading time":"1 minute"},"schema":{"@context":"https:\/\/schema.org","@graph":[{"@type":"Article","@id":"https:\/\/www.wald.com.br\/en\/arnoldo-wald-e-homenageado-em-livro-pelos-70-anos-de-carreira\/#article","isPartOf":{"@id":"https:\/\/www.wald.com.br\/en\/arnoldo-wald-e-homenageado-em-livro-pelos-70-anos-de-carreira\/"},"author":{"name":"waldadmin2020","@id":"https:\/\/www.wald.com.br\/en\/#\/schema\/person\/63b1ba5d23c51fa9d050dd06ffd0e04a"},"headline":"Arnoldo Wald \u00e9 homenageado em livro pelos 70 anos de carreira","datePublished":"2022-09-21T12:22:53+00:00","dateModified":"2022-09-22T13:05:19+00:00","mainEntityOfPage":{"@id":"https:\/\/www.wald.com.br\/en\/arnoldo-wald-e-homenageado-em-livro-pelos-70-anos-de-carreira\/"},"wordCount":182,"commentCount":0,"publisher":{"@id":"https:\/\/www.wald.com.br\/en\/#organization"},"keywords":["Arbitragem","Direito Privado","Direito P\u00fablico"],"articleSection":["News"],"inLanguage":"en-US","potentialAction":[{"@type":"CommentAction","name":"Comment","target":["https:\/\/www.wald.com.br\/en\/arnoldo-wald-e-homenageado-em-livro-pelos-70-anos-de-carreira\/#respond"]}]},{"@type":"WebPage","@id":"https:\/\/www.wald.com.br\/en\/arnoldo-wald-e-homenageado-em-livro-pelos-70-anos-de-carreira\/","url":"https:\/\/www.wald.com.br\/en\/arnoldo-wald-e-homenageado-em-livro-pelos-70-anos-de-carreira\/","name":"Arnoldo Wald \u00e9 homenageado em livro pelos 70 anos de carreira | Wald Advogados","isPartOf":{"@id":"https:\/\/www.wald.com.br\/en\/#website"},"datePublished":"2022-09-21T12:22:53+00:00","dateModified":"2022-09-22T13:05:19+00:00","breadcrumb":{"@id":"https:\/\/www.wald.com.br\/en\/arnoldo-wald-e-homenageado-em-livro-pelos-70-anos-de-carreira\/#breadcrumb"},"inLanguage":"en-US","potentialAction":[{"@type":"ReadAction","target":["https:\/\/www.wald.com.br\/en\/arnoldo-wald-e-homenageado-em-livro-pelos-70-anos-de-carreira\/"]}]},{"@type":"BreadcrumbList","@id":"https:\/\/www.wald.com.br\/en\/arnoldo-wald-e-homenageado-em-livro-pelos-70-anos-de-carreira\/#breadcrumb","itemListElement":[{"@type":"ListItem","position":1,"name":"In\u00edcio","item":"https:\/\/www.wald.com.br\/"},{"@type":"ListItem","position":2,"name":"Arnoldo Wald \u00e9 homenageado em livro pelos 70 anos de carreira"}]},{"@type":"WebSite","@id":"https:\/\/www.wald.com.br\/en\/#website","url":"https:\/\/www.wald.com.br\/en\/","name":"Wald Advogados","description":"66 years of leading law practice","publisher":{"@id":"https:\/\/www.wald.com.br\/en\/#organization"},"potentialAction":[{"@type":"SearchAction","target":{"@type":"EntryPoint","urlTemplate":"https:\/\/www.wald.com.br\/en\/?s={search_term_string}"},"query-input":{"@type":"PropertyValueSpecification","valueRequired":true,"valueName":"search_term_string"}}],"inLanguage":"en-US"},{"@type":"Organization","@id":"https:\/\/www.wald.com.br\/en\/#organization","name":"Wald, Antunes, Vita, Longo e Blattner Advogados","url":"https:\/\/www.wald.com.br\/en\/","logo":{"@type":"ImageObject","inLanguage":"en-US","@id":"https:\/\/www.wald.com.br\/en\/#\/schema\/logo\/image\/","url":"https:\/\/www.wald.com.br\/wp-content\/uploads\/2020\/02\/Logo_Wald.png","contentUrl":"https:\/\/www.wald.com.br\/wp-content\/uploads\/2020\/02\/Logo_Wald.png","width":5260,"height":2565,"caption":"Wald, Antunes, Vita, Longo e Blattner Advogados"},"image":{"@id":"https:\/\/www.wald.com.br\/en\/#\/schema\/logo\/image\/"},"sameAs":["https:\/\/www.linkedin.com\/company\/wald"]},{"@type":"Person","@id":"https:\/\/www.wald.com.br\/en\/#\/schema\/person\/63b1ba5d23c51fa9d050dd06ffd0e04a","name":"waldadmin2020","image":{"@type":"ImageObject","inLanguage":"en-US","@id":"https:\/\/secure.gravatar.com\/avatar\/a71cf721eb306cd72432a33f9852249bbdb558baa0f55419ddb257983362db55?s=96&d=mm&r=g","url":"https:\/\/secure.gravatar.com\/avatar\/a71cf721eb306cd72432a33f9852249bbdb558baa0f55419ddb257983362db55?s=96&d=mm&r=g","contentUrl":"https:\/\/secure.gravatar.com\/avatar\/a71cf721eb306cd72432a33f9852249bbdb558baa0f55419ddb257983362db55?s=96&d=mm&r=g","caption":"waldadmin2020"},"sameAs":["https:\/\/x.com\/waldadmin2020"],"url":"https:\/\/www.wald.com.br\/en\/author\/waldadmin2020\/"}]}},"_links":{"self":[{"href":"https:\/\/www.wald.com.br\/en\/wp-json\/wp\/v2\/posts\/1927","targetHints":{"allow":["GET"]}}],"collection":[{"href":"https:\/\/www.wald.com.br\/en\/wp-json\/wp\/v2\/posts"}],"about":[{"href":"https:\/\/www.wald.com.br\/en\/wp-json\/wp\/v2\/types\/post"}],"author":[{"embeddable":true,"href":"https:\/\/www.wald.com.br\/en\/wp-json\/wp\/v2\/users\/1"}],"replies":[{"embeddable":true,"href":"https:\/\/www.wald.com.br\/en\/wp-json\/wp\/v2\/comments?post=1927"}],"version-history":[{"count":5,"href":"https:\/\/www.wald.com.br\/en\/wp-json\/wp\/v2\/posts\/1927\/revisions"}],"predecessor-version":[{"id":1932,"href":"https:\/\/www.wald.com.br\/en\/wp-json\/wp\/v2\/posts\/1927\/revisions\/1932"}],"wp:attachment":[{"href":"https:\/\/www.wald.com.br\/en\/wp-json\/wp\/v2\/media?parent=1927"}],"wp:term":[{"taxonomy":"category","embeddable":true,"href":"https:\/\/www.wald.com.br\/en\/wp-json\/wp\/v2\/categories?post=1927"},{"taxonomy":"post_tag","embeddable":true,"href":"https:\/\/www.wald.com.br\/en\/wp-json\/wp\/v2\/tags?post=1927"}],"curies":[{"name":"wp","href":"https:\/\/api.w.org\/{rel}","templated":true}]}}