{"id":1948,"date":"2022-10-19T18:46:44","date_gmt":"2022-10-19T21:46:44","guid":{"rendered":"https:\/\/www.wald.com.br\/?p=1948"},"modified":"2022-10-19T18:46:44","modified_gmt":"2022-10-19T21:46:44","slug":"wald-antunes-vita-e-blattner-advogados-e-destaque-no-the-legal-500","status":"publish","type":"post","link":"https:\/\/www.wald.com.br\/en\/wald-antunes-vita-e-blattner-advogados-e-destaque-no-the-legal-500\/","title":{"rendered":"Wald, Antunes, Vita e Blattner Advogados \u00e9 destaque no The Legal 500"},"content":{"rendered":"<p><img loading=\"lazy\" decoding=\"async\" class=\"alignnone  wp-image-1949\" src=\"https:\/\/www.wald.com.br\/wp-content\/uploads\/2022\/10\/Legal500-Site.png\" alt=\"\" width=\"690\" height=\"388\" srcset=\"https:\/\/www.wald.com.br\/wp-content\/uploads\/2022\/10\/Legal500-Site.png 1920w, https:\/\/www.wald.com.br\/wp-content\/uploads\/2022\/10\/Legal500-Site-300x169.png 300w, https:\/\/www.wald.com.br\/wp-content\/uploads\/2022\/10\/Legal500-Site-1024x576.png 1024w, https:\/\/www.wald.com.br\/wp-content\/uploads\/2022\/10\/Legal500-Site-768x432.png 768w, https:\/\/www.wald.com.br\/wp-content\/uploads\/2022\/10\/Legal500-Site-1536x864.png 1536w\" sizes=\"auto, (max-width: 690px) 100vw, 690px\" \/><\/p>\n<p>Estamos entre os principais escrit\u00f3rios brasileiros no prestigioso ranking internacional <a href=\"https:\/\/www.legal500.com\/firms\/50128-wald-antunes-vita-longo-e-blattner-advogados\/56683-sao-paulo-brazil\" target=\"_blank\" rel=\"noopener noreferrer\">The Legal 500<\/a>, com destaque em resolu\u00e7\u00e3o de disputas nas categorias de arbitragem e contencioso.<\/p>\n<p>Na \u00e1rea da arbitragem, a mais recente edi\u00e7\u00e3o da publica\u00e7\u00e3o destacou nosso fundador, Professor Arnoldo Wald, al\u00e9m de Arnoldo Wald Filho, Mariana Tavares Antunes, Clarissa Mac\u00e9a, e Riccardo Torre, nomeado entre os \u201cNext Generation Partners\u201d.<\/p>\n<p>No contencioso, o advogados prestigiados s\u00e3o Professor Arnoldo Wald, Alexandre de Mendon\u00e7a Wald, Arnoldo Wald Filho, Mariana Tavares Antunes, Marcus Vinicius Vita, Bernardo Freire e Clarissa Mac\u00e9a.<\/p>\n","protected":false},"excerpt":{"rendered":"<p>Estamos entre os principais escrit\u00f3rios brasileiros no prestigioso ranking internacional The Legal 500, com destaque em resolu\u00e7\u00e3o de disputas nas categorias de arbitragem e contencioso. Na \u00e1rea da arbitragem, a mais recente edi\u00e7\u00e3o da publica\u00e7\u00e3o destacou nosso fundador, Professor Arnoldo Wald, al\u00e9m de Arnoldo Wald Filho, Mariana Tavares Antunes, Clarissa Mac\u00e9a, e Riccardo Torre, nomeado [&hellip;]<\/p>\n","protected":false},"author":1,"featured_media":0,"comment_status":"open","ping_status":"closed","sticky":false,"template":"","format":"standard","meta":{"_acf_changed":false,"footnotes":""},"categories":[2],"tags":[14,17,74,16],"class_list":["post-1948","post","type-post","status-publish","format-standard","hentry","category-noticias","tag-arbitragem","tag-contencioso","tag-legal-500","tag-precontencioso"],"acf":[],"yoast_head":"<!-- This site is optimized with the Yoast SEO plugin v27.5 - https:\/\/yoast.com\/product\/yoast-seo-wordpress\/ -->\n<title>Wald, Antunes, Vita e Blattner Advogados \u00e9 destaque no The Legal 500 | Wald Advogados<\/title>\n<meta name=\"robots\" content=\"index, follow, max-snippet:-1, max-image-preview:large, max-video-preview:-1\" \/>\n<link rel=\"canonical\" href=\"https:\/\/www.wald.com.br\/en\/wald-antunes-vita-e-blattner-advogados-e-destaque-no-the-legal-500\/\" \/>\n<meta property=\"og:locale\" content=\"en_US\" \/>\n<meta property=\"og:type\" content=\"article\" \/>\n<meta property=\"og:title\" content=\"Wald, Antunes, Vita e Blattner Advogados \u00e9 destaque no The Legal 500 | Wald Advogados\" \/>\n<meta property=\"og:description\" content=\"Estamos entre os principais escrit\u00f3rios brasileiros no prestigioso ranking internacional The Legal 500, com destaque em resolu\u00e7\u00e3o de disputas nas categorias de arbitragem e contencioso. Na \u00e1rea da arbitragem, a mais recente edi\u00e7\u00e3o da publica\u00e7\u00e3o destacou nosso fundador, Professor Arnoldo Wald, al\u00e9m de Arnoldo Wald Filho, Mariana Tavares Antunes, Clarissa Mac\u00e9a, e Riccardo Torre, nomeado [&hellip;]\" \/>\n<meta property=\"og:url\" content=\"https:\/\/www.wald.com.br\/en\/wald-antunes-vita-e-blattner-advogados-e-destaque-no-the-legal-500\/\" \/>\n<meta property=\"og:site_name\" content=\"Wald Advogados\" \/>\n<meta property=\"article:published_time\" content=\"2022-10-19T21:46:44+00:00\" \/>\n<meta property=\"og:image\" content=\"https:\/\/www.wald.com.br\/wp-content\/uploads\/2022\/10\/Legal500-Site.png\" \/>\n<meta name=\"author\" content=\"waldadmin2020\" \/>\n<meta name=\"twitter:card\" content=\"summary_large_image\" \/>\n<meta name=\"twitter:creator\" content=\"@waldadmin2020\" \/>\n<meta name=\"twitter:label1\" content=\"Written by\" \/>\n\t<meta name=\"twitter:data1\" content=\"waldadmin2020\" \/>\n\t<meta name=\"twitter:label2\" content=\"Est. reading time\" \/>\n\t<meta name=\"twitter:data2\" content=\"1 minute\" \/>\n<script type=\"application\/ld+json\" class=\"yoast-schema-graph\">{\"@context\":\"https:\\\/\\\/schema.org\",\"@graph\":[{\"@type\":\"Article\",\"@id\":\"https:\\\/\\\/www.wald.com.br\\\/en\\\/wald-antunes-vita-e-blattner-advogados-e-destaque-no-the-legal-500\\\/#article\",\"isPartOf\":{\"@id\":\"https:\\\/\\\/www.wald.com.br\\\/en\\\/wald-antunes-vita-e-blattner-advogados-e-destaque-no-the-legal-500\\\/\"},\"author\":{\"name\":\"waldadmin2020\",\"@id\":\"https:\\\/\\\/www.wald.com.br\\\/en\\\/#\\\/schema\\\/person\\\/63b1ba5d23c51fa9d050dd06ffd0e04a\"},\"headline\":\"Wald, Antunes, Vita e Blattner Advogados \u00e9 destaque no The Legal 500\",\"datePublished\":\"2022-10-19T21:46:44+00:00\",\"mainEntityOfPage\":{\"@id\":\"https:\\\/\\\/www.wald.com.br\\\/en\\\/wald-antunes-vita-e-blattner-advogados-e-destaque-no-the-legal-500\\\/\"},\"wordCount\":105,\"commentCount\":0,\"publisher\":{\"@id\":\"https:\\\/\\\/www.wald.com.br\\\/en\\\/#organization\"},\"image\":{\"@id\":\"https:\\\/\\\/www.wald.com.br\\\/en\\\/wald-antunes-vita-e-blattner-advogados-e-destaque-no-the-legal-500\\\/#primaryimage\"},\"thumbnailUrl\":\"https:\\\/\\\/www.wald.com.br\\\/wp-content\\\/uploads\\\/2022\\\/10\\\/Legal500-Site.png\",\"keywords\":[\"Arbitragem\",\"Contencioso administrativo e judicial\",\"Legal 500\",\"Pr\u00e9-contencioso\"],\"articleSection\":[\"News\"],\"inLanguage\":\"en-US\",\"potentialAction\":[{\"@type\":\"CommentAction\",\"name\":\"Comment\",\"target\":[\"https:\\\/\\\/www.wald.com.br\\\/en\\\/wald-antunes-vita-e-blattner-advogados-e-destaque-no-the-legal-500\\\/#respond\"]}]},{\"@type\":\"WebPage\",\"@id\":\"https:\\\/\\\/www.wald.com.br\\\/en\\\/wald-antunes-vita-e-blattner-advogados-e-destaque-no-the-legal-500\\\/\",\"url\":\"https:\\\/\\\/www.wald.com.br\\\/en\\\/wald-antunes-vita-e-blattner-advogados-e-destaque-no-the-legal-500\\\/\",\"name\":\"Wald, Antunes, Vita e Blattner Advogados \u00e9 destaque no The Legal 500 | Wald Advogados\",\"isPartOf\":{\"@id\":\"https:\\\/\\\/www.wald.com.br\\\/en\\\/#website\"},\"primaryImageOfPage\":{\"@id\":\"https:\\\/\\\/www.wald.com.br\\\/en\\\/wald-antunes-vita-e-blattner-advogados-e-destaque-no-the-legal-500\\\/#primaryimage\"},\"image\":{\"@id\":\"https:\\\/\\\/www.wald.com.br\\\/en\\\/wald-antunes-vita-e-blattner-advogados-e-destaque-no-the-legal-500\\\/#primaryimage\"},\"thumbnailUrl\":\"https:\\\/\\\/www.wald.com.br\\\/wp-content\\\/uploads\\\/2022\\\/10\\\/Legal500-Site.png\",\"datePublished\":\"2022-10-19T21:46:44+00:00\",\"breadcrumb\":{\"@id\":\"https:\\\/\\\/www.wald.com.br\\\/en\\\/wald-antunes-vita-e-blattner-advogados-e-destaque-no-the-legal-500\\\/#breadcrumb\"},\"inLanguage\":\"en-US\",\"potentialAction\":[{\"@type\":\"ReadAction\",\"target\":[\"https:\\\/\\\/www.wald.com.br\\\/en\\\/wald-antunes-vita-e-blattner-advogados-e-destaque-no-the-legal-500\\\/\"]}]},{\"@type\":\"ImageObject\",\"inLanguage\":\"en-US\",\"@id\":\"https:\\\/\\\/www.wald.com.br\\\/en\\\/wald-antunes-vita-e-blattner-advogados-e-destaque-no-the-legal-500\\\/#primaryimage\",\"url\":\"https:\\\/\\\/www.wald.com.br\\\/wp-content\\\/uploads\\\/2022\\\/10\\\/Legal500-Site.png\",\"contentUrl\":\"https:\\\/\\\/www.wald.com.br\\\/wp-content\\\/uploads\\\/2022\\\/10\\\/Legal500-Site.png\"},{\"@type\":\"BreadcrumbList\",\"@id\":\"https:\\\/\\\/www.wald.com.br\\\/en\\\/wald-antunes-vita-e-blattner-advogados-e-destaque-no-the-legal-500\\\/#breadcrumb\",\"itemListElement\":[{\"@type\":\"ListItem\",\"position\":1,\"name\":\"In\u00edcio\",\"item\":\"https:\\\/\\\/www.wald.com.br\\\/\"},{\"@type\":\"ListItem\",\"position\":2,\"name\":\"Wald, Antunes, Vita e Blattner Advogados \u00e9 destaque no The Legal 500\"}]},{\"@type\":\"WebSite\",\"@id\":\"https:\\\/\\\/www.wald.com.br\\\/en\\\/#website\",\"url\":\"https:\\\/\\\/www.wald.com.br\\\/en\\\/\",\"name\":\"Wald Advogados\",\"description\":\"66 years of leading law practice\",\"publisher\":{\"@id\":\"https:\\\/\\\/www.wald.com.br\\\/en\\\/#organization\"},\"potentialAction\":[{\"@type\":\"SearchAction\",\"target\":{\"@type\":\"EntryPoint\",\"urlTemplate\":\"https:\\\/\\\/www.wald.com.br\\\/en\\\/?s={search_term_string}\"},\"query-input\":{\"@type\":\"PropertyValueSpecification\",\"valueRequired\":true,\"valueName\":\"search_term_string\"}}],\"inLanguage\":\"en-US\"},{\"@type\":\"Organization\",\"@id\":\"https:\\\/\\\/www.wald.com.br\\\/en\\\/#organization\",\"name\":\"Wald, Antunes, Vita, Longo e Blattner Advogados\",\"url\":\"https:\\\/\\\/www.wald.com.br\\\/en\\\/\",\"logo\":{\"@type\":\"ImageObject\",\"inLanguage\":\"en-US\",\"@id\":\"https:\\\/\\\/www.wald.com.br\\\/en\\\/#\\\/schema\\\/logo\\\/image\\\/\",\"url\":\"https:\\\/\\\/www.wald.com.br\\\/wp-content\\\/uploads\\\/2020\\\/02\\\/Logo_Wald.png\",\"contentUrl\":\"https:\\\/\\\/www.wald.com.br\\\/wp-content\\\/uploads\\\/2020\\\/02\\\/Logo_Wald.png\",\"width\":5260,\"height\":2565,\"caption\":\"Wald, Antunes, Vita, Longo e Blattner Advogados\"},\"image\":{\"@id\":\"https:\\\/\\\/www.wald.com.br\\\/en\\\/#\\\/schema\\\/logo\\\/image\\\/\"},\"sameAs\":[\"https:\\\/\\\/www.linkedin.com\\\/company\\\/wald\"]},{\"@type\":\"Person\",\"@id\":\"https:\\\/\\\/www.wald.com.br\\\/en\\\/#\\\/schema\\\/person\\\/63b1ba5d23c51fa9d050dd06ffd0e04a\",\"name\":\"waldadmin2020\",\"image\":{\"@type\":\"ImageObject\",\"inLanguage\":\"en-US\",\"@id\":\"https:\\\/\\\/secure.gravatar.com\\\/avatar\\\/a71cf721eb306cd72432a33f9852249bbdb558baa0f55419ddb257983362db55?s=96&d=mm&r=g\",\"url\":\"https:\\\/\\\/secure.gravatar.com\\\/avatar\\\/a71cf721eb306cd72432a33f9852249bbdb558baa0f55419ddb257983362db55?s=96&d=mm&r=g\",\"contentUrl\":\"https:\\\/\\\/secure.gravatar.com\\\/avatar\\\/a71cf721eb306cd72432a33f9852249bbdb558baa0f55419ddb257983362db55?s=96&d=mm&r=g\",\"caption\":\"waldadmin2020\"},\"sameAs\":[\"https:\\\/\\\/x.com\\\/waldadmin2020\"],\"url\":\"https:\\\/\\\/www.wald.com.br\\\/en\\\/author\\\/waldadmin2020\\\/\"}]}<\/script>\n<!-- \/ Yoast SEO plugin. -->","yoast_head_json":{"title":"Wald, Antunes, Vita e Blattner Advogados \u00e9 destaque no The Legal 500 | Wald Advogados","robots":{"index":"index","follow":"follow","max-snippet":"max-snippet:-1","max-image-preview":"max-image-preview:large","max-video-preview":"max-video-preview:-1"},"canonical":"https:\/\/www.wald.com.br\/en\/wald-antunes-vita-e-blattner-advogados-e-destaque-no-the-legal-500\/","og_locale":"en_US","og_type":"article","og_title":"Wald, Antunes, Vita e Blattner Advogados \u00e9 destaque no The Legal 500 | Wald Advogados","og_description":"Estamos entre os principais escrit\u00f3rios brasileiros no prestigioso ranking internacional The Legal 500, com destaque em resolu\u00e7\u00e3o de disputas nas categorias de arbitragem e contencioso. Na \u00e1rea da arbitragem, a mais recente edi\u00e7\u00e3o da publica\u00e7\u00e3o destacou nosso fundador, Professor Arnoldo Wald, al\u00e9m de Arnoldo Wald Filho, Mariana Tavares Antunes, Clarissa Mac\u00e9a, e Riccardo Torre, nomeado [&hellip;]","og_url":"https:\/\/www.wald.com.br\/en\/wald-antunes-vita-e-blattner-advogados-e-destaque-no-the-legal-500\/","og_site_name":"Wald Advogados","article_published_time":"2022-10-19T21:46:44+00:00","og_image":[{"url":"https:\/\/www.wald.com.br\/wp-content\/uploads\/2022\/10\/Legal500-Site.png","type":"","width":"","height":""}],"author":"waldadmin2020","twitter_card":"summary_large_image","twitter_creator":"@waldadmin2020","twitter_misc":{"Written by":"waldadmin2020","Est. reading time":"1 minute"},"schema":{"@context":"https:\/\/schema.org","@graph":[{"@type":"Article","@id":"https:\/\/www.wald.com.br\/en\/wald-antunes-vita-e-blattner-advogados-e-destaque-no-the-legal-500\/#article","isPartOf":{"@id":"https:\/\/www.wald.com.br\/en\/wald-antunes-vita-e-blattner-advogados-e-destaque-no-the-legal-500\/"},"author":{"name":"waldadmin2020","@id":"https:\/\/www.wald.com.br\/en\/#\/schema\/person\/63b1ba5d23c51fa9d050dd06ffd0e04a"},"headline":"Wald, Antunes, Vita e Blattner Advogados \u00e9 destaque no The Legal 500","datePublished":"2022-10-19T21:46:44+00:00","mainEntityOfPage":{"@id":"https:\/\/www.wald.com.br\/en\/wald-antunes-vita-e-blattner-advogados-e-destaque-no-the-legal-500\/"},"wordCount":105,"commentCount":0,"publisher":{"@id":"https:\/\/www.wald.com.br\/en\/#organization"},"image":{"@id":"https:\/\/www.wald.com.br\/en\/wald-antunes-vita-e-blattner-advogados-e-destaque-no-the-legal-500\/#primaryimage"},"thumbnailUrl":"https:\/\/www.wald.com.br\/wp-content\/uploads\/2022\/10\/Legal500-Site.png","keywords":["Arbitragem","Contencioso administrativo e judicial","Legal 500","Pr\u00e9-contencioso"],"articleSection":["News"],"inLanguage":"en-US","potentialAction":[{"@type":"CommentAction","name":"Comment","target":["https:\/\/www.wald.com.br\/en\/wald-antunes-vita-e-blattner-advogados-e-destaque-no-the-legal-500\/#respond"]}]},{"@type":"WebPage","@id":"https:\/\/www.wald.com.br\/en\/wald-antunes-vita-e-blattner-advogados-e-destaque-no-the-legal-500\/","url":"https:\/\/www.wald.com.br\/en\/wald-antunes-vita-e-blattner-advogados-e-destaque-no-the-legal-500\/","name":"Wald, Antunes, Vita e Blattner Advogados \u00e9 destaque no The Legal 500 | Wald Advogados","isPartOf":{"@id":"https:\/\/www.wald.com.br\/en\/#website"},"primaryImageOfPage":{"@id":"https:\/\/www.wald.com.br\/en\/wald-antunes-vita-e-blattner-advogados-e-destaque-no-the-legal-500\/#primaryimage"},"image":{"@id":"https:\/\/www.wald.com.br\/en\/wald-antunes-vita-e-blattner-advogados-e-destaque-no-the-legal-500\/#primaryimage"},"thumbnailUrl":"https:\/\/www.wald.com.br\/wp-content\/uploads\/2022\/10\/Legal500-Site.png","datePublished":"2022-10-19T21:46:44+00:00","breadcrumb":{"@id":"https:\/\/www.wald.com.br\/en\/wald-antunes-vita-e-blattner-advogados-e-destaque-no-the-legal-500\/#breadcrumb"},"inLanguage":"en-US","potentialAction":[{"@type":"ReadAction","target":["https:\/\/www.wald.com.br\/en\/wald-antunes-vita-e-blattner-advogados-e-destaque-no-the-legal-500\/"]}]},{"@type":"ImageObject","inLanguage":"en-US","@id":"https:\/\/www.wald.com.br\/en\/wald-antunes-vita-e-blattner-advogados-e-destaque-no-the-legal-500\/#primaryimage","url":"https:\/\/www.wald.com.br\/wp-content\/uploads\/2022\/10\/Legal500-Site.png","contentUrl":"https:\/\/www.wald.com.br\/wp-content\/uploads\/2022\/10\/Legal500-Site.png"},{"@type":"BreadcrumbList","@id":"https:\/\/www.wald.com.br\/en\/wald-antunes-vita-e-blattner-advogados-e-destaque-no-the-legal-500\/#breadcrumb","itemListElement":[{"@type":"ListItem","position":1,"name":"In\u00edcio","item":"https:\/\/www.wald.com.br\/"},{"@type":"ListItem","position":2,"name":"Wald, Antunes, Vita e Blattner Advogados \u00e9 destaque no The Legal 500"}]},{"@type":"WebSite","@id":"https:\/\/www.wald.com.br\/en\/#website","url":"https:\/\/www.wald.com.br\/en\/","name":"Wald Advogados","description":"66 years of leading law practice","publisher":{"@id":"https:\/\/www.wald.com.br\/en\/#organization"},"potentialAction":[{"@type":"SearchAction","target":{"@type":"EntryPoint","urlTemplate":"https:\/\/www.wald.com.br\/en\/?s={search_term_string}"},"query-input":{"@type":"PropertyValueSpecification","valueRequired":true,"valueName":"search_term_string"}}],"inLanguage":"en-US"},{"@type":"Organization","@id":"https:\/\/www.wald.com.br\/en\/#organization","name":"Wald, Antunes, Vita, Longo e Blattner Advogados","url":"https:\/\/www.wald.com.br\/en\/","logo":{"@type":"ImageObject","inLanguage":"en-US","@id":"https:\/\/www.wald.com.br\/en\/#\/schema\/logo\/image\/","url":"https:\/\/www.wald.com.br\/wp-content\/uploads\/2020\/02\/Logo_Wald.png","contentUrl":"https:\/\/www.wald.com.br\/wp-content\/uploads\/2020\/02\/Logo_Wald.png","width":5260,"height":2565,"caption":"Wald, Antunes, Vita, Longo e Blattner Advogados"},"image":{"@id":"https:\/\/www.wald.com.br\/en\/#\/schema\/logo\/image\/"},"sameAs":["https:\/\/www.linkedin.com\/company\/wald"]},{"@type":"Person","@id":"https:\/\/www.wald.com.br\/en\/#\/schema\/person\/63b1ba5d23c51fa9d050dd06ffd0e04a","name":"waldadmin2020","image":{"@type":"ImageObject","inLanguage":"en-US","@id":"https:\/\/secure.gravatar.com\/avatar\/a71cf721eb306cd72432a33f9852249bbdb558baa0f55419ddb257983362db55?s=96&d=mm&r=g","url":"https:\/\/secure.gravatar.com\/avatar\/a71cf721eb306cd72432a33f9852249bbdb558baa0f55419ddb257983362db55?s=96&d=mm&r=g","contentUrl":"https:\/\/secure.gravatar.com\/avatar\/a71cf721eb306cd72432a33f9852249bbdb558baa0f55419ddb257983362db55?s=96&d=mm&r=g","caption":"waldadmin2020"},"sameAs":["https:\/\/x.com\/waldadmin2020"],"url":"https:\/\/www.wald.com.br\/en\/author\/waldadmin2020\/"}]}},"_links":{"self":[{"href":"https:\/\/www.wald.com.br\/en\/wp-json\/wp\/v2\/posts\/1948","targetHints":{"allow":["GET"]}}],"collection":[{"href":"https:\/\/www.wald.com.br\/en\/wp-json\/wp\/v2\/posts"}],"about":[{"href":"https:\/\/www.wald.com.br\/en\/wp-json\/wp\/v2\/types\/post"}],"author":[{"embeddable":true,"href":"https:\/\/www.wald.com.br\/en\/wp-json\/wp\/v2\/users\/1"}],"replies":[{"embeddable":true,"href":"https:\/\/www.wald.com.br\/en\/wp-json\/wp\/v2\/comments?post=1948"}],"version-history":[{"count":1,"href":"https:\/\/www.wald.com.br\/en\/wp-json\/wp\/v2\/posts\/1948\/revisions"}],"predecessor-version":[{"id":1950,"href":"https:\/\/www.wald.com.br\/en\/wp-json\/wp\/v2\/posts\/1948\/revisions\/1950"}],"wp:attachment":[{"href":"https:\/\/www.wald.com.br\/en\/wp-json\/wp\/v2\/media?parent=1948"}],"wp:term":[{"taxonomy":"category","embeddable":true,"href":"https:\/\/www.wald.com.br\/en\/wp-json\/wp\/v2\/categories?post=1948"},{"taxonomy":"post_tag","embeddable":true,"href":"https:\/\/www.wald.com.br\/en\/wp-json\/wp\/v2\/tags?post=1948"}],"curies":[{"name":"wp","href":"https:\/\/api.w.org\/{rel}","templated":true}]}}