{"id":1985,"date":"2023-02-27T13:23:51","date_gmt":"2023-02-27T16:23:51","guid":{"rendered":"https:\/\/www.wald.com.br\/?p=1985"},"modified":"2023-02-27T13:25:45","modified_gmt":"2023-02-27T16:25:45","slug":"wald-antunes-vita-e-blattner-advogados-anuncia-nova-socia-patricia-iglecias","status":"publish","type":"post","link":"https:\/\/www.wald.com.br\/en\/wald-antunes-vita-e-blattner-advogados-anuncia-nova-socia-patricia-iglecias\/","title":{"rendered":"Wald, Antunes, Vita e Blattner Advogados anuncia nova s\u00f3cia: Patr\u00edcia Iglecias"},"content":{"rendered":"<p class=\"qtranxs-available-languages-message qtranxs-available-languages-message-en\">Sorry, this entry is only available in <a href=\"https:\/\/www.wald.com.br\/pb\/wp-json\/wp\/v2\/posts\/1985\" class=\"qtranxs-available-language-link qtranxs-available-language-link-pb\" title=\"Portugu\u00eas do Brasil\">Portugu\u00eas do Brasil<\/a>. For the sake of viewer convenience, the content is shown below in the alternative language. You may click the link to switch the active language.<\/p><p><\/p>\n<p><a href=\"https:\/\/www.wald.com.br\/equipe\/patricia-iglecias\/\" target=\"_blank\" rel=\"noopener\">Patr\u00edcia Iglecias<\/a> \u00e9 a mais nova s\u00f3cia do Wald, Antunes, Vita e Blattner Advogados, e chega para refor\u00e7ar as \u00e1reas ambiental e c\u00edvel do escrit\u00f3rio a partir de 2023. Professora da Faculdade de Direito da USP e atual Superintendente de Gest\u00e3o Ambiental da Reitoria da universidade, Patr\u00edcia foi a primeira e \u00fanica mulher a presidir a Companhia Ambiental do Estado de S\u00e3o Paulo (CETESB), cargo que ocupou por quatro anos, e foi tamb\u00e9m Secret\u00e1ria de Meio Ambiente do Estado de S\u00e3o Paulo.<\/p>\n<p>O escrit\u00f3rio conta, ainda, com a chegada da advogada <a href=\"https:\/\/www.wald.com.br\/equipe\/caroline-marques-leal-jorge-santos\/\" target=\"_blank\" rel=\"noopener\">Caroline Marques Leal Jorge Santos<\/a>, mestre e doutoranda em Direito Civil pela USP, e que ocupou o cargo de Chefe de Gabinete da CETESB. Caroline \u00e9 professora de Direito Ambiental e pesquisadora do Grupo de Estudos Aplicados ao Meio Ambiente da USP (GEAMA\/USP).<\/p>\n<p><img loading=\"lazy\" decoding=\"async\" class=\"alignnone size-full wp-image-1986\" src=\"https:\/\/www.wald.com.br\/wp-content\/uploads\/2023\/02\/3.png\" alt=\"\" width=\"1920\" height=\"1080\" srcset=\"https:\/\/www.wald.com.br\/wp-content\/uploads\/2023\/02\/3.png 1920w, https:\/\/www.wald.com.br\/wp-content\/uploads\/2023\/02\/3-300x169.png 300w, https:\/\/www.wald.com.br\/wp-content\/uploads\/2023\/02\/3-1024x576.png 1024w, https:\/\/www.wald.com.br\/wp-content\/uploads\/2023\/02\/3-768x432.png 768w, https:\/\/www.wald.com.br\/wp-content\/uploads\/2023\/02\/3-1536x864.png 1536w\" sizes=\"auto, (max-width: 1920px) 100vw, 1920px\" \/><\/p>\n<p><\/p>","protected":false},"excerpt":{"rendered":"<p>Sorry, this entry is only available in Portugu\u00eas do Brasil. For the sake of viewer convenience, the content is shown below in the alternative language. You may click the link to switch the active language. Patr\u00edcia Iglecias \u00e9 a mais nova s\u00f3cia do Wald, Antunes, Vita e Blattner Advogados, e chega para refor\u00e7ar as \u00e1reas [&hellip;]<\/p>\n","protected":false},"author":1,"featured_media":0,"comment_status":"open","ping_status":"closed","sticky":false,"template":"","format":"standard","meta":{"_acf_changed":false,"footnotes":""},"categories":[2],"tags":[158,159],"class_list":["post-1985","post","type-post","status-publish","format-standard","hentry","category-noticias","tag-direito-ambiental","tag-direito-civil"],"acf":[],"yoast_head":"<!-- This site is optimized with the Yoast SEO plugin v27.5 - https:\/\/yoast.com\/product\/yoast-seo-wordpress\/ -->\n<title>Wald, Antunes, Vita e Blattner Advogados anuncia nova s\u00f3cia: Patr\u00edcia Iglecias | Wald Advogados<\/title>\n<meta name=\"robots\" content=\"index, follow, max-snippet:-1, max-image-preview:large, max-video-preview:-1\" \/>\n<link rel=\"canonical\" href=\"https:\/\/www.wald.com.br\/wald-antunes-vita-e-blattner-advogados-anuncia-nova-socia-patricia-iglecias\/\" \/>\n<meta property=\"og:locale\" content=\"en_US\" \/>\n<meta property=\"og:type\" content=\"article\" \/>\n<meta property=\"og:title\" content=\"Wald, Antunes, Vita e Blattner Advogados anuncia nova s\u00f3cia: Patr\u00edcia Iglecias | Wald Advogados\" \/>\n<meta property=\"og:description\" content=\"Sorry, this entry is only available in Portugu\u00eas do Brasil. For the sake of viewer convenience, the content is shown below in the alternative language. You may click the link to switch the active language. Patr\u00edcia Iglecias \u00e9 a mais nova s\u00f3cia do Wald, Antunes, Vita e Blattner Advogados, e chega para refor\u00e7ar as \u00e1reas [&hellip;]\" \/>\n<meta property=\"og:url\" content=\"https:\/\/www.wald.com.br\/wald-antunes-vita-e-blattner-advogados-anuncia-nova-socia-patricia-iglecias\/\" \/>\n<meta property=\"og:site_name\" content=\"Wald Advogados\" \/>\n<meta property=\"article:published_time\" content=\"2023-02-27T16:23:51+00:00\" \/>\n<meta property=\"article:modified_time\" content=\"2023-02-27T16:25:45+00:00\" \/>\n<meta property=\"og:image\" content=\"https:\/\/www.wald.com.br\/wp-content\/uploads\/2023\/02\/3.png\" \/>\n<meta name=\"author\" content=\"waldadmin2020\" \/>\n<meta name=\"twitter:card\" content=\"summary_large_image\" \/>\n<meta name=\"twitter:creator\" content=\"@waldadmin2020\" \/>\n<meta name=\"twitter:label1\" content=\"Written by\" \/>\n\t<meta name=\"twitter:data1\" content=\"waldadmin2020\" \/>\n\t<meta name=\"twitter:label2\" content=\"Est. reading time\" \/>\n\t<meta name=\"twitter:data2\" content=\"1 minute\" \/>\n<script type=\"application\/ld+json\" class=\"yoast-schema-graph\">{\"@context\":\"https:\\\/\\\/schema.org\",\"@graph\":[{\"@type\":\"Article\",\"@id\":\"https:\\\/\\\/www.wald.com.br\\\/wald-antunes-vita-e-blattner-advogados-anuncia-nova-socia-patricia-iglecias\\\/#article\",\"isPartOf\":{\"@id\":\"https:\\\/\\\/www.wald.com.br\\\/wald-antunes-vita-e-blattner-advogados-anuncia-nova-socia-patricia-iglecias\\\/\"},\"author\":{\"name\":\"waldadmin2020\",\"@id\":\"https:\\\/\\\/www.wald.com.br\\\/en\\\/#\\\/schema\\\/person\\\/63b1ba5d23c51fa9d050dd06ffd0e04a\"},\"headline\":\"Wald, Antunes, Vita e Blattner Advogados anuncia nova s\u00f3cia: Patr\u00edcia Iglecias\",\"datePublished\":\"2023-02-27T16:23:51+00:00\",\"dateModified\":\"2023-02-27T16:25:45+00:00\",\"mainEntityOfPage\":{\"@id\":\"https:\\\/\\\/www.wald.com.br\\\/wald-antunes-vita-e-blattner-advogados-anuncia-nova-socia-patricia-iglecias\\\/\"},\"wordCount\":158,\"commentCount\":0,\"publisher\":{\"@id\":\"https:\\\/\\\/www.wald.com.br\\\/en\\\/#organization\"},\"image\":{\"@id\":\"https:\\\/\\\/www.wald.com.br\\\/wald-antunes-vita-e-blattner-advogados-anuncia-nova-socia-patricia-iglecias\\\/#primaryimage\"},\"thumbnailUrl\":\"https:\\\/\\\/www.wald.com.br\\\/wp-content\\\/uploads\\\/2023\\\/02\\\/3.png\",\"keywords\":[\"Direito Ambiental\",\"Direito Civil\"],\"articleSection\":[\"News\"],\"inLanguage\":\"en-US\",\"potentialAction\":[{\"@type\":\"CommentAction\",\"name\":\"Comment\",\"target\":[\"https:\\\/\\\/www.wald.com.br\\\/wald-antunes-vita-e-blattner-advogados-anuncia-nova-socia-patricia-iglecias\\\/#respond\"]}]},{\"@type\":\"WebPage\",\"@id\":\"https:\\\/\\\/www.wald.com.br\\\/wald-antunes-vita-e-blattner-advogados-anuncia-nova-socia-patricia-iglecias\\\/\",\"url\":\"https:\\\/\\\/www.wald.com.br\\\/wald-antunes-vita-e-blattner-advogados-anuncia-nova-socia-patricia-iglecias\\\/\",\"name\":\"Wald, Antunes, Vita e Blattner Advogados anuncia nova s\u00f3cia: Patr\u00edcia Iglecias | Wald Advogados\",\"isPartOf\":{\"@id\":\"https:\\\/\\\/www.wald.com.br\\\/en\\\/#website\"},\"primaryImageOfPage\":{\"@id\":\"https:\\\/\\\/www.wald.com.br\\\/wald-antunes-vita-e-blattner-advogados-anuncia-nova-socia-patricia-iglecias\\\/#primaryimage\"},\"image\":{\"@id\":\"https:\\\/\\\/www.wald.com.br\\\/wald-antunes-vita-e-blattner-advogados-anuncia-nova-socia-patricia-iglecias\\\/#primaryimage\"},\"thumbnailUrl\":\"https:\\\/\\\/www.wald.com.br\\\/wp-content\\\/uploads\\\/2023\\\/02\\\/3.png\",\"datePublished\":\"2023-02-27T16:23:51+00:00\",\"dateModified\":\"2023-02-27T16:25:45+00:00\",\"breadcrumb\":{\"@id\":\"https:\\\/\\\/www.wald.com.br\\\/wald-antunes-vita-e-blattner-advogados-anuncia-nova-socia-patricia-iglecias\\\/#breadcrumb\"},\"inLanguage\":\"en-US\",\"potentialAction\":[{\"@type\":\"ReadAction\",\"target\":[\"https:\\\/\\\/www.wald.com.br\\\/wald-antunes-vita-e-blattner-advogados-anuncia-nova-socia-patricia-iglecias\\\/\"]}]},{\"@type\":\"ImageObject\",\"inLanguage\":\"en-US\",\"@id\":\"https:\\\/\\\/www.wald.com.br\\\/wald-antunes-vita-e-blattner-advogados-anuncia-nova-socia-patricia-iglecias\\\/#primaryimage\",\"url\":\"https:\\\/\\\/www.wald.com.br\\\/wp-content\\\/uploads\\\/2023\\\/02\\\/3.png\",\"contentUrl\":\"https:\\\/\\\/www.wald.com.br\\\/wp-content\\\/uploads\\\/2023\\\/02\\\/3.png\"},{\"@type\":\"BreadcrumbList\",\"@id\":\"https:\\\/\\\/www.wald.com.br\\\/wald-antunes-vita-e-blattner-advogados-anuncia-nova-socia-patricia-iglecias\\\/#breadcrumb\",\"itemListElement\":[{\"@type\":\"ListItem\",\"position\":1,\"name\":\"In\u00edcio\",\"item\":\"https:\\\/\\\/www.wald.com.br\\\/\"},{\"@type\":\"ListItem\",\"position\":2,\"name\":\"Wald, Antunes, Vita e Blattner Advogados anuncia nova s\u00f3cia: Patr\u00edcia Iglecias\"}]},{\"@type\":\"WebSite\",\"@id\":\"https:\\\/\\\/www.wald.com.br\\\/en\\\/#website\",\"url\":\"https:\\\/\\\/www.wald.com.br\\\/en\\\/\",\"name\":\"Wald Advogados\",\"description\":\"66 years of leading law practice\",\"publisher\":{\"@id\":\"https:\\\/\\\/www.wald.com.br\\\/en\\\/#organization\"},\"potentialAction\":[{\"@type\":\"SearchAction\",\"target\":{\"@type\":\"EntryPoint\",\"urlTemplate\":\"https:\\\/\\\/www.wald.com.br\\\/en\\\/?s={search_term_string}\"},\"query-input\":{\"@type\":\"PropertyValueSpecification\",\"valueRequired\":true,\"valueName\":\"search_term_string\"}}],\"inLanguage\":\"en-US\"},{\"@type\":\"Organization\",\"@id\":\"https:\\\/\\\/www.wald.com.br\\\/en\\\/#organization\",\"name\":\"Wald, Antunes, Vita, Longo e Blattner Advogados\",\"url\":\"https:\\\/\\\/www.wald.com.br\\\/en\\\/\",\"logo\":{\"@type\":\"ImageObject\",\"inLanguage\":\"en-US\",\"@id\":\"https:\\\/\\\/www.wald.com.br\\\/en\\\/#\\\/schema\\\/logo\\\/image\\\/\",\"url\":\"https:\\\/\\\/www.wald.com.br\\\/wp-content\\\/uploads\\\/2020\\\/02\\\/Logo_Wald.png\",\"contentUrl\":\"https:\\\/\\\/www.wald.com.br\\\/wp-content\\\/uploads\\\/2020\\\/02\\\/Logo_Wald.png\",\"width\":5260,\"height\":2565,\"caption\":\"Wald, Antunes, Vita, Longo e Blattner Advogados\"},\"image\":{\"@id\":\"https:\\\/\\\/www.wald.com.br\\\/en\\\/#\\\/schema\\\/logo\\\/image\\\/\"},\"sameAs\":[\"https:\\\/\\\/www.linkedin.com\\\/company\\\/wald\"]},{\"@type\":\"Person\",\"@id\":\"https:\\\/\\\/www.wald.com.br\\\/en\\\/#\\\/schema\\\/person\\\/63b1ba5d23c51fa9d050dd06ffd0e04a\",\"name\":\"waldadmin2020\",\"image\":{\"@type\":\"ImageObject\",\"inLanguage\":\"en-US\",\"@id\":\"https:\\\/\\\/secure.gravatar.com\\\/avatar\\\/a71cf721eb306cd72432a33f9852249bbdb558baa0f55419ddb257983362db55?s=96&d=mm&r=g\",\"url\":\"https:\\\/\\\/secure.gravatar.com\\\/avatar\\\/a71cf721eb306cd72432a33f9852249bbdb558baa0f55419ddb257983362db55?s=96&d=mm&r=g\",\"contentUrl\":\"https:\\\/\\\/secure.gravatar.com\\\/avatar\\\/a71cf721eb306cd72432a33f9852249bbdb558baa0f55419ddb257983362db55?s=96&d=mm&r=g\",\"caption\":\"waldadmin2020\"},\"sameAs\":[\"https:\\\/\\\/x.com\\\/waldadmin2020\"],\"url\":\"https:\\\/\\\/www.wald.com.br\\\/en\\\/author\\\/waldadmin2020\\\/\"}]}<\/script>\n<!-- \/ Yoast SEO plugin. -->","yoast_head_json":{"title":"Wald, Antunes, Vita e Blattner Advogados anuncia nova s\u00f3cia: Patr\u00edcia Iglecias | Wald Advogados","robots":{"index":"index","follow":"follow","max-snippet":"max-snippet:-1","max-image-preview":"max-image-preview:large","max-video-preview":"max-video-preview:-1"},"canonical":"https:\/\/www.wald.com.br\/wald-antunes-vita-e-blattner-advogados-anuncia-nova-socia-patricia-iglecias\/","og_locale":"en_US","og_type":"article","og_title":"Wald, Antunes, Vita e Blattner Advogados anuncia nova s\u00f3cia: Patr\u00edcia Iglecias | Wald Advogados","og_description":"Sorry, this entry is only available in Portugu\u00eas do Brasil. For the sake of viewer convenience, the content is shown below in the alternative language. You may click the link to switch the active language. Patr\u00edcia Iglecias \u00e9 a mais nova s\u00f3cia do Wald, Antunes, Vita e Blattner Advogados, e chega para refor\u00e7ar as \u00e1reas [&hellip;]","og_url":"https:\/\/www.wald.com.br\/wald-antunes-vita-e-blattner-advogados-anuncia-nova-socia-patricia-iglecias\/","og_site_name":"Wald Advogados","article_published_time":"2023-02-27T16:23:51+00:00","article_modified_time":"2023-02-27T16:25:45+00:00","og_image":[{"url":"https:\/\/www.wald.com.br\/wp-content\/uploads\/2023\/02\/3.png","type":"","width":"","height":""}],"author":"waldadmin2020","twitter_card":"summary_large_image","twitter_creator":"@waldadmin2020","twitter_misc":{"Written by":"waldadmin2020","Est. reading time":"1 minute"},"schema":{"@context":"https:\/\/schema.org","@graph":[{"@type":"Article","@id":"https:\/\/www.wald.com.br\/wald-antunes-vita-e-blattner-advogados-anuncia-nova-socia-patricia-iglecias\/#article","isPartOf":{"@id":"https:\/\/www.wald.com.br\/wald-antunes-vita-e-blattner-advogados-anuncia-nova-socia-patricia-iglecias\/"},"author":{"name":"waldadmin2020","@id":"https:\/\/www.wald.com.br\/en\/#\/schema\/person\/63b1ba5d23c51fa9d050dd06ffd0e04a"},"headline":"Wald, Antunes, Vita e Blattner Advogados anuncia nova s\u00f3cia: Patr\u00edcia Iglecias","datePublished":"2023-02-27T16:23:51+00:00","dateModified":"2023-02-27T16:25:45+00:00","mainEntityOfPage":{"@id":"https:\/\/www.wald.com.br\/wald-antunes-vita-e-blattner-advogados-anuncia-nova-socia-patricia-iglecias\/"},"wordCount":158,"commentCount":0,"publisher":{"@id":"https:\/\/www.wald.com.br\/en\/#organization"},"image":{"@id":"https:\/\/www.wald.com.br\/wald-antunes-vita-e-blattner-advogados-anuncia-nova-socia-patricia-iglecias\/#primaryimage"},"thumbnailUrl":"https:\/\/www.wald.com.br\/wp-content\/uploads\/2023\/02\/3.png","keywords":["Direito Ambiental","Direito Civil"],"articleSection":["News"],"inLanguage":"en-US","potentialAction":[{"@type":"CommentAction","name":"Comment","target":["https:\/\/www.wald.com.br\/wald-antunes-vita-e-blattner-advogados-anuncia-nova-socia-patricia-iglecias\/#respond"]}]},{"@type":"WebPage","@id":"https:\/\/www.wald.com.br\/wald-antunes-vita-e-blattner-advogados-anuncia-nova-socia-patricia-iglecias\/","url":"https:\/\/www.wald.com.br\/wald-antunes-vita-e-blattner-advogados-anuncia-nova-socia-patricia-iglecias\/","name":"Wald, Antunes, Vita e Blattner Advogados anuncia nova s\u00f3cia: Patr\u00edcia Iglecias | Wald Advogados","isPartOf":{"@id":"https:\/\/www.wald.com.br\/en\/#website"},"primaryImageOfPage":{"@id":"https:\/\/www.wald.com.br\/wald-antunes-vita-e-blattner-advogados-anuncia-nova-socia-patricia-iglecias\/#primaryimage"},"image":{"@id":"https:\/\/www.wald.com.br\/wald-antunes-vita-e-blattner-advogados-anuncia-nova-socia-patricia-iglecias\/#primaryimage"},"thumbnailUrl":"https:\/\/www.wald.com.br\/wp-content\/uploads\/2023\/02\/3.png","datePublished":"2023-02-27T16:23:51+00:00","dateModified":"2023-02-27T16:25:45+00:00","breadcrumb":{"@id":"https:\/\/www.wald.com.br\/wald-antunes-vita-e-blattner-advogados-anuncia-nova-socia-patricia-iglecias\/#breadcrumb"},"inLanguage":"en-US","potentialAction":[{"@type":"ReadAction","target":["https:\/\/www.wald.com.br\/wald-antunes-vita-e-blattner-advogados-anuncia-nova-socia-patricia-iglecias\/"]}]},{"@type":"ImageObject","inLanguage":"en-US","@id":"https:\/\/www.wald.com.br\/wald-antunes-vita-e-blattner-advogados-anuncia-nova-socia-patricia-iglecias\/#primaryimage","url":"https:\/\/www.wald.com.br\/wp-content\/uploads\/2023\/02\/3.png","contentUrl":"https:\/\/www.wald.com.br\/wp-content\/uploads\/2023\/02\/3.png"},{"@type":"BreadcrumbList","@id":"https:\/\/www.wald.com.br\/wald-antunes-vita-e-blattner-advogados-anuncia-nova-socia-patricia-iglecias\/#breadcrumb","itemListElement":[{"@type":"ListItem","position":1,"name":"In\u00edcio","item":"https:\/\/www.wald.com.br\/"},{"@type":"ListItem","position":2,"name":"Wald, Antunes, Vita e Blattner Advogados anuncia nova s\u00f3cia: Patr\u00edcia Iglecias"}]},{"@type":"WebSite","@id":"https:\/\/www.wald.com.br\/en\/#website","url":"https:\/\/www.wald.com.br\/en\/","name":"Wald Advogados","description":"66 years of leading law practice","publisher":{"@id":"https:\/\/www.wald.com.br\/en\/#organization"},"potentialAction":[{"@type":"SearchAction","target":{"@type":"EntryPoint","urlTemplate":"https:\/\/www.wald.com.br\/en\/?s={search_term_string}"},"query-input":{"@type":"PropertyValueSpecification","valueRequired":true,"valueName":"search_term_string"}}],"inLanguage":"en-US"},{"@type":"Organization","@id":"https:\/\/www.wald.com.br\/en\/#organization","name":"Wald, Antunes, Vita, Longo e Blattner Advogados","url":"https:\/\/www.wald.com.br\/en\/","logo":{"@type":"ImageObject","inLanguage":"en-US","@id":"https:\/\/www.wald.com.br\/en\/#\/schema\/logo\/image\/","url":"https:\/\/www.wald.com.br\/wp-content\/uploads\/2020\/02\/Logo_Wald.png","contentUrl":"https:\/\/www.wald.com.br\/wp-content\/uploads\/2020\/02\/Logo_Wald.png","width":5260,"height":2565,"caption":"Wald, Antunes, Vita, Longo e Blattner Advogados"},"image":{"@id":"https:\/\/www.wald.com.br\/en\/#\/schema\/logo\/image\/"},"sameAs":["https:\/\/www.linkedin.com\/company\/wald"]},{"@type":"Person","@id":"https:\/\/www.wald.com.br\/en\/#\/schema\/person\/63b1ba5d23c51fa9d050dd06ffd0e04a","name":"waldadmin2020","image":{"@type":"ImageObject","inLanguage":"en-US","@id":"https:\/\/secure.gravatar.com\/avatar\/a71cf721eb306cd72432a33f9852249bbdb558baa0f55419ddb257983362db55?s=96&d=mm&r=g","url":"https:\/\/secure.gravatar.com\/avatar\/a71cf721eb306cd72432a33f9852249bbdb558baa0f55419ddb257983362db55?s=96&d=mm&r=g","contentUrl":"https:\/\/secure.gravatar.com\/avatar\/a71cf721eb306cd72432a33f9852249bbdb558baa0f55419ddb257983362db55?s=96&d=mm&r=g","caption":"waldadmin2020"},"sameAs":["https:\/\/x.com\/waldadmin2020"],"url":"https:\/\/www.wald.com.br\/en\/author\/waldadmin2020\/"}]}},"_links":{"self":[{"href":"https:\/\/www.wald.com.br\/en\/wp-json\/wp\/v2\/posts\/1985","targetHints":{"allow":["GET"]}}],"collection":[{"href":"https:\/\/www.wald.com.br\/en\/wp-json\/wp\/v2\/posts"}],"about":[{"href":"https:\/\/www.wald.com.br\/en\/wp-json\/wp\/v2\/types\/post"}],"author":[{"embeddable":true,"href":"https:\/\/www.wald.com.br\/en\/wp-json\/wp\/v2\/users\/1"}],"replies":[{"embeddable":true,"href":"https:\/\/www.wald.com.br\/en\/wp-json\/wp\/v2\/comments?post=1985"}],"version-history":[{"count":2,"href":"https:\/\/www.wald.com.br\/en\/wp-json\/wp\/v2\/posts\/1985\/revisions"}],"predecessor-version":[{"id":1988,"href":"https:\/\/www.wald.com.br\/en\/wp-json\/wp\/v2\/posts\/1985\/revisions\/1988"}],"wp:attachment":[{"href":"https:\/\/www.wald.com.br\/en\/wp-json\/wp\/v2\/media?parent=1985"}],"wp:term":[{"taxonomy":"category","embeddable":true,"href":"https:\/\/www.wald.com.br\/en\/wp-json\/wp\/v2\/categories?post=1985"},{"taxonomy":"post_tag","embeddable":true,"href":"https:\/\/www.wald.com.br\/en\/wp-json\/wp\/v2\/tags?post=1985"}],"curies":[{"name":"wp","href":"https:\/\/api.w.org\/{rel}","templated":true}]}}