{"id":1989,"date":"2023-02-28T14:37:35","date_gmt":"2023-02-28T17:37:35","guid":{"rendered":"https:\/\/www.wald.com.br\/?p=1989"},"modified":"2023-02-28T14:37:35","modified_gmt":"2023-02-28T17:37:35","slug":"wald-antunes-vita-e-blattner-advogados-anuncia-nova-socia","status":"publish","type":"post","link":"https:\/\/www.wald.com.br\/en\/wald-antunes-vita-e-blattner-advogados-anuncia-nova-socia\/","title":{"rendered":"Wald, Antunes, Vita e Blattner Advogados anuncia nova s\u00f3cia"},"content":{"rendered":"<p><\/p>\n<p><em>Patr\u00edcia Iglecias ir\u00e1 refor\u00e7ar a \u00e1rea c\u00edvel e ambiental<br \/>\n<\/em><br \/>\nPublicado pela <a href=\"https:\/\/analise.com\/mercado-em-movimento\/com-nova-socia-wald-reforca-areas-civel-e-ambiental\" target=\"_blank\" rel=\"noopener\">An\u00e1lise Editorial<\/a><\/p>\n<p>O escrit\u00f3rio Wald, Antunes, Vita e Blattner Advogados, eleito Mais Admirado em todas as edi\u00e7\u00f5es do AN\u00c1LISE ADVOCACIA, anuncia a chegada da advogada Patr\u00edcia Iglecias como nova s\u00f3cia. Iglecias traz em sua bagagem mais de 30 anos de expertise, marcados pelo seu engajamento com a pauta socioambiental. Para ela, \u00e9 gratificante fazer parte do time, principalmente pelo momento importante que a \u00e1rea tem vivenciado no mercado.<\/p>\n<p>&#8220;Estou extremamente feliz e motivada a integrar o time de Wald e buscar as melhores solu\u00e7\u00f5es para os diversos desafios que o contexto atual, com o pano de fundo das mudan\u00e7as clim\u00e1ticas, t\u00eam imposto ao setor produtivo para o qual a prote\u00e7\u00e3o ambiental \u00e9 ativo indispens\u00e1vel dos neg\u00f3cios&#8221;, afirma Iglecias.<\/p>\n<p>A advogada ocupou importantes posi\u00e7\u00f5es de lideran\u00e7a e gest\u00e3o, atuando como Secret\u00e1ria do Meio Ambiente de S\u00e3o Paulo e, mais recentemente, na Companhia Ambiental do Estado de S\u00e3o Paulo (Cetesb), tendo sido a primeira e \u00fanica mulher a presidir a companhia. Livre Docente, Patr\u00edcia \u00e9 professora de Direito Civil da Faculdade de Direito da Universidade de S\u00e3o Paulo (USP) e superintendente de Gest\u00e3o Ambiental da Reitoria da universidade.<\/p>\n<p>Os m\u00e9ritos de Iglecias s\u00e3o reconhecidos nacional e internacionalmente: foi condecorada com o Destaque Sustentabilidade &#8211; WOCA &#8211; em tributo e reconhecimento pela carreira em prol da gest\u00e3o ambiental e atua\u00e7\u00e3o no programa Cidades do Pacto Global da ONU, GCSM (Global Council of Sales Marketing); no Brasil, recebeu a Medalha San Tiago Dantas na categoria Jurista da \u00c1rea de Meio Ambiente e Sustentabilidade.<\/p>\n<p>&#8220;Depois de acompanhar os desafios do licenciamento dos principais empreendimentos no estado de S\u00e3o Paulo, comandando a maior ag\u00eancia ambiental da Am\u00e9rica Latina, Patr\u00edcia vem refor\u00e7ar as \u00e1reas c\u00edvel e ambiental do escrit\u00f3rio, em linha com a crescente demanda por servi\u00e7os jur\u00eddicos estrat\u00e9gicos, especialmente aqueles atrelados \u00e0s pr\u00e1ticas ESG&#8221;, pontua Arnoldo Wald Filho, s\u00f3cio do escrit\u00f3rio.<\/p>\n<p>Tamb\u00e9m passa a integrar o escrit\u00f3rio a advogada Caroline Marques Leal Jorge Santos, mestre e doutoranda em Direito Civil pela Faculdade de Direito da USP. A advogada foi Chefe de Gabinete da CETESB, assessora da Secretaria de Meio Ambiente de S\u00e3o Paulo, titular da C\u00e2mara T\u00e9cnica de Assuntos Jur\u00eddicos do CONAMA e representante de S\u00e3o Paulo junto \u00e0 Associa\u00e7\u00e3o Brasileira de Entidades Estaduais de Meio Ambiente (ABEMA).<\/p>\n<p><img loading=\"lazy\" decoding=\"async\" class=\"alignnone size-full wp-image-1991\" src=\"https:\/\/www.wald.com.br\/wp-content\/uploads\/2023\/02\/1644418580501-2210-0-0-1677505451.jpg\" alt=\"\" width=\"506\" height=\"506\" srcset=\"https:\/\/www.wald.com.br\/wp-content\/uploads\/2023\/02\/1644418580501-2210-0-0-1677505451.jpg 506w, https:\/\/www.wald.com.br\/wp-content\/uploads\/2023\/02\/1644418580501-2210-0-0-1677505451-300x300.jpg 300w, https:\/\/www.wald.com.br\/wp-content\/uploads\/2023\/02\/1644418580501-2210-0-0-1677505451-150x150.jpg 150w\" sizes=\"auto, (max-width: 506px) 100vw, 506px\" \/><br \/>\n<em>Patr\u00edcia Iglecias, nova s\u00f3cia do Wald, Antunes, Vita e Blattner Advogados<\/em><\/p>\n<p><\/p>","protected":false},"excerpt":{"rendered":"<p>Patr\u00edcia Iglecias ir\u00e1 refor\u00e7ar a \u00e1rea c\u00edvel e ambiental Publicado pela An\u00e1lise Editorial O escrit\u00f3rio Wald, Antunes, Vita e Blattner Advogados, eleito Mais Admirado em todas as edi\u00e7\u00f5es do AN\u00c1LISE ADVOCACIA, anuncia a chegada da advogada Patr\u00edcia Iglecias como nova s\u00f3cia. Iglecias traz em sua bagagem mais de 30 anos de expertise, marcados pelo seu [&hellip;]<\/p>\n","protected":false},"author":1,"featured_media":0,"comment_status":"open","ping_status":"closed","sticky":false,"template":"","format":"standard","meta":{"_acf_changed":false,"footnotes":""},"categories":[2],"tags":[158,159],"class_list":["post-1989","post","type-post","status-publish","format-standard","hentry","category-noticias","tag-direito-ambiental","tag-direito-civil"],"acf":[],"yoast_head":"<!-- This site is optimized with the Yoast SEO plugin v27.5 - https:\/\/yoast.com\/product\/yoast-seo-wordpress\/ -->\n<title>Wald, Antunes, Vita e Blattner Advogados anuncia nova s\u00f3cia | Wald Advogados<\/title>\n<meta name=\"robots\" content=\"index, follow, max-snippet:-1, max-image-preview:large, max-video-preview:-1\" \/>\n<link rel=\"canonical\" href=\"https:\/\/www.wald.com.br\/wald-antunes-vita-e-blattner-advogados-anuncia-nova-socia\/\" \/>\n<meta property=\"og:locale\" content=\"en_US\" \/>\n<meta property=\"og:type\" content=\"article\" \/>\n<meta property=\"og:title\" content=\"Wald, Antunes, Vita e Blattner Advogados anuncia nova s\u00f3cia | Wald Advogados\" \/>\n<meta property=\"og:description\" content=\"Patr\u00edcia Iglecias ir\u00e1 refor\u00e7ar a \u00e1rea c\u00edvel e ambiental Publicado pela An\u00e1lise Editorial O escrit\u00f3rio Wald, Antunes, Vita e Blattner Advogados, eleito Mais Admirado em todas as edi\u00e7\u00f5es do AN\u00c1LISE ADVOCACIA, anuncia a chegada da advogada Patr\u00edcia Iglecias como nova s\u00f3cia. Iglecias traz em sua bagagem mais de 30 anos de expertise, marcados pelo seu [&hellip;]\" \/>\n<meta property=\"og:url\" content=\"https:\/\/www.wald.com.br\/wald-antunes-vita-e-blattner-advogados-anuncia-nova-socia\/\" \/>\n<meta property=\"og:site_name\" content=\"Wald Advogados\" \/>\n<meta property=\"article:published_time\" content=\"2023-02-28T17:37:35+00:00\" \/>\n<meta name=\"author\" content=\"waldadmin2020\" \/>\n<meta name=\"twitter:card\" content=\"summary_large_image\" \/>\n<meta name=\"twitter:creator\" content=\"@waldadmin2020\" \/>\n<meta name=\"twitter:label1\" content=\"Written by\" \/>\n\t<meta name=\"twitter:data1\" content=\"waldadmin2020\" \/>\n\t<meta name=\"twitter:label2\" content=\"Est. reading time\" \/>\n\t<meta name=\"twitter:data2\" content=\"3 minutes\" \/>\n<script type=\"application\/ld+json\" class=\"yoast-schema-graph\">{\"@context\":\"https:\\\/\\\/schema.org\",\"@graph\":[{\"@type\":\"Article\",\"@id\":\"https:\\\/\\\/www.wald.com.br\\\/wald-antunes-vita-e-blattner-advogados-anuncia-nova-socia\\\/#article\",\"isPartOf\":{\"@id\":\"https:\\\/\\\/www.wald.com.br\\\/wald-antunes-vita-e-blattner-advogados-anuncia-nova-socia\\\/\"},\"author\":{\"name\":\"waldadmin2020\",\"@id\":\"https:\\\/\\\/www.wald.com.br\\\/en\\\/#\\\/schema\\\/person\\\/63b1ba5d23c51fa9d050dd06ffd0e04a\"},\"headline\":\"Wald, Antunes, Vita e Blattner Advogados anuncia nova s\u00f3cia\",\"datePublished\":\"2023-02-28T17:37:35+00:00\",\"mainEntityOfPage\":{\"@id\":\"https:\\\/\\\/www.wald.com.br\\\/wald-antunes-vita-e-blattner-advogados-anuncia-nova-socia\\\/\"},\"wordCount\":452,\"commentCount\":0,\"publisher\":{\"@id\":\"https:\\\/\\\/www.wald.com.br\\\/en\\\/#organization\"},\"image\":{\"@id\":\"https:\\\/\\\/www.wald.com.br\\\/wald-antunes-vita-e-blattner-advogados-anuncia-nova-socia\\\/#primaryimage\"},\"thumbnailUrl\":\"https:\\\/\\\/www.wald.com.br\\\/wp-content\\\/uploads\\\/2023\\\/02\\\/1644418580501-2210-0-0-1677505451.jpg\",\"keywords\":[\"Direito Ambiental\",\"Direito Civil\"],\"articleSection\":[\"News\"],\"inLanguage\":\"en-US\",\"potentialAction\":[{\"@type\":\"CommentAction\",\"name\":\"Comment\",\"target\":[\"https:\\\/\\\/www.wald.com.br\\\/wald-antunes-vita-e-blattner-advogados-anuncia-nova-socia\\\/#respond\"]}]},{\"@type\":\"WebPage\",\"@id\":\"https:\\\/\\\/www.wald.com.br\\\/wald-antunes-vita-e-blattner-advogados-anuncia-nova-socia\\\/\",\"url\":\"https:\\\/\\\/www.wald.com.br\\\/wald-antunes-vita-e-blattner-advogados-anuncia-nova-socia\\\/\",\"name\":\"Wald, Antunes, Vita e Blattner Advogados anuncia nova s\u00f3cia | Wald Advogados\",\"isPartOf\":{\"@id\":\"https:\\\/\\\/www.wald.com.br\\\/en\\\/#website\"},\"primaryImageOfPage\":{\"@id\":\"https:\\\/\\\/www.wald.com.br\\\/wald-antunes-vita-e-blattner-advogados-anuncia-nova-socia\\\/#primaryimage\"},\"image\":{\"@id\":\"https:\\\/\\\/www.wald.com.br\\\/wald-antunes-vita-e-blattner-advogados-anuncia-nova-socia\\\/#primaryimage\"},\"thumbnailUrl\":\"https:\\\/\\\/www.wald.com.br\\\/wp-content\\\/uploads\\\/2023\\\/02\\\/1644418580501-2210-0-0-1677505451.jpg\",\"datePublished\":\"2023-02-28T17:37:35+00:00\",\"breadcrumb\":{\"@id\":\"https:\\\/\\\/www.wald.com.br\\\/wald-antunes-vita-e-blattner-advogados-anuncia-nova-socia\\\/#breadcrumb\"},\"inLanguage\":\"en-US\",\"potentialAction\":[{\"@type\":\"ReadAction\",\"target\":[\"https:\\\/\\\/www.wald.com.br\\\/wald-antunes-vita-e-blattner-advogados-anuncia-nova-socia\\\/\"]}]},{\"@type\":\"ImageObject\",\"inLanguage\":\"en-US\",\"@id\":\"https:\\\/\\\/www.wald.com.br\\\/wald-antunes-vita-e-blattner-advogados-anuncia-nova-socia\\\/#primaryimage\",\"url\":\"https:\\\/\\\/www.wald.com.br\\\/wp-content\\\/uploads\\\/2023\\\/02\\\/1644418580501-2210-0-0-1677505451.jpg\",\"contentUrl\":\"https:\\\/\\\/www.wald.com.br\\\/wp-content\\\/uploads\\\/2023\\\/02\\\/1644418580501-2210-0-0-1677505451.jpg\"},{\"@type\":\"BreadcrumbList\",\"@id\":\"https:\\\/\\\/www.wald.com.br\\\/wald-antunes-vita-e-blattner-advogados-anuncia-nova-socia\\\/#breadcrumb\",\"itemListElement\":[{\"@type\":\"ListItem\",\"position\":1,\"name\":\"In\u00edcio\",\"item\":\"https:\\\/\\\/www.wald.com.br\\\/\"},{\"@type\":\"ListItem\",\"position\":2,\"name\":\"Wald, Antunes, Vita e Blattner Advogados anuncia nova s\u00f3cia\"}]},{\"@type\":\"WebSite\",\"@id\":\"https:\\\/\\\/www.wald.com.br\\\/en\\\/#website\",\"url\":\"https:\\\/\\\/www.wald.com.br\\\/en\\\/\",\"name\":\"Wald Advogados\",\"description\":\"66 years of leading law practice\",\"publisher\":{\"@id\":\"https:\\\/\\\/www.wald.com.br\\\/en\\\/#organization\"},\"potentialAction\":[{\"@type\":\"SearchAction\",\"target\":{\"@type\":\"EntryPoint\",\"urlTemplate\":\"https:\\\/\\\/www.wald.com.br\\\/en\\\/?s={search_term_string}\"},\"query-input\":{\"@type\":\"PropertyValueSpecification\",\"valueRequired\":true,\"valueName\":\"search_term_string\"}}],\"inLanguage\":\"en-US\"},{\"@type\":\"Organization\",\"@id\":\"https:\\\/\\\/www.wald.com.br\\\/en\\\/#organization\",\"name\":\"Wald, Antunes, Vita, Longo e Blattner Advogados\",\"url\":\"https:\\\/\\\/www.wald.com.br\\\/en\\\/\",\"logo\":{\"@type\":\"ImageObject\",\"inLanguage\":\"en-US\",\"@id\":\"https:\\\/\\\/www.wald.com.br\\\/en\\\/#\\\/schema\\\/logo\\\/image\\\/\",\"url\":\"https:\\\/\\\/www.wald.com.br\\\/wp-content\\\/uploads\\\/2020\\\/02\\\/Logo_Wald.png\",\"contentUrl\":\"https:\\\/\\\/www.wald.com.br\\\/wp-content\\\/uploads\\\/2020\\\/02\\\/Logo_Wald.png\",\"width\":5260,\"height\":2565,\"caption\":\"Wald, Antunes, Vita, Longo e Blattner Advogados\"},\"image\":{\"@id\":\"https:\\\/\\\/www.wald.com.br\\\/en\\\/#\\\/schema\\\/logo\\\/image\\\/\"},\"sameAs\":[\"https:\\\/\\\/www.linkedin.com\\\/company\\\/wald\"]},{\"@type\":\"Person\",\"@id\":\"https:\\\/\\\/www.wald.com.br\\\/en\\\/#\\\/schema\\\/person\\\/63b1ba5d23c51fa9d050dd06ffd0e04a\",\"name\":\"waldadmin2020\",\"image\":{\"@type\":\"ImageObject\",\"inLanguage\":\"en-US\",\"@id\":\"https:\\\/\\\/secure.gravatar.com\\\/avatar\\\/a71cf721eb306cd72432a33f9852249bbdb558baa0f55419ddb257983362db55?s=96&d=mm&r=g\",\"url\":\"https:\\\/\\\/secure.gravatar.com\\\/avatar\\\/a71cf721eb306cd72432a33f9852249bbdb558baa0f55419ddb257983362db55?s=96&d=mm&r=g\",\"contentUrl\":\"https:\\\/\\\/secure.gravatar.com\\\/avatar\\\/a71cf721eb306cd72432a33f9852249bbdb558baa0f55419ddb257983362db55?s=96&d=mm&r=g\",\"caption\":\"waldadmin2020\"},\"sameAs\":[\"https:\\\/\\\/x.com\\\/waldadmin2020\"],\"url\":\"https:\\\/\\\/www.wald.com.br\\\/en\\\/author\\\/waldadmin2020\\\/\"}]}<\/script>\n<!-- \/ Yoast SEO plugin. -->","yoast_head_json":{"title":"Wald, Antunes, Vita e Blattner Advogados anuncia nova s\u00f3cia | Wald Advogados","robots":{"index":"index","follow":"follow","max-snippet":"max-snippet:-1","max-image-preview":"max-image-preview:large","max-video-preview":"max-video-preview:-1"},"canonical":"https:\/\/www.wald.com.br\/wald-antunes-vita-e-blattner-advogados-anuncia-nova-socia\/","og_locale":"en_US","og_type":"article","og_title":"Wald, Antunes, Vita e Blattner Advogados anuncia nova s\u00f3cia | Wald Advogados","og_description":"Patr\u00edcia Iglecias ir\u00e1 refor\u00e7ar a \u00e1rea c\u00edvel e ambiental Publicado pela An\u00e1lise Editorial O escrit\u00f3rio Wald, Antunes, Vita e Blattner Advogados, eleito Mais Admirado em todas as edi\u00e7\u00f5es do AN\u00c1LISE ADVOCACIA, anuncia a chegada da advogada Patr\u00edcia Iglecias como nova s\u00f3cia. Iglecias traz em sua bagagem mais de 30 anos de expertise, marcados pelo seu [&hellip;]","og_url":"https:\/\/www.wald.com.br\/wald-antunes-vita-e-blattner-advogados-anuncia-nova-socia\/","og_site_name":"Wald Advogados","article_published_time":"2023-02-28T17:37:35+00:00","author":"waldadmin2020","twitter_card":"summary_large_image","twitter_creator":"@waldadmin2020","twitter_misc":{"Written by":"waldadmin2020","Est. reading time":"3 minutes"},"schema":{"@context":"https:\/\/schema.org","@graph":[{"@type":"Article","@id":"https:\/\/www.wald.com.br\/wald-antunes-vita-e-blattner-advogados-anuncia-nova-socia\/#article","isPartOf":{"@id":"https:\/\/www.wald.com.br\/wald-antunes-vita-e-blattner-advogados-anuncia-nova-socia\/"},"author":{"name":"waldadmin2020","@id":"https:\/\/www.wald.com.br\/en\/#\/schema\/person\/63b1ba5d23c51fa9d050dd06ffd0e04a"},"headline":"Wald, Antunes, Vita e Blattner Advogados anuncia nova s\u00f3cia","datePublished":"2023-02-28T17:37:35+00:00","mainEntityOfPage":{"@id":"https:\/\/www.wald.com.br\/wald-antunes-vita-e-blattner-advogados-anuncia-nova-socia\/"},"wordCount":452,"commentCount":0,"publisher":{"@id":"https:\/\/www.wald.com.br\/en\/#organization"},"image":{"@id":"https:\/\/www.wald.com.br\/wald-antunes-vita-e-blattner-advogados-anuncia-nova-socia\/#primaryimage"},"thumbnailUrl":"https:\/\/www.wald.com.br\/wp-content\/uploads\/2023\/02\/1644418580501-2210-0-0-1677505451.jpg","keywords":["Direito Ambiental","Direito Civil"],"articleSection":["News"],"inLanguage":"en-US","potentialAction":[{"@type":"CommentAction","name":"Comment","target":["https:\/\/www.wald.com.br\/wald-antunes-vita-e-blattner-advogados-anuncia-nova-socia\/#respond"]}]},{"@type":"WebPage","@id":"https:\/\/www.wald.com.br\/wald-antunes-vita-e-blattner-advogados-anuncia-nova-socia\/","url":"https:\/\/www.wald.com.br\/wald-antunes-vita-e-blattner-advogados-anuncia-nova-socia\/","name":"Wald, Antunes, Vita e Blattner Advogados anuncia nova s\u00f3cia | Wald Advogados","isPartOf":{"@id":"https:\/\/www.wald.com.br\/en\/#website"},"primaryImageOfPage":{"@id":"https:\/\/www.wald.com.br\/wald-antunes-vita-e-blattner-advogados-anuncia-nova-socia\/#primaryimage"},"image":{"@id":"https:\/\/www.wald.com.br\/wald-antunes-vita-e-blattner-advogados-anuncia-nova-socia\/#primaryimage"},"thumbnailUrl":"https:\/\/www.wald.com.br\/wp-content\/uploads\/2023\/02\/1644418580501-2210-0-0-1677505451.jpg","datePublished":"2023-02-28T17:37:35+00:00","breadcrumb":{"@id":"https:\/\/www.wald.com.br\/wald-antunes-vita-e-blattner-advogados-anuncia-nova-socia\/#breadcrumb"},"inLanguage":"en-US","potentialAction":[{"@type":"ReadAction","target":["https:\/\/www.wald.com.br\/wald-antunes-vita-e-blattner-advogados-anuncia-nova-socia\/"]}]},{"@type":"ImageObject","inLanguage":"en-US","@id":"https:\/\/www.wald.com.br\/wald-antunes-vita-e-blattner-advogados-anuncia-nova-socia\/#primaryimage","url":"https:\/\/www.wald.com.br\/wp-content\/uploads\/2023\/02\/1644418580501-2210-0-0-1677505451.jpg","contentUrl":"https:\/\/www.wald.com.br\/wp-content\/uploads\/2023\/02\/1644418580501-2210-0-0-1677505451.jpg"},{"@type":"BreadcrumbList","@id":"https:\/\/www.wald.com.br\/wald-antunes-vita-e-blattner-advogados-anuncia-nova-socia\/#breadcrumb","itemListElement":[{"@type":"ListItem","position":1,"name":"In\u00edcio","item":"https:\/\/www.wald.com.br\/"},{"@type":"ListItem","position":2,"name":"Wald, Antunes, Vita e Blattner Advogados anuncia nova s\u00f3cia"}]},{"@type":"WebSite","@id":"https:\/\/www.wald.com.br\/en\/#website","url":"https:\/\/www.wald.com.br\/en\/","name":"Wald Advogados","description":"66 years of leading law practice","publisher":{"@id":"https:\/\/www.wald.com.br\/en\/#organization"},"potentialAction":[{"@type":"SearchAction","target":{"@type":"EntryPoint","urlTemplate":"https:\/\/www.wald.com.br\/en\/?s={search_term_string}"},"query-input":{"@type":"PropertyValueSpecification","valueRequired":true,"valueName":"search_term_string"}}],"inLanguage":"en-US"},{"@type":"Organization","@id":"https:\/\/www.wald.com.br\/en\/#organization","name":"Wald, Antunes, Vita, Longo e Blattner Advogados","url":"https:\/\/www.wald.com.br\/en\/","logo":{"@type":"ImageObject","inLanguage":"en-US","@id":"https:\/\/www.wald.com.br\/en\/#\/schema\/logo\/image\/","url":"https:\/\/www.wald.com.br\/wp-content\/uploads\/2020\/02\/Logo_Wald.png","contentUrl":"https:\/\/www.wald.com.br\/wp-content\/uploads\/2020\/02\/Logo_Wald.png","width":5260,"height":2565,"caption":"Wald, Antunes, Vita, Longo e Blattner Advogados"},"image":{"@id":"https:\/\/www.wald.com.br\/en\/#\/schema\/logo\/image\/"},"sameAs":["https:\/\/www.linkedin.com\/company\/wald"]},{"@type":"Person","@id":"https:\/\/www.wald.com.br\/en\/#\/schema\/person\/63b1ba5d23c51fa9d050dd06ffd0e04a","name":"waldadmin2020","image":{"@type":"ImageObject","inLanguage":"en-US","@id":"https:\/\/secure.gravatar.com\/avatar\/a71cf721eb306cd72432a33f9852249bbdb558baa0f55419ddb257983362db55?s=96&d=mm&r=g","url":"https:\/\/secure.gravatar.com\/avatar\/a71cf721eb306cd72432a33f9852249bbdb558baa0f55419ddb257983362db55?s=96&d=mm&r=g","contentUrl":"https:\/\/secure.gravatar.com\/avatar\/a71cf721eb306cd72432a33f9852249bbdb558baa0f55419ddb257983362db55?s=96&d=mm&r=g","caption":"waldadmin2020"},"sameAs":["https:\/\/x.com\/waldadmin2020"],"url":"https:\/\/www.wald.com.br\/en\/author\/waldadmin2020\/"}]}},"_links":{"self":[{"href":"https:\/\/www.wald.com.br\/en\/wp-json\/wp\/v2\/posts\/1989","targetHints":{"allow":["GET"]}}],"collection":[{"href":"https:\/\/www.wald.com.br\/en\/wp-json\/wp\/v2\/posts"}],"about":[{"href":"https:\/\/www.wald.com.br\/en\/wp-json\/wp\/v2\/types\/post"}],"author":[{"embeddable":true,"href":"https:\/\/www.wald.com.br\/en\/wp-json\/wp\/v2\/users\/1"}],"replies":[{"embeddable":true,"href":"https:\/\/www.wald.com.br\/en\/wp-json\/wp\/v2\/comments?post=1989"}],"version-history":[{"count":1,"href":"https:\/\/www.wald.com.br\/en\/wp-json\/wp\/v2\/posts\/1989\/revisions"}],"predecessor-version":[{"id":1992,"href":"https:\/\/www.wald.com.br\/en\/wp-json\/wp\/v2\/posts\/1989\/revisions\/1992"}],"wp:attachment":[{"href":"https:\/\/www.wald.com.br\/en\/wp-json\/wp\/v2\/media?parent=1989"}],"wp:term":[{"taxonomy":"category","embeddable":true,"href":"https:\/\/www.wald.com.br\/en\/wp-json\/wp\/v2\/categories?post=1989"},{"taxonomy":"post_tag","embeddable":true,"href":"https:\/\/www.wald.com.br\/en\/wp-json\/wp\/v2\/tags?post=1989"}],"curies":[{"name":"wp","href":"https:\/\/api.w.org\/{rel}","templated":true}]}}