{"id":1993,"date":"2023-02-27T14:37:53","date_gmt":"2023-02-27T17:37:53","guid":{"rendered":"https:\/\/www.wald.com.br\/?p=1993"},"modified":"2023-02-28T14:40:09","modified_gmt":"2023-02-28T17:40:09","slug":"com-nova-socia-wald-reforca-areas-civel-e-ambiental","status":"publish","type":"post","link":"https:\/\/www.wald.com.br\/en\/com-nova-socia-wald-reforca-areas-civel-e-ambiental\/","title":{"rendered":"Com nova s\u00f3cia, Wald refor\u00e7a \u00e1reas C\u00edvel e Ambiental"},"content":{"rendered":"<p class=\"qtranxs-available-languages-message qtranxs-available-languages-message-en\">Sorry, this entry is only available in <a href=\"https:\/\/www.wald.com.br\/pb\/wp-json\/wp\/v2\/posts\/1993\" class=\"qtranxs-available-language-link qtranxs-available-language-link-pb\" title=\"Portugu\u00eas do Brasil\">Portugu\u00eas do Brasil<\/a>. For the sake of viewer convenience, the content is shown below in the alternative language. You may click the link to switch the active language.<\/p><p><\/p>\n<p><em>Patr\u00edcia Iglecias possui mais de 30 anos de expertise, marcados pelo seu engajamento com a pauta socioambiental<br \/>\n<\/em><br \/>\nPublicado no <a href=\"https:\/\/www.migalhas.com.br\/quentes\/382103\/com-nova-socia-wald-reforca-areas-civel-e-ambiental\" target=\"_blank\" rel=\"noopener\">Migalhas<\/a><em><br \/>\n<\/em><\/p>\n<p>Patr\u00edcia traz em sua bagagem mais de 30 anos de expertise, marcados pelo seu engajamento com a pauta socioambiental. A advogada atuou nos setores privado e p\u00fablico. Neste \u00faltimo, ocupou importantes posi\u00e7\u00f5es de lideran\u00e7a e gest\u00e3o, atuando como Secret\u00e1ria do Meio Ambiente de S\u00e3o Paulo e, mais recentemente, na Cetesb, tendo sido a primeira e \u00fanica mulher a presidir a companhia. Livre Docente, Patr\u00edcia \u00e9 professora de Direito Civil da Faculdade de Direito da USP e superintendente de Gest\u00e3o Ambiental da Reitoria dessa universidade.<\/p>\n<p>Seus m\u00e9ritos s\u00e3o reconhecidos nacional e internacionalmente: foi condecorada com o Destaque Sustentabilidade &#8211; WOCA &#8211; em tributo e reconhecimento pela carreira em prol da gest\u00e3o ambiental e atua\u00e7\u00e3o no programa Cidades do Pacto Global da ONU, GCSM (Global Council of Sales Marketing); no Brasil, recebeu a Medalha San Tiago Dantas na categoria Jurista da \u00c1rea de Meio Ambiente e Sustentabilidade.<\/p>\n<p>Tamb\u00e9m passa a integrar o escrit\u00f3rio a advogada Caroline Marques Leal Jorge Santos, mestre e doutoranda em Direito Civil pela Faculdade de Direito da USP. Foi Chefe de Gabinete da CETESB, assessora da Secretaria de Meio Ambiente de S\u00e3o Paulo, titular da C\u00e2mara T\u00e9cnica de Assuntos Jur\u00eddicos do CONAMA e representante de S\u00e3o Paulo junto \u00e0 ABEMA &#8211; Associa\u00e7\u00e3o Brasileira de Entidades Estaduais de Meio Ambiente.<\/p>\n<p>Reconhecido por ser uma boutique jur\u00eddica altamente especializada, Wald mais uma vez se mostra na vanguarda, refor\u00e7ando a sua atua\u00e7\u00e3o em \u00e1rea que hoje \u00e9 indispens\u00e1vel a empresas de todos os ramos.<\/p>\n<p>&#8220;Depois de acompanhar os desafios do licenciamento dos principais empreendimentos no Estado de S\u00e3o Paulo, comandando a maior ag\u00eancia ambiental da Am\u00e9rica Latina, Patr\u00edcia vem refor\u00e7ar as \u00e1reas c\u00edvel e ambiental do escrit\u00f3rio, em linha com a crescente demanda por servi\u00e7os jur\u00eddicos estrat\u00e9gicos, especialmente aqueles atrelados \u00e0s pr\u00e1ticas ESG&#8221;, diz o s\u00f3cio, Arnoldo Wald Filho.<\/p>\n<p>&#8220;Estou extremamente feliz e motivada a integrar o time de Wald e buscar as melhores solu\u00e7\u00f5es para os diversos desafios que o contexto atual, com o pano de fundo das mudan\u00e7as clim\u00e1ticas, t\u00eam imposto ao setor produtivo para o qual a prote\u00e7\u00e3o ambiental \u00e9 ativo indispens\u00e1vel dos neg\u00f3cios&#8221;, afirma Patr\u00edcia Iglecias.<\/p>\n<p><\/p>","protected":false},"excerpt":{"rendered":"<p>Sorry, this entry is only available in Portugu\u00eas do Brasil. For the sake of viewer convenience, the content is shown below in the alternative language. You may click the link to switch the active language. Patr\u00edcia Iglecias possui mais de 30 anos de expertise, marcados pelo seu engajamento com a pauta socioambiental Publicado no Migalhas [&hellip;]<\/p>\n","protected":false},"author":1,"featured_media":0,"comment_status":"open","ping_status":"closed","sticky":false,"template":"","format":"standard","meta":{"_acf_changed":false,"footnotes":""},"categories":[2],"tags":[158,159],"class_list":["post-1993","post","type-post","status-publish","format-standard","hentry","category-noticias","tag-direito-ambiental","tag-direito-civil"],"acf":[],"yoast_head":"<!-- This site is optimized with the Yoast SEO plugin v27.5 - https:\/\/yoast.com\/product\/yoast-seo-wordpress\/ -->\n<title>Com nova s\u00f3cia, Wald refor\u00e7a \u00e1reas C\u00edvel e Ambiental | Wald Advogados<\/title>\n<meta name=\"robots\" content=\"index, follow, max-snippet:-1, max-image-preview:large, max-video-preview:-1\" \/>\n<link rel=\"canonical\" href=\"https:\/\/www.wald.com.br\/com-nova-socia-wald-reforca-areas-civel-e-ambiental\/\" \/>\n<meta property=\"og:locale\" content=\"en_US\" \/>\n<meta property=\"og:type\" content=\"article\" \/>\n<meta property=\"og:title\" content=\"Com nova s\u00f3cia, Wald refor\u00e7a \u00e1reas C\u00edvel e Ambiental | Wald Advogados\" \/>\n<meta property=\"og:description\" content=\"Sorry, this entry is only available in Portugu\u00eas do Brasil. For the sake of viewer convenience, the content is shown below in the alternative language. You may click the link to switch the active language. Patr\u00edcia Iglecias possui mais de 30 anos de expertise, marcados pelo seu engajamento com a pauta socioambiental Publicado no Migalhas [&hellip;]\" \/>\n<meta property=\"og:url\" content=\"https:\/\/www.wald.com.br\/com-nova-socia-wald-reforca-areas-civel-e-ambiental\/\" \/>\n<meta property=\"og:site_name\" content=\"Wald Advogados\" \/>\n<meta property=\"article:published_time\" content=\"2023-02-27T17:37:53+00:00\" \/>\n<meta property=\"article:modified_time\" content=\"2023-02-28T17:40:09+00:00\" \/>\n<meta name=\"author\" content=\"waldadmin2020\" \/>\n<meta name=\"twitter:card\" content=\"summary_large_image\" \/>\n<meta name=\"twitter:creator\" content=\"@waldadmin2020\" \/>\n<meta name=\"twitter:label1\" content=\"Written by\" \/>\n\t<meta name=\"twitter:data1\" content=\"waldadmin2020\" \/>\n\t<meta name=\"twitter:label2\" content=\"Est. reading time\" \/>\n\t<meta name=\"twitter:data2\" content=\"3 minutes\" \/>\n<script type=\"application\/ld+json\" class=\"yoast-schema-graph\">{\"@context\":\"https:\\\/\\\/schema.org\",\"@graph\":[{\"@type\":\"Article\",\"@id\":\"https:\\\/\\\/www.wald.com.br\\\/com-nova-socia-wald-reforca-areas-civel-e-ambiental\\\/#article\",\"isPartOf\":{\"@id\":\"https:\\\/\\\/www.wald.com.br\\\/com-nova-socia-wald-reforca-areas-civel-e-ambiental\\\/\"},\"author\":{\"name\":\"waldadmin2020\",\"@id\":\"https:\\\/\\\/www.wald.com.br\\\/en\\\/#\\\/schema\\\/person\\\/63b1ba5d23c51fa9d050dd06ffd0e04a\"},\"headline\":\"Com nova s\u00f3cia, Wald refor\u00e7a \u00e1reas C\u00edvel e Ambiental\",\"datePublished\":\"2023-02-27T17:37:53+00:00\",\"dateModified\":\"2023-02-28T17:40:09+00:00\",\"mainEntityOfPage\":{\"@id\":\"https:\\\/\\\/www.wald.com.br\\\/com-nova-socia-wald-reforca-areas-civel-e-ambiental\\\/\"},\"wordCount\":422,\"commentCount\":0,\"publisher\":{\"@id\":\"https:\\\/\\\/www.wald.com.br\\\/en\\\/#organization\"},\"keywords\":[\"Direito Ambiental\",\"Direito Civil\"],\"articleSection\":[\"News\"],\"inLanguage\":\"en-US\",\"potentialAction\":[{\"@type\":\"CommentAction\",\"name\":\"Comment\",\"target\":[\"https:\\\/\\\/www.wald.com.br\\\/com-nova-socia-wald-reforca-areas-civel-e-ambiental\\\/#respond\"]}]},{\"@type\":\"WebPage\",\"@id\":\"https:\\\/\\\/www.wald.com.br\\\/com-nova-socia-wald-reforca-areas-civel-e-ambiental\\\/\",\"url\":\"https:\\\/\\\/www.wald.com.br\\\/com-nova-socia-wald-reforca-areas-civel-e-ambiental\\\/\",\"name\":\"Com nova s\u00f3cia, Wald refor\u00e7a \u00e1reas C\u00edvel e Ambiental | Wald Advogados\",\"isPartOf\":{\"@id\":\"https:\\\/\\\/www.wald.com.br\\\/en\\\/#website\"},\"datePublished\":\"2023-02-27T17:37:53+00:00\",\"dateModified\":\"2023-02-28T17:40:09+00:00\",\"breadcrumb\":{\"@id\":\"https:\\\/\\\/www.wald.com.br\\\/com-nova-socia-wald-reforca-areas-civel-e-ambiental\\\/#breadcrumb\"},\"inLanguage\":\"en-US\",\"potentialAction\":[{\"@type\":\"ReadAction\",\"target\":[\"https:\\\/\\\/www.wald.com.br\\\/com-nova-socia-wald-reforca-areas-civel-e-ambiental\\\/\"]}]},{\"@type\":\"BreadcrumbList\",\"@id\":\"https:\\\/\\\/www.wald.com.br\\\/com-nova-socia-wald-reforca-areas-civel-e-ambiental\\\/#breadcrumb\",\"itemListElement\":[{\"@type\":\"ListItem\",\"position\":1,\"name\":\"In\u00edcio\",\"item\":\"https:\\\/\\\/www.wald.com.br\\\/\"},{\"@type\":\"ListItem\",\"position\":2,\"name\":\"Com nova s\u00f3cia, Wald refor\u00e7a \u00e1reas C\u00edvel e Ambiental\"}]},{\"@type\":\"WebSite\",\"@id\":\"https:\\\/\\\/www.wald.com.br\\\/en\\\/#website\",\"url\":\"https:\\\/\\\/www.wald.com.br\\\/en\\\/\",\"name\":\"Wald Advogados\",\"description\":\"66 years of leading law practice\",\"publisher\":{\"@id\":\"https:\\\/\\\/www.wald.com.br\\\/en\\\/#organization\"},\"potentialAction\":[{\"@type\":\"SearchAction\",\"target\":{\"@type\":\"EntryPoint\",\"urlTemplate\":\"https:\\\/\\\/www.wald.com.br\\\/en\\\/?s={search_term_string}\"},\"query-input\":{\"@type\":\"PropertyValueSpecification\",\"valueRequired\":true,\"valueName\":\"search_term_string\"}}],\"inLanguage\":\"en-US\"},{\"@type\":\"Organization\",\"@id\":\"https:\\\/\\\/www.wald.com.br\\\/en\\\/#organization\",\"name\":\"Wald, Antunes, Vita, Longo e Blattner Advogados\",\"url\":\"https:\\\/\\\/www.wald.com.br\\\/en\\\/\",\"logo\":{\"@type\":\"ImageObject\",\"inLanguage\":\"en-US\",\"@id\":\"https:\\\/\\\/www.wald.com.br\\\/en\\\/#\\\/schema\\\/logo\\\/image\\\/\",\"url\":\"https:\\\/\\\/www.wald.com.br\\\/wp-content\\\/uploads\\\/2020\\\/02\\\/Logo_Wald.png\",\"contentUrl\":\"https:\\\/\\\/www.wald.com.br\\\/wp-content\\\/uploads\\\/2020\\\/02\\\/Logo_Wald.png\",\"width\":5260,\"height\":2565,\"caption\":\"Wald, Antunes, Vita, Longo e Blattner Advogados\"},\"image\":{\"@id\":\"https:\\\/\\\/www.wald.com.br\\\/en\\\/#\\\/schema\\\/logo\\\/image\\\/\"},\"sameAs\":[\"https:\\\/\\\/www.linkedin.com\\\/company\\\/wald\"]},{\"@type\":\"Person\",\"@id\":\"https:\\\/\\\/www.wald.com.br\\\/en\\\/#\\\/schema\\\/person\\\/63b1ba5d23c51fa9d050dd06ffd0e04a\",\"name\":\"waldadmin2020\",\"image\":{\"@type\":\"ImageObject\",\"inLanguage\":\"en-US\",\"@id\":\"https:\\\/\\\/secure.gravatar.com\\\/avatar\\\/a71cf721eb306cd72432a33f9852249bbdb558baa0f55419ddb257983362db55?s=96&d=mm&r=g\",\"url\":\"https:\\\/\\\/secure.gravatar.com\\\/avatar\\\/a71cf721eb306cd72432a33f9852249bbdb558baa0f55419ddb257983362db55?s=96&d=mm&r=g\",\"contentUrl\":\"https:\\\/\\\/secure.gravatar.com\\\/avatar\\\/a71cf721eb306cd72432a33f9852249bbdb558baa0f55419ddb257983362db55?s=96&d=mm&r=g\",\"caption\":\"waldadmin2020\"},\"sameAs\":[\"https:\\\/\\\/x.com\\\/waldadmin2020\"],\"url\":\"https:\\\/\\\/www.wald.com.br\\\/en\\\/author\\\/waldadmin2020\\\/\"}]}<\/script>\n<!-- \/ Yoast SEO plugin. -->","yoast_head_json":{"title":"Com nova s\u00f3cia, Wald refor\u00e7a \u00e1reas C\u00edvel e Ambiental | Wald Advogados","robots":{"index":"index","follow":"follow","max-snippet":"max-snippet:-1","max-image-preview":"max-image-preview:large","max-video-preview":"max-video-preview:-1"},"canonical":"https:\/\/www.wald.com.br\/com-nova-socia-wald-reforca-areas-civel-e-ambiental\/","og_locale":"en_US","og_type":"article","og_title":"Com nova s\u00f3cia, Wald refor\u00e7a \u00e1reas C\u00edvel e Ambiental | Wald Advogados","og_description":"Sorry, this entry is only available in Portugu\u00eas do Brasil. For the sake of viewer convenience, the content is shown below in the alternative language. You may click the link to switch the active language. Patr\u00edcia Iglecias possui mais de 30 anos de expertise, marcados pelo seu engajamento com a pauta socioambiental Publicado no Migalhas [&hellip;]","og_url":"https:\/\/www.wald.com.br\/com-nova-socia-wald-reforca-areas-civel-e-ambiental\/","og_site_name":"Wald Advogados","article_published_time":"2023-02-27T17:37:53+00:00","article_modified_time":"2023-02-28T17:40:09+00:00","author":"waldadmin2020","twitter_card":"summary_large_image","twitter_creator":"@waldadmin2020","twitter_misc":{"Written by":"waldadmin2020","Est. reading time":"3 minutes"},"schema":{"@context":"https:\/\/schema.org","@graph":[{"@type":"Article","@id":"https:\/\/www.wald.com.br\/com-nova-socia-wald-reforca-areas-civel-e-ambiental\/#article","isPartOf":{"@id":"https:\/\/www.wald.com.br\/com-nova-socia-wald-reforca-areas-civel-e-ambiental\/"},"author":{"name":"waldadmin2020","@id":"https:\/\/www.wald.com.br\/en\/#\/schema\/person\/63b1ba5d23c51fa9d050dd06ffd0e04a"},"headline":"Com nova s\u00f3cia, Wald refor\u00e7a \u00e1reas C\u00edvel e Ambiental","datePublished":"2023-02-27T17:37:53+00:00","dateModified":"2023-02-28T17:40:09+00:00","mainEntityOfPage":{"@id":"https:\/\/www.wald.com.br\/com-nova-socia-wald-reforca-areas-civel-e-ambiental\/"},"wordCount":422,"commentCount":0,"publisher":{"@id":"https:\/\/www.wald.com.br\/en\/#organization"},"keywords":["Direito Ambiental","Direito Civil"],"articleSection":["News"],"inLanguage":"en-US","potentialAction":[{"@type":"CommentAction","name":"Comment","target":["https:\/\/www.wald.com.br\/com-nova-socia-wald-reforca-areas-civel-e-ambiental\/#respond"]}]},{"@type":"WebPage","@id":"https:\/\/www.wald.com.br\/com-nova-socia-wald-reforca-areas-civel-e-ambiental\/","url":"https:\/\/www.wald.com.br\/com-nova-socia-wald-reforca-areas-civel-e-ambiental\/","name":"Com nova s\u00f3cia, Wald refor\u00e7a \u00e1reas C\u00edvel e Ambiental | Wald Advogados","isPartOf":{"@id":"https:\/\/www.wald.com.br\/en\/#website"},"datePublished":"2023-02-27T17:37:53+00:00","dateModified":"2023-02-28T17:40:09+00:00","breadcrumb":{"@id":"https:\/\/www.wald.com.br\/com-nova-socia-wald-reforca-areas-civel-e-ambiental\/#breadcrumb"},"inLanguage":"en-US","potentialAction":[{"@type":"ReadAction","target":["https:\/\/www.wald.com.br\/com-nova-socia-wald-reforca-areas-civel-e-ambiental\/"]}]},{"@type":"BreadcrumbList","@id":"https:\/\/www.wald.com.br\/com-nova-socia-wald-reforca-areas-civel-e-ambiental\/#breadcrumb","itemListElement":[{"@type":"ListItem","position":1,"name":"In\u00edcio","item":"https:\/\/www.wald.com.br\/"},{"@type":"ListItem","position":2,"name":"Com nova s\u00f3cia, Wald refor\u00e7a \u00e1reas C\u00edvel e Ambiental"}]},{"@type":"WebSite","@id":"https:\/\/www.wald.com.br\/en\/#website","url":"https:\/\/www.wald.com.br\/en\/","name":"Wald Advogados","description":"66 years of leading law practice","publisher":{"@id":"https:\/\/www.wald.com.br\/en\/#organization"},"potentialAction":[{"@type":"SearchAction","target":{"@type":"EntryPoint","urlTemplate":"https:\/\/www.wald.com.br\/en\/?s={search_term_string}"},"query-input":{"@type":"PropertyValueSpecification","valueRequired":true,"valueName":"search_term_string"}}],"inLanguage":"en-US"},{"@type":"Organization","@id":"https:\/\/www.wald.com.br\/en\/#organization","name":"Wald, Antunes, Vita, Longo e Blattner Advogados","url":"https:\/\/www.wald.com.br\/en\/","logo":{"@type":"ImageObject","inLanguage":"en-US","@id":"https:\/\/www.wald.com.br\/en\/#\/schema\/logo\/image\/","url":"https:\/\/www.wald.com.br\/wp-content\/uploads\/2020\/02\/Logo_Wald.png","contentUrl":"https:\/\/www.wald.com.br\/wp-content\/uploads\/2020\/02\/Logo_Wald.png","width":5260,"height":2565,"caption":"Wald, Antunes, Vita, Longo e Blattner Advogados"},"image":{"@id":"https:\/\/www.wald.com.br\/en\/#\/schema\/logo\/image\/"},"sameAs":["https:\/\/www.linkedin.com\/company\/wald"]},{"@type":"Person","@id":"https:\/\/www.wald.com.br\/en\/#\/schema\/person\/63b1ba5d23c51fa9d050dd06ffd0e04a","name":"waldadmin2020","image":{"@type":"ImageObject","inLanguage":"en-US","@id":"https:\/\/secure.gravatar.com\/avatar\/a71cf721eb306cd72432a33f9852249bbdb558baa0f55419ddb257983362db55?s=96&d=mm&r=g","url":"https:\/\/secure.gravatar.com\/avatar\/a71cf721eb306cd72432a33f9852249bbdb558baa0f55419ddb257983362db55?s=96&d=mm&r=g","contentUrl":"https:\/\/secure.gravatar.com\/avatar\/a71cf721eb306cd72432a33f9852249bbdb558baa0f55419ddb257983362db55?s=96&d=mm&r=g","caption":"waldadmin2020"},"sameAs":["https:\/\/x.com\/waldadmin2020"],"url":"https:\/\/www.wald.com.br\/en\/author\/waldadmin2020\/"}]}},"_links":{"self":[{"href":"https:\/\/www.wald.com.br\/en\/wp-json\/wp\/v2\/posts\/1993","targetHints":{"allow":["GET"]}}],"collection":[{"href":"https:\/\/www.wald.com.br\/en\/wp-json\/wp\/v2\/posts"}],"about":[{"href":"https:\/\/www.wald.com.br\/en\/wp-json\/wp\/v2\/types\/post"}],"author":[{"embeddable":true,"href":"https:\/\/www.wald.com.br\/en\/wp-json\/wp\/v2\/users\/1"}],"replies":[{"embeddable":true,"href":"https:\/\/www.wald.com.br\/en\/wp-json\/wp\/v2\/comments?post=1993"}],"version-history":[{"count":1,"href":"https:\/\/www.wald.com.br\/en\/wp-json\/wp\/v2\/posts\/1993\/revisions"}],"predecessor-version":[{"id":1994,"href":"https:\/\/www.wald.com.br\/en\/wp-json\/wp\/v2\/posts\/1993\/revisions\/1994"}],"wp:attachment":[{"href":"https:\/\/www.wald.com.br\/en\/wp-json\/wp\/v2\/media?parent=1993"}],"wp:term":[{"taxonomy":"category","embeddable":true,"href":"https:\/\/www.wald.com.br\/en\/wp-json\/wp\/v2\/categories?post=1993"},{"taxonomy":"post_tag","embeddable":true,"href":"https:\/\/www.wald.com.br\/en\/wp-json\/wp\/v2\/tags?post=1993"}],"curies":[{"name":"wp","href":"https:\/\/api.w.org\/{rel}","templated":true}]}}