{"id":1999,"date":"2023-03-10T16:45:08","date_gmt":"2023-03-10T19:45:08","guid":{"rendered":"https:\/\/www.wald.com.br\/?p=1999"},"modified":"2023-03-10T16:45:37","modified_gmt":"2023-03-10T19:45:37","slug":"mariana-tavares-antunes-e-pamela-leite-sao-destaque-analise-advocacia-mulher-2023","status":"publish","type":"post","link":"https:\/\/www.wald.com.br\/en\/mariana-tavares-antunes-e-pamela-leite-sao-destaque-analise-advocacia-mulher-2023\/","title":{"rendered":"Mariana Tavares Antunes e P\u00e2mela Leite s\u00e3o destaque no An\u00e1lise Advocacia Mulher 2023"},"content":{"rendered":"<p>As nossas s\u00f3cias <a href=\"https:\/\/www.wald.com.br\/equipe\/mariana-tavares-antunes\/\"><strong>Mariana Tavares Antunes<\/strong><\/a> e <strong><a href=\"https:\/\/www.wald.com.br\/equipe\/pamela-silveira-leite\/\" target=\"_blank\" rel=\"noopener\">P\u00e2mela Leite<\/a><\/strong> est\u00e3o entre as advogadas mais admiradas do Brasil segundo a publica\u00e7\u00e3o An\u00e1lise Advocacia Mulher 2023, que foi divulgada nesta semana pela An\u00e1lise Editorial.<\/p>\n<p>Mariana \u00e9 destaque nas \u00e1reas da Arbitragem e C\u00edvel, al\u00e9m de ser recomendada pelas companhias dos setores de alimentos e bebidas, concess\u00f5es, energia el\u00e9trica e imobili\u00e1rio. P\u00e2mela foi reconhecida pelo seu trabalho tamb\u00e9m nas \u00e1reas de Arbitragem e C\u00edvel, e pelo setor de seguros.<\/p>\n<p><img loading=\"lazy\" decoding=\"async\" class=\"alignnone size-full wp-image-2000\" src=\"https:\/\/www.wald.com.br\/wp-content\/uploads\/2023\/03\/Analise-Mulher.png\" alt=\"\" width=\"1920\" height=\"1080\" srcset=\"https:\/\/www.wald.com.br\/wp-content\/uploads\/2023\/03\/Analise-Mulher.png 1920w, https:\/\/www.wald.com.br\/wp-content\/uploads\/2023\/03\/Analise-Mulher-300x169.png 300w, https:\/\/www.wald.com.br\/wp-content\/uploads\/2023\/03\/Analise-Mulher-1024x576.png 1024w, https:\/\/www.wald.com.br\/wp-content\/uploads\/2023\/03\/Analise-Mulher-768x432.png 768w, https:\/\/www.wald.com.br\/wp-content\/uploads\/2023\/03\/Analise-Mulher-1536x864.png 1536w\" sizes=\"auto, (max-width: 1920px) 100vw, 1920px\" \/><\/p>\n","protected":false},"excerpt":{"rendered":"<p>As nossas s\u00f3cias Mariana Tavares Antunes e P\u00e2mela Leite est\u00e3o entre as advogadas mais admiradas do Brasil segundo a publica\u00e7\u00e3o An\u00e1lise Advocacia Mulher 2023, que foi divulgada nesta semana pela An\u00e1lise Editorial. Mariana \u00e9 destaque nas \u00e1reas da Arbitragem e C\u00edvel, al\u00e9m de ser recomendada pelas companhias dos setores de alimentos e bebidas, concess\u00f5es, energia [&hellip;]<\/p>\n","protected":false},"author":1,"featured_media":0,"comment_status":"open","ping_status":"closed","sticky":false,"template":"","format":"standard","meta":{"_acf_changed":false,"footnotes":""},"categories":[2],"tags":[143,93],"class_list":["post-1999","post","type-post","status-publish","format-standard","hentry","category-noticias","tag-analise-advocacia","tag-analise-advocacia-mulher"],"acf":[],"yoast_head":"<!-- This site is optimized with the Yoast SEO plugin v27.5 - https:\/\/yoast.com\/product\/yoast-seo-wordpress\/ -->\n<title>Mariana Tavares Antunes e P\u00e2mela Leite s\u00e3o destaque no An\u00e1lise Advocacia Mulher 2023 | Wald Advogados<\/title>\n<meta name=\"robots\" content=\"index, follow, max-snippet:-1, max-image-preview:large, max-video-preview:-1\" \/>\n<link rel=\"canonical\" href=\"https:\/\/www.wald.com.br\/mariana-tavares-antunes-e-pamela-leite-sao-destaque-analise-advocacia-mulher-2023\/\" \/>\n<meta property=\"og:locale\" content=\"en_US\" \/>\n<meta property=\"og:type\" content=\"article\" \/>\n<meta property=\"og:title\" content=\"Mariana Tavares Antunes e P\u00e2mela Leite s\u00e3o destaque no An\u00e1lise Advocacia Mulher 2023 | Wald Advogados\" \/>\n<meta property=\"og:description\" content=\"As nossas s\u00f3cias Mariana Tavares Antunes e P\u00e2mela Leite est\u00e3o entre as advogadas mais admiradas do Brasil segundo a publica\u00e7\u00e3o An\u00e1lise Advocacia Mulher 2023, que foi divulgada nesta semana pela An\u00e1lise Editorial. Mariana \u00e9 destaque nas \u00e1reas da Arbitragem e C\u00edvel, al\u00e9m de ser recomendada pelas companhias dos setores de alimentos e bebidas, concess\u00f5es, energia [&hellip;]\" \/>\n<meta property=\"og:url\" content=\"https:\/\/www.wald.com.br\/mariana-tavares-antunes-e-pamela-leite-sao-destaque-analise-advocacia-mulher-2023\/\" \/>\n<meta property=\"og:site_name\" content=\"Wald Advogados\" \/>\n<meta property=\"article:published_time\" content=\"2023-03-10T19:45:08+00:00\" \/>\n<meta property=\"article:modified_time\" content=\"2023-03-10T19:45:37+00:00\" \/>\n<meta property=\"og:image\" content=\"https:\/\/www.wald.com.br\/wp-content\/uploads\/2023\/03\/Analise-Mulher.png\" \/>\n<meta name=\"author\" content=\"waldadmin2020\" \/>\n<meta name=\"twitter:card\" content=\"summary_large_image\" \/>\n<meta name=\"twitter:creator\" content=\"@waldadmin2020\" \/>\n<meta name=\"twitter:label1\" content=\"Written by\" \/>\n\t<meta name=\"twitter:data1\" content=\"waldadmin2020\" \/>\n\t<meta name=\"twitter:label2\" content=\"Est. reading time\" \/>\n\t<meta name=\"twitter:data2\" content=\"1 minute\" \/>\n<script type=\"application\/ld+json\" class=\"yoast-schema-graph\">{\"@context\":\"https:\\\/\\\/schema.org\",\"@graph\":[{\"@type\":\"Article\",\"@id\":\"https:\\\/\\\/www.wald.com.br\\\/mariana-tavares-antunes-e-pamela-leite-sao-destaque-analise-advocacia-mulher-2023\\\/#article\",\"isPartOf\":{\"@id\":\"https:\\\/\\\/www.wald.com.br\\\/mariana-tavares-antunes-e-pamela-leite-sao-destaque-analise-advocacia-mulher-2023\\\/\"},\"author\":{\"name\":\"waldadmin2020\",\"@id\":\"https:\\\/\\\/www.wald.com.br\\\/en\\\/#\\\/schema\\\/person\\\/63b1ba5d23c51fa9d050dd06ffd0e04a\"},\"headline\":\"Mariana Tavares Antunes e P\u00e2mela Leite s\u00e3o destaque no An\u00e1lise Advocacia Mulher 2023\",\"datePublished\":\"2023-03-10T19:45:08+00:00\",\"dateModified\":\"2023-03-10T19:45:37+00:00\",\"mainEntityOfPage\":{\"@id\":\"https:\\\/\\\/www.wald.com.br\\\/mariana-tavares-antunes-e-pamela-leite-sao-destaque-analise-advocacia-mulher-2023\\\/\"},\"wordCount\":103,\"commentCount\":0,\"publisher\":{\"@id\":\"https:\\\/\\\/www.wald.com.br\\\/en\\\/#organization\"},\"image\":{\"@id\":\"https:\\\/\\\/www.wald.com.br\\\/mariana-tavares-antunes-e-pamela-leite-sao-destaque-analise-advocacia-mulher-2023\\\/#primaryimage\"},\"thumbnailUrl\":\"https:\\\/\\\/www.wald.com.br\\\/wp-content\\\/uploads\\\/2023\\\/03\\\/Analise-Mulher.png\",\"keywords\":[\"An\u00e1lise Advocacia\",\"An\u00e1lise Advocacia Mulher\"],\"articleSection\":[\"News\"],\"inLanguage\":\"en-US\",\"potentialAction\":[{\"@type\":\"CommentAction\",\"name\":\"Comment\",\"target\":[\"https:\\\/\\\/www.wald.com.br\\\/mariana-tavares-antunes-e-pamela-leite-sao-destaque-analise-advocacia-mulher-2023\\\/#respond\"]}]},{\"@type\":\"WebPage\",\"@id\":\"https:\\\/\\\/www.wald.com.br\\\/mariana-tavares-antunes-e-pamela-leite-sao-destaque-analise-advocacia-mulher-2023\\\/\",\"url\":\"https:\\\/\\\/www.wald.com.br\\\/mariana-tavares-antunes-e-pamela-leite-sao-destaque-analise-advocacia-mulher-2023\\\/\",\"name\":\"Mariana Tavares Antunes e P\u00e2mela Leite s\u00e3o destaque no An\u00e1lise Advocacia Mulher 2023 | Wald Advogados\",\"isPartOf\":{\"@id\":\"https:\\\/\\\/www.wald.com.br\\\/en\\\/#website\"},\"primaryImageOfPage\":{\"@id\":\"https:\\\/\\\/www.wald.com.br\\\/mariana-tavares-antunes-e-pamela-leite-sao-destaque-analise-advocacia-mulher-2023\\\/#primaryimage\"},\"image\":{\"@id\":\"https:\\\/\\\/www.wald.com.br\\\/mariana-tavares-antunes-e-pamela-leite-sao-destaque-analise-advocacia-mulher-2023\\\/#primaryimage\"},\"thumbnailUrl\":\"https:\\\/\\\/www.wald.com.br\\\/wp-content\\\/uploads\\\/2023\\\/03\\\/Analise-Mulher.png\",\"datePublished\":\"2023-03-10T19:45:08+00:00\",\"dateModified\":\"2023-03-10T19:45:37+00:00\",\"breadcrumb\":{\"@id\":\"https:\\\/\\\/www.wald.com.br\\\/mariana-tavares-antunes-e-pamela-leite-sao-destaque-analise-advocacia-mulher-2023\\\/#breadcrumb\"},\"inLanguage\":\"en-US\",\"potentialAction\":[{\"@type\":\"ReadAction\",\"target\":[\"https:\\\/\\\/www.wald.com.br\\\/mariana-tavares-antunes-e-pamela-leite-sao-destaque-analise-advocacia-mulher-2023\\\/\"]}]},{\"@type\":\"ImageObject\",\"inLanguage\":\"en-US\",\"@id\":\"https:\\\/\\\/www.wald.com.br\\\/mariana-tavares-antunes-e-pamela-leite-sao-destaque-analise-advocacia-mulher-2023\\\/#primaryimage\",\"url\":\"https:\\\/\\\/www.wald.com.br\\\/wp-content\\\/uploads\\\/2023\\\/03\\\/Analise-Mulher.png\",\"contentUrl\":\"https:\\\/\\\/www.wald.com.br\\\/wp-content\\\/uploads\\\/2023\\\/03\\\/Analise-Mulher.png\"},{\"@type\":\"BreadcrumbList\",\"@id\":\"https:\\\/\\\/www.wald.com.br\\\/mariana-tavares-antunes-e-pamela-leite-sao-destaque-analise-advocacia-mulher-2023\\\/#breadcrumb\",\"itemListElement\":[{\"@type\":\"ListItem\",\"position\":1,\"name\":\"In\u00edcio\",\"item\":\"https:\\\/\\\/www.wald.com.br\\\/\"},{\"@type\":\"ListItem\",\"position\":2,\"name\":\"Mariana Tavares Antunes e P\u00e2mela Leite s\u00e3o destaque no An\u00e1lise Advocacia Mulher 2023\"}]},{\"@type\":\"WebSite\",\"@id\":\"https:\\\/\\\/www.wald.com.br\\\/en\\\/#website\",\"url\":\"https:\\\/\\\/www.wald.com.br\\\/en\\\/\",\"name\":\"Wald Advogados\",\"description\":\"66 years of leading law practice\",\"publisher\":{\"@id\":\"https:\\\/\\\/www.wald.com.br\\\/en\\\/#organization\"},\"potentialAction\":[{\"@type\":\"SearchAction\",\"target\":{\"@type\":\"EntryPoint\",\"urlTemplate\":\"https:\\\/\\\/www.wald.com.br\\\/en\\\/?s={search_term_string}\"},\"query-input\":{\"@type\":\"PropertyValueSpecification\",\"valueRequired\":true,\"valueName\":\"search_term_string\"}}],\"inLanguage\":\"en-US\"},{\"@type\":\"Organization\",\"@id\":\"https:\\\/\\\/www.wald.com.br\\\/en\\\/#organization\",\"name\":\"Wald, Antunes, Vita, Longo e Blattner Advogados\",\"url\":\"https:\\\/\\\/www.wald.com.br\\\/en\\\/\",\"logo\":{\"@type\":\"ImageObject\",\"inLanguage\":\"en-US\",\"@id\":\"https:\\\/\\\/www.wald.com.br\\\/en\\\/#\\\/schema\\\/logo\\\/image\\\/\",\"url\":\"https:\\\/\\\/www.wald.com.br\\\/wp-content\\\/uploads\\\/2020\\\/02\\\/Logo_Wald.png\",\"contentUrl\":\"https:\\\/\\\/www.wald.com.br\\\/wp-content\\\/uploads\\\/2020\\\/02\\\/Logo_Wald.png\",\"width\":5260,\"height\":2565,\"caption\":\"Wald, Antunes, Vita, Longo e Blattner Advogados\"},\"image\":{\"@id\":\"https:\\\/\\\/www.wald.com.br\\\/en\\\/#\\\/schema\\\/logo\\\/image\\\/\"},\"sameAs\":[\"https:\\\/\\\/www.linkedin.com\\\/company\\\/wald\"]},{\"@type\":\"Person\",\"@id\":\"https:\\\/\\\/www.wald.com.br\\\/en\\\/#\\\/schema\\\/person\\\/63b1ba5d23c51fa9d050dd06ffd0e04a\",\"name\":\"waldadmin2020\",\"image\":{\"@type\":\"ImageObject\",\"inLanguage\":\"en-US\",\"@id\":\"https:\\\/\\\/secure.gravatar.com\\\/avatar\\\/a71cf721eb306cd72432a33f9852249bbdb558baa0f55419ddb257983362db55?s=96&d=mm&r=g\",\"url\":\"https:\\\/\\\/secure.gravatar.com\\\/avatar\\\/a71cf721eb306cd72432a33f9852249bbdb558baa0f55419ddb257983362db55?s=96&d=mm&r=g\",\"contentUrl\":\"https:\\\/\\\/secure.gravatar.com\\\/avatar\\\/a71cf721eb306cd72432a33f9852249bbdb558baa0f55419ddb257983362db55?s=96&d=mm&r=g\",\"caption\":\"waldadmin2020\"},\"sameAs\":[\"https:\\\/\\\/x.com\\\/waldadmin2020\"],\"url\":\"https:\\\/\\\/www.wald.com.br\\\/en\\\/author\\\/waldadmin2020\\\/\"}]}<\/script>\n<!-- \/ Yoast SEO plugin. -->","yoast_head_json":{"title":"Mariana Tavares Antunes e P\u00e2mela Leite s\u00e3o destaque no An\u00e1lise Advocacia Mulher 2023 | Wald Advogados","robots":{"index":"index","follow":"follow","max-snippet":"max-snippet:-1","max-image-preview":"max-image-preview:large","max-video-preview":"max-video-preview:-1"},"canonical":"https:\/\/www.wald.com.br\/mariana-tavares-antunes-e-pamela-leite-sao-destaque-analise-advocacia-mulher-2023\/","og_locale":"en_US","og_type":"article","og_title":"Mariana Tavares Antunes e P\u00e2mela Leite s\u00e3o destaque no An\u00e1lise Advocacia Mulher 2023 | Wald Advogados","og_description":"As nossas s\u00f3cias Mariana Tavares Antunes e P\u00e2mela Leite est\u00e3o entre as advogadas mais admiradas do Brasil segundo a publica\u00e7\u00e3o An\u00e1lise Advocacia Mulher 2023, que foi divulgada nesta semana pela An\u00e1lise Editorial. Mariana \u00e9 destaque nas \u00e1reas da Arbitragem e C\u00edvel, al\u00e9m de ser recomendada pelas companhias dos setores de alimentos e bebidas, concess\u00f5es, energia [&hellip;]","og_url":"https:\/\/www.wald.com.br\/mariana-tavares-antunes-e-pamela-leite-sao-destaque-analise-advocacia-mulher-2023\/","og_site_name":"Wald Advogados","article_published_time":"2023-03-10T19:45:08+00:00","article_modified_time":"2023-03-10T19:45:37+00:00","og_image":[{"url":"https:\/\/www.wald.com.br\/wp-content\/uploads\/2023\/03\/Analise-Mulher.png","type":"","width":"","height":""}],"author":"waldadmin2020","twitter_card":"summary_large_image","twitter_creator":"@waldadmin2020","twitter_misc":{"Written by":"waldadmin2020","Est. reading time":"1 minute"},"schema":{"@context":"https:\/\/schema.org","@graph":[{"@type":"Article","@id":"https:\/\/www.wald.com.br\/mariana-tavares-antunes-e-pamela-leite-sao-destaque-analise-advocacia-mulher-2023\/#article","isPartOf":{"@id":"https:\/\/www.wald.com.br\/mariana-tavares-antunes-e-pamela-leite-sao-destaque-analise-advocacia-mulher-2023\/"},"author":{"name":"waldadmin2020","@id":"https:\/\/www.wald.com.br\/en\/#\/schema\/person\/63b1ba5d23c51fa9d050dd06ffd0e04a"},"headline":"Mariana Tavares Antunes e P\u00e2mela Leite s\u00e3o destaque no An\u00e1lise Advocacia Mulher 2023","datePublished":"2023-03-10T19:45:08+00:00","dateModified":"2023-03-10T19:45:37+00:00","mainEntityOfPage":{"@id":"https:\/\/www.wald.com.br\/mariana-tavares-antunes-e-pamela-leite-sao-destaque-analise-advocacia-mulher-2023\/"},"wordCount":103,"commentCount":0,"publisher":{"@id":"https:\/\/www.wald.com.br\/en\/#organization"},"image":{"@id":"https:\/\/www.wald.com.br\/mariana-tavares-antunes-e-pamela-leite-sao-destaque-analise-advocacia-mulher-2023\/#primaryimage"},"thumbnailUrl":"https:\/\/www.wald.com.br\/wp-content\/uploads\/2023\/03\/Analise-Mulher.png","keywords":["An\u00e1lise Advocacia","An\u00e1lise Advocacia Mulher"],"articleSection":["News"],"inLanguage":"en-US","potentialAction":[{"@type":"CommentAction","name":"Comment","target":["https:\/\/www.wald.com.br\/mariana-tavares-antunes-e-pamela-leite-sao-destaque-analise-advocacia-mulher-2023\/#respond"]}]},{"@type":"WebPage","@id":"https:\/\/www.wald.com.br\/mariana-tavares-antunes-e-pamela-leite-sao-destaque-analise-advocacia-mulher-2023\/","url":"https:\/\/www.wald.com.br\/mariana-tavares-antunes-e-pamela-leite-sao-destaque-analise-advocacia-mulher-2023\/","name":"Mariana Tavares Antunes e P\u00e2mela Leite s\u00e3o destaque no An\u00e1lise Advocacia Mulher 2023 | Wald Advogados","isPartOf":{"@id":"https:\/\/www.wald.com.br\/en\/#website"},"primaryImageOfPage":{"@id":"https:\/\/www.wald.com.br\/mariana-tavares-antunes-e-pamela-leite-sao-destaque-analise-advocacia-mulher-2023\/#primaryimage"},"image":{"@id":"https:\/\/www.wald.com.br\/mariana-tavares-antunes-e-pamela-leite-sao-destaque-analise-advocacia-mulher-2023\/#primaryimage"},"thumbnailUrl":"https:\/\/www.wald.com.br\/wp-content\/uploads\/2023\/03\/Analise-Mulher.png","datePublished":"2023-03-10T19:45:08+00:00","dateModified":"2023-03-10T19:45:37+00:00","breadcrumb":{"@id":"https:\/\/www.wald.com.br\/mariana-tavares-antunes-e-pamela-leite-sao-destaque-analise-advocacia-mulher-2023\/#breadcrumb"},"inLanguage":"en-US","potentialAction":[{"@type":"ReadAction","target":["https:\/\/www.wald.com.br\/mariana-tavares-antunes-e-pamela-leite-sao-destaque-analise-advocacia-mulher-2023\/"]}]},{"@type":"ImageObject","inLanguage":"en-US","@id":"https:\/\/www.wald.com.br\/mariana-tavares-antunes-e-pamela-leite-sao-destaque-analise-advocacia-mulher-2023\/#primaryimage","url":"https:\/\/www.wald.com.br\/wp-content\/uploads\/2023\/03\/Analise-Mulher.png","contentUrl":"https:\/\/www.wald.com.br\/wp-content\/uploads\/2023\/03\/Analise-Mulher.png"},{"@type":"BreadcrumbList","@id":"https:\/\/www.wald.com.br\/mariana-tavares-antunes-e-pamela-leite-sao-destaque-analise-advocacia-mulher-2023\/#breadcrumb","itemListElement":[{"@type":"ListItem","position":1,"name":"In\u00edcio","item":"https:\/\/www.wald.com.br\/"},{"@type":"ListItem","position":2,"name":"Mariana Tavares Antunes e P\u00e2mela Leite s\u00e3o destaque no An\u00e1lise Advocacia Mulher 2023"}]},{"@type":"WebSite","@id":"https:\/\/www.wald.com.br\/en\/#website","url":"https:\/\/www.wald.com.br\/en\/","name":"Wald Advogados","description":"66 years of leading law practice","publisher":{"@id":"https:\/\/www.wald.com.br\/en\/#organization"},"potentialAction":[{"@type":"SearchAction","target":{"@type":"EntryPoint","urlTemplate":"https:\/\/www.wald.com.br\/en\/?s={search_term_string}"},"query-input":{"@type":"PropertyValueSpecification","valueRequired":true,"valueName":"search_term_string"}}],"inLanguage":"en-US"},{"@type":"Organization","@id":"https:\/\/www.wald.com.br\/en\/#organization","name":"Wald, Antunes, Vita, Longo e Blattner Advogados","url":"https:\/\/www.wald.com.br\/en\/","logo":{"@type":"ImageObject","inLanguage":"en-US","@id":"https:\/\/www.wald.com.br\/en\/#\/schema\/logo\/image\/","url":"https:\/\/www.wald.com.br\/wp-content\/uploads\/2020\/02\/Logo_Wald.png","contentUrl":"https:\/\/www.wald.com.br\/wp-content\/uploads\/2020\/02\/Logo_Wald.png","width":5260,"height":2565,"caption":"Wald, Antunes, Vita, Longo e Blattner Advogados"},"image":{"@id":"https:\/\/www.wald.com.br\/en\/#\/schema\/logo\/image\/"},"sameAs":["https:\/\/www.linkedin.com\/company\/wald"]},{"@type":"Person","@id":"https:\/\/www.wald.com.br\/en\/#\/schema\/person\/63b1ba5d23c51fa9d050dd06ffd0e04a","name":"waldadmin2020","image":{"@type":"ImageObject","inLanguage":"en-US","@id":"https:\/\/secure.gravatar.com\/avatar\/a71cf721eb306cd72432a33f9852249bbdb558baa0f55419ddb257983362db55?s=96&d=mm&r=g","url":"https:\/\/secure.gravatar.com\/avatar\/a71cf721eb306cd72432a33f9852249bbdb558baa0f55419ddb257983362db55?s=96&d=mm&r=g","contentUrl":"https:\/\/secure.gravatar.com\/avatar\/a71cf721eb306cd72432a33f9852249bbdb558baa0f55419ddb257983362db55?s=96&d=mm&r=g","caption":"waldadmin2020"},"sameAs":["https:\/\/x.com\/waldadmin2020"],"url":"https:\/\/www.wald.com.br\/en\/author\/waldadmin2020\/"}]}},"_links":{"self":[{"href":"https:\/\/www.wald.com.br\/en\/wp-json\/wp\/v2\/posts\/1999","targetHints":{"allow":["GET"]}}],"collection":[{"href":"https:\/\/www.wald.com.br\/en\/wp-json\/wp\/v2\/posts"}],"about":[{"href":"https:\/\/www.wald.com.br\/en\/wp-json\/wp\/v2\/types\/post"}],"author":[{"embeddable":true,"href":"https:\/\/www.wald.com.br\/en\/wp-json\/wp\/v2\/users\/1"}],"replies":[{"embeddable":true,"href":"https:\/\/www.wald.com.br\/en\/wp-json\/wp\/v2\/comments?post=1999"}],"version-history":[{"count":2,"href":"https:\/\/www.wald.com.br\/en\/wp-json\/wp\/v2\/posts\/1999\/revisions"}],"predecessor-version":[{"id":2002,"href":"https:\/\/www.wald.com.br\/en\/wp-json\/wp\/v2\/posts\/1999\/revisions\/2002"}],"wp:attachment":[{"href":"https:\/\/www.wald.com.br\/en\/wp-json\/wp\/v2\/media?parent=1999"}],"wp:term":[{"taxonomy":"category","embeddable":true,"href":"https:\/\/www.wald.com.br\/en\/wp-json\/wp\/v2\/categories?post=1999"},{"taxonomy":"post_tag","embeddable":true,"href":"https:\/\/www.wald.com.br\/en\/wp-json\/wp\/v2\/tags?post=1999"}],"curies":[{"name":"wp","href":"https:\/\/api.w.org\/{rel}","templated":true}]}}