{"id":2030,"date":"2023-03-29T20:43:52","date_gmt":"2023-03-29T23:43:52","guid":{"rendered":"https:\/\/www.wald.com.br\/?p=2030"},"modified":"2023-03-29T20:44:38","modified_gmt":"2023-03-29T23:44:38","slug":"patricia-iglecias-avalia-o-amadurecimento-do-mercado-de-creditos-de-carbono","status":"publish","type":"post","link":"https:\/\/www.wald.com.br\/en\/patricia-iglecias-avalia-o-amadurecimento-do-mercado-de-creditos-de-carbono\/","title":{"rendered":"Patr\u00edcia Iglecias avalia o amadurecimento do mercado de cr\u00e9ditos de carbono"},"content":{"rendered":"<p><em>Publicado no <\/em><a href=\"https:\/\/valor.globo.com\/empresas\/esg\/noticia\/2023\/03\/29\/mercado-de-creditos-de-carbono-busca-amadurecer-para-evitar-riscos.ghtml\" target=\"_blank\" rel=\"noopener\"><em>Valor Econ\u00f4mico<\/em><\/a><\/p>\n<p><strong>Mercado de cr\u00e9ditos de carbono busca amadurecer para evitar riscos<\/strong><\/p>\n<p>O crescimento vertiginoso do mercado volunt\u00e1rio de cr\u00e9ditos de carbono acabou por expor inconsist\u00eancias envolvendo projetos, principalmente aqueles que tratam de preserva\u00e7\u00e3o de florestas ou reflorestamento. Os percal\u00e7os v\u00e3o, especialmente, pela quest\u00e3o fundi\u00e1ria, e v\u00e3o desde a inclus\u00e3o de \u00e1reas p\u00fablicas em seu escopo, o que n\u00e3o \u00e9 permitido, passam por falhas na coleta de dados prim\u00e1rios sobre o territ\u00f3rio e chegam \u00e0 falta de informa\u00e7\u00f5es precisas do projeto de impacto para as comunidades afetadas.<\/p>\n<p>\u201cA demanda cresceu mais r\u00e1pido do que a capacidade do mercado de entregar\u201d, diz Artur Ferreira, s\u00f3cio fundador da Global Forest Bond (GFB), dando voz a uma observa\u00e7\u00e3o recorrente no setor. Em consequ\u00eancia, o mercado busca o amadurecimento e grandes corpora\u00e7\u00f5es passaram a ser mais exigentes nos projetos e participam inclusive de seu desenvolvimento, ao mesmo tempo em que surgem novas ferramentas com o objetivo de dar mais confiabilidade \u00e0s due diligences. Neste caso est\u00e3o o sistema de monitoramento digital, reporte e verifica\u00e7\u00e3o para avaliar \u00e1reas com potencial de cr\u00e9ditos de carbono desenvolvido pela climatech Moss, ou a digitaliza\u00e7\u00e3o da coleta de dados prim\u00e1rios pass\u00edveis de serem auditados desenvolvida em parceria pela KPMG e a GFB, que integra biomas na economia, atraindo investimentos para unidades de conserva\u00e7\u00e3o.<\/p>\n<p>No caminho do amadurecimento, nem mesmo a maior certificadora de projetos, a Verra, escapou de cr\u00edticas. De acordo com mat\u00e9ria publicada pelo jornal ingl\u00eas The Guardian, a maior parte dos projetos envolvendo florestas por ela certificados n\u00e3o estariam contribuindo para os esfor\u00e7os de redu\u00e7\u00e3o do carbono. A empresa negou as acusa\u00e7\u00f5es, alegou que as principais cr\u00edticas \u00e0s metodologias citadas j\u00e1 s\u00e3o alvo de uma revis\u00e3o que est\u00e1 em andamento desde 2021. \u201cAs m\u00faltiplas metodologias usadas atualmente para evitar projetos de desmatamento n\u00e3o planejado est\u00e3o sendo consolidadas e uma abordagem de aloca\u00e7\u00e3o jurisdicional est\u00e1 sendo adotada. Enquanto isso, as linhas de base do projeto agora s\u00e3o reavaliadas a cada seis anos, em vez de dez\u201d, informou a empresa \u00e0 publica\u00e7\u00e3o.<\/p>\n<p><strong>\u201cA meu ver, vamos conseguir resolver o problema muito mais pela pr\u00f3pria responsabilidade das empresas, porque os danos \u00e0 imagem podem ser maiores do que outros danos\u201d, diz <a href=\"https:\/\/www.wald.com.br\/equipe\/patricia-iglecias\/\" target=\"_blank\" rel=\"noopener\">Patr\u00edcia Iglecias<\/a><\/strong>, professora de direito da USP, ex-presidente da Cetesb e <strong>s\u00f3cia respons\u00e1vel pela \u00e1rea ambiental do Wald, Antunes, Vita e Blattner Advogados<\/strong>. Para ela, o setor vai acabar se regulando. \u201cA preocupa\u00e7\u00e3o das empresas \u00e9 evitar o greenwashing, o que \u00e9 muito s\u00e9rio para a imagem delas.\u201d<\/p>\n<p>Segundo a Future Carbon, que atua no desenvolvimento de projetos, o mercado dobrou de tamanho de 2021 para 2022, passando de US$ 1 bilh\u00e3o para US$ 2 bilh\u00f5es. Estudo da consultoria McKinsey projeta que ele possa atingir US$ 15 bilh\u00f5es em 2030 e US$ 35 bilh\u00f5es em 2040. Ela sustenta que o Brasil concentra em seu territ\u00f3rio cerca de 15% das solu\u00e7\u00f5es clim\u00e1ticas naturais potenciais para abater ou sequestrar carbono da atmosfera, sendo o pa\u00eds com o maior potencial do mundo nessa \u00e1rea.<\/p>\n<p>\u201cTais solu\u00e7\u00f5es envolvem a preserva\u00e7\u00e3o e restaura\u00e7\u00e3o de biomas e melhor captura de carbono no solo pela agricultura, iniciativas que podem ser estruturadas por meio de cr\u00e9ditos volunt\u00e1rios de carbono\u201d, cita o relat\u00f3rio. O Brasil emite 2 bilh\u00f5es de toneladas de g\u00e1s carb\u00f4nico (CO2) por ano, sendo que 1,2 bilh\u00e3o vem da queima de \u00e1rvores. Al\u00e9m do CO2, a queima da madeira tamb\u00e9m libera metano, outro g\u00e1s de efeito estufa (GEE). Reduzir essas emiss\u00f5es com a preserva\u00e7\u00e3o de florestas, aliando-se a isso projetos de impacto socioambiental, traz ganhos para propriet\u00e1rios e comunidades. Programas desse tipo, e tambem com alta integridade, s\u00e3o os mais valorizados do mercado. A cada tonelada (t) de carbono que se evita chegar \u00e0 atmosfera cria-se um cr\u00e9dito, que pode ter pre\u00e7os de US$ 10\/t e chegar a US$ 15, em projetos novos premium, segundo Felipe Viana, diretor comercial da Carbonext<\/p>\n<p>\u201cDiz-se que o Brasil \u00e9 a Ar\u00e1bia Saudita do cr\u00e9dito de carbono, porque quando se conserva uma floresta, h\u00e1 um cr\u00e9dito de carbono espec\u00edfico para isso. E temos um enorme potencial, por possu\u00edmos quase metade das florestas tropicais do mundo, isso significa que temos quase metade do potencial de gerar cr\u00e9dito de carbono de conserva\u00e7\u00e3o\u201d, afirma Luis Felipe Adaime, fundador e CEO da Moss.<\/p>\n<p>Por tr\u00e1s da busca voraz pelos cr\u00e9ditos est\u00e1 o Acordo de Paris, em que governos e organiza\u00e7\u00f5es se comprometem a adotar medidas para reduzir as emiss\u00f5es de GEE. Com muitas companhias tendo mais dificuldades para fazer a redu\u00e7\u00e3o, elas recorrem ao mercado volunt\u00e1rio para compensar sua polui\u00e7\u00e3o. Para se ter uma ideia do que est\u00e1 em jogo, somente o Santander &#8211; que j\u00e1 teve seu nome envolvido em um projeto que posteriormente foi acusado de irregularidades &#8211; adotou o compromisso de se tornar net zero at\u00e9 2050 nos escopos 1, 2 e 3 &#8211; que inclui fornecedores e clientes. E nesse sentido, os cr\u00e9ditos s\u00e3o uma das a\u00e7\u00f5es necess\u00e1rias para que o banco consiga cumprir suas metas e tamb\u00e9m oferecer esses cr\u00e9ditos para clientes.<\/p>\n<p>Leia a reportagem completa no <a href=\"https:\/\/valor.globo.com\/empresas\/esg\/noticia\/2023\/03\/29\/mercado-de-creditos-de-carbono-busca-amadurecer-para-evitar-riscos.ghtml\" target=\"_blank\" rel=\"noopener\">Valor Econ\u00f4mico<\/a>.<\/p>\n","protected":false},"excerpt":{"rendered":"<p>Publicado no Valor Econ\u00f4mico Mercado de cr\u00e9ditos de carbono busca amadurecer para evitar riscos O crescimento vertiginoso do mercado volunt\u00e1rio de cr\u00e9ditos de carbono acabou por expor inconsist\u00eancias envolvendo projetos, principalmente aqueles que tratam de preserva\u00e7\u00e3o de florestas ou reflorestamento. Os percal\u00e7os v\u00e3o, especialmente, pela quest\u00e3o fundi\u00e1ria, e v\u00e3o desde a inclus\u00e3o de \u00e1reas p\u00fablicas [&hellip;]<\/p>\n","protected":false},"author":1,"featured_media":0,"comment_status":"open","ping_status":"closed","sticky":false,"template":"","format":"standard","meta":{"_acf_changed":false,"footnotes":""},"categories":[2],"tags":[162,158],"class_list":["post-2030","post","type-post","status-publish","format-standard","hentry","category-noticias","tag-creditos-de-carbono","tag-direito-ambiental"],"acf":[],"yoast_head":"<!-- This site is optimized with the Yoast SEO plugin v27.5 - https:\/\/yoast.com\/product\/yoast-seo-wordpress\/ -->\n<title>Patr\u00edcia Iglecias avalia o amadurecimento do mercado de cr\u00e9ditos de carbono | Wald Advogados<\/title>\n<meta name=\"robots\" content=\"index, follow, max-snippet:-1, max-image-preview:large, max-video-preview:-1\" \/>\n<link rel=\"canonical\" href=\"https:\/\/www.wald.com.br\/patricia-iglecias-avalia-o-amadurecimento-do-mercado-de-creditos-de-carbono\/\" \/>\n<meta property=\"og:locale\" content=\"en_US\" \/>\n<meta property=\"og:type\" content=\"article\" \/>\n<meta property=\"og:title\" content=\"Patr\u00edcia Iglecias avalia o amadurecimento do mercado de cr\u00e9ditos de carbono | Wald Advogados\" \/>\n<meta property=\"og:description\" content=\"Publicado no Valor Econ\u00f4mico Mercado de cr\u00e9ditos de carbono busca amadurecer para evitar riscos O crescimento vertiginoso do mercado volunt\u00e1rio de cr\u00e9ditos de carbono acabou por expor inconsist\u00eancias envolvendo projetos, principalmente aqueles que tratam de preserva\u00e7\u00e3o de florestas ou reflorestamento. Os percal\u00e7os v\u00e3o, especialmente, pela quest\u00e3o fundi\u00e1ria, e v\u00e3o desde a inclus\u00e3o de \u00e1reas p\u00fablicas [&hellip;]\" \/>\n<meta property=\"og:url\" content=\"https:\/\/www.wald.com.br\/patricia-iglecias-avalia-o-amadurecimento-do-mercado-de-creditos-de-carbono\/\" \/>\n<meta property=\"og:site_name\" content=\"Wald Advogados\" \/>\n<meta property=\"article:published_time\" content=\"2023-03-29T23:43:52+00:00\" \/>\n<meta property=\"article:modified_time\" content=\"2023-03-29T23:44:38+00:00\" \/>\n<meta name=\"author\" content=\"waldadmin2020\" \/>\n<meta name=\"twitter:card\" content=\"summary_large_image\" \/>\n<meta name=\"twitter:creator\" content=\"@waldadmin2020\" \/>\n<meta name=\"twitter:label1\" content=\"Written by\" \/>\n\t<meta name=\"twitter:data1\" content=\"waldadmin2020\" \/>\n\t<meta name=\"twitter:label2\" content=\"Est. reading time\" \/>\n\t<meta name=\"twitter:data2\" content=\"5 minutes\" \/>\n<script type=\"application\/ld+json\" class=\"yoast-schema-graph\">{\"@context\":\"https:\\\/\\\/schema.org\",\"@graph\":[{\"@type\":\"Article\",\"@id\":\"https:\\\/\\\/www.wald.com.br\\\/patricia-iglecias-avalia-o-amadurecimento-do-mercado-de-creditos-de-carbono\\\/#article\",\"isPartOf\":{\"@id\":\"https:\\\/\\\/www.wald.com.br\\\/patricia-iglecias-avalia-o-amadurecimento-do-mercado-de-creditos-de-carbono\\\/\"},\"author\":{\"name\":\"waldadmin2020\",\"@id\":\"https:\\\/\\\/www.wald.com.br\\\/en\\\/#\\\/schema\\\/person\\\/63b1ba5d23c51fa9d050dd06ffd0e04a\"},\"headline\":\"Patr\u00edcia Iglecias avalia o amadurecimento do mercado de cr\u00e9ditos de carbono\",\"datePublished\":\"2023-03-29T23:43:52+00:00\",\"dateModified\":\"2023-03-29T23:44:38+00:00\",\"mainEntityOfPage\":{\"@id\":\"https:\\\/\\\/www.wald.com.br\\\/patricia-iglecias-avalia-o-amadurecimento-do-mercado-de-creditos-de-carbono\\\/\"},\"wordCount\":920,\"commentCount\":0,\"publisher\":{\"@id\":\"https:\\\/\\\/www.wald.com.br\\\/en\\\/#organization\"},\"keywords\":[\"Cr\u00e9ditos de carbono\",\"Direito Ambiental\"],\"articleSection\":[\"News\"],\"inLanguage\":\"en-US\",\"potentialAction\":[{\"@type\":\"CommentAction\",\"name\":\"Comment\",\"target\":[\"https:\\\/\\\/www.wald.com.br\\\/patricia-iglecias-avalia-o-amadurecimento-do-mercado-de-creditos-de-carbono\\\/#respond\"]}]},{\"@type\":\"WebPage\",\"@id\":\"https:\\\/\\\/www.wald.com.br\\\/patricia-iglecias-avalia-o-amadurecimento-do-mercado-de-creditos-de-carbono\\\/\",\"url\":\"https:\\\/\\\/www.wald.com.br\\\/patricia-iglecias-avalia-o-amadurecimento-do-mercado-de-creditos-de-carbono\\\/\",\"name\":\"Patr\u00edcia Iglecias avalia o amadurecimento do mercado de cr\u00e9ditos de carbono | Wald Advogados\",\"isPartOf\":{\"@id\":\"https:\\\/\\\/www.wald.com.br\\\/en\\\/#website\"},\"datePublished\":\"2023-03-29T23:43:52+00:00\",\"dateModified\":\"2023-03-29T23:44:38+00:00\",\"breadcrumb\":{\"@id\":\"https:\\\/\\\/www.wald.com.br\\\/patricia-iglecias-avalia-o-amadurecimento-do-mercado-de-creditos-de-carbono\\\/#breadcrumb\"},\"inLanguage\":\"en-US\",\"potentialAction\":[{\"@type\":\"ReadAction\",\"target\":[\"https:\\\/\\\/www.wald.com.br\\\/patricia-iglecias-avalia-o-amadurecimento-do-mercado-de-creditos-de-carbono\\\/\"]}]},{\"@type\":\"BreadcrumbList\",\"@id\":\"https:\\\/\\\/www.wald.com.br\\\/patricia-iglecias-avalia-o-amadurecimento-do-mercado-de-creditos-de-carbono\\\/#breadcrumb\",\"itemListElement\":[{\"@type\":\"ListItem\",\"position\":1,\"name\":\"In\u00edcio\",\"item\":\"https:\\\/\\\/www.wald.com.br\\\/\"},{\"@type\":\"ListItem\",\"position\":2,\"name\":\"Patr\u00edcia Iglecias avalia o amadurecimento do mercado de cr\u00e9ditos de carbono\"}]},{\"@type\":\"WebSite\",\"@id\":\"https:\\\/\\\/www.wald.com.br\\\/en\\\/#website\",\"url\":\"https:\\\/\\\/www.wald.com.br\\\/en\\\/\",\"name\":\"Wald Advogados\",\"description\":\"66 years of leading law practice\",\"publisher\":{\"@id\":\"https:\\\/\\\/www.wald.com.br\\\/en\\\/#organization\"},\"potentialAction\":[{\"@type\":\"SearchAction\",\"target\":{\"@type\":\"EntryPoint\",\"urlTemplate\":\"https:\\\/\\\/www.wald.com.br\\\/en\\\/?s={search_term_string}\"},\"query-input\":{\"@type\":\"PropertyValueSpecification\",\"valueRequired\":true,\"valueName\":\"search_term_string\"}}],\"inLanguage\":\"en-US\"},{\"@type\":\"Organization\",\"@id\":\"https:\\\/\\\/www.wald.com.br\\\/en\\\/#organization\",\"name\":\"Wald, Antunes, Vita, Longo e Blattner Advogados\",\"url\":\"https:\\\/\\\/www.wald.com.br\\\/en\\\/\",\"logo\":{\"@type\":\"ImageObject\",\"inLanguage\":\"en-US\",\"@id\":\"https:\\\/\\\/www.wald.com.br\\\/en\\\/#\\\/schema\\\/logo\\\/image\\\/\",\"url\":\"https:\\\/\\\/www.wald.com.br\\\/wp-content\\\/uploads\\\/2020\\\/02\\\/Logo_Wald.png\",\"contentUrl\":\"https:\\\/\\\/www.wald.com.br\\\/wp-content\\\/uploads\\\/2020\\\/02\\\/Logo_Wald.png\",\"width\":5260,\"height\":2565,\"caption\":\"Wald, Antunes, Vita, Longo e Blattner Advogados\"},\"image\":{\"@id\":\"https:\\\/\\\/www.wald.com.br\\\/en\\\/#\\\/schema\\\/logo\\\/image\\\/\"},\"sameAs\":[\"https:\\\/\\\/www.linkedin.com\\\/company\\\/wald\"]},{\"@type\":\"Person\",\"@id\":\"https:\\\/\\\/www.wald.com.br\\\/en\\\/#\\\/schema\\\/person\\\/63b1ba5d23c51fa9d050dd06ffd0e04a\",\"name\":\"waldadmin2020\",\"image\":{\"@type\":\"ImageObject\",\"inLanguage\":\"en-US\",\"@id\":\"https:\\\/\\\/secure.gravatar.com\\\/avatar\\\/a71cf721eb306cd72432a33f9852249bbdb558baa0f55419ddb257983362db55?s=96&d=mm&r=g\",\"url\":\"https:\\\/\\\/secure.gravatar.com\\\/avatar\\\/a71cf721eb306cd72432a33f9852249bbdb558baa0f55419ddb257983362db55?s=96&d=mm&r=g\",\"contentUrl\":\"https:\\\/\\\/secure.gravatar.com\\\/avatar\\\/a71cf721eb306cd72432a33f9852249bbdb558baa0f55419ddb257983362db55?s=96&d=mm&r=g\",\"caption\":\"waldadmin2020\"},\"sameAs\":[\"https:\\\/\\\/x.com\\\/waldadmin2020\"],\"url\":\"https:\\\/\\\/www.wald.com.br\\\/en\\\/author\\\/waldadmin2020\\\/\"}]}<\/script>\n<!-- \/ Yoast SEO plugin. -->","yoast_head_json":{"title":"Patr\u00edcia Iglecias avalia o amadurecimento do mercado de cr\u00e9ditos de carbono | Wald Advogados","robots":{"index":"index","follow":"follow","max-snippet":"max-snippet:-1","max-image-preview":"max-image-preview:large","max-video-preview":"max-video-preview:-1"},"canonical":"https:\/\/www.wald.com.br\/patricia-iglecias-avalia-o-amadurecimento-do-mercado-de-creditos-de-carbono\/","og_locale":"en_US","og_type":"article","og_title":"Patr\u00edcia Iglecias avalia o amadurecimento do mercado de cr\u00e9ditos de carbono | Wald Advogados","og_description":"Publicado no Valor Econ\u00f4mico Mercado de cr\u00e9ditos de carbono busca amadurecer para evitar riscos O crescimento vertiginoso do mercado volunt\u00e1rio de cr\u00e9ditos de carbono acabou por expor inconsist\u00eancias envolvendo projetos, principalmente aqueles que tratam de preserva\u00e7\u00e3o de florestas ou reflorestamento. Os percal\u00e7os v\u00e3o, especialmente, pela quest\u00e3o fundi\u00e1ria, e v\u00e3o desde a inclus\u00e3o de \u00e1reas p\u00fablicas [&hellip;]","og_url":"https:\/\/www.wald.com.br\/patricia-iglecias-avalia-o-amadurecimento-do-mercado-de-creditos-de-carbono\/","og_site_name":"Wald Advogados","article_published_time":"2023-03-29T23:43:52+00:00","article_modified_time":"2023-03-29T23:44:38+00:00","author":"waldadmin2020","twitter_card":"summary_large_image","twitter_creator":"@waldadmin2020","twitter_misc":{"Written by":"waldadmin2020","Est. reading time":"5 minutes"},"schema":{"@context":"https:\/\/schema.org","@graph":[{"@type":"Article","@id":"https:\/\/www.wald.com.br\/patricia-iglecias-avalia-o-amadurecimento-do-mercado-de-creditos-de-carbono\/#article","isPartOf":{"@id":"https:\/\/www.wald.com.br\/patricia-iglecias-avalia-o-amadurecimento-do-mercado-de-creditos-de-carbono\/"},"author":{"name":"waldadmin2020","@id":"https:\/\/www.wald.com.br\/en\/#\/schema\/person\/63b1ba5d23c51fa9d050dd06ffd0e04a"},"headline":"Patr\u00edcia Iglecias avalia o amadurecimento do mercado de cr\u00e9ditos de carbono","datePublished":"2023-03-29T23:43:52+00:00","dateModified":"2023-03-29T23:44:38+00:00","mainEntityOfPage":{"@id":"https:\/\/www.wald.com.br\/patricia-iglecias-avalia-o-amadurecimento-do-mercado-de-creditos-de-carbono\/"},"wordCount":920,"commentCount":0,"publisher":{"@id":"https:\/\/www.wald.com.br\/en\/#organization"},"keywords":["Cr\u00e9ditos de carbono","Direito Ambiental"],"articleSection":["News"],"inLanguage":"en-US","potentialAction":[{"@type":"CommentAction","name":"Comment","target":["https:\/\/www.wald.com.br\/patricia-iglecias-avalia-o-amadurecimento-do-mercado-de-creditos-de-carbono\/#respond"]}]},{"@type":"WebPage","@id":"https:\/\/www.wald.com.br\/patricia-iglecias-avalia-o-amadurecimento-do-mercado-de-creditos-de-carbono\/","url":"https:\/\/www.wald.com.br\/patricia-iglecias-avalia-o-amadurecimento-do-mercado-de-creditos-de-carbono\/","name":"Patr\u00edcia Iglecias avalia o amadurecimento do mercado de cr\u00e9ditos de carbono | Wald Advogados","isPartOf":{"@id":"https:\/\/www.wald.com.br\/en\/#website"},"datePublished":"2023-03-29T23:43:52+00:00","dateModified":"2023-03-29T23:44:38+00:00","breadcrumb":{"@id":"https:\/\/www.wald.com.br\/patricia-iglecias-avalia-o-amadurecimento-do-mercado-de-creditos-de-carbono\/#breadcrumb"},"inLanguage":"en-US","potentialAction":[{"@type":"ReadAction","target":["https:\/\/www.wald.com.br\/patricia-iglecias-avalia-o-amadurecimento-do-mercado-de-creditos-de-carbono\/"]}]},{"@type":"BreadcrumbList","@id":"https:\/\/www.wald.com.br\/patricia-iglecias-avalia-o-amadurecimento-do-mercado-de-creditos-de-carbono\/#breadcrumb","itemListElement":[{"@type":"ListItem","position":1,"name":"In\u00edcio","item":"https:\/\/www.wald.com.br\/"},{"@type":"ListItem","position":2,"name":"Patr\u00edcia Iglecias avalia o amadurecimento do mercado de cr\u00e9ditos de carbono"}]},{"@type":"WebSite","@id":"https:\/\/www.wald.com.br\/en\/#website","url":"https:\/\/www.wald.com.br\/en\/","name":"Wald Advogados","description":"66 years of leading law practice","publisher":{"@id":"https:\/\/www.wald.com.br\/en\/#organization"},"potentialAction":[{"@type":"SearchAction","target":{"@type":"EntryPoint","urlTemplate":"https:\/\/www.wald.com.br\/en\/?s={search_term_string}"},"query-input":{"@type":"PropertyValueSpecification","valueRequired":true,"valueName":"search_term_string"}}],"inLanguage":"en-US"},{"@type":"Organization","@id":"https:\/\/www.wald.com.br\/en\/#organization","name":"Wald, Antunes, Vita, Longo e Blattner Advogados","url":"https:\/\/www.wald.com.br\/en\/","logo":{"@type":"ImageObject","inLanguage":"en-US","@id":"https:\/\/www.wald.com.br\/en\/#\/schema\/logo\/image\/","url":"https:\/\/www.wald.com.br\/wp-content\/uploads\/2020\/02\/Logo_Wald.png","contentUrl":"https:\/\/www.wald.com.br\/wp-content\/uploads\/2020\/02\/Logo_Wald.png","width":5260,"height":2565,"caption":"Wald, Antunes, Vita, Longo e Blattner Advogados"},"image":{"@id":"https:\/\/www.wald.com.br\/en\/#\/schema\/logo\/image\/"},"sameAs":["https:\/\/www.linkedin.com\/company\/wald"]},{"@type":"Person","@id":"https:\/\/www.wald.com.br\/en\/#\/schema\/person\/63b1ba5d23c51fa9d050dd06ffd0e04a","name":"waldadmin2020","image":{"@type":"ImageObject","inLanguage":"en-US","@id":"https:\/\/secure.gravatar.com\/avatar\/a71cf721eb306cd72432a33f9852249bbdb558baa0f55419ddb257983362db55?s=96&d=mm&r=g","url":"https:\/\/secure.gravatar.com\/avatar\/a71cf721eb306cd72432a33f9852249bbdb558baa0f55419ddb257983362db55?s=96&d=mm&r=g","contentUrl":"https:\/\/secure.gravatar.com\/avatar\/a71cf721eb306cd72432a33f9852249bbdb558baa0f55419ddb257983362db55?s=96&d=mm&r=g","caption":"waldadmin2020"},"sameAs":["https:\/\/x.com\/waldadmin2020"],"url":"https:\/\/www.wald.com.br\/en\/author\/waldadmin2020\/"}]}},"_links":{"self":[{"href":"https:\/\/www.wald.com.br\/en\/wp-json\/wp\/v2\/posts\/2030","targetHints":{"allow":["GET"]}}],"collection":[{"href":"https:\/\/www.wald.com.br\/en\/wp-json\/wp\/v2\/posts"}],"about":[{"href":"https:\/\/www.wald.com.br\/en\/wp-json\/wp\/v2\/types\/post"}],"author":[{"embeddable":true,"href":"https:\/\/www.wald.com.br\/en\/wp-json\/wp\/v2\/users\/1"}],"replies":[{"embeddable":true,"href":"https:\/\/www.wald.com.br\/en\/wp-json\/wp\/v2\/comments?post=2030"}],"version-history":[{"count":2,"href":"https:\/\/www.wald.com.br\/en\/wp-json\/wp\/v2\/posts\/2030\/revisions"}],"predecessor-version":[{"id":2032,"href":"https:\/\/www.wald.com.br\/en\/wp-json\/wp\/v2\/posts\/2030\/revisions\/2032"}],"wp:attachment":[{"href":"https:\/\/www.wald.com.br\/en\/wp-json\/wp\/v2\/media?parent=2030"}],"wp:term":[{"taxonomy":"category","embeddable":true,"href":"https:\/\/www.wald.com.br\/en\/wp-json\/wp\/v2\/categories?post=2030"},{"taxonomy":"post_tag","embeddable":true,"href":"https:\/\/www.wald.com.br\/en\/wp-json\/wp\/v2\/tags?post=2030"}],"curies":[{"name":"wp","href":"https:\/\/api.w.org\/{rel}","templated":true}]}}