{"id":2034,"date":"2023-04-03T21:08:25","date_gmt":"2023-04-04T00:08:25","guid":{"rendered":"https:\/\/www.wald.com.br\/?p=2034"},"modified":"2023-04-03T21:08:25","modified_gmt":"2023-04-04T00:08:25","slug":"leaders-league-destaca-novas-socias-do-wald-antunes-vita-e-blattner-advogados","status":"publish","type":"post","link":"https:\/\/www.wald.com.br\/en\/leaders-league-destaca-novas-socias-do-wald-antunes-vita-e-blattner-advogados\/","title":{"rendered":"Wald Advogados anuncia novas s\u00f3cias de Contencioso C\u00edvel e Direito Ambiental"},"content":{"rendered":"<p>Publicado no <a href=\"https:\/\/www.leadersleague.com\/en\/news\/wald-advogados-anuncia-novas-socias-de-contencioso-civel-e-direito-ambiental\" target=\"_blank\" rel=\"noopener\">Leaders League<\/a><\/p>\n<p><em>P\u00e2mela e Patr\u00edcia passam a compor o quadro de s\u00f3cios das \u00e1reas de Contencioso C\u00edvel e Direito Ambiental da renomada banca<\/em><\/p>\n<p>Em meados de mar\u00e7o, o renomado escrit\u00f3rio Wald, Antunes, Vita e Blattner Advogados anunciou ao mercado a promo\u00e7\u00e3o da advogada P\u00e2mela Silveira Leite a s\u00f3cia e a contrata\u00e7\u00e3o de Patr\u00edcia Iglecias, em um movimento que fortalece as pr\u00e1ticas de Contencioso C\u00edvel e Direito Ambiental, respectivamente, do escrit\u00f3rio e evidencia sua estrat\u00e9gia de desenvolvimento e crescimento org\u00e2nico do time.<\/p>\n<p>Com mais de 16 anos de experi\u00eancia na \u00e1rea, P\u00e2mela \u00e9 p\u00f3s-graduada em Direito Societ\u00e1rio pela Funda\u00e7\u00e3o Get\u00falio Vargas (FGV) e iniciou a sua hist\u00f3ria no escrit\u00f3rio em 2007, quando ainda era estudante de Direito. Nesses anos, ante sua distinta trajet\u00f3ria e contribui\u00e7\u00e3o ativa em prol dos clientes, conquistou o seu lugar no time de s\u00f3cios.<\/p>\n<p>Patr\u00edcia, por sua vez, \u00e9 mestre, doutora e livre docente em Direito pela Universidade de S\u00e3o Paulo (USP). Especialista nas \u00e1reas c\u00edvel e ambiental, Iglecias foi secret\u00e1ria do Meio Ambiente de S\u00e3o Paulo e a primeira mulher a presidir a CETESB &#8211; Companhia Ambiental do Estado de S\u00e3o Paulo. \u00c9 superintendente de Gest\u00e3o Ambiental da Reitoria da USP. Foi membro da Comiss\u00e3o de Meio Ambiente e presidente da Comiss\u00e3o de Res\u00edduos S\u00f3lidos da OAB-SP, membro do Conselho de Sustentabilidade da Fecom\u00e9rcio e do Conselho Nacional do Meio Ambiente (Conama). Patr\u00edcia tamb\u00e9m foi condecorada com o Destaque Sustentabilidade \u2013 WOCA \u2013 em tributo e reconhecimento pela carreira em prol da gest\u00e3o ambiental e atua\u00e7\u00e3o no programa Cidades do Pacto Global da ONU, GCSM (Global Council of Sales Marketing); no Brasil, recebeu a Medalha San Tiago Dantas na categoria Jurista da \u00c1rea de Meio Ambiente e Sustentabilidade.<\/p>\n","protected":false},"excerpt":{"rendered":"<p>Publicado no Leaders League P\u00e2mela e Patr\u00edcia passam a compor o quadro de s\u00f3cios das \u00e1reas de Contencioso C\u00edvel e Direito Ambiental da renomada banca Em meados de mar\u00e7o, o renomado escrit\u00f3rio Wald, Antunes, Vita e Blattner Advogados anunciou ao mercado a promo\u00e7\u00e3o da advogada P\u00e2mela Silveira Leite a s\u00f3cia e a contrata\u00e7\u00e3o de Patr\u00edcia [&hellip;]<\/p>\n","protected":false},"author":1,"featured_media":0,"comment_status":"open","ping_status":"closed","sticky":false,"template":"","format":"standard","meta":{"_acf_changed":false,"footnotes":""},"categories":[2],"tags":[17,158],"class_list":["post-2034","post","type-post","status-publish","format-standard","hentry","category-noticias","tag-contencioso","tag-direito-ambiental"],"acf":[],"yoast_head":"<!-- This site is optimized with the Yoast SEO plugin v27.5 - https:\/\/yoast.com\/product\/yoast-seo-wordpress\/ -->\n<title>Wald Advogados anuncia novas s\u00f3cias de Contencioso C\u00edvel e Direito Ambiental | Wald Advogados<\/title>\n<meta name=\"robots\" content=\"index, follow, max-snippet:-1, max-image-preview:large, max-video-preview:-1\" \/>\n<link rel=\"canonical\" href=\"https:\/\/www.wald.com.br\/leaders-league-destaca-novas-socias-do-wald-antunes-vita-e-blattner-advogados\/\" \/>\n<meta property=\"og:locale\" content=\"en_US\" \/>\n<meta property=\"og:type\" content=\"article\" \/>\n<meta property=\"og:title\" content=\"Wald Advogados anuncia novas s\u00f3cias de Contencioso C\u00edvel e Direito Ambiental | Wald Advogados\" \/>\n<meta property=\"og:description\" content=\"Publicado no Leaders League P\u00e2mela e Patr\u00edcia passam a compor o quadro de s\u00f3cios das \u00e1reas de Contencioso C\u00edvel e Direito Ambiental da renomada banca Em meados de mar\u00e7o, o renomado escrit\u00f3rio Wald, Antunes, Vita e Blattner Advogados anunciou ao mercado a promo\u00e7\u00e3o da advogada P\u00e2mela Silveira Leite a s\u00f3cia e a contrata\u00e7\u00e3o de Patr\u00edcia [&hellip;]\" \/>\n<meta property=\"og:url\" content=\"https:\/\/www.wald.com.br\/leaders-league-destaca-novas-socias-do-wald-antunes-vita-e-blattner-advogados\/\" \/>\n<meta property=\"og:site_name\" content=\"Wald Advogados\" \/>\n<meta property=\"article:published_time\" content=\"2023-04-04T00:08:25+00:00\" \/>\n<meta name=\"author\" content=\"waldadmin2020\" \/>\n<meta name=\"twitter:card\" content=\"summary_large_image\" \/>\n<meta name=\"twitter:creator\" content=\"@waldadmin2020\" \/>\n<meta name=\"twitter:label1\" content=\"Written by\" \/>\n\t<meta name=\"twitter:data1\" content=\"waldadmin2020\" \/>\n\t<meta name=\"twitter:label2\" content=\"Est. reading time\" \/>\n\t<meta name=\"twitter:data2\" content=\"2 minutes\" \/>\n<script type=\"application\/ld+json\" class=\"yoast-schema-graph\">{\"@context\":\"https:\\\/\\\/schema.org\",\"@graph\":[{\"@type\":\"Article\",\"@id\":\"https:\\\/\\\/www.wald.com.br\\\/leaders-league-destaca-novas-socias-do-wald-antunes-vita-e-blattner-advogados\\\/#article\",\"isPartOf\":{\"@id\":\"https:\\\/\\\/www.wald.com.br\\\/leaders-league-destaca-novas-socias-do-wald-antunes-vita-e-blattner-advogados\\\/\"},\"author\":{\"name\":\"waldadmin2020\",\"@id\":\"https:\\\/\\\/www.wald.com.br\\\/en\\\/#\\\/schema\\\/person\\\/63b1ba5d23c51fa9d050dd06ffd0e04a\"},\"headline\":\"Wald Advogados anuncia novas s\u00f3cias de Contencioso C\u00edvel e Direito Ambiental\",\"datePublished\":\"2023-04-04T00:08:25+00:00\",\"mainEntityOfPage\":{\"@id\":\"https:\\\/\\\/www.wald.com.br\\\/leaders-league-destaca-novas-socias-do-wald-antunes-vita-e-blattner-advogados\\\/\"},\"wordCount\":348,\"commentCount\":0,\"publisher\":{\"@id\":\"https:\\\/\\\/www.wald.com.br\\\/en\\\/#organization\"},\"keywords\":[\"Contencioso administrativo e judicial\",\"Direito Ambiental\"],\"articleSection\":[\"News\"],\"inLanguage\":\"en-US\",\"potentialAction\":[{\"@type\":\"CommentAction\",\"name\":\"Comment\",\"target\":[\"https:\\\/\\\/www.wald.com.br\\\/leaders-league-destaca-novas-socias-do-wald-antunes-vita-e-blattner-advogados\\\/#respond\"]}]},{\"@type\":\"WebPage\",\"@id\":\"https:\\\/\\\/www.wald.com.br\\\/leaders-league-destaca-novas-socias-do-wald-antunes-vita-e-blattner-advogados\\\/\",\"url\":\"https:\\\/\\\/www.wald.com.br\\\/leaders-league-destaca-novas-socias-do-wald-antunes-vita-e-blattner-advogados\\\/\",\"name\":\"Wald Advogados anuncia novas s\u00f3cias de Contencioso C\u00edvel e Direito Ambiental | Wald Advogados\",\"isPartOf\":{\"@id\":\"https:\\\/\\\/www.wald.com.br\\\/en\\\/#website\"},\"datePublished\":\"2023-04-04T00:08:25+00:00\",\"breadcrumb\":{\"@id\":\"https:\\\/\\\/www.wald.com.br\\\/leaders-league-destaca-novas-socias-do-wald-antunes-vita-e-blattner-advogados\\\/#breadcrumb\"},\"inLanguage\":\"en-US\",\"potentialAction\":[{\"@type\":\"ReadAction\",\"target\":[\"https:\\\/\\\/www.wald.com.br\\\/leaders-league-destaca-novas-socias-do-wald-antunes-vita-e-blattner-advogados\\\/\"]}]},{\"@type\":\"BreadcrumbList\",\"@id\":\"https:\\\/\\\/www.wald.com.br\\\/leaders-league-destaca-novas-socias-do-wald-antunes-vita-e-blattner-advogados\\\/#breadcrumb\",\"itemListElement\":[{\"@type\":\"ListItem\",\"position\":1,\"name\":\"In\u00edcio\",\"item\":\"https:\\\/\\\/www.wald.com.br\\\/\"},{\"@type\":\"ListItem\",\"position\":2,\"name\":\"Leaders League destaca novas s\u00f3cias do Wald, Antunes, Vita e Blattner Advogados\"}]},{\"@type\":\"WebSite\",\"@id\":\"https:\\\/\\\/www.wald.com.br\\\/en\\\/#website\",\"url\":\"https:\\\/\\\/www.wald.com.br\\\/en\\\/\",\"name\":\"Wald Advogados\",\"description\":\"66 years of leading law practice\",\"publisher\":{\"@id\":\"https:\\\/\\\/www.wald.com.br\\\/en\\\/#organization\"},\"potentialAction\":[{\"@type\":\"SearchAction\",\"target\":{\"@type\":\"EntryPoint\",\"urlTemplate\":\"https:\\\/\\\/www.wald.com.br\\\/en\\\/?s={search_term_string}\"},\"query-input\":{\"@type\":\"PropertyValueSpecification\",\"valueRequired\":true,\"valueName\":\"search_term_string\"}}],\"inLanguage\":\"en-US\"},{\"@type\":\"Organization\",\"@id\":\"https:\\\/\\\/www.wald.com.br\\\/en\\\/#organization\",\"name\":\"Wald, Antunes, Vita, Longo e Blattner Advogados\",\"url\":\"https:\\\/\\\/www.wald.com.br\\\/en\\\/\",\"logo\":{\"@type\":\"ImageObject\",\"inLanguage\":\"en-US\",\"@id\":\"https:\\\/\\\/www.wald.com.br\\\/en\\\/#\\\/schema\\\/logo\\\/image\\\/\",\"url\":\"https:\\\/\\\/www.wald.com.br\\\/wp-content\\\/uploads\\\/2020\\\/02\\\/Logo_Wald.png\",\"contentUrl\":\"https:\\\/\\\/www.wald.com.br\\\/wp-content\\\/uploads\\\/2020\\\/02\\\/Logo_Wald.png\",\"width\":5260,\"height\":2565,\"caption\":\"Wald, Antunes, Vita, Longo e Blattner Advogados\"},\"image\":{\"@id\":\"https:\\\/\\\/www.wald.com.br\\\/en\\\/#\\\/schema\\\/logo\\\/image\\\/\"},\"sameAs\":[\"https:\\\/\\\/www.linkedin.com\\\/company\\\/wald\"]},{\"@type\":\"Person\",\"@id\":\"https:\\\/\\\/www.wald.com.br\\\/en\\\/#\\\/schema\\\/person\\\/63b1ba5d23c51fa9d050dd06ffd0e04a\",\"name\":\"waldadmin2020\",\"image\":{\"@type\":\"ImageObject\",\"inLanguage\":\"en-US\",\"@id\":\"https:\\\/\\\/secure.gravatar.com\\\/avatar\\\/a71cf721eb306cd72432a33f9852249bbdb558baa0f55419ddb257983362db55?s=96&d=mm&r=g\",\"url\":\"https:\\\/\\\/secure.gravatar.com\\\/avatar\\\/a71cf721eb306cd72432a33f9852249bbdb558baa0f55419ddb257983362db55?s=96&d=mm&r=g\",\"contentUrl\":\"https:\\\/\\\/secure.gravatar.com\\\/avatar\\\/a71cf721eb306cd72432a33f9852249bbdb558baa0f55419ddb257983362db55?s=96&d=mm&r=g\",\"caption\":\"waldadmin2020\"},\"sameAs\":[\"https:\\\/\\\/x.com\\\/waldadmin2020\"],\"url\":\"https:\\\/\\\/www.wald.com.br\\\/en\\\/author\\\/waldadmin2020\\\/\"}]}<\/script>\n<!-- \/ Yoast SEO plugin. -->","yoast_head_json":{"title":"Wald Advogados anuncia novas s\u00f3cias de Contencioso C\u00edvel e Direito Ambiental | Wald Advogados","robots":{"index":"index","follow":"follow","max-snippet":"max-snippet:-1","max-image-preview":"max-image-preview:large","max-video-preview":"max-video-preview:-1"},"canonical":"https:\/\/www.wald.com.br\/leaders-league-destaca-novas-socias-do-wald-antunes-vita-e-blattner-advogados\/","og_locale":"en_US","og_type":"article","og_title":"Wald Advogados anuncia novas s\u00f3cias de Contencioso C\u00edvel e Direito Ambiental | Wald Advogados","og_description":"Publicado no Leaders League P\u00e2mela e Patr\u00edcia passam a compor o quadro de s\u00f3cios das \u00e1reas de Contencioso C\u00edvel e Direito Ambiental da renomada banca Em meados de mar\u00e7o, o renomado escrit\u00f3rio Wald, Antunes, Vita e Blattner Advogados anunciou ao mercado a promo\u00e7\u00e3o da advogada P\u00e2mela Silveira Leite a s\u00f3cia e a contrata\u00e7\u00e3o de Patr\u00edcia [&hellip;]","og_url":"https:\/\/www.wald.com.br\/leaders-league-destaca-novas-socias-do-wald-antunes-vita-e-blattner-advogados\/","og_site_name":"Wald Advogados","article_published_time":"2023-04-04T00:08:25+00:00","author":"waldadmin2020","twitter_card":"summary_large_image","twitter_creator":"@waldadmin2020","twitter_misc":{"Written by":"waldadmin2020","Est. reading time":"2 minutes"},"schema":{"@context":"https:\/\/schema.org","@graph":[{"@type":"Article","@id":"https:\/\/www.wald.com.br\/leaders-league-destaca-novas-socias-do-wald-antunes-vita-e-blattner-advogados\/#article","isPartOf":{"@id":"https:\/\/www.wald.com.br\/leaders-league-destaca-novas-socias-do-wald-antunes-vita-e-blattner-advogados\/"},"author":{"name":"waldadmin2020","@id":"https:\/\/www.wald.com.br\/en\/#\/schema\/person\/63b1ba5d23c51fa9d050dd06ffd0e04a"},"headline":"Wald Advogados anuncia novas s\u00f3cias de Contencioso C\u00edvel e Direito Ambiental","datePublished":"2023-04-04T00:08:25+00:00","mainEntityOfPage":{"@id":"https:\/\/www.wald.com.br\/leaders-league-destaca-novas-socias-do-wald-antunes-vita-e-blattner-advogados\/"},"wordCount":348,"commentCount":0,"publisher":{"@id":"https:\/\/www.wald.com.br\/en\/#organization"},"keywords":["Contencioso administrativo e judicial","Direito Ambiental"],"articleSection":["News"],"inLanguage":"en-US","potentialAction":[{"@type":"CommentAction","name":"Comment","target":["https:\/\/www.wald.com.br\/leaders-league-destaca-novas-socias-do-wald-antunes-vita-e-blattner-advogados\/#respond"]}]},{"@type":"WebPage","@id":"https:\/\/www.wald.com.br\/leaders-league-destaca-novas-socias-do-wald-antunes-vita-e-blattner-advogados\/","url":"https:\/\/www.wald.com.br\/leaders-league-destaca-novas-socias-do-wald-antunes-vita-e-blattner-advogados\/","name":"Wald Advogados anuncia novas s\u00f3cias de Contencioso C\u00edvel e Direito Ambiental | Wald Advogados","isPartOf":{"@id":"https:\/\/www.wald.com.br\/en\/#website"},"datePublished":"2023-04-04T00:08:25+00:00","breadcrumb":{"@id":"https:\/\/www.wald.com.br\/leaders-league-destaca-novas-socias-do-wald-antunes-vita-e-blattner-advogados\/#breadcrumb"},"inLanguage":"en-US","potentialAction":[{"@type":"ReadAction","target":["https:\/\/www.wald.com.br\/leaders-league-destaca-novas-socias-do-wald-antunes-vita-e-blattner-advogados\/"]}]},{"@type":"BreadcrumbList","@id":"https:\/\/www.wald.com.br\/leaders-league-destaca-novas-socias-do-wald-antunes-vita-e-blattner-advogados\/#breadcrumb","itemListElement":[{"@type":"ListItem","position":1,"name":"In\u00edcio","item":"https:\/\/www.wald.com.br\/"},{"@type":"ListItem","position":2,"name":"Leaders League destaca novas s\u00f3cias do Wald, Antunes, Vita e Blattner Advogados"}]},{"@type":"WebSite","@id":"https:\/\/www.wald.com.br\/en\/#website","url":"https:\/\/www.wald.com.br\/en\/","name":"Wald Advogados","description":"66 years of leading law practice","publisher":{"@id":"https:\/\/www.wald.com.br\/en\/#organization"},"potentialAction":[{"@type":"SearchAction","target":{"@type":"EntryPoint","urlTemplate":"https:\/\/www.wald.com.br\/en\/?s={search_term_string}"},"query-input":{"@type":"PropertyValueSpecification","valueRequired":true,"valueName":"search_term_string"}}],"inLanguage":"en-US"},{"@type":"Organization","@id":"https:\/\/www.wald.com.br\/en\/#organization","name":"Wald, Antunes, Vita, Longo e Blattner Advogados","url":"https:\/\/www.wald.com.br\/en\/","logo":{"@type":"ImageObject","inLanguage":"en-US","@id":"https:\/\/www.wald.com.br\/en\/#\/schema\/logo\/image\/","url":"https:\/\/www.wald.com.br\/wp-content\/uploads\/2020\/02\/Logo_Wald.png","contentUrl":"https:\/\/www.wald.com.br\/wp-content\/uploads\/2020\/02\/Logo_Wald.png","width":5260,"height":2565,"caption":"Wald, Antunes, Vita, Longo e Blattner Advogados"},"image":{"@id":"https:\/\/www.wald.com.br\/en\/#\/schema\/logo\/image\/"},"sameAs":["https:\/\/www.linkedin.com\/company\/wald"]},{"@type":"Person","@id":"https:\/\/www.wald.com.br\/en\/#\/schema\/person\/63b1ba5d23c51fa9d050dd06ffd0e04a","name":"waldadmin2020","image":{"@type":"ImageObject","inLanguage":"en-US","@id":"https:\/\/secure.gravatar.com\/avatar\/a71cf721eb306cd72432a33f9852249bbdb558baa0f55419ddb257983362db55?s=96&d=mm&r=g","url":"https:\/\/secure.gravatar.com\/avatar\/a71cf721eb306cd72432a33f9852249bbdb558baa0f55419ddb257983362db55?s=96&d=mm&r=g","contentUrl":"https:\/\/secure.gravatar.com\/avatar\/a71cf721eb306cd72432a33f9852249bbdb558baa0f55419ddb257983362db55?s=96&d=mm&r=g","caption":"waldadmin2020"},"sameAs":["https:\/\/x.com\/waldadmin2020"],"url":"https:\/\/www.wald.com.br\/en\/author\/waldadmin2020\/"}]}},"_links":{"self":[{"href":"https:\/\/www.wald.com.br\/en\/wp-json\/wp\/v2\/posts\/2034","targetHints":{"allow":["GET"]}}],"collection":[{"href":"https:\/\/www.wald.com.br\/en\/wp-json\/wp\/v2\/posts"}],"about":[{"href":"https:\/\/www.wald.com.br\/en\/wp-json\/wp\/v2\/types\/post"}],"author":[{"embeddable":true,"href":"https:\/\/www.wald.com.br\/en\/wp-json\/wp\/v2\/users\/1"}],"replies":[{"embeddable":true,"href":"https:\/\/www.wald.com.br\/en\/wp-json\/wp\/v2\/comments?post=2034"}],"version-history":[{"count":1,"href":"https:\/\/www.wald.com.br\/en\/wp-json\/wp\/v2\/posts\/2034\/revisions"}],"predecessor-version":[{"id":2035,"href":"https:\/\/www.wald.com.br\/en\/wp-json\/wp\/v2\/posts\/2034\/revisions\/2035"}],"wp:attachment":[{"href":"https:\/\/www.wald.com.br\/en\/wp-json\/wp\/v2\/media?parent=2034"}],"wp:term":[{"taxonomy":"category","embeddable":true,"href":"https:\/\/www.wald.com.br\/en\/wp-json\/wp\/v2\/categories?post=2034"},{"taxonomy":"post_tag","embeddable":true,"href":"https:\/\/www.wald.com.br\/en\/wp-json\/wp\/v2\/tags?post=2034"}],"curies":[{"name":"wp","href":"https:\/\/api.w.org\/{rel}","templated":true}]}}