{"id":2037,"date":"2023-04-13T12:45:01","date_gmt":"2023-04-13T15:45:01","guid":{"rendered":"https:\/\/www.wald.com.br\/?p=2037"},"modified":"2023-04-13T12:46:53","modified_gmt":"2023-04-13T15:46:53","slug":"lancamento-da-obra-coletiva-os-desafios-da-modernizacao-da-arbitragem-e-da-mediacao-no-seculo-xxi","status":"publish","type":"post","link":"https:\/\/www.wald.com.br\/en\/lancamento-da-obra-coletiva-os-desafios-da-modernizacao-da-arbitragem-e-da-mediacao-no-seculo-xxi\/","title":{"rendered":"Lan\u00e7amento da obra coletiva \u2018Os desafios da moderniza\u00e7\u00e3o da Arbitragem e da Media\u00e7\u00e3o no s\u00e9culo XXI\u2019"},"content":{"rendered":"<p>\u201cConstruir novas respostas \u00e0s indaga\u00e7\u00f5es da doutrina e da jurisprud\u00eancia, superando as discuss\u00f5es te\u00f3ricas para fazer da arbitragem uma ferramenta \u00fatil, que possa conciliar a justi\u00e7a no caso concreto com a velocidade e a efici\u00eancia das suas decis\u00f5es.\u201d \u00c9 assim que nosso fundador, <strong>Professor Arnoldo Wald<\/strong>, aponta o futuro da arbitragem no pref\u00e1cio da obra coletiva \u2018<a href=\"https:\/\/www.amazon.com.br\/dp\/6555752009\" target=\"_blank\" rel=\"noopener\">Os desafios da moderniza\u00e7\u00e3o da Arbitragem e da Media\u00e7\u00e3o no s\u00e9culo XXI<\/a>\u2019, lan\u00e7ada pela Editora Quartier Latin.<\/p>\n<p>O livro, coordenado pelo Professor Wald, pelo nosso s\u00f3cio <strong>Riccardo Torre<\/strong> e pela advogada Let\u00edcia Zuccolo, aborda praticamente todos os temas relevantes para se entender a evolu\u00e7\u00e3o da resolu\u00e7\u00e3o alternativa de conflitos no Brasil.<\/p>\n<p>A edi\u00e7\u00e3o conta com contribui\u00e7\u00f5es dos nossos s\u00f3cios<strong> Alexandre de Mendon\u00e7a Wald, Mariana Tavares Antunes, Marcus Vin\u00edcius Vita Ferreira, Marina Gaensly Blattner, Bernardo Cavalcanti Freire, Adriana Conrado Zamponi<\/strong> e <strong>Clarissa Mac\u00e9a.<\/strong> Assim como dos advogados e advogadas <strong>Antonio Alberto Rondina Cury, Arnoldo de Paula Wald, Bernardo Carrara, Claudio Chaves, Cl\u00e9o Silveira, Ernandes Sampaio Ramos, Gabriela de Barros Sales, Julia de Ba\u00e8re, Lorena Soares dos Santos, Paulo Hime Funari<\/strong> e<strong> Tiago Ad\u00e3o Ticoulat Parass\u00fa Borges<\/strong>.<\/p>\n<p><a href=\"https:\/\/www.amazon.com.br\/dp\/6555752009\" target=\"_blank\" rel=\"noopener\"><img loading=\"lazy\" decoding=\"async\" class=\"aligncenter wp-image-2038\" src=\"https:\/\/www.wald.com.br\/wp-content\/uploads\/2023\/04\/ebook-mockup-in-an-angled-position-over-a-flat-backdrop-a9915-2.png\" alt=\"\" width=\"139\" height=\"216\" srcset=\"https:\/\/www.wald.com.br\/wp-content\/uploads\/2023\/04\/ebook-mockup-in-an-angled-position-over-a-flat-backdrop-a9915-2.png 711w, https:\/\/www.wald.com.br\/wp-content\/uploads\/2023\/04\/ebook-mockup-in-an-angled-position-over-a-flat-backdrop-a9915-2-193x300.png 193w, https:\/\/www.wald.com.br\/wp-content\/uploads\/2023\/04\/ebook-mockup-in-an-angled-position-over-a-flat-backdrop-a9915-2-658x1024.png 658w\" sizes=\"auto, (max-width: 139px) 100vw, 139px\" \/><\/a><\/p>\n","protected":false},"excerpt":{"rendered":"<p>\u201cConstruir novas respostas \u00e0s indaga\u00e7\u00f5es da doutrina e da jurisprud\u00eancia, superando as discuss\u00f5es te\u00f3ricas para fazer da arbitragem uma ferramenta \u00fatil, que possa conciliar a justi\u00e7a no caso concreto com a velocidade e a efici\u00eancia das suas decis\u00f5es.\u201d \u00c9 assim que nosso fundador, Professor Arnoldo Wald, aponta o futuro da arbitragem no pref\u00e1cio da obra [&hellip;]<\/p>\n","protected":false},"author":1,"featured_media":0,"comment_status":"open","ping_status":"closed","sticky":false,"template":"","format":"standard","meta":{"_acf_changed":false,"footnotes":""},"categories":[2],"tags":[14,12],"class_list":["post-2037","post","type-post","status-publish","format-standard","hentry","category-noticias","tag-arbitragem","tag-mediacao"],"acf":[],"yoast_head":"<!-- This site is optimized with the Yoast SEO plugin v27.5 - https:\/\/yoast.com\/product\/yoast-seo-wordpress\/ -->\n<title>Lan\u00e7amento da obra coletiva \u2018Os desafios da moderniza\u00e7\u00e3o da Arbitragem e da Media\u00e7\u00e3o no s\u00e9culo XXI\u2019 | Wald Advogados<\/title>\n<meta name=\"robots\" content=\"index, follow, max-snippet:-1, max-image-preview:large, max-video-preview:-1\" \/>\n<link rel=\"canonical\" href=\"https:\/\/www.wald.com.br\/lancamento-da-obra-coletiva-os-desafios-da-modernizacao-da-arbitragem-e-da-mediacao-no-seculo-xxi\/\" \/>\n<meta property=\"og:locale\" content=\"en_US\" \/>\n<meta property=\"og:type\" content=\"article\" \/>\n<meta property=\"og:title\" content=\"Lan\u00e7amento da obra coletiva \u2018Os desafios da moderniza\u00e7\u00e3o da Arbitragem e da Media\u00e7\u00e3o no s\u00e9culo XXI\u2019 | Wald Advogados\" \/>\n<meta property=\"og:description\" content=\"\u201cConstruir novas respostas \u00e0s indaga\u00e7\u00f5es da doutrina e da jurisprud\u00eancia, superando as discuss\u00f5es te\u00f3ricas para fazer da arbitragem uma ferramenta \u00fatil, que possa conciliar a justi\u00e7a no caso concreto com a velocidade e a efici\u00eancia das suas decis\u00f5es.\u201d \u00c9 assim que nosso fundador, Professor Arnoldo Wald, aponta o futuro da arbitragem no pref\u00e1cio da obra [&hellip;]\" \/>\n<meta property=\"og:url\" content=\"https:\/\/www.wald.com.br\/lancamento-da-obra-coletiva-os-desafios-da-modernizacao-da-arbitragem-e-da-mediacao-no-seculo-xxi\/\" \/>\n<meta property=\"og:site_name\" content=\"Wald Advogados\" \/>\n<meta property=\"article:published_time\" content=\"2023-04-13T15:45:01+00:00\" \/>\n<meta property=\"article:modified_time\" content=\"2023-04-13T15:46:53+00:00\" \/>\n<meta property=\"og:image\" content=\"https:\/\/www.wald.com.br\/wp-content\/uploads\/2023\/04\/ebook-mockup-in-an-angled-position-over-a-flat-backdrop-a9915-2.png\" \/>\n<meta name=\"author\" content=\"waldadmin2020\" \/>\n<meta name=\"twitter:card\" content=\"summary_large_image\" \/>\n<meta name=\"twitter:creator\" content=\"@waldadmin2020\" \/>\n<meta name=\"twitter:label1\" content=\"Written by\" \/>\n\t<meta name=\"twitter:data1\" content=\"waldadmin2020\" \/>\n\t<meta name=\"twitter:label2\" content=\"Est. reading time\" \/>\n\t<meta name=\"twitter:data2\" content=\"2 minutes\" \/>\n<script type=\"application\/ld+json\" class=\"yoast-schema-graph\">{\"@context\":\"https:\\\/\\\/schema.org\",\"@graph\":[{\"@type\":\"Article\",\"@id\":\"https:\\\/\\\/www.wald.com.br\\\/lancamento-da-obra-coletiva-os-desafios-da-modernizacao-da-arbitragem-e-da-mediacao-no-seculo-xxi\\\/#article\",\"isPartOf\":{\"@id\":\"https:\\\/\\\/www.wald.com.br\\\/lancamento-da-obra-coletiva-os-desafios-da-modernizacao-da-arbitragem-e-da-mediacao-no-seculo-xxi\\\/\"},\"author\":{\"name\":\"waldadmin2020\",\"@id\":\"https:\\\/\\\/www.wald.com.br\\\/en\\\/#\\\/schema\\\/person\\\/63b1ba5d23c51fa9d050dd06ffd0e04a\"},\"headline\":\"Lan\u00e7amento da obra coletiva \u2018Os desafios da moderniza\u00e7\u00e3o da Arbitragem e da Media\u00e7\u00e3o no s\u00e9culo XXI\u2019\",\"datePublished\":\"2023-04-13T15:45:01+00:00\",\"dateModified\":\"2023-04-13T15:46:53+00:00\",\"mainEntityOfPage\":{\"@id\":\"https:\\\/\\\/www.wald.com.br\\\/lancamento-da-obra-coletiva-os-desafios-da-modernizacao-da-arbitragem-e-da-mediacao-no-seculo-xxi\\\/\"},\"wordCount\":225,\"commentCount\":0,\"publisher\":{\"@id\":\"https:\\\/\\\/www.wald.com.br\\\/en\\\/#organization\"},\"image\":{\"@id\":\"https:\\\/\\\/www.wald.com.br\\\/lancamento-da-obra-coletiva-os-desafios-da-modernizacao-da-arbitragem-e-da-mediacao-no-seculo-xxi\\\/#primaryimage\"},\"thumbnailUrl\":\"https:\\\/\\\/www.wald.com.br\\\/wp-content\\\/uploads\\\/2023\\\/04\\\/ebook-mockup-in-an-angled-position-over-a-flat-backdrop-a9915-2.png\",\"keywords\":[\"Arbitragem\",\"Media\u00e7\u00e3o\"],\"articleSection\":[\"News\"],\"inLanguage\":\"en-US\",\"potentialAction\":[{\"@type\":\"CommentAction\",\"name\":\"Comment\",\"target\":[\"https:\\\/\\\/www.wald.com.br\\\/lancamento-da-obra-coletiva-os-desafios-da-modernizacao-da-arbitragem-e-da-mediacao-no-seculo-xxi\\\/#respond\"]}]},{\"@type\":\"WebPage\",\"@id\":\"https:\\\/\\\/www.wald.com.br\\\/lancamento-da-obra-coletiva-os-desafios-da-modernizacao-da-arbitragem-e-da-mediacao-no-seculo-xxi\\\/\",\"url\":\"https:\\\/\\\/www.wald.com.br\\\/lancamento-da-obra-coletiva-os-desafios-da-modernizacao-da-arbitragem-e-da-mediacao-no-seculo-xxi\\\/\",\"name\":\"Lan\u00e7amento da obra coletiva \u2018Os desafios da moderniza\u00e7\u00e3o da Arbitragem e da Media\u00e7\u00e3o no s\u00e9culo XXI\u2019 | Wald Advogados\",\"isPartOf\":{\"@id\":\"https:\\\/\\\/www.wald.com.br\\\/en\\\/#website\"},\"primaryImageOfPage\":{\"@id\":\"https:\\\/\\\/www.wald.com.br\\\/lancamento-da-obra-coletiva-os-desafios-da-modernizacao-da-arbitragem-e-da-mediacao-no-seculo-xxi\\\/#primaryimage\"},\"image\":{\"@id\":\"https:\\\/\\\/www.wald.com.br\\\/lancamento-da-obra-coletiva-os-desafios-da-modernizacao-da-arbitragem-e-da-mediacao-no-seculo-xxi\\\/#primaryimage\"},\"thumbnailUrl\":\"https:\\\/\\\/www.wald.com.br\\\/wp-content\\\/uploads\\\/2023\\\/04\\\/ebook-mockup-in-an-angled-position-over-a-flat-backdrop-a9915-2.png\",\"datePublished\":\"2023-04-13T15:45:01+00:00\",\"dateModified\":\"2023-04-13T15:46:53+00:00\",\"breadcrumb\":{\"@id\":\"https:\\\/\\\/www.wald.com.br\\\/lancamento-da-obra-coletiva-os-desafios-da-modernizacao-da-arbitragem-e-da-mediacao-no-seculo-xxi\\\/#breadcrumb\"},\"inLanguage\":\"en-US\",\"potentialAction\":[{\"@type\":\"ReadAction\",\"target\":[\"https:\\\/\\\/www.wald.com.br\\\/lancamento-da-obra-coletiva-os-desafios-da-modernizacao-da-arbitragem-e-da-mediacao-no-seculo-xxi\\\/\"]}]},{\"@type\":\"ImageObject\",\"inLanguage\":\"en-US\",\"@id\":\"https:\\\/\\\/www.wald.com.br\\\/lancamento-da-obra-coletiva-os-desafios-da-modernizacao-da-arbitragem-e-da-mediacao-no-seculo-xxi\\\/#primaryimage\",\"url\":\"https:\\\/\\\/www.wald.com.br\\\/wp-content\\\/uploads\\\/2023\\\/04\\\/ebook-mockup-in-an-angled-position-over-a-flat-backdrop-a9915-2.png\",\"contentUrl\":\"https:\\\/\\\/www.wald.com.br\\\/wp-content\\\/uploads\\\/2023\\\/04\\\/ebook-mockup-in-an-angled-position-over-a-flat-backdrop-a9915-2.png\"},{\"@type\":\"BreadcrumbList\",\"@id\":\"https:\\\/\\\/www.wald.com.br\\\/lancamento-da-obra-coletiva-os-desafios-da-modernizacao-da-arbitragem-e-da-mediacao-no-seculo-xxi\\\/#breadcrumb\",\"itemListElement\":[{\"@type\":\"ListItem\",\"position\":1,\"name\":\"In\u00edcio\",\"item\":\"https:\\\/\\\/www.wald.com.br\\\/\"},{\"@type\":\"ListItem\",\"position\":2,\"name\":\"Lan\u00e7amento da obra coletiva \u2018Os desafios da moderniza\u00e7\u00e3o da Arbitragem e da Media\u00e7\u00e3o no s\u00e9culo XXI\u2019\"}]},{\"@type\":\"WebSite\",\"@id\":\"https:\\\/\\\/www.wald.com.br\\\/en\\\/#website\",\"url\":\"https:\\\/\\\/www.wald.com.br\\\/en\\\/\",\"name\":\"Wald Advogados\",\"description\":\"66 years of leading law practice\",\"publisher\":{\"@id\":\"https:\\\/\\\/www.wald.com.br\\\/en\\\/#organization\"},\"potentialAction\":[{\"@type\":\"SearchAction\",\"target\":{\"@type\":\"EntryPoint\",\"urlTemplate\":\"https:\\\/\\\/www.wald.com.br\\\/en\\\/?s={search_term_string}\"},\"query-input\":{\"@type\":\"PropertyValueSpecification\",\"valueRequired\":true,\"valueName\":\"search_term_string\"}}],\"inLanguage\":\"en-US\"},{\"@type\":\"Organization\",\"@id\":\"https:\\\/\\\/www.wald.com.br\\\/en\\\/#organization\",\"name\":\"Wald, Antunes, Vita, Longo e Blattner Advogados\",\"url\":\"https:\\\/\\\/www.wald.com.br\\\/en\\\/\",\"logo\":{\"@type\":\"ImageObject\",\"inLanguage\":\"en-US\",\"@id\":\"https:\\\/\\\/www.wald.com.br\\\/en\\\/#\\\/schema\\\/logo\\\/image\\\/\",\"url\":\"https:\\\/\\\/www.wald.com.br\\\/wp-content\\\/uploads\\\/2020\\\/02\\\/Logo_Wald.png\",\"contentUrl\":\"https:\\\/\\\/www.wald.com.br\\\/wp-content\\\/uploads\\\/2020\\\/02\\\/Logo_Wald.png\",\"width\":5260,\"height\":2565,\"caption\":\"Wald, Antunes, Vita, Longo e Blattner Advogados\"},\"image\":{\"@id\":\"https:\\\/\\\/www.wald.com.br\\\/en\\\/#\\\/schema\\\/logo\\\/image\\\/\"},\"sameAs\":[\"https:\\\/\\\/www.linkedin.com\\\/company\\\/wald\"]},{\"@type\":\"Person\",\"@id\":\"https:\\\/\\\/www.wald.com.br\\\/en\\\/#\\\/schema\\\/person\\\/63b1ba5d23c51fa9d050dd06ffd0e04a\",\"name\":\"waldadmin2020\",\"image\":{\"@type\":\"ImageObject\",\"inLanguage\":\"en-US\",\"@id\":\"https:\\\/\\\/secure.gravatar.com\\\/avatar\\\/a71cf721eb306cd72432a33f9852249bbdb558baa0f55419ddb257983362db55?s=96&d=mm&r=g\",\"url\":\"https:\\\/\\\/secure.gravatar.com\\\/avatar\\\/a71cf721eb306cd72432a33f9852249bbdb558baa0f55419ddb257983362db55?s=96&d=mm&r=g\",\"contentUrl\":\"https:\\\/\\\/secure.gravatar.com\\\/avatar\\\/a71cf721eb306cd72432a33f9852249bbdb558baa0f55419ddb257983362db55?s=96&d=mm&r=g\",\"caption\":\"waldadmin2020\"},\"sameAs\":[\"https:\\\/\\\/x.com\\\/waldadmin2020\"],\"url\":\"https:\\\/\\\/www.wald.com.br\\\/en\\\/author\\\/waldadmin2020\\\/\"}]}<\/script>\n<!-- \/ Yoast SEO plugin. -->","yoast_head_json":{"title":"Lan\u00e7amento da obra coletiva \u2018Os desafios da moderniza\u00e7\u00e3o da Arbitragem e da Media\u00e7\u00e3o no s\u00e9culo XXI\u2019 | Wald Advogados","robots":{"index":"index","follow":"follow","max-snippet":"max-snippet:-1","max-image-preview":"max-image-preview:large","max-video-preview":"max-video-preview:-1"},"canonical":"https:\/\/www.wald.com.br\/lancamento-da-obra-coletiva-os-desafios-da-modernizacao-da-arbitragem-e-da-mediacao-no-seculo-xxi\/","og_locale":"en_US","og_type":"article","og_title":"Lan\u00e7amento da obra coletiva \u2018Os desafios da moderniza\u00e7\u00e3o da Arbitragem e da Media\u00e7\u00e3o no s\u00e9culo XXI\u2019 | Wald Advogados","og_description":"\u201cConstruir novas respostas \u00e0s indaga\u00e7\u00f5es da doutrina e da jurisprud\u00eancia, superando as discuss\u00f5es te\u00f3ricas para fazer da arbitragem uma ferramenta \u00fatil, que possa conciliar a justi\u00e7a no caso concreto com a velocidade e a efici\u00eancia das suas decis\u00f5es.\u201d \u00c9 assim que nosso fundador, Professor Arnoldo Wald, aponta o futuro da arbitragem no pref\u00e1cio da obra [&hellip;]","og_url":"https:\/\/www.wald.com.br\/lancamento-da-obra-coletiva-os-desafios-da-modernizacao-da-arbitragem-e-da-mediacao-no-seculo-xxi\/","og_site_name":"Wald Advogados","article_published_time":"2023-04-13T15:45:01+00:00","article_modified_time":"2023-04-13T15:46:53+00:00","og_image":[{"url":"https:\/\/www.wald.com.br\/wp-content\/uploads\/2023\/04\/ebook-mockup-in-an-angled-position-over-a-flat-backdrop-a9915-2.png","type":"","width":"","height":""}],"author":"waldadmin2020","twitter_card":"summary_large_image","twitter_creator":"@waldadmin2020","twitter_misc":{"Written by":"waldadmin2020","Est. reading time":"2 minutes"},"schema":{"@context":"https:\/\/schema.org","@graph":[{"@type":"Article","@id":"https:\/\/www.wald.com.br\/lancamento-da-obra-coletiva-os-desafios-da-modernizacao-da-arbitragem-e-da-mediacao-no-seculo-xxi\/#article","isPartOf":{"@id":"https:\/\/www.wald.com.br\/lancamento-da-obra-coletiva-os-desafios-da-modernizacao-da-arbitragem-e-da-mediacao-no-seculo-xxi\/"},"author":{"name":"waldadmin2020","@id":"https:\/\/www.wald.com.br\/en\/#\/schema\/person\/63b1ba5d23c51fa9d050dd06ffd0e04a"},"headline":"Lan\u00e7amento da obra coletiva \u2018Os desafios da moderniza\u00e7\u00e3o da Arbitragem e da Media\u00e7\u00e3o no s\u00e9culo XXI\u2019","datePublished":"2023-04-13T15:45:01+00:00","dateModified":"2023-04-13T15:46:53+00:00","mainEntityOfPage":{"@id":"https:\/\/www.wald.com.br\/lancamento-da-obra-coletiva-os-desafios-da-modernizacao-da-arbitragem-e-da-mediacao-no-seculo-xxi\/"},"wordCount":225,"commentCount":0,"publisher":{"@id":"https:\/\/www.wald.com.br\/en\/#organization"},"image":{"@id":"https:\/\/www.wald.com.br\/lancamento-da-obra-coletiva-os-desafios-da-modernizacao-da-arbitragem-e-da-mediacao-no-seculo-xxi\/#primaryimage"},"thumbnailUrl":"https:\/\/www.wald.com.br\/wp-content\/uploads\/2023\/04\/ebook-mockup-in-an-angled-position-over-a-flat-backdrop-a9915-2.png","keywords":["Arbitragem","Media\u00e7\u00e3o"],"articleSection":["News"],"inLanguage":"en-US","potentialAction":[{"@type":"CommentAction","name":"Comment","target":["https:\/\/www.wald.com.br\/lancamento-da-obra-coletiva-os-desafios-da-modernizacao-da-arbitragem-e-da-mediacao-no-seculo-xxi\/#respond"]}]},{"@type":"WebPage","@id":"https:\/\/www.wald.com.br\/lancamento-da-obra-coletiva-os-desafios-da-modernizacao-da-arbitragem-e-da-mediacao-no-seculo-xxi\/","url":"https:\/\/www.wald.com.br\/lancamento-da-obra-coletiva-os-desafios-da-modernizacao-da-arbitragem-e-da-mediacao-no-seculo-xxi\/","name":"Lan\u00e7amento da obra coletiva \u2018Os desafios da moderniza\u00e7\u00e3o da Arbitragem e da Media\u00e7\u00e3o no s\u00e9culo XXI\u2019 | Wald Advogados","isPartOf":{"@id":"https:\/\/www.wald.com.br\/en\/#website"},"primaryImageOfPage":{"@id":"https:\/\/www.wald.com.br\/lancamento-da-obra-coletiva-os-desafios-da-modernizacao-da-arbitragem-e-da-mediacao-no-seculo-xxi\/#primaryimage"},"image":{"@id":"https:\/\/www.wald.com.br\/lancamento-da-obra-coletiva-os-desafios-da-modernizacao-da-arbitragem-e-da-mediacao-no-seculo-xxi\/#primaryimage"},"thumbnailUrl":"https:\/\/www.wald.com.br\/wp-content\/uploads\/2023\/04\/ebook-mockup-in-an-angled-position-over-a-flat-backdrop-a9915-2.png","datePublished":"2023-04-13T15:45:01+00:00","dateModified":"2023-04-13T15:46:53+00:00","breadcrumb":{"@id":"https:\/\/www.wald.com.br\/lancamento-da-obra-coletiva-os-desafios-da-modernizacao-da-arbitragem-e-da-mediacao-no-seculo-xxi\/#breadcrumb"},"inLanguage":"en-US","potentialAction":[{"@type":"ReadAction","target":["https:\/\/www.wald.com.br\/lancamento-da-obra-coletiva-os-desafios-da-modernizacao-da-arbitragem-e-da-mediacao-no-seculo-xxi\/"]}]},{"@type":"ImageObject","inLanguage":"en-US","@id":"https:\/\/www.wald.com.br\/lancamento-da-obra-coletiva-os-desafios-da-modernizacao-da-arbitragem-e-da-mediacao-no-seculo-xxi\/#primaryimage","url":"https:\/\/www.wald.com.br\/wp-content\/uploads\/2023\/04\/ebook-mockup-in-an-angled-position-over-a-flat-backdrop-a9915-2.png","contentUrl":"https:\/\/www.wald.com.br\/wp-content\/uploads\/2023\/04\/ebook-mockup-in-an-angled-position-over-a-flat-backdrop-a9915-2.png"},{"@type":"BreadcrumbList","@id":"https:\/\/www.wald.com.br\/lancamento-da-obra-coletiva-os-desafios-da-modernizacao-da-arbitragem-e-da-mediacao-no-seculo-xxi\/#breadcrumb","itemListElement":[{"@type":"ListItem","position":1,"name":"In\u00edcio","item":"https:\/\/www.wald.com.br\/"},{"@type":"ListItem","position":2,"name":"Lan\u00e7amento da obra coletiva \u2018Os desafios da moderniza\u00e7\u00e3o da Arbitragem e da Media\u00e7\u00e3o no s\u00e9culo XXI\u2019"}]},{"@type":"WebSite","@id":"https:\/\/www.wald.com.br\/en\/#website","url":"https:\/\/www.wald.com.br\/en\/","name":"Wald Advogados","description":"66 years of leading law practice","publisher":{"@id":"https:\/\/www.wald.com.br\/en\/#organization"},"potentialAction":[{"@type":"SearchAction","target":{"@type":"EntryPoint","urlTemplate":"https:\/\/www.wald.com.br\/en\/?s={search_term_string}"},"query-input":{"@type":"PropertyValueSpecification","valueRequired":true,"valueName":"search_term_string"}}],"inLanguage":"en-US"},{"@type":"Organization","@id":"https:\/\/www.wald.com.br\/en\/#organization","name":"Wald, Antunes, Vita, Longo e Blattner Advogados","url":"https:\/\/www.wald.com.br\/en\/","logo":{"@type":"ImageObject","inLanguage":"en-US","@id":"https:\/\/www.wald.com.br\/en\/#\/schema\/logo\/image\/","url":"https:\/\/www.wald.com.br\/wp-content\/uploads\/2020\/02\/Logo_Wald.png","contentUrl":"https:\/\/www.wald.com.br\/wp-content\/uploads\/2020\/02\/Logo_Wald.png","width":5260,"height":2565,"caption":"Wald, Antunes, Vita, Longo e Blattner Advogados"},"image":{"@id":"https:\/\/www.wald.com.br\/en\/#\/schema\/logo\/image\/"},"sameAs":["https:\/\/www.linkedin.com\/company\/wald"]},{"@type":"Person","@id":"https:\/\/www.wald.com.br\/en\/#\/schema\/person\/63b1ba5d23c51fa9d050dd06ffd0e04a","name":"waldadmin2020","image":{"@type":"ImageObject","inLanguage":"en-US","@id":"https:\/\/secure.gravatar.com\/avatar\/a71cf721eb306cd72432a33f9852249bbdb558baa0f55419ddb257983362db55?s=96&d=mm&r=g","url":"https:\/\/secure.gravatar.com\/avatar\/a71cf721eb306cd72432a33f9852249bbdb558baa0f55419ddb257983362db55?s=96&d=mm&r=g","contentUrl":"https:\/\/secure.gravatar.com\/avatar\/a71cf721eb306cd72432a33f9852249bbdb558baa0f55419ddb257983362db55?s=96&d=mm&r=g","caption":"waldadmin2020"},"sameAs":["https:\/\/x.com\/waldadmin2020"],"url":"https:\/\/www.wald.com.br\/en\/author\/waldadmin2020\/"}]}},"_links":{"self":[{"href":"https:\/\/www.wald.com.br\/en\/wp-json\/wp\/v2\/posts\/2037","targetHints":{"allow":["GET"]}}],"collection":[{"href":"https:\/\/www.wald.com.br\/en\/wp-json\/wp\/v2\/posts"}],"about":[{"href":"https:\/\/www.wald.com.br\/en\/wp-json\/wp\/v2\/types\/post"}],"author":[{"embeddable":true,"href":"https:\/\/www.wald.com.br\/en\/wp-json\/wp\/v2\/users\/1"}],"replies":[{"embeddable":true,"href":"https:\/\/www.wald.com.br\/en\/wp-json\/wp\/v2\/comments?post=2037"}],"version-history":[{"count":2,"href":"https:\/\/www.wald.com.br\/en\/wp-json\/wp\/v2\/posts\/2037\/revisions"}],"predecessor-version":[{"id":2040,"href":"https:\/\/www.wald.com.br\/en\/wp-json\/wp\/v2\/posts\/2037\/revisions\/2040"}],"wp:attachment":[{"href":"https:\/\/www.wald.com.br\/en\/wp-json\/wp\/v2\/media?parent=2037"}],"wp:term":[{"taxonomy":"category","embeddable":true,"href":"https:\/\/www.wald.com.br\/en\/wp-json\/wp\/v2\/categories?post=2037"},{"taxonomy":"post_tag","embeddable":true,"href":"https:\/\/www.wald.com.br\/en\/wp-json\/wp\/v2\/tags?post=2037"}],"curies":[{"name":"wp","href":"https:\/\/api.w.org\/{rel}","templated":true}]}}