{"id":2047,"date":"2023-04-24T09:04:39","date_gmt":"2023-04-24T12:04:39","guid":{"rendered":"https:\/\/www.wald.com.br\/?p=2047"},"modified":"2023-04-24T09:04:39","modified_gmt":"2023-04-24T12:04:39","slug":"reflexoes-sobre-o-dia-da-terra","status":"publish","type":"post","link":"https:\/\/www.wald.com.br\/en\/reflexoes-sobre-o-dia-da-terra\/","title":{"rendered":"Reflex\u00f5es sobre o Dia da Terra"},"content":{"rendered":"<p><em>Artigo publicado em <\/em><a href=\"https:\/\/www.estadao.com.br\/opiniao\/espaco-aberto\/reflexoes-sobre-o-dia-da-terra\/\" target=\"_blank\" rel=\"noopener\"><em>O Estado de S\u00e3o Paulo<\/em><\/a><\/p>\n<p>Em 2019, a ONU oficializou a data de 22 de abril como Dia Internacional da M\u00e3e Terra, ou Dia da Terra, mas sua origem remonta \u00e0 d\u00e9cada de 1970, a partir dos esfor\u00e7os do senador estadunidense Gaylord Nelson para conscientizar o pa\u00eds acerca da necessidade de promover a\u00e7\u00f5es para um planeta mais sustent\u00e1vel. A iniciativa mobilizou cerca de 20 milh\u00f5es de pessoas que protestaram em diferentes cidades americanas e contribuiu para a cria\u00e7\u00e3o da EPA, a ag\u00eancia ambiental dos Estados Unidos, e do Clean Air Act (a Lei do Ar Limpo), ambos naquele mesmo ano.<\/p>\n<p>Portanto, mais do que um motivo para celebrar, o Dia da Terra imp\u00f5e uma reflex\u00e3o acerca do papel de cada pa\u00eds e de cada indiv\u00edduo em prol da conserva\u00e7\u00e3o do meio ambiente. Com efeito, das mais diversas confer\u00eancias desde Estocolmo (1972) aos Objetivos de Desenvolvimento Sustent\u00e1vel (ODS), a ONU tem refor\u00e7ado o apelo contra a ina\u00e7\u00e3o e por mudan\u00e7as urgentes em busca de um modelo de desenvolvimento que funcione para o planeta assim como para as pessoas.<\/p>\n<p>E o Brasil, ostentando o primeiro lugar do mundo em biodiversidade e possuindo o maior potencial em solu\u00e7\u00f5es clim\u00e1ticas naturais para o sequestro de carbono, tem um papel fundamental a exercer no cen\u00e1rio internacional, mas para isso precisa fazer sua li\u00e7\u00e3o de casa, estabelecendo uma pol\u00edtica uniforme num pa\u00eds de dimens\u00f5es continentais que apresenta realidades muito contrastantes tanto em termos de prote\u00e7\u00e3o ambiental quanto de desenvolvimento socioecon\u00f4mico.<\/p>\n<p>Em termos pr\u00e1ticos, enquanto o consumo global de energia \u00e9 a maior fonte antr\u00f3pica das emiss\u00f5es de gases de efeito estufa, respons\u00e1vel por 73% do seu total, no Brasil esse setor tem uma participa\u00e7\u00e3o relativamente baixa nas emiss\u00f5es, em virtude da utiliza\u00e7\u00e3o de energias renov\u00e1veis. Por conseguinte, as principais fontes brasileiras est\u00e3o relacionadas \u00e0s atividades de uso do solo. Estima-se que, dos cerca de 2 bilh\u00f5es de toneladas de CO2 (di\u00f3xido de carbono ou g\u00e1s carb\u00f4nico) emitidos no Pa\u00eds por ano, mais da metade esteja relacionada \u00e0 queima de \u00e1rvores.<\/p>\n<p>H\u00e1, portanto, um ineg\u00e1vel potencial econ\u00f4mico na prote\u00e7\u00e3o da biodiversidade brasileira por meio da estocagem de carbono que segue, por ora, pouco explorado. N\u00e3o obstante, apesar de as chamadas Solu\u00e7\u00f5es Baseadas na Natureza representarem uma grande oportunidade, n\u00e3o \u00e9 poss\u00edvel depender exclusivamente delas. Em outras palavras, o \u00eaxito em limitar o aquecimento global abaixo de 1,5\u00b0C, nos termos acordados em 2015, depende de uma abordagem multifacetada.<\/p>\n<p>Nesse sentido, superando a falaciosa premissa que op\u00f5e a prote\u00e7\u00e3o ambiental \u00e0s atividades econ\u00f4micas, a estrutura\u00e7\u00e3o de um mercado de carbono no Brasil tem mostrado a converg\u00eancia de interesses entre os setores p\u00fablico e privado para devolver o protagonismo do Pa\u00eds no tema da justi\u00e7a clim\u00e1tica. Assim, com vistas \u00e0 cria\u00e7\u00e3o de ativos para a redu\u00e7\u00e3o das emiss\u00f5es de gases de efeito estufa, aliam-se, por exemplo, iniciativas de restaura\u00e7\u00e3o ecol\u00f3gica, diversifica\u00e7\u00e3o da matriz energ\u00e9tica e incorpora\u00e7\u00e3o de ecotecnologias.<\/p>\n<p>E se antes a ado\u00e7\u00e3o de pr\u00e1ticas mais sustent\u00e1veis pelas empresas era vista com desconfian\u00e7a, muitas vezes traduzindo um prop\u00f3sito meramente publicit\u00e1rio, pr\u00e1tica que ficou conhecida pelo anglicanismo greenwashing (lavagem verde), cada vez mais a agenda ESG (acr\u00f4nimo de Environmental, Social and Governance \u2013 Ambiental, Social e Governan\u00e7a) tem se tornado parte dos valores e pressuposto dos neg\u00f3cios.<\/p>\n<p>Por outro lado, o setor p\u00fablico parece ter reconhecido a insufici\u00eancia dos instrumentos de comando e controle e o vi\u00e9s puramente repressor do Estado na mitiga\u00e7\u00e3o dos danos ambientais, e apostado no est\u00edmulo do setor produtivo rumo \u00e0 economia de baixo carbono, al\u00e9m do aproveitamento do potencial econ\u00f4mico intr\u00ednseco \u00e0 prote\u00e7\u00e3o do meio ambiente.<\/p>\n<p>Dessa forma, se a estrutura\u00e7\u00e3o p\u00fablica de um mercado de carbono \u00e9 imprescind\u00edvel para que o Brasil possa cumprir as obriga\u00e7\u00f5es que assumiu no Acordo de Paris e retomar seu protagonismo na tem\u00e1tica ambiental, o NETZero, ou seja, a neutralidade de emiss\u00f5es l\u00edquidas de gases de efeito estufa, depender\u00e1 igualmente do fomento de um mercado livre ou volunt\u00e1rio, que represente um compromisso de empresas e cidad\u00e3os em prol da descarboniza\u00e7\u00e3o.<\/p>\n<p>Ao fim e ao cabo, se \u00e9 poss\u00edvel extrair li\u00e7\u00f5es do passado para lidar com os dilemas do presente e do futuro, devemos reconhecer que nenhuma lei ser\u00e1 suficientemente eficaz e nenhuma a\u00e7\u00e3o ser\u00e1 r\u00e1pida o bastante para alterar o status quo, se n\u00e3o for encampada por todos. A complexidade da crise ambiental n\u00e3o ser\u00e1 equacionada por uma solu\u00e7\u00e3o \u00fanica. Ao contr\u00e1rio, ela demanda a aplica\u00e7\u00e3o de uma r\u00e9gua de Lesbos que se amolde \u00e0 necessidade de coexistirmos sob os ausp\u00edcios da M\u00e3e Terra.<\/p>\n","protected":false},"excerpt":{"rendered":"<p>Artigo publicado em O Estado de S\u00e3o Paulo Em 2019, a ONU oficializou a data de 22 de abril como Dia Internacional da M\u00e3e Terra, ou Dia da Terra, mas sua origem remonta \u00e0 d\u00e9cada de 1970, a partir dos esfor\u00e7os do senador estadunidense Gaylord Nelson para conscientizar o pa\u00eds acerca da necessidade de promover [&hellip;]<\/p>\n","protected":false},"author":1,"featured_media":0,"comment_status":"open","ping_status":"closed","sticky":false,"template":"","format":"standard","meta":{"_acf_changed":false,"footnotes":""},"categories":[3],"tags":[166,158],"class_list":["post-2047","post","type-post","status-publish","format-standard","hentry","category-artigos","tag-dia-da-terra","tag-direito-ambiental"],"acf":[],"yoast_head":"<!-- This site is optimized with the Yoast SEO plugin v27.4 - https:\/\/yoast.com\/product\/yoast-seo-wordpress\/ -->\n<title>Reflex\u00f5es sobre o Dia da Terra | Wald Advogados<\/title>\n<meta name=\"robots\" content=\"index, follow, max-snippet:-1, max-image-preview:large, max-video-preview:-1\" \/>\n<link rel=\"canonical\" href=\"https:\/\/www.wald.com.br\/reflexoes-sobre-o-dia-da-terra\/\" \/>\n<meta property=\"og:locale\" content=\"en_US\" \/>\n<meta property=\"og:type\" content=\"article\" \/>\n<meta property=\"og:title\" content=\"Reflex\u00f5es sobre o Dia da Terra | Wald Advogados\" \/>\n<meta property=\"og:description\" content=\"Artigo publicado em O Estado de S\u00e3o Paulo Em 2019, a ONU oficializou a data de 22 de abril como Dia Internacional da M\u00e3e Terra, ou Dia da Terra, mas sua origem remonta \u00e0 d\u00e9cada de 1970, a partir dos esfor\u00e7os do senador estadunidense Gaylord Nelson para conscientizar o pa\u00eds acerca da necessidade de promover [&hellip;]\" \/>\n<meta property=\"og:url\" content=\"https:\/\/www.wald.com.br\/reflexoes-sobre-o-dia-da-terra\/\" \/>\n<meta property=\"og:site_name\" content=\"Wald Advogados\" \/>\n<meta property=\"article:published_time\" content=\"2023-04-24T12:04:39+00:00\" \/>\n<meta name=\"author\" content=\"waldadmin2020\" \/>\n<meta name=\"twitter:card\" content=\"summary_large_image\" \/>\n<meta name=\"twitter:creator\" content=\"@waldadmin2020\" \/>\n<meta name=\"twitter:label1\" content=\"Written by\" \/>\n\t<meta name=\"twitter:data1\" content=\"waldadmin2020\" \/>\n\t<meta name=\"twitter:label2\" content=\"Est. reading time\" \/>\n\t<meta name=\"twitter:data2\" content=\"5 minutes\" \/>\n<script type=\"application\/ld+json\" class=\"yoast-schema-graph\">{\"@context\":\"https:\\\/\\\/schema.org\",\"@graph\":[{\"@type\":\"Article\",\"@id\":\"https:\\\/\\\/www.wald.com.br\\\/reflexoes-sobre-o-dia-da-terra\\\/#article\",\"isPartOf\":{\"@id\":\"https:\\\/\\\/www.wald.com.br\\\/reflexoes-sobre-o-dia-da-terra\\\/\"},\"author\":{\"name\":\"waldadmin2020\",\"@id\":\"https:\\\/\\\/www.wald.com.br\\\/en\\\/#\\\/schema\\\/person\\\/63b1ba5d23c51fa9d050dd06ffd0e04a\"},\"headline\":\"Reflex\u00f5es sobre o Dia da Terra\",\"datePublished\":\"2023-04-24T12:04:39+00:00\",\"mainEntityOfPage\":{\"@id\":\"https:\\\/\\\/www.wald.com.br\\\/reflexoes-sobre-o-dia-da-terra\\\/\"},\"wordCount\":843,\"commentCount\":0,\"publisher\":{\"@id\":\"https:\\\/\\\/www.wald.com.br\\\/en\\\/#organization\"},\"keywords\":[\"Dia da Terra\",\"Direito Ambiental\"],\"articleSection\":[\"Articles\"],\"inLanguage\":\"en-US\",\"potentialAction\":[{\"@type\":\"CommentAction\",\"name\":\"Comment\",\"target\":[\"https:\\\/\\\/www.wald.com.br\\\/reflexoes-sobre-o-dia-da-terra\\\/#respond\"]}]},{\"@type\":\"WebPage\",\"@id\":\"https:\\\/\\\/www.wald.com.br\\\/reflexoes-sobre-o-dia-da-terra\\\/\",\"url\":\"https:\\\/\\\/www.wald.com.br\\\/reflexoes-sobre-o-dia-da-terra\\\/\",\"name\":\"Reflex\u00f5es sobre o Dia da Terra | Wald Advogados\",\"isPartOf\":{\"@id\":\"https:\\\/\\\/www.wald.com.br\\\/en\\\/#website\"},\"datePublished\":\"2023-04-24T12:04:39+00:00\",\"breadcrumb\":{\"@id\":\"https:\\\/\\\/www.wald.com.br\\\/reflexoes-sobre-o-dia-da-terra\\\/#breadcrumb\"},\"inLanguage\":\"en-US\",\"potentialAction\":[{\"@type\":\"ReadAction\",\"target\":[\"https:\\\/\\\/www.wald.com.br\\\/reflexoes-sobre-o-dia-da-terra\\\/\"]}]},{\"@type\":\"BreadcrumbList\",\"@id\":\"https:\\\/\\\/www.wald.com.br\\\/reflexoes-sobre-o-dia-da-terra\\\/#breadcrumb\",\"itemListElement\":[{\"@type\":\"ListItem\",\"position\":1,\"name\":\"In\u00edcio\",\"item\":\"https:\\\/\\\/www.wald.com.br\\\/\"},{\"@type\":\"ListItem\",\"position\":2,\"name\":\"Reflex\u00f5es sobre o Dia da Terra\"}]},{\"@type\":\"WebSite\",\"@id\":\"https:\\\/\\\/www.wald.com.br\\\/en\\\/#website\",\"url\":\"https:\\\/\\\/www.wald.com.br\\\/en\\\/\",\"name\":\"Wald Advogados\",\"description\":\"66 years of leading law practice\",\"publisher\":{\"@id\":\"https:\\\/\\\/www.wald.com.br\\\/en\\\/#organization\"},\"potentialAction\":[{\"@type\":\"SearchAction\",\"target\":{\"@type\":\"EntryPoint\",\"urlTemplate\":\"https:\\\/\\\/www.wald.com.br\\\/en\\\/?s={search_term_string}\"},\"query-input\":{\"@type\":\"PropertyValueSpecification\",\"valueRequired\":true,\"valueName\":\"search_term_string\"}}],\"inLanguage\":\"en-US\"},{\"@type\":\"Organization\",\"@id\":\"https:\\\/\\\/www.wald.com.br\\\/en\\\/#organization\",\"name\":\"Wald, Antunes, Vita, Longo e Blattner Advogados\",\"url\":\"https:\\\/\\\/www.wald.com.br\\\/en\\\/\",\"logo\":{\"@type\":\"ImageObject\",\"inLanguage\":\"en-US\",\"@id\":\"https:\\\/\\\/www.wald.com.br\\\/en\\\/#\\\/schema\\\/logo\\\/image\\\/\",\"url\":\"https:\\\/\\\/www.wald.com.br\\\/wp-content\\\/uploads\\\/2020\\\/02\\\/Logo_Wald.png\",\"contentUrl\":\"https:\\\/\\\/www.wald.com.br\\\/wp-content\\\/uploads\\\/2020\\\/02\\\/Logo_Wald.png\",\"width\":5260,\"height\":2565,\"caption\":\"Wald, Antunes, Vita, Longo e Blattner Advogados\"},\"image\":{\"@id\":\"https:\\\/\\\/www.wald.com.br\\\/en\\\/#\\\/schema\\\/logo\\\/image\\\/\"},\"sameAs\":[\"https:\\\/\\\/www.linkedin.com\\\/company\\\/wald\"]},{\"@type\":\"Person\",\"@id\":\"https:\\\/\\\/www.wald.com.br\\\/en\\\/#\\\/schema\\\/person\\\/63b1ba5d23c51fa9d050dd06ffd0e04a\",\"name\":\"waldadmin2020\",\"image\":{\"@type\":\"ImageObject\",\"inLanguage\":\"en-US\",\"@id\":\"https:\\\/\\\/secure.gravatar.com\\\/avatar\\\/a71cf721eb306cd72432a33f9852249bbdb558baa0f55419ddb257983362db55?s=96&d=mm&r=g\",\"url\":\"https:\\\/\\\/secure.gravatar.com\\\/avatar\\\/a71cf721eb306cd72432a33f9852249bbdb558baa0f55419ddb257983362db55?s=96&d=mm&r=g\",\"contentUrl\":\"https:\\\/\\\/secure.gravatar.com\\\/avatar\\\/a71cf721eb306cd72432a33f9852249bbdb558baa0f55419ddb257983362db55?s=96&d=mm&r=g\",\"caption\":\"waldadmin2020\"},\"sameAs\":[\"https:\\\/\\\/x.com\\\/waldadmin2020\"],\"url\":\"https:\\\/\\\/www.wald.com.br\\\/en\\\/author\\\/waldadmin2020\\\/\"}]}<\/script>\n<!-- \/ Yoast SEO plugin. -->","yoast_head_json":{"title":"Reflex\u00f5es sobre o Dia da Terra | Wald Advogados","robots":{"index":"index","follow":"follow","max-snippet":"max-snippet:-1","max-image-preview":"max-image-preview:large","max-video-preview":"max-video-preview:-1"},"canonical":"https:\/\/www.wald.com.br\/reflexoes-sobre-o-dia-da-terra\/","og_locale":"en_US","og_type":"article","og_title":"Reflex\u00f5es sobre o Dia da Terra | Wald Advogados","og_description":"Artigo publicado em O Estado de S\u00e3o Paulo Em 2019, a ONU oficializou a data de 22 de abril como Dia Internacional da M\u00e3e Terra, ou Dia da Terra, mas sua origem remonta \u00e0 d\u00e9cada de 1970, a partir dos esfor\u00e7os do senador estadunidense Gaylord Nelson para conscientizar o pa\u00eds acerca da necessidade de promover [&hellip;]","og_url":"https:\/\/www.wald.com.br\/reflexoes-sobre-o-dia-da-terra\/","og_site_name":"Wald Advogados","article_published_time":"2023-04-24T12:04:39+00:00","author":"waldadmin2020","twitter_card":"summary_large_image","twitter_creator":"@waldadmin2020","twitter_misc":{"Written by":"waldadmin2020","Est. reading time":"5 minutes"},"schema":{"@context":"https:\/\/schema.org","@graph":[{"@type":"Article","@id":"https:\/\/www.wald.com.br\/reflexoes-sobre-o-dia-da-terra\/#article","isPartOf":{"@id":"https:\/\/www.wald.com.br\/reflexoes-sobre-o-dia-da-terra\/"},"author":{"name":"waldadmin2020","@id":"https:\/\/www.wald.com.br\/en\/#\/schema\/person\/63b1ba5d23c51fa9d050dd06ffd0e04a"},"headline":"Reflex\u00f5es sobre o Dia da Terra","datePublished":"2023-04-24T12:04:39+00:00","mainEntityOfPage":{"@id":"https:\/\/www.wald.com.br\/reflexoes-sobre-o-dia-da-terra\/"},"wordCount":843,"commentCount":0,"publisher":{"@id":"https:\/\/www.wald.com.br\/en\/#organization"},"keywords":["Dia da Terra","Direito Ambiental"],"articleSection":["Articles"],"inLanguage":"en-US","potentialAction":[{"@type":"CommentAction","name":"Comment","target":["https:\/\/www.wald.com.br\/reflexoes-sobre-o-dia-da-terra\/#respond"]}]},{"@type":"WebPage","@id":"https:\/\/www.wald.com.br\/reflexoes-sobre-o-dia-da-terra\/","url":"https:\/\/www.wald.com.br\/reflexoes-sobre-o-dia-da-terra\/","name":"Reflex\u00f5es sobre o Dia da Terra | Wald Advogados","isPartOf":{"@id":"https:\/\/www.wald.com.br\/en\/#website"},"datePublished":"2023-04-24T12:04:39+00:00","breadcrumb":{"@id":"https:\/\/www.wald.com.br\/reflexoes-sobre-o-dia-da-terra\/#breadcrumb"},"inLanguage":"en-US","potentialAction":[{"@type":"ReadAction","target":["https:\/\/www.wald.com.br\/reflexoes-sobre-o-dia-da-terra\/"]}]},{"@type":"BreadcrumbList","@id":"https:\/\/www.wald.com.br\/reflexoes-sobre-o-dia-da-terra\/#breadcrumb","itemListElement":[{"@type":"ListItem","position":1,"name":"In\u00edcio","item":"https:\/\/www.wald.com.br\/"},{"@type":"ListItem","position":2,"name":"Reflex\u00f5es sobre o Dia da Terra"}]},{"@type":"WebSite","@id":"https:\/\/www.wald.com.br\/en\/#website","url":"https:\/\/www.wald.com.br\/en\/","name":"Wald Advogados","description":"66 years of leading law practice","publisher":{"@id":"https:\/\/www.wald.com.br\/en\/#organization"},"potentialAction":[{"@type":"SearchAction","target":{"@type":"EntryPoint","urlTemplate":"https:\/\/www.wald.com.br\/en\/?s={search_term_string}"},"query-input":{"@type":"PropertyValueSpecification","valueRequired":true,"valueName":"search_term_string"}}],"inLanguage":"en-US"},{"@type":"Organization","@id":"https:\/\/www.wald.com.br\/en\/#organization","name":"Wald, Antunes, Vita, Longo e Blattner Advogados","url":"https:\/\/www.wald.com.br\/en\/","logo":{"@type":"ImageObject","inLanguage":"en-US","@id":"https:\/\/www.wald.com.br\/en\/#\/schema\/logo\/image\/","url":"https:\/\/www.wald.com.br\/wp-content\/uploads\/2020\/02\/Logo_Wald.png","contentUrl":"https:\/\/www.wald.com.br\/wp-content\/uploads\/2020\/02\/Logo_Wald.png","width":5260,"height":2565,"caption":"Wald, Antunes, Vita, Longo e Blattner Advogados"},"image":{"@id":"https:\/\/www.wald.com.br\/en\/#\/schema\/logo\/image\/"},"sameAs":["https:\/\/www.linkedin.com\/company\/wald"]},{"@type":"Person","@id":"https:\/\/www.wald.com.br\/en\/#\/schema\/person\/63b1ba5d23c51fa9d050dd06ffd0e04a","name":"waldadmin2020","image":{"@type":"ImageObject","inLanguage":"en-US","@id":"https:\/\/secure.gravatar.com\/avatar\/a71cf721eb306cd72432a33f9852249bbdb558baa0f55419ddb257983362db55?s=96&d=mm&r=g","url":"https:\/\/secure.gravatar.com\/avatar\/a71cf721eb306cd72432a33f9852249bbdb558baa0f55419ddb257983362db55?s=96&d=mm&r=g","contentUrl":"https:\/\/secure.gravatar.com\/avatar\/a71cf721eb306cd72432a33f9852249bbdb558baa0f55419ddb257983362db55?s=96&d=mm&r=g","caption":"waldadmin2020"},"sameAs":["https:\/\/x.com\/waldadmin2020"],"url":"https:\/\/www.wald.com.br\/en\/author\/waldadmin2020\/"}]}},"_links":{"self":[{"href":"https:\/\/www.wald.com.br\/en\/wp-json\/wp\/v2\/posts\/2047","targetHints":{"allow":["GET"]}}],"collection":[{"href":"https:\/\/www.wald.com.br\/en\/wp-json\/wp\/v2\/posts"}],"about":[{"href":"https:\/\/www.wald.com.br\/en\/wp-json\/wp\/v2\/types\/post"}],"author":[{"embeddable":true,"href":"https:\/\/www.wald.com.br\/en\/wp-json\/wp\/v2\/users\/1"}],"replies":[{"embeddable":true,"href":"https:\/\/www.wald.com.br\/en\/wp-json\/wp\/v2\/comments?post=2047"}],"version-history":[{"count":2,"href":"https:\/\/www.wald.com.br\/en\/wp-json\/wp\/v2\/posts\/2047\/revisions"}],"predecessor-version":[{"id":2051,"href":"https:\/\/www.wald.com.br\/en\/wp-json\/wp\/v2\/posts\/2047\/revisions\/2051"}],"wp:attachment":[{"href":"https:\/\/www.wald.com.br\/en\/wp-json\/wp\/v2\/media?parent=2047"}],"wp:term":[{"taxonomy":"category","embeddable":true,"href":"https:\/\/www.wald.com.br\/en\/wp-json\/wp\/v2\/categories?post=2047"},{"taxonomy":"post_tag","embeddable":true,"href":"https:\/\/www.wald.com.br\/en\/wp-json\/wp\/v2\/tags?post=2047"}],"curies":[{"name":"wp","href":"https:\/\/api.w.org\/{rel}","templated":true}]}}