{"id":2070,"date":"2023-05-22T18:41:42","date_gmt":"2023-05-22T21:41:42","guid":{"rendered":"https:\/\/www.wald.com.br\/?p=2070"},"modified":"2023-05-22T18:41:42","modified_gmt":"2023-05-22T21:41:42","slug":"o-papel-do-stf-na-regulacao-das-plataformas-digitais","status":"publish","type":"post","link":"https:\/\/www.wald.com.br\/en\/o-papel-do-stf-na-regulacao-das-plataformas-digitais\/","title":{"rendered":"O papel do STF na regula\u00e7\u00e3o das plataformas digitais"},"content":{"rendered":"<p>O ambiente de polariza\u00e7\u00e3o que h\u00e1 anos predomina no debate p\u00fablico tem impedido a forma\u00e7\u00e3o de consensos imprescind\u00edveis para o desenvolvimento social e econ\u00f4mico do Brasil. Mais uma vez, estamos \u00e0s voltas com uma discuss\u00e3o que &#8211; se n\u00e3o conduzida na dire\u00e7\u00e3o do entendimento &#8211; prejudicar\u00e1 a todos, indistintamente: a regula\u00e7\u00e3o das plataformas digitais.<\/p>\n<p>Nessa conjuntura, \u00e9 essencial que as autoridades, ante a reg\u00eancia do Supremo Tribunal Federal (STF), encontrem uma via de equil\u00edbrio e pondera\u00e7\u00e3o. A equa\u00e7\u00e3o \u00e9 complexa &#8211; e a solu\u00e7\u00e3o n\u00e3o poder\u00e1 ser imposta (sob pena de, ao final, percebermos um saldo negativo).<\/p>\n<p>No Congresso Nacional, a querela persiste: \u00e0 inten\u00e7\u00e3o inicial do governo de aprovar o projeto de lei 2630\/2020 em regime de urg\u00eancia contrap\u00f4s-se a disposi\u00e7\u00e3o da oposi\u00e7\u00e3o de n\u00e3o negociar nada. Tudo isso mesclado \u00e0 press\u00e3o das big techs, que n\u00e3o abdicaram de seu poder de comunica\u00e7\u00e3o para combater a proposta.<\/p>\n<p>Aqueles que querem enfrentar as &#8220;fake news&#8221; se chocam com quem se diz contr\u00e1rio \u00e0 &#8220;censura&#8221;, em um cen\u00e1rio que turva o cerne da quest\u00e3o &#8211; como assegurar a prote\u00e7\u00e3o do usu\u00e1rio enquanto se preserva a liberdade de express\u00e3o?<\/p>\n<p>O STF j\u00e1 est\u00e1 analisando a\u00e7\u00f5es relacionadas ao tema &#8211; referentes, entre outros pontos, \u00e0 modera\u00e7\u00e3o de conte\u00fados, \u00e0 possibilidade de suspens\u00e3o de aplicativos por determina\u00e7\u00f5es judiciais e \u00e0 constitucionalidade do artigo 19 do Marco Civil da Internet (que obriga os provedores a removerem postagens apenas ap\u00f3s senten\u00e7a do Judici\u00e1rio).<\/p>\n<p>Ao mesmo tempo, a Corte abriu um inqu\u00e9rito para investigar a atua\u00e7\u00e3o de diretores do Google e do Telegram &#8211; acusados de realizar uma campanha ostensiva contra o projeto de lei 2630\/2020, com vistas a resguardar seus pr\u00f3prios interesses.<\/p>\n<p>O STF tem cumprido com rigor suas incumbencias com a Constitui\u00e7\u00e3o e o Estado Democr\u00e1tico de Direito ao tomar importantes decis\u00f5es que balizam o conflito entre direitos e deveres. Neste momento em que a controv\u00e9rsia atinge propor\u00e7\u00f5es cr\u00edticas, \u00e9 salutar que o Tribunal coordene um movimento que culmine na constru\u00e7\u00e3o de uma sa\u00edda intermedi\u00e1ria &#8211; apta a fechar as portas para as pr\u00e1ticas il\u00edcitas ao passo em que salvaguarda as garantias dos cidad\u00e3os.<\/p>\n<p>Em epis\u00f3dios recentes, o STF executou, com sucesso, semelhante papel &#8211; como no caso do acordo que permitiu, na ADPF 165, o pagamento de diferen\u00e7as de perdas inflacion\u00e1rias decorrentes dos planos Bresser, Ver\u00e3o e Collor II. Podemos citar, ainda, o acordo homologado entre Uni\u00e3o, Estados e Distrito Federal no tocante ao ICMS dos combust\u00edveis &#8211; firmado por interm\u00e9dio de comiss\u00e3o especial criada pelo ministro Gilmar Mendes no \u00e2mbito da ADI 7191 e da ADPF 984.<\/p>\n<p>Agora, o que est\u00e1 em jogo \u00e9 a sobreposi\u00e7\u00e3o da liberdade de express\u00e3o e da privacidade, no contexto do crescimento da desinforma\u00e7\u00e3o, em que as tecnologias evoluem e inovam de modo muito r\u00e1pido. Esta \u00e9 a hora da defini\u00e7\u00e3o de limites, pois a livre manifesta\u00e7\u00e3o do pensamento n\u00e3o contempla a incita\u00e7\u00e3o ao crime ou agress\u00f5es \u00e0 democracia (cuja consequ\u00eancia nefasta foi verificada no dia 8 de janeiro).<\/p>\n<p>Publicado em <a href=\"https:\/\/www.estadao.com.br\/politica\/blog-do-fausto-macedo\/o-papel-do-stf-na-regulacao-das-plataformas-digitais\/\" target=\"_blank\" rel=\"noopener\">O Estado de S\u00e3o Paulo<\/a>.<\/p>\n","protected":false},"excerpt":{"rendered":"<p>O ambiente de polariza\u00e7\u00e3o que h\u00e1 anos predomina no debate p\u00fablico tem impedido a forma\u00e7\u00e3o de consensos imprescind\u00edveis para o desenvolvimento social e econ\u00f4mico do Brasil. Mais uma vez, estamos \u00e0s voltas com uma discuss\u00e3o que &#8211; se n\u00e3o conduzida na dire\u00e7\u00e3o do entendimento &#8211; prejudicar\u00e1 a todos, indistintamente: a regula\u00e7\u00e3o das plataformas digitais. Nessa [&hellip;]<\/p>\n","protected":false},"author":1,"featured_media":0,"comment_status":"open","ping_status":"closed","sticky":false,"template":"","format":"standard","meta":{"_acf_changed":false,"footnotes":""},"categories":[3],"tags":[172,171,56],"class_list":["post-2070","post","type-post","status-publish","format-standard","hentry","category-artigos","tag-fake-news","tag-plataformas-digitais","tag-stf"],"acf":[],"yoast_head":"<!-- This site is optimized with the Yoast SEO plugin v27.4 - https:\/\/yoast.com\/product\/yoast-seo-wordpress\/ -->\n<title>O papel do STF na regula\u00e7\u00e3o das plataformas digitais | Wald Advogados<\/title>\n<meta name=\"robots\" content=\"index, follow, max-snippet:-1, max-image-preview:large, max-video-preview:-1\" \/>\n<link rel=\"canonical\" href=\"https:\/\/www.wald.com.br\/o-papel-do-stf-na-regulacao-das-plataformas-digitais\/\" \/>\n<meta property=\"og:locale\" content=\"en_US\" \/>\n<meta property=\"og:type\" content=\"article\" \/>\n<meta property=\"og:title\" content=\"O papel do STF na regula\u00e7\u00e3o das plataformas digitais | Wald Advogados\" \/>\n<meta property=\"og:description\" content=\"O ambiente de polariza\u00e7\u00e3o que h\u00e1 anos predomina no debate p\u00fablico tem impedido a forma\u00e7\u00e3o de consensos imprescind\u00edveis para o desenvolvimento social e econ\u00f4mico do Brasil. Mais uma vez, estamos \u00e0s voltas com uma discuss\u00e3o que &#8211; se n\u00e3o conduzida na dire\u00e7\u00e3o do entendimento &#8211; prejudicar\u00e1 a todos, indistintamente: a regula\u00e7\u00e3o das plataformas digitais. Nessa [&hellip;]\" \/>\n<meta property=\"og:url\" content=\"https:\/\/www.wald.com.br\/o-papel-do-stf-na-regulacao-das-plataformas-digitais\/\" \/>\n<meta property=\"og:site_name\" content=\"Wald Advogados\" \/>\n<meta property=\"article:published_time\" content=\"2023-05-22T21:41:42+00:00\" \/>\n<meta name=\"author\" content=\"waldadmin2020\" \/>\n<meta name=\"twitter:card\" content=\"summary_large_image\" \/>\n<meta name=\"twitter:creator\" content=\"@waldadmin2020\" \/>\n<meta name=\"twitter:label1\" content=\"Written by\" \/>\n\t<meta name=\"twitter:data1\" content=\"waldadmin2020\" \/>\n\t<meta name=\"twitter:label2\" content=\"Est. reading time\" \/>\n\t<meta name=\"twitter:data2\" content=\"3 minutes\" \/>\n<script type=\"application\/ld+json\" class=\"yoast-schema-graph\">{\"@context\":\"https:\\\/\\\/schema.org\",\"@graph\":[{\"@type\":\"Article\",\"@id\":\"https:\\\/\\\/www.wald.com.br\\\/o-papel-do-stf-na-regulacao-das-plataformas-digitais\\\/#article\",\"isPartOf\":{\"@id\":\"https:\\\/\\\/www.wald.com.br\\\/o-papel-do-stf-na-regulacao-das-plataformas-digitais\\\/\"},\"author\":{\"name\":\"waldadmin2020\",\"@id\":\"https:\\\/\\\/www.wald.com.br\\\/en\\\/#\\\/schema\\\/person\\\/63b1ba5d23c51fa9d050dd06ffd0e04a\"},\"headline\":\"O papel do STF na regula\u00e7\u00e3o das plataformas digitais\",\"datePublished\":\"2023-05-22T21:41:42+00:00\",\"mainEntityOfPage\":{\"@id\":\"https:\\\/\\\/www.wald.com.br\\\/o-papel-do-stf-na-regulacao-das-plataformas-digitais\\\/\"},\"wordCount\":561,\"commentCount\":0,\"publisher\":{\"@id\":\"https:\\\/\\\/www.wald.com.br\\\/en\\\/#organization\"},\"keywords\":[\"Fake news\",\"Plataformas digitais\",\"STF\"],\"articleSection\":[\"Articles\"],\"inLanguage\":\"en-US\",\"potentialAction\":[{\"@type\":\"CommentAction\",\"name\":\"Comment\",\"target\":[\"https:\\\/\\\/www.wald.com.br\\\/o-papel-do-stf-na-regulacao-das-plataformas-digitais\\\/#respond\"]}]},{\"@type\":\"WebPage\",\"@id\":\"https:\\\/\\\/www.wald.com.br\\\/o-papel-do-stf-na-regulacao-das-plataformas-digitais\\\/\",\"url\":\"https:\\\/\\\/www.wald.com.br\\\/o-papel-do-stf-na-regulacao-das-plataformas-digitais\\\/\",\"name\":\"O papel do STF na regula\u00e7\u00e3o das plataformas digitais | Wald Advogados\",\"isPartOf\":{\"@id\":\"https:\\\/\\\/www.wald.com.br\\\/en\\\/#website\"},\"datePublished\":\"2023-05-22T21:41:42+00:00\",\"breadcrumb\":{\"@id\":\"https:\\\/\\\/www.wald.com.br\\\/o-papel-do-stf-na-regulacao-das-plataformas-digitais\\\/#breadcrumb\"},\"inLanguage\":\"en-US\",\"potentialAction\":[{\"@type\":\"ReadAction\",\"target\":[\"https:\\\/\\\/www.wald.com.br\\\/o-papel-do-stf-na-regulacao-das-plataformas-digitais\\\/\"]}]},{\"@type\":\"BreadcrumbList\",\"@id\":\"https:\\\/\\\/www.wald.com.br\\\/o-papel-do-stf-na-regulacao-das-plataformas-digitais\\\/#breadcrumb\",\"itemListElement\":[{\"@type\":\"ListItem\",\"position\":1,\"name\":\"In\u00edcio\",\"item\":\"https:\\\/\\\/www.wald.com.br\\\/\"},{\"@type\":\"ListItem\",\"position\":2,\"name\":\"O papel do STF na regula\u00e7\u00e3o das plataformas digitais\"}]},{\"@type\":\"WebSite\",\"@id\":\"https:\\\/\\\/www.wald.com.br\\\/en\\\/#website\",\"url\":\"https:\\\/\\\/www.wald.com.br\\\/en\\\/\",\"name\":\"Wald Advogados\",\"description\":\"66 years of leading law practice\",\"publisher\":{\"@id\":\"https:\\\/\\\/www.wald.com.br\\\/en\\\/#organization\"},\"potentialAction\":[{\"@type\":\"SearchAction\",\"target\":{\"@type\":\"EntryPoint\",\"urlTemplate\":\"https:\\\/\\\/www.wald.com.br\\\/en\\\/?s={search_term_string}\"},\"query-input\":{\"@type\":\"PropertyValueSpecification\",\"valueRequired\":true,\"valueName\":\"search_term_string\"}}],\"inLanguage\":\"en-US\"},{\"@type\":\"Organization\",\"@id\":\"https:\\\/\\\/www.wald.com.br\\\/en\\\/#organization\",\"name\":\"Wald, Antunes, Vita, Longo e Blattner Advogados\",\"url\":\"https:\\\/\\\/www.wald.com.br\\\/en\\\/\",\"logo\":{\"@type\":\"ImageObject\",\"inLanguage\":\"en-US\",\"@id\":\"https:\\\/\\\/www.wald.com.br\\\/en\\\/#\\\/schema\\\/logo\\\/image\\\/\",\"url\":\"https:\\\/\\\/www.wald.com.br\\\/wp-content\\\/uploads\\\/2020\\\/02\\\/Logo_Wald.png\",\"contentUrl\":\"https:\\\/\\\/www.wald.com.br\\\/wp-content\\\/uploads\\\/2020\\\/02\\\/Logo_Wald.png\",\"width\":5260,\"height\":2565,\"caption\":\"Wald, Antunes, Vita, Longo e Blattner Advogados\"},\"image\":{\"@id\":\"https:\\\/\\\/www.wald.com.br\\\/en\\\/#\\\/schema\\\/logo\\\/image\\\/\"},\"sameAs\":[\"https:\\\/\\\/www.linkedin.com\\\/company\\\/wald\"]},{\"@type\":\"Person\",\"@id\":\"https:\\\/\\\/www.wald.com.br\\\/en\\\/#\\\/schema\\\/person\\\/63b1ba5d23c51fa9d050dd06ffd0e04a\",\"name\":\"waldadmin2020\",\"image\":{\"@type\":\"ImageObject\",\"inLanguage\":\"en-US\",\"@id\":\"https:\\\/\\\/secure.gravatar.com\\\/avatar\\\/a71cf721eb306cd72432a33f9852249bbdb558baa0f55419ddb257983362db55?s=96&d=mm&r=g\",\"url\":\"https:\\\/\\\/secure.gravatar.com\\\/avatar\\\/a71cf721eb306cd72432a33f9852249bbdb558baa0f55419ddb257983362db55?s=96&d=mm&r=g\",\"contentUrl\":\"https:\\\/\\\/secure.gravatar.com\\\/avatar\\\/a71cf721eb306cd72432a33f9852249bbdb558baa0f55419ddb257983362db55?s=96&d=mm&r=g\",\"caption\":\"waldadmin2020\"},\"sameAs\":[\"https:\\\/\\\/x.com\\\/waldadmin2020\"],\"url\":\"https:\\\/\\\/www.wald.com.br\\\/en\\\/author\\\/waldadmin2020\\\/\"}]}<\/script>\n<!-- \/ Yoast SEO plugin. -->","yoast_head_json":{"title":"O papel do STF na regula\u00e7\u00e3o das plataformas digitais | Wald Advogados","robots":{"index":"index","follow":"follow","max-snippet":"max-snippet:-1","max-image-preview":"max-image-preview:large","max-video-preview":"max-video-preview:-1"},"canonical":"https:\/\/www.wald.com.br\/o-papel-do-stf-na-regulacao-das-plataformas-digitais\/","og_locale":"en_US","og_type":"article","og_title":"O papel do STF na regula\u00e7\u00e3o das plataformas digitais | Wald Advogados","og_description":"O ambiente de polariza\u00e7\u00e3o que h\u00e1 anos predomina no debate p\u00fablico tem impedido a forma\u00e7\u00e3o de consensos imprescind\u00edveis para o desenvolvimento social e econ\u00f4mico do Brasil. Mais uma vez, estamos \u00e0s voltas com uma discuss\u00e3o que &#8211; se n\u00e3o conduzida na dire\u00e7\u00e3o do entendimento &#8211; prejudicar\u00e1 a todos, indistintamente: a regula\u00e7\u00e3o das plataformas digitais. Nessa [&hellip;]","og_url":"https:\/\/www.wald.com.br\/o-papel-do-stf-na-regulacao-das-plataformas-digitais\/","og_site_name":"Wald Advogados","article_published_time":"2023-05-22T21:41:42+00:00","author":"waldadmin2020","twitter_card":"summary_large_image","twitter_creator":"@waldadmin2020","twitter_misc":{"Written by":"waldadmin2020","Est. reading time":"3 minutes"},"schema":{"@context":"https:\/\/schema.org","@graph":[{"@type":"Article","@id":"https:\/\/www.wald.com.br\/o-papel-do-stf-na-regulacao-das-plataformas-digitais\/#article","isPartOf":{"@id":"https:\/\/www.wald.com.br\/o-papel-do-stf-na-regulacao-das-plataformas-digitais\/"},"author":{"name":"waldadmin2020","@id":"https:\/\/www.wald.com.br\/en\/#\/schema\/person\/63b1ba5d23c51fa9d050dd06ffd0e04a"},"headline":"O papel do STF na regula\u00e7\u00e3o das plataformas digitais","datePublished":"2023-05-22T21:41:42+00:00","mainEntityOfPage":{"@id":"https:\/\/www.wald.com.br\/o-papel-do-stf-na-regulacao-das-plataformas-digitais\/"},"wordCount":561,"commentCount":0,"publisher":{"@id":"https:\/\/www.wald.com.br\/en\/#organization"},"keywords":["Fake news","Plataformas digitais","STF"],"articleSection":["Articles"],"inLanguage":"en-US","potentialAction":[{"@type":"CommentAction","name":"Comment","target":["https:\/\/www.wald.com.br\/o-papel-do-stf-na-regulacao-das-plataformas-digitais\/#respond"]}]},{"@type":"WebPage","@id":"https:\/\/www.wald.com.br\/o-papel-do-stf-na-regulacao-das-plataformas-digitais\/","url":"https:\/\/www.wald.com.br\/o-papel-do-stf-na-regulacao-das-plataformas-digitais\/","name":"O papel do STF na regula\u00e7\u00e3o das plataformas digitais | Wald Advogados","isPartOf":{"@id":"https:\/\/www.wald.com.br\/en\/#website"},"datePublished":"2023-05-22T21:41:42+00:00","breadcrumb":{"@id":"https:\/\/www.wald.com.br\/o-papel-do-stf-na-regulacao-das-plataformas-digitais\/#breadcrumb"},"inLanguage":"en-US","potentialAction":[{"@type":"ReadAction","target":["https:\/\/www.wald.com.br\/o-papel-do-stf-na-regulacao-das-plataformas-digitais\/"]}]},{"@type":"BreadcrumbList","@id":"https:\/\/www.wald.com.br\/o-papel-do-stf-na-regulacao-das-plataformas-digitais\/#breadcrumb","itemListElement":[{"@type":"ListItem","position":1,"name":"In\u00edcio","item":"https:\/\/www.wald.com.br\/"},{"@type":"ListItem","position":2,"name":"O papel do STF na regula\u00e7\u00e3o das plataformas digitais"}]},{"@type":"WebSite","@id":"https:\/\/www.wald.com.br\/en\/#website","url":"https:\/\/www.wald.com.br\/en\/","name":"Wald Advogados","description":"66 years of leading law practice","publisher":{"@id":"https:\/\/www.wald.com.br\/en\/#organization"},"potentialAction":[{"@type":"SearchAction","target":{"@type":"EntryPoint","urlTemplate":"https:\/\/www.wald.com.br\/en\/?s={search_term_string}"},"query-input":{"@type":"PropertyValueSpecification","valueRequired":true,"valueName":"search_term_string"}}],"inLanguage":"en-US"},{"@type":"Organization","@id":"https:\/\/www.wald.com.br\/en\/#organization","name":"Wald, Antunes, Vita, Longo e Blattner Advogados","url":"https:\/\/www.wald.com.br\/en\/","logo":{"@type":"ImageObject","inLanguage":"en-US","@id":"https:\/\/www.wald.com.br\/en\/#\/schema\/logo\/image\/","url":"https:\/\/www.wald.com.br\/wp-content\/uploads\/2020\/02\/Logo_Wald.png","contentUrl":"https:\/\/www.wald.com.br\/wp-content\/uploads\/2020\/02\/Logo_Wald.png","width":5260,"height":2565,"caption":"Wald, Antunes, Vita, Longo e Blattner Advogados"},"image":{"@id":"https:\/\/www.wald.com.br\/en\/#\/schema\/logo\/image\/"},"sameAs":["https:\/\/www.linkedin.com\/company\/wald"]},{"@type":"Person","@id":"https:\/\/www.wald.com.br\/en\/#\/schema\/person\/63b1ba5d23c51fa9d050dd06ffd0e04a","name":"waldadmin2020","image":{"@type":"ImageObject","inLanguage":"en-US","@id":"https:\/\/secure.gravatar.com\/avatar\/a71cf721eb306cd72432a33f9852249bbdb558baa0f55419ddb257983362db55?s=96&d=mm&r=g","url":"https:\/\/secure.gravatar.com\/avatar\/a71cf721eb306cd72432a33f9852249bbdb558baa0f55419ddb257983362db55?s=96&d=mm&r=g","contentUrl":"https:\/\/secure.gravatar.com\/avatar\/a71cf721eb306cd72432a33f9852249bbdb558baa0f55419ddb257983362db55?s=96&d=mm&r=g","caption":"waldadmin2020"},"sameAs":["https:\/\/x.com\/waldadmin2020"],"url":"https:\/\/www.wald.com.br\/en\/author\/waldadmin2020\/"}]}},"_links":{"self":[{"href":"https:\/\/www.wald.com.br\/en\/wp-json\/wp\/v2\/posts\/2070","targetHints":{"allow":["GET"]}}],"collection":[{"href":"https:\/\/www.wald.com.br\/en\/wp-json\/wp\/v2\/posts"}],"about":[{"href":"https:\/\/www.wald.com.br\/en\/wp-json\/wp\/v2\/types\/post"}],"author":[{"embeddable":true,"href":"https:\/\/www.wald.com.br\/en\/wp-json\/wp\/v2\/users\/1"}],"replies":[{"embeddable":true,"href":"https:\/\/www.wald.com.br\/en\/wp-json\/wp\/v2\/comments?post=2070"}],"version-history":[{"count":1,"href":"https:\/\/www.wald.com.br\/en\/wp-json\/wp\/v2\/posts\/2070\/revisions"}],"predecessor-version":[{"id":2071,"href":"https:\/\/www.wald.com.br\/en\/wp-json\/wp\/v2\/posts\/2070\/revisions\/2071"}],"wp:attachment":[{"href":"https:\/\/www.wald.com.br\/en\/wp-json\/wp\/v2\/media?parent=2070"}],"wp:term":[{"taxonomy":"category","embeddable":true,"href":"https:\/\/www.wald.com.br\/en\/wp-json\/wp\/v2\/categories?post=2070"},{"taxonomy":"post_tag","embeddable":true,"href":"https:\/\/www.wald.com.br\/en\/wp-json\/wp\/v2\/tags?post=2070"}],"curies":[{"name":"wp","href":"https:\/\/api.w.org\/{rel}","templated":true}]}}