{"id":2094,"date":"2023-07-26T10:30:57","date_gmt":"2023-07-26T13:30:57","guid":{"rendered":"https:\/\/www.wald.com.br\/?p=2094"},"modified":"2023-07-26T10:30:57","modified_gmt":"2023-07-26T13:30:57","slug":"bernardo-freire-comenta-nova-taxacao-das-apostas-esportivas-para-o-estadao","status":"publish","type":"post","link":"https:\/\/www.wald.com.br\/en\/bernardo-freire-comenta-nova-taxacao-das-apostas-esportivas-para-o-estadao\/","title":{"rendered":"Adriana Conrado Zamponi comenta decis\u00e3o que manteve fal\u00eancia da Livraria Cultura"},"content":{"rendered":"<p><\/p>\n<p><strong>Livraria Cultura: Justi\u00e7a nega recurso e mant\u00e9m fal\u00eancia<\/strong><\/p>\n<p>Publicado em <a href=\"https:\/\/www.estadao.com.br\/economia\/negocios\/livraria-cultura-justica-nega-recurso-e-mantem-falencia\/\" target=\"_blank\" rel=\"noopener\">O Estado de S\u00e3o Paulo<\/a><\/p>\n<p>A Justi\u00e7a negou o recurso e manteve a decis\u00e3o de fal\u00eancia da Livraria Cultura. No processo, o motivo apontado para a decis\u00e3o foi \u201cdescumprimento generalizado do plano de recupera\u00e7\u00e3o\u201d. A massa falida ser\u00e1 administrada pela Laspro Consultores.<\/p>\n<p>\u201cO cr\u00e9dito trabalhista n\u00e3o foi quitado na integralidade; a agravante chegou a celebrar acordo com 8 trabalhadores, mas que ainda n\u00e3o foram homologados pelo ju\u00edzo; \u00e9 question\u00e1vel a legitimidade desses acordos trabalhistas; integralmente suas obriga\u00e7\u00f5es, remanescendo o inadimplemento de R$171.146,40\u201d, de acordo com a decis\u00e3o judicial.<\/p>\n<p>No documento, o administrador judicial diz ainda que a empresa deve R$ 2 milh\u00f5es ao Banco do Brasil. A decis\u00e3o diz que a Livraria Cultura tem d\u00edvida de R$ 1,67 milh\u00e3o e n\u00e3o h\u00e1 qualquer perspectiva quanto \u00e0 possibilidade de pagamento.<\/p>\n<p>Em fevereiro, a Livraria Cultura teve a fal\u00eancia decretada e suspensa em um intervalo de uma semana. \u00c0 \u00e9poca, o juiz Ralpho Waldo de Barros Monteiro Filho alegou como motivo da fal\u00eancia o descumprimento do plano de recupera\u00e7\u00e3o judicial. A unidade do Conjunto Nacional, na Avenida Paulista, \u00fanica na cidade, come\u00e7ou a esvaziar as prateleiras para devolver livros e outros produtos para as editoras e fornecedores.<\/p>\n<p>Segundo especialistas ouvidos pelo Estad\u00e3o, a Livraria Cultura dava sinais de que n\u00e3o conseguiria honrar os pagamentos previstos no plano de recupera\u00e7\u00e3o judicial desde 2019. A empresa apontou a queda de vendas de livros e a crise econ\u00f4mica brasileira desde 2014 como os motivos que selaram seu destino. No pedido de recupera\u00e7\u00e3o judicial, a empresa declarou ter R$ 285,4 milh\u00f5es em d\u00edvidas.<\/p>\n<p>Ap\u00f3s a decis\u00e3o de fal\u00eancia, a companhia ter\u00e1 dois dias para identificar e avaliar seus bens. Podem ser vendidos im\u00f3veis, estoque e at\u00e9 sua marca. Procurada, a Livraria Cultura n\u00e3o retornou o contato da reportagem.<\/p>\n<p><strong>H\u00e1 salva\u00e7\u00e3o?<\/strong><\/p>\n<p>Na vis\u00e3o de <strong>Adriana Conrado Zamponi, s\u00f3cia de Wald, Antunes, Vita e Blattner Advogados<\/strong>, o caso da Livraria Cultura tem poucas chances de ser revertido, uma vez que as viola\u00e7\u00f5es do acordo de recupera\u00e7\u00e3o judicial foram frequentes. A inadimpl\u00eancia de passivos trabalhistas, por exemplo, \u00e9 considerada uma viola\u00e7\u00e3o grave do plano.<\/p>\n<p>\u201cExistem recursos que podem levar o caso ao STJ e ao STF. Mas t\u00eam requisitos que estreitam a via de chegar at\u00e9 l\u00e1, como n\u00e3o poder se reexaminar fatos e sim s\u00f3 quest\u00f5es que tratem de viola\u00e7\u00e3o de lei federal. Por isso, a chance de reverter \u00e9 pequena\u201d, diz Adriana.<\/p>\n<p>Para Aracy Barbara, s\u00f3cia do VBD Advogados, a decis\u00e3o de manter a fal\u00eancia da livraria, apesar de dura, \u00e9 legalmente correta. \u201cN\u00e3o h\u00e1 como festejar uma decreta\u00e7\u00e3o de fal\u00eancia: ela equivale \u00e0 senten\u00e7a de morte para a pessoa jur\u00eddica. Muito menos, em um caso como este, em que a Livraria Cultura fez parte da hist\u00f3ria de muitos brasileiros. Mas o fato \u00e9 que as decis\u00f5es de quebra t\u00eam como base crit\u00e9rios objetivos e legais. Neste caso, a confirma\u00e7\u00e3o da senten\u00e7a em primeiro grau, apenas refor\u00e7ou esse entendimento\u201d, afirma Aracy.<\/p>\n<p>De acordo com o presidente do Sindicato Nacional dos Editores de Livros, Dante Cid, a fal\u00eancia da Livraria Cultura \u00e9 um epis\u00f3dio lament\u00e1vel do mercado editorial brasileiro. \u201c\u00c9 sempre muito triste o decl\u00ednio de uma livraria. Precisamos de mais livrarias, e n\u00e3o menos. A Livraria Cultura sofreu com problemas econ\u00f4micos e administrativos. \u00c9 lament\u00e1vel que a situa\u00e7\u00e3o tenha chegado a esse ponto\u201d, afirma Cid.<\/p>\n<p><\/p>","protected":false},"excerpt":{"rendered":"<p class=\"qtranxs-available-languages-message qtranxs-available-languages-message-en\">Sorry, this entry is only available in <a href=\"https:\/\/www.wald.com.br\/pb\/wp-json\/wp\/v2\/posts\/2094\" class=\"qtranxs-available-language-link qtranxs-available-language-link-pb\" title=\"Portugu\u00eas do Brasil\">Portugu\u00eas do Brasil<\/a>. For the sake of viewer convenience, the content is shown below in the alternative language. You may click the link to switch the active language.<\/p>\n<p>Governo aumenta taxa\u00e7\u00e3o sobre apostas esportivas online para triplicar repasses ao Minist\u00e9rio do Esporte. A tributa\u00e7\u00e3o sobre empresas subiu de 16% para 18% sobre a receita obtida com os jogos. Nosso s\u00f3cio Bernardo Freire, em entrevista ao Estad\u00e3o, apoia a regulamenta\u00e7\u00e3o, mas pede ajustes na tributa\u00e7\u00e3o.<\/p>\n","protected":false},"author":1,"featured_media":0,"comment_status":"open","ping_status":"closed","sticky":false,"template":"","format":"standard","meta":{"_acf_changed":false,"footnotes":""},"categories":[2],"tags":[153,178,179,174,177],"class_list":["post-2094","post","type-post","status-publish","format-standard","hentry","category-noticias","tag-apostas-esportivas","tag-esporte","tag-estadao","tag-regulamentacao","tag-taxas"],"acf":[],"yoast_head":"<!-- This site is optimized with the Yoast SEO plugin v27.5 - https:\/\/yoast.com\/product\/yoast-seo-wordpress\/ -->\n<title>Adriana Conrado Zamponi comenta decis\u00e3o que manteve fal\u00eancia da Livraria Cultura | Wald Advogados<\/title>\n<meta name=\"description\" content=\"Governo aumenta taxa\u00e7\u00e3o sobre apostas esportivas online para triplicar repasses ao Minist\u00e9rio do Esporte. A tributa\u00e7\u00e3o sobre empresas subiu de 16% para 18% sobre a receita obtida com os jogos. Nosso s\u00f3cio Bernardo Freire, em entrevista ao Estad\u00e3o, apoia a regulamenta\u00e7\u00e3o, mas pede ajustes na tributa\u00e7\u00e3o.\" \/>\n<meta name=\"robots\" content=\"index, follow, max-snippet:-1, max-image-preview:large, max-video-preview:-1\" \/>\n<link rel=\"canonical\" href=\"https:\/\/www.wald.com.br\/bernardo-freire-comenta-nova-taxacao-das-apostas-esportivas-para-o-estadao\/\" \/>\n<meta property=\"og:locale\" content=\"en_US\" \/>\n<meta property=\"og:type\" content=\"article\" \/>\n<meta property=\"og:title\" content=\"Adriana Conrado Zamponi comenta decis\u00e3o que manteve fal\u00eancia da Livraria Cultura | Wald Advogados\" \/>\n<meta property=\"og:description\" content=\"{:pb}Governo aumenta taxa\u00e7\u00e3o sobre apostas esportivas online para triplicar repasses ao Minist\u00e9rio do Esporte. A tributa\u00e7\u00e3o sobre empresas subiu de 16% para 18% sobre a receita obtida com os jogos. Nosso s\u00f3cio Bernardo Freire, em entrevista ao Estad\u00e3o, apoia a regulamenta\u00e7\u00e3o, mas pede ajustes na tributa\u00e7\u00e3o. {:}\" \/>\n<meta property=\"og:url\" content=\"https:\/\/www.wald.com.br\/bernardo-freire-comenta-nova-taxacao-das-apostas-esportivas-para-o-estadao\/\" \/>\n<meta property=\"og:site_name\" content=\"Wald Advogados\" \/>\n<meta property=\"article:published_time\" content=\"2023-07-26T13:30:57+00:00\" \/>\n<meta name=\"author\" content=\"waldadmin2020\" \/>\n<meta name=\"twitter:card\" content=\"summary_large_image\" \/>\n<meta name=\"twitter:creator\" content=\"@waldadmin2020\" \/>\n<meta name=\"twitter:label1\" content=\"Written by\" \/>\n\t<meta name=\"twitter:data1\" content=\"waldadmin2020\" \/>\n\t<meta name=\"twitter:label2\" content=\"Est. reading time\" \/>\n\t<meta name=\"twitter:data2\" content=\"5 minutes\" \/>\n<script type=\"application\/ld+json\" class=\"yoast-schema-graph\">{\"@context\":\"https:\\\/\\\/schema.org\",\"@graph\":[{\"@type\":\"Article\",\"@id\":\"https:\\\/\\\/www.wald.com.br\\\/bernardo-freire-comenta-nova-taxacao-das-apostas-esportivas-para-o-estadao\\\/#article\",\"isPartOf\":{\"@id\":\"https:\\\/\\\/www.wald.com.br\\\/bernardo-freire-comenta-nova-taxacao-das-apostas-esportivas-para-o-estadao\\\/\"},\"author\":{\"name\":\"waldadmin2020\",\"@id\":\"https:\\\/\\\/www.wald.com.br\\\/en\\\/#\\\/schema\\\/person\\\/63b1ba5d23c51fa9d050dd06ffd0e04a\"},\"headline\":\"Adriana Conrado Zamponi comenta decis\u00e3o que manteve fal\u00eancia da Livraria Cultura\",\"datePublished\":\"2023-07-26T13:30:57+00:00\",\"mainEntityOfPage\":{\"@id\":\"https:\\\/\\\/www.wald.com.br\\\/bernardo-freire-comenta-nova-taxacao-das-apostas-esportivas-para-o-estadao\\\/\"},\"wordCount\":1503,\"commentCount\":0,\"publisher\":{\"@id\":\"https:\\\/\\\/www.wald.com.br\\\/en\\\/#organization\"},\"keywords\":[\"Apostas esportivas\",\"Esporte\",\"Estad\u00e3o\",\"Regulamenta\u00e7\u00e3o\",\"Taxas\"],\"articleSection\":[\"News\"],\"inLanguage\":\"en-US\",\"potentialAction\":[{\"@type\":\"CommentAction\",\"name\":\"Comment\",\"target\":[\"https:\\\/\\\/www.wald.com.br\\\/bernardo-freire-comenta-nova-taxacao-das-apostas-esportivas-para-o-estadao\\\/#respond\"]}]},{\"@type\":\"WebPage\",\"@id\":\"https:\\\/\\\/www.wald.com.br\\\/bernardo-freire-comenta-nova-taxacao-das-apostas-esportivas-para-o-estadao\\\/\",\"url\":\"https:\\\/\\\/www.wald.com.br\\\/bernardo-freire-comenta-nova-taxacao-das-apostas-esportivas-para-o-estadao\\\/\",\"name\":\"Adriana Conrado Zamponi comenta decis\u00e3o que manteve fal\u00eancia da Livraria Cultura | Wald Advogados\",\"isPartOf\":{\"@id\":\"https:\\\/\\\/www.wald.com.br\\\/en\\\/#website\"},\"datePublished\":\"2023-07-26T13:30:57+00:00\",\"description\":\"{:pb}Governo aumenta taxa\u00e7\u00e3o sobre apostas esportivas online para triplicar repasses ao Minist\u00e9rio do Esporte. A tributa\u00e7\u00e3o sobre empresas subiu de 16% para 18% sobre a receita obtida com os jogos. Nosso s\u00f3cio Bernardo Freire, em entrevista ao Estad\u00e3o, apoia a regulamenta\u00e7\u00e3o, mas pede ajustes na tributa\u00e7\u00e3o. {:}\",\"breadcrumb\":{\"@id\":\"https:\\\/\\\/www.wald.com.br\\\/bernardo-freire-comenta-nova-taxacao-das-apostas-esportivas-para-o-estadao\\\/#breadcrumb\"},\"inLanguage\":\"en-US\",\"potentialAction\":[{\"@type\":\"ReadAction\",\"target\":[\"https:\\\/\\\/www.wald.com.br\\\/bernardo-freire-comenta-nova-taxacao-das-apostas-esportivas-para-o-estadao\\\/\"]}]},{\"@type\":\"BreadcrumbList\",\"@id\":\"https:\\\/\\\/www.wald.com.br\\\/bernardo-freire-comenta-nova-taxacao-das-apostas-esportivas-para-o-estadao\\\/#breadcrumb\",\"itemListElement\":[{\"@type\":\"ListItem\",\"position\":1,\"name\":\"In\u00edcio\",\"item\":\"https:\\\/\\\/www.wald.com.br\\\/\"},{\"@type\":\"ListItem\",\"position\":2,\"name\":\"Bernardo Freire comenta nova taxa\u00e7\u00e3o das apostas esportivas, para o Estad\u00e3o\"}]},{\"@type\":\"WebSite\",\"@id\":\"https:\\\/\\\/www.wald.com.br\\\/en\\\/#website\",\"url\":\"https:\\\/\\\/www.wald.com.br\\\/en\\\/\",\"name\":\"Wald Advogados\",\"description\":\"66 years of leading law practice\",\"publisher\":{\"@id\":\"https:\\\/\\\/www.wald.com.br\\\/en\\\/#organization\"},\"potentialAction\":[{\"@type\":\"SearchAction\",\"target\":{\"@type\":\"EntryPoint\",\"urlTemplate\":\"https:\\\/\\\/www.wald.com.br\\\/en\\\/?s={search_term_string}\"},\"query-input\":{\"@type\":\"PropertyValueSpecification\",\"valueRequired\":true,\"valueName\":\"search_term_string\"}}],\"inLanguage\":\"en-US\"},{\"@type\":\"Organization\",\"@id\":\"https:\\\/\\\/www.wald.com.br\\\/en\\\/#organization\",\"name\":\"Wald, Antunes, Vita, Longo e Blattner Advogados\",\"url\":\"https:\\\/\\\/www.wald.com.br\\\/en\\\/\",\"logo\":{\"@type\":\"ImageObject\",\"inLanguage\":\"en-US\",\"@id\":\"https:\\\/\\\/www.wald.com.br\\\/en\\\/#\\\/schema\\\/logo\\\/image\\\/\",\"url\":\"https:\\\/\\\/www.wald.com.br\\\/wp-content\\\/uploads\\\/2020\\\/02\\\/Logo_Wald.png\",\"contentUrl\":\"https:\\\/\\\/www.wald.com.br\\\/wp-content\\\/uploads\\\/2020\\\/02\\\/Logo_Wald.png\",\"width\":5260,\"height\":2565,\"caption\":\"Wald, Antunes, Vita, Longo e Blattner Advogados\"},\"image\":{\"@id\":\"https:\\\/\\\/www.wald.com.br\\\/en\\\/#\\\/schema\\\/logo\\\/image\\\/\"},\"sameAs\":[\"https:\\\/\\\/www.linkedin.com\\\/company\\\/wald\"]},{\"@type\":\"Person\",\"@id\":\"https:\\\/\\\/www.wald.com.br\\\/en\\\/#\\\/schema\\\/person\\\/63b1ba5d23c51fa9d050dd06ffd0e04a\",\"name\":\"waldadmin2020\",\"image\":{\"@type\":\"ImageObject\",\"inLanguage\":\"en-US\",\"@id\":\"https:\\\/\\\/secure.gravatar.com\\\/avatar\\\/a71cf721eb306cd72432a33f9852249bbdb558baa0f55419ddb257983362db55?s=96&d=mm&r=g\",\"url\":\"https:\\\/\\\/secure.gravatar.com\\\/avatar\\\/a71cf721eb306cd72432a33f9852249bbdb558baa0f55419ddb257983362db55?s=96&d=mm&r=g\",\"contentUrl\":\"https:\\\/\\\/secure.gravatar.com\\\/avatar\\\/a71cf721eb306cd72432a33f9852249bbdb558baa0f55419ddb257983362db55?s=96&d=mm&r=g\",\"caption\":\"waldadmin2020\"},\"sameAs\":[\"https:\\\/\\\/x.com\\\/waldadmin2020\"],\"url\":\"https:\\\/\\\/www.wald.com.br\\\/en\\\/author\\\/waldadmin2020\\\/\"}]}<\/script>\n<!-- \/ Yoast SEO plugin. -->","yoast_head_json":{"title":"Adriana Conrado Zamponi comenta decis\u00e3o que manteve fal\u00eancia da Livraria Cultura | Wald Advogados","description":"Governo aumenta taxa\u00e7\u00e3o sobre apostas esportivas online para triplicar repasses ao Minist\u00e9rio do Esporte. A tributa\u00e7\u00e3o sobre empresas subiu de 16% para 18% sobre a receita obtida com os jogos. Nosso s\u00f3cio Bernardo Freire, em entrevista ao Estad\u00e3o, apoia a regulamenta\u00e7\u00e3o, mas pede ajustes na tributa\u00e7\u00e3o.","robots":{"index":"index","follow":"follow","max-snippet":"max-snippet:-1","max-image-preview":"max-image-preview:large","max-video-preview":"max-video-preview:-1"},"canonical":"https:\/\/www.wald.com.br\/bernardo-freire-comenta-nova-taxacao-das-apostas-esportivas-para-o-estadao\/","og_locale":"en_US","og_type":"article","og_title":"Adriana Conrado Zamponi comenta decis\u00e3o que manteve fal\u00eancia da Livraria Cultura | Wald Advogados","og_description":"{:pb}Governo aumenta taxa\u00e7\u00e3o sobre apostas esportivas online para triplicar repasses ao Minist\u00e9rio do Esporte. A tributa\u00e7\u00e3o sobre empresas subiu de 16% para 18% sobre a receita obtida com os jogos. Nosso s\u00f3cio Bernardo Freire, em entrevista ao Estad\u00e3o, apoia a regulamenta\u00e7\u00e3o, mas pede ajustes na tributa\u00e7\u00e3o. {:}","og_url":"https:\/\/www.wald.com.br\/bernardo-freire-comenta-nova-taxacao-das-apostas-esportivas-para-o-estadao\/","og_site_name":"Wald Advogados","article_published_time":"2023-07-26T13:30:57+00:00","author":"waldadmin2020","twitter_card":"summary_large_image","twitter_creator":"@waldadmin2020","twitter_misc":{"Written by":"waldadmin2020","Est. reading time":"5 minutes"},"schema":{"@context":"https:\/\/schema.org","@graph":[{"@type":"Article","@id":"https:\/\/www.wald.com.br\/bernardo-freire-comenta-nova-taxacao-das-apostas-esportivas-para-o-estadao\/#article","isPartOf":{"@id":"https:\/\/www.wald.com.br\/bernardo-freire-comenta-nova-taxacao-das-apostas-esportivas-para-o-estadao\/"},"author":{"name":"waldadmin2020","@id":"https:\/\/www.wald.com.br\/en\/#\/schema\/person\/63b1ba5d23c51fa9d050dd06ffd0e04a"},"headline":"Adriana Conrado Zamponi comenta decis\u00e3o que manteve fal\u00eancia da Livraria Cultura","datePublished":"2023-07-26T13:30:57+00:00","mainEntityOfPage":{"@id":"https:\/\/www.wald.com.br\/bernardo-freire-comenta-nova-taxacao-das-apostas-esportivas-para-o-estadao\/"},"wordCount":1503,"commentCount":0,"publisher":{"@id":"https:\/\/www.wald.com.br\/en\/#organization"},"keywords":["Apostas esportivas","Esporte","Estad\u00e3o","Regulamenta\u00e7\u00e3o","Taxas"],"articleSection":["News"],"inLanguage":"en-US","potentialAction":[{"@type":"CommentAction","name":"Comment","target":["https:\/\/www.wald.com.br\/bernardo-freire-comenta-nova-taxacao-das-apostas-esportivas-para-o-estadao\/#respond"]}]},{"@type":"WebPage","@id":"https:\/\/www.wald.com.br\/bernardo-freire-comenta-nova-taxacao-das-apostas-esportivas-para-o-estadao\/","url":"https:\/\/www.wald.com.br\/bernardo-freire-comenta-nova-taxacao-das-apostas-esportivas-para-o-estadao\/","name":"Adriana Conrado Zamponi comenta decis\u00e3o que manteve fal\u00eancia da Livraria Cultura | Wald Advogados","isPartOf":{"@id":"https:\/\/www.wald.com.br\/en\/#website"},"datePublished":"2023-07-26T13:30:57+00:00","description":"{:pb}Governo aumenta taxa\u00e7\u00e3o sobre apostas esportivas online para triplicar repasses ao Minist\u00e9rio do Esporte. A tributa\u00e7\u00e3o sobre empresas subiu de 16% para 18% sobre a receita obtida com os jogos. Nosso s\u00f3cio Bernardo Freire, em entrevista ao Estad\u00e3o, apoia a regulamenta\u00e7\u00e3o, mas pede ajustes na tributa\u00e7\u00e3o. {:}","breadcrumb":{"@id":"https:\/\/www.wald.com.br\/bernardo-freire-comenta-nova-taxacao-das-apostas-esportivas-para-o-estadao\/#breadcrumb"},"inLanguage":"en-US","potentialAction":[{"@type":"ReadAction","target":["https:\/\/www.wald.com.br\/bernardo-freire-comenta-nova-taxacao-das-apostas-esportivas-para-o-estadao\/"]}]},{"@type":"BreadcrumbList","@id":"https:\/\/www.wald.com.br\/bernardo-freire-comenta-nova-taxacao-das-apostas-esportivas-para-o-estadao\/#breadcrumb","itemListElement":[{"@type":"ListItem","position":1,"name":"In\u00edcio","item":"https:\/\/www.wald.com.br\/"},{"@type":"ListItem","position":2,"name":"Bernardo Freire comenta nova taxa\u00e7\u00e3o das apostas esportivas, para o Estad\u00e3o"}]},{"@type":"WebSite","@id":"https:\/\/www.wald.com.br\/en\/#website","url":"https:\/\/www.wald.com.br\/en\/","name":"Wald Advogados","description":"66 years of leading law practice","publisher":{"@id":"https:\/\/www.wald.com.br\/en\/#organization"},"potentialAction":[{"@type":"SearchAction","target":{"@type":"EntryPoint","urlTemplate":"https:\/\/www.wald.com.br\/en\/?s={search_term_string}"},"query-input":{"@type":"PropertyValueSpecification","valueRequired":true,"valueName":"search_term_string"}}],"inLanguage":"en-US"},{"@type":"Organization","@id":"https:\/\/www.wald.com.br\/en\/#organization","name":"Wald, Antunes, Vita, Longo e Blattner Advogados","url":"https:\/\/www.wald.com.br\/en\/","logo":{"@type":"ImageObject","inLanguage":"en-US","@id":"https:\/\/www.wald.com.br\/en\/#\/schema\/logo\/image\/","url":"https:\/\/www.wald.com.br\/wp-content\/uploads\/2020\/02\/Logo_Wald.png","contentUrl":"https:\/\/www.wald.com.br\/wp-content\/uploads\/2020\/02\/Logo_Wald.png","width":5260,"height":2565,"caption":"Wald, Antunes, Vita, Longo e Blattner Advogados"},"image":{"@id":"https:\/\/www.wald.com.br\/en\/#\/schema\/logo\/image\/"},"sameAs":["https:\/\/www.linkedin.com\/company\/wald"]},{"@type":"Person","@id":"https:\/\/www.wald.com.br\/en\/#\/schema\/person\/63b1ba5d23c51fa9d050dd06ffd0e04a","name":"waldadmin2020","image":{"@type":"ImageObject","inLanguage":"en-US","@id":"https:\/\/secure.gravatar.com\/avatar\/a71cf721eb306cd72432a33f9852249bbdb558baa0f55419ddb257983362db55?s=96&d=mm&r=g","url":"https:\/\/secure.gravatar.com\/avatar\/a71cf721eb306cd72432a33f9852249bbdb558baa0f55419ddb257983362db55?s=96&d=mm&r=g","contentUrl":"https:\/\/secure.gravatar.com\/avatar\/a71cf721eb306cd72432a33f9852249bbdb558baa0f55419ddb257983362db55?s=96&d=mm&r=g","caption":"waldadmin2020"},"sameAs":["https:\/\/x.com\/waldadmin2020"],"url":"https:\/\/www.wald.com.br\/en\/author\/waldadmin2020\/"}]}},"_links":{"self":[{"href":"https:\/\/www.wald.com.br\/en\/wp-json\/wp\/v2\/posts\/2094","targetHints":{"allow":["GET"]}}],"collection":[{"href":"https:\/\/www.wald.com.br\/en\/wp-json\/wp\/v2\/posts"}],"about":[{"href":"https:\/\/www.wald.com.br\/en\/wp-json\/wp\/v2\/types\/post"}],"author":[{"embeddable":true,"href":"https:\/\/www.wald.com.br\/en\/wp-json\/wp\/v2\/users\/1"}],"replies":[{"embeddable":true,"href":"https:\/\/www.wald.com.br\/en\/wp-json\/wp\/v2\/comments?post=2094"}],"version-history":[{"count":1,"href":"https:\/\/www.wald.com.br\/en\/wp-json\/wp\/v2\/posts\/2094\/revisions"}],"predecessor-version":[{"id":2095,"href":"https:\/\/www.wald.com.br\/en\/wp-json\/wp\/v2\/posts\/2094\/revisions\/2095"}],"wp:attachment":[{"href":"https:\/\/www.wald.com.br\/en\/wp-json\/wp\/v2\/media?parent=2094"}],"wp:term":[{"taxonomy":"category","embeddable":true,"href":"https:\/\/www.wald.com.br\/en\/wp-json\/wp\/v2\/categories?post=2094"},{"taxonomy":"post_tag","embeddable":true,"href":"https:\/\/www.wald.com.br\/en\/wp-json\/wp\/v2\/tags?post=2094"}],"curies":[{"name":"wp","href":"https:\/\/api.w.org\/{rel}","templated":true}]}}