{"id":688,"date":"2020-04-06T15:14:52","date_gmt":"2020-04-06T18:14:52","guid":{"rendered":"http:\/\/www.wald.com.br\/?p=688"},"modified":"2020-04-26T10:48:03","modified_gmt":"2020-04-26T13:48:03","slug":"covid-19-saiba-regras-para-pedir-revisao-do-plano-de-recuperacao-judicial","status":"publish","type":"post","link":"https:\/\/www.wald.com.br\/en\/covid-19-saiba-regras-para-pedir-revisao-do-plano-de-recuperacao-judicial\/","title":{"rendered":"Covid-19: saiba regras para pedir revis\u00e3o do plano de recupera\u00e7\u00e3o judicial"},"content":{"rendered":"<p><span style=\"font-size: 20px;\"><em>A empresa postulante precisa comprovar, com n\u00fameros e documentos robustos, que n\u00e3o conseguir\u00e1 cumprir as suas obriga\u00e7\u00f5es<\/em> <\/span><\/p>\n<p><span style=\"font-size: 20px;\"><strong><span style=\"font-size: 12px;\">Publicado na<br \/>\n<\/span><\/strong><a href=\"https:\/\/exame.abril.com.br\/negocios\/covid-19-saiba-regras-para-pedir-revisao-do-plano-de-recuperacao-judicial\/\" target=\"_blank\" rel=\"noopener noreferrer\"><img loading=\"lazy\" decoding=\"async\" class=\"alignnone wp-image-912\" src=\"http:\/\/www.wald.com.br\/wp-content\/uploads\/2020\/04\/logo-nova-exame-300x56.png\" alt=\"\" width=\"100\" height=\"19\" srcset=\"https:\/\/www.wald.com.br\/wp-content\/uploads\/2020\/04\/logo-nova-exame-300x56.png 300w, https:\/\/www.wald.com.br\/wp-content\/uploads\/2020\/04\/logo-nova-exame-768x142.png 768w, https:\/\/www.wald.com.br\/wp-content\/uploads\/2020\/04\/logo-nova-exame.png 800w\" sizes=\"auto, (max-width: 100px) 100vw, 100px\" \/><\/a><\/span><\/p>\n<p>As empresas que est\u00e3o em processo de recupera\u00e7\u00e3o judicial poder\u00e3o solicitar revis\u00e3o do plano se comprovarem impactos diretos da pandemia da covid-19 nos neg\u00f3cios. No entanto, especialistas ouvidos pela EXAME afirmam que empres\u00e1rios precisam seguir todos os passos para se enquadrar nessa nova orienta\u00e7\u00e3o do Conselho Nacional de Justi\u00e7a (CNJ).<\/p>\n<p>Sem poder de lei, o ato normativo anunciado pelo CNJ, na semana passada, visa auxiliar ju\u00edzes de primeira inst\u00e2ncia em casos de empresas que n\u00e3o est\u00e3o conseguindo cumprir o plano de recupera\u00e7\u00e3o judicial por causa do novo coronav\u00edrus. A primeira regra para pleitear o chamado plano modificativo \u00e9 estar em dia com as obriga\u00e7\u00f5es junto a credores.<\/p>\n<p>Especialistas tamb\u00e9m recomendam a comprova\u00e7\u00e3o, com n\u00fameros e documenta\u00e7\u00e3o robusta, dos impactos do novo coronav\u00edrus nos resultados da empresa.<\/p>\n<p>\u201cPara pleitear um plano modificativo conforme orientado pelo CNJ, a empresa precisa provar que houve impactos negativos na opera\u00e7\u00e3o decorrentes da covid-19 e que isso est\u00e1 impedindo o seu cumprimento\u201d, diz Vamilson Costa, s\u00f3cio do Costa Tavares Paes Advogados.<\/p>\n<p>Ele explica que a lei que trata da recupera\u00e7\u00e3o judicial n\u00e3o permite uma revis\u00e3o do plano ap\u00f3s a sua aprova\u00e7\u00e3o, mas diante da gravidade da pandemia, agora os ju\u00edzes poder\u00e3o analisar, caso a caso, qual conduta tomar daqui para frente. \u201cCriou-se uma linha de racioc\u00ednio para os tribunais\u201d.<\/p>\n<p><strong><a href=\"http:\/\/www.wald.com.br\/equipe\/samantha-mendes-longo\/\">Samantha Mendes Longo<\/a>, s\u00f3cia do Wald, Antunes, Vita, Longo e Blattner Advogados<\/strong>, alerta que a medida \u00e9 importante principalmente para varas que n\u00e3o s\u00e3o especializadas em recupera\u00e7\u00e3o judicial.<\/p>\n<blockquote>\n<p><span style=\"font-size: 20px;\"><em>\u201cNesse momento de pandemia, a ideia \u00e9 dar aos ju\u00edzes uma tranquilidade maior para julgar casos extraordin\u00e1rios, afinal, estamos enfrentando uma crise sem precedentes\u201d, diz Samantha.<\/em><\/span><\/p>\n<\/blockquote>\n<p>A advogada destaca, entretanto, que o pleito de um novo plano precisa levar em considera\u00e7\u00e3o que a crise do coronav\u00edrus vai impactar a empresa no curto e m\u00e9dio prazo. \u201cSe o pagamento a credores come\u00e7ar somente daqui a dois anos, n\u00e3o faz sentido entrar com o pedido agora.\u201d<\/p>\n<p>Jos\u00e9 Roberto Camasmie Assad, especialista em recupera\u00e7\u00e3o de cr\u00e9ditos do Luchesi Advogados, alerta para que o pedido de plano modificativo n\u00e3o seja interpretado como m\u00e1-f\u00e9. Segundo ele, o pleito \u00e9 uma possibilidade e n\u00e3o um direito autom\u00e1tico decorrente da orienta\u00e7\u00e3o do CNJ.<\/p>\n<p>\u201cS\u00f3 pode postular aquele empres\u00e1rio que est\u00e1 cumprindo as obriga\u00e7\u00f5es da recupera\u00e7\u00e3o judicial e que demonstre, de forma cabal, que o seu neg\u00f3cio foi afetado pela covid-19 de tal maneira que n\u00e3o possa mais cumprir o plano\u201d.<br \/>\nCredores<\/p>\n<p>Embora o juiz decida sobre a possibilidade ou n\u00e3o de um novo plano, os credores continuam sendo decisivos na sua aprova\u00e7\u00e3o. Uma das mudan\u00e7as promovidas pela orienta\u00e7\u00e3o do CNJ \u00e9 a permiss\u00e3o de assembleias virtuais.<\/p>\n<p>\u201cA modifica\u00e7\u00e3o do plano tamb\u00e9m tem que ser submetida aos credores. A assembleia \u00e9 soberana para decidir uma eventual modifica\u00e7\u00e3o\u201d, diz Assad.<\/p>\n<p>Longo recomenda tamb\u00e9m que a empresa em recupera\u00e7\u00e3o judicial e seus credores negociem diretamente, ainda que por meio do administrador, para desafogar o Judici\u00e1rio.<\/p>\n<p>\u201cEssa orienta\u00e7\u00e3o vem para atender a muitas empresas que certamente v\u00e3o sofrer nessa crise, principalmente as de pequeno e m\u00e9dio porte.\u201d<\/p>\n<p>Reportagem publicada na revista <a href=\"https:\/\/exame.abril.com.br\/negocios\/covid-19-saiba-regras-para-pedir-revisao-do-plano-de-recuperacao-judicial\/\" target=\"_blank\" rel=\"noopener noreferrer\">Exame<\/a>.<\/p>\n","protected":false},"excerpt":{"rendered":"<p>A empresa postulante precisa comprovar, com n\u00fameros e documentos robustos, que n\u00e3o conseguir\u00e1 cumprir as suas obriga\u00e7\u00f5es Publicado na As empresas que est\u00e3o em processo de recupera\u00e7\u00e3o judicial poder\u00e3o solicitar revis\u00e3o do plano se comprovarem impactos diretos da pandemia da covid-19 nos neg\u00f3cios. No entanto, especialistas ouvidos pela EXAME afirmam que empres\u00e1rios precisam seguir todos [&hellip;]<\/p>\n","protected":false},"author":3,"featured_media":0,"comment_status":"open","ping_status":"closed","sticky":false,"template":"","format":"standard","meta":{"_acf_changed":false,"footnotes":""},"categories":[2],"tags":[21,20,19],"class_list":["post-688","post","type-post","status-publish","format-standard","hentry","category-noticias","tag-coronavirus","tag-covid-19","tag-recuperacao-empresarial"],"acf":[],"yoast_head":"<!-- This site is optimized with the Yoast SEO plugin v27.5 - https:\/\/yoast.com\/product\/yoast-seo-wordpress\/ -->\n<title>Covid-19: saiba regras para pedir revis\u00e3o do plano de recupera\u00e7\u00e3o judicial | Wald Advogados<\/title>\n<meta name=\"robots\" content=\"index, follow, max-snippet:-1, max-image-preview:large, max-video-preview:-1\" \/>\n<link rel=\"canonical\" href=\"https:\/\/www.wald.com.br\/en\/covid-19-saiba-regras-para-pedir-revisao-do-plano-de-recuperacao-judicial\/\" \/>\n<meta property=\"og:locale\" content=\"en_US\" \/>\n<meta property=\"og:type\" content=\"article\" \/>\n<meta property=\"og:title\" content=\"Covid-19: saiba regras para pedir revis\u00e3o do plano de recupera\u00e7\u00e3o judicial | Wald Advogados\" \/>\n<meta property=\"og:description\" content=\"A empresa postulante precisa comprovar, com n\u00fameros e documentos robustos, que n\u00e3o conseguir\u00e1 cumprir as suas obriga\u00e7\u00f5es Publicado na As empresas que est\u00e3o em processo de recupera\u00e7\u00e3o judicial poder\u00e3o solicitar revis\u00e3o do plano se comprovarem impactos diretos da pandemia da covid-19 nos neg\u00f3cios. No entanto, especialistas ouvidos pela EXAME afirmam que empres\u00e1rios precisam seguir todos [&hellip;]\" \/>\n<meta property=\"og:url\" content=\"https:\/\/www.wald.com.br\/en\/covid-19-saiba-regras-para-pedir-revisao-do-plano-de-recuperacao-judicial\/\" \/>\n<meta property=\"og:site_name\" content=\"Wald Advogados\" \/>\n<meta property=\"article:published_time\" content=\"2020-04-06T18:14:52+00:00\" \/>\n<meta property=\"article:modified_time\" content=\"2020-04-26T13:48:03+00:00\" \/>\n<meta property=\"og:image\" content=\"http:\/\/www.wald.com.br\/wp-content\/uploads\/2020\/04\/logo-nova-exame-300x56.png\" \/>\n<meta name=\"author\" content=\"Wald, Antunes, Vita, Longo e Blattner Advogados\" \/>\n<meta name=\"twitter:card\" content=\"summary_large_image\" \/>\n<meta name=\"twitter:label1\" content=\"Written by\" \/>\n\t<meta name=\"twitter:data1\" content=\"Wald, Antunes, Vita, Longo e Blattner Advogados\" \/>\n\t<meta name=\"twitter:label2\" content=\"Est. reading time\" \/>\n\t<meta name=\"twitter:data2\" content=\"3 minutes\" \/>\n<script type=\"application\/ld+json\" class=\"yoast-schema-graph\">{\"@context\":\"https:\\\/\\\/schema.org\",\"@graph\":[{\"@type\":\"Article\",\"@id\":\"https:\\\/\\\/www.wald.com.br\\\/en\\\/covid-19-saiba-regras-para-pedir-revisao-do-plano-de-recuperacao-judicial\\\/#article\",\"isPartOf\":{\"@id\":\"https:\\\/\\\/www.wald.com.br\\\/en\\\/covid-19-saiba-regras-para-pedir-revisao-do-plano-de-recuperacao-judicial\\\/\"},\"author\":{\"name\":\"Wald, Antunes, Vita, Longo e Blattner Advogados\",\"@id\":\"https:\\\/\\\/www.wald.com.br\\\/en\\\/#\\\/schema\\\/person\\\/d65f9ebf3187dd1bb99a863aefa5f9e7\"},\"headline\":\"Covid-19: saiba regras para pedir revis\u00e3o do plano de recupera\u00e7\u00e3o judicial\",\"datePublished\":\"2020-04-06T18:14:52+00:00\",\"dateModified\":\"2020-04-26T13:48:03+00:00\",\"mainEntityOfPage\":{\"@id\":\"https:\\\/\\\/www.wald.com.br\\\/en\\\/covid-19-saiba-regras-para-pedir-revisao-do-plano-de-recuperacao-judicial\\\/\"},\"wordCount\":598,\"commentCount\":0,\"publisher\":{\"@id\":\"https:\\\/\\\/www.wald.com.br\\\/en\\\/#organization\"},\"image\":{\"@id\":\"https:\\\/\\\/www.wald.com.br\\\/en\\\/covid-19-saiba-regras-para-pedir-revisao-do-plano-de-recuperacao-judicial\\\/#primaryimage\"},\"thumbnailUrl\":\"http:\\\/\\\/www.wald.com.br\\\/wp-content\\\/uploads\\\/2020\\\/04\\\/logo-nova-exame-300x56.png\",\"keywords\":[\"Coronav\u00edrus\",\"Covid-19\",\"Recupera\u00e7\u00e3o empresarial\"],\"articleSection\":[\"News\"],\"inLanguage\":\"en-US\",\"potentialAction\":[{\"@type\":\"CommentAction\",\"name\":\"Comment\",\"target\":[\"https:\\\/\\\/www.wald.com.br\\\/en\\\/covid-19-saiba-regras-para-pedir-revisao-do-plano-de-recuperacao-judicial\\\/#respond\"]}]},{\"@type\":\"WebPage\",\"@id\":\"https:\\\/\\\/www.wald.com.br\\\/en\\\/covid-19-saiba-regras-para-pedir-revisao-do-plano-de-recuperacao-judicial\\\/\",\"url\":\"https:\\\/\\\/www.wald.com.br\\\/en\\\/covid-19-saiba-regras-para-pedir-revisao-do-plano-de-recuperacao-judicial\\\/\",\"name\":\"Covid-19: saiba regras para pedir revis\u00e3o do plano de recupera\u00e7\u00e3o judicial | Wald Advogados\",\"isPartOf\":{\"@id\":\"https:\\\/\\\/www.wald.com.br\\\/en\\\/#website\"},\"primaryImageOfPage\":{\"@id\":\"https:\\\/\\\/www.wald.com.br\\\/en\\\/covid-19-saiba-regras-para-pedir-revisao-do-plano-de-recuperacao-judicial\\\/#primaryimage\"},\"image\":{\"@id\":\"https:\\\/\\\/www.wald.com.br\\\/en\\\/covid-19-saiba-regras-para-pedir-revisao-do-plano-de-recuperacao-judicial\\\/#primaryimage\"},\"thumbnailUrl\":\"http:\\\/\\\/www.wald.com.br\\\/wp-content\\\/uploads\\\/2020\\\/04\\\/logo-nova-exame-300x56.png\",\"datePublished\":\"2020-04-06T18:14:52+00:00\",\"dateModified\":\"2020-04-26T13:48:03+00:00\",\"breadcrumb\":{\"@id\":\"https:\\\/\\\/www.wald.com.br\\\/en\\\/covid-19-saiba-regras-para-pedir-revisao-do-plano-de-recuperacao-judicial\\\/#breadcrumb\"},\"inLanguage\":\"en-US\",\"potentialAction\":[{\"@type\":\"ReadAction\",\"target\":[\"https:\\\/\\\/www.wald.com.br\\\/en\\\/covid-19-saiba-regras-para-pedir-revisao-do-plano-de-recuperacao-judicial\\\/\"]}]},{\"@type\":\"ImageObject\",\"inLanguage\":\"en-US\",\"@id\":\"https:\\\/\\\/www.wald.com.br\\\/en\\\/covid-19-saiba-regras-para-pedir-revisao-do-plano-de-recuperacao-judicial\\\/#primaryimage\",\"url\":\"http:\\\/\\\/www.wald.com.br\\\/wp-content\\\/uploads\\\/2020\\\/04\\\/logo-nova-exame-300x56.png\",\"contentUrl\":\"http:\\\/\\\/www.wald.com.br\\\/wp-content\\\/uploads\\\/2020\\\/04\\\/logo-nova-exame-300x56.png\"},{\"@type\":\"BreadcrumbList\",\"@id\":\"https:\\\/\\\/www.wald.com.br\\\/en\\\/covid-19-saiba-regras-para-pedir-revisao-do-plano-de-recuperacao-judicial\\\/#breadcrumb\",\"itemListElement\":[{\"@type\":\"ListItem\",\"position\":1,\"name\":\"In\u00edcio\",\"item\":\"https:\\\/\\\/www.wald.com.br\\\/\"},{\"@type\":\"ListItem\",\"position\":2,\"name\":\"Covid-19: saiba regras para pedir revis\u00e3o do plano de recupera\u00e7\u00e3o judicial\"}]},{\"@type\":\"WebSite\",\"@id\":\"https:\\\/\\\/www.wald.com.br\\\/en\\\/#website\",\"url\":\"https:\\\/\\\/www.wald.com.br\\\/en\\\/\",\"name\":\"Wald Advogados\",\"description\":\"66 years of leading law practice\",\"publisher\":{\"@id\":\"https:\\\/\\\/www.wald.com.br\\\/en\\\/#organization\"},\"potentialAction\":[{\"@type\":\"SearchAction\",\"target\":{\"@type\":\"EntryPoint\",\"urlTemplate\":\"https:\\\/\\\/www.wald.com.br\\\/en\\\/?s={search_term_string}\"},\"query-input\":{\"@type\":\"PropertyValueSpecification\",\"valueRequired\":true,\"valueName\":\"search_term_string\"}}],\"inLanguage\":\"en-US\"},{\"@type\":\"Organization\",\"@id\":\"https:\\\/\\\/www.wald.com.br\\\/en\\\/#organization\",\"name\":\"Wald, Antunes, Vita, Longo e Blattner Advogados\",\"url\":\"https:\\\/\\\/www.wald.com.br\\\/en\\\/\",\"logo\":{\"@type\":\"ImageObject\",\"inLanguage\":\"en-US\",\"@id\":\"https:\\\/\\\/www.wald.com.br\\\/en\\\/#\\\/schema\\\/logo\\\/image\\\/\",\"url\":\"https:\\\/\\\/www.wald.com.br\\\/wp-content\\\/uploads\\\/2020\\\/02\\\/Logo_Wald.png\",\"contentUrl\":\"https:\\\/\\\/www.wald.com.br\\\/wp-content\\\/uploads\\\/2020\\\/02\\\/Logo_Wald.png\",\"width\":5260,\"height\":2565,\"caption\":\"Wald, Antunes, Vita, Longo e Blattner Advogados\"},\"image\":{\"@id\":\"https:\\\/\\\/www.wald.com.br\\\/en\\\/#\\\/schema\\\/logo\\\/image\\\/\"},\"sameAs\":[\"https:\\\/\\\/www.linkedin.com\\\/company\\\/wald\"]},{\"@type\":\"Person\",\"@id\":\"https:\\\/\\\/www.wald.com.br\\\/en\\\/#\\\/schema\\\/person\\\/d65f9ebf3187dd1bb99a863aefa5f9e7\",\"name\":\"Wald, Antunes, Vita, Longo e Blattner Advogados\",\"image\":{\"@type\":\"ImageObject\",\"inLanguage\":\"en-US\",\"@id\":\"https:\\\/\\\/secure.gravatar.com\\\/avatar\\\/9f6f5a1ba9c8ba7eab75c520077876d5eccee457c639f33a1ccaa9396e5855e0?s=96&d=mm&r=g\",\"url\":\"https:\\\/\\\/secure.gravatar.com\\\/avatar\\\/9f6f5a1ba9c8ba7eab75c520077876d5eccee457c639f33a1ccaa9396e5855e0?s=96&d=mm&r=g\",\"contentUrl\":\"https:\\\/\\\/secure.gravatar.com\\\/avatar\\\/9f6f5a1ba9c8ba7eab75c520077876d5eccee457c639f33a1ccaa9396e5855e0?s=96&d=mm&r=g\",\"caption\":\"Wald, Antunes, Vita, Longo e Blattner Advogados\"},\"url\":\"https:\\\/\\\/www.wald.com.br\\\/en\\\/author\\\/wald-antunes-vita-longo-e-blattner-advogados\\\/\"}]}<\/script>\n<!-- \/ Yoast SEO plugin. -->","yoast_head_json":{"title":"Covid-19: saiba regras para pedir revis\u00e3o do plano de recupera\u00e7\u00e3o judicial | Wald Advogados","robots":{"index":"index","follow":"follow","max-snippet":"max-snippet:-1","max-image-preview":"max-image-preview:large","max-video-preview":"max-video-preview:-1"},"canonical":"https:\/\/www.wald.com.br\/en\/covid-19-saiba-regras-para-pedir-revisao-do-plano-de-recuperacao-judicial\/","og_locale":"en_US","og_type":"article","og_title":"Covid-19: saiba regras para pedir revis\u00e3o do plano de recupera\u00e7\u00e3o judicial | Wald Advogados","og_description":"A empresa postulante precisa comprovar, com n\u00fameros e documentos robustos, que n\u00e3o conseguir\u00e1 cumprir as suas obriga\u00e7\u00f5es Publicado na As empresas que est\u00e3o em processo de recupera\u00e7\u00e3o judicial poder\u00e3o solicitar revis\u00e3o do plano se comprovarem impactos diretos da pandemia da covid-19 nos neg\u00f3cios. No entanto, especialistas ouvidos pela EXAME afirmam que empres\u00e1rios precisam seguir todos [&hellip;]","og_url":"https:\/\/www.wald.com.br\/en\/covid-19-saiba-regras-para-pedir-revisao-do-plano-de-recuperacao-judicial\/","og_site_name":"Wald Advogados","article_published_time":"2020-04-06T18:14:52+00:00","article_modified_time":"2020-04-26T13:48:03+00:00","og_image":[{"url":"http:\/\/www.wald.com.br\/wp-content\/uploads\/2020\/04\/logo-nova-exame-300x56.png","type":"","width":"","height":""}],"author":"Wald, Antunes, Vita, Longo e Blattner Advogados","twitter_card":"summary_large_image","twitter_misc":{"Written by":"Wald, Antunes, Vita, Longo e Blattner Advogados","Est. reading time":"3 minutes"},"schema":{"@context":"https:\/\/schema.org","@graph":[{"@type":"Article","@id":"https:\/\/www.wald.com.br\/en\/covid-19-saiba-regras-para-pedir-revisao-do-plano-de-recuperacao-judicial\/#article","isPartOf":{"@id":"https:\/\/www.wald.com.br\/en\/covid-19-saiba-regras-para-pedir-revisao-do-plano-de-recuperacao-judicial\/"},"author":{"name":"Wald, Antunes, Vita, Longo e Blattner Advogados","@id":"https:\/\/www.wald.com.br\/en\/#\/schema\/person\/d65f9ebf3187dd1bb99a863aefa5f9e7"},"headline":"Covid-19: saiba regras para pedir revis\u00e3o do plano de recupera\u00e7\u00e3o judicial","datePublished":"2020-04-06T18:14:52+00:00","dateModified":"2020-04-26T13:48:03+00:00","mainEntityOfPage":{"@id":"https:\/\/www.wald.com.br\/en\/covid-19-saiba-regras-para-pedir-revisao-do-plano-de-recuperacao-judicial\/"},"wordCount":598,"commentCount":0,"publisher":{"@id":"https:\/\/www.wald.com.br\/en\/#organization"},"image":{"@id":"https:\/\/www.wald.com.br\/en\/covid-19-saiba-regras-para-pedir-revisao-do-plano-de-recuperacao-judicial\/#primaryimage"},"thumbnailUrl":"http:\/\/www.wald.com.br\/wp-content\/uploads\/2020\/04\/logo-nova-exame-300x56.png","keywords":["Coronav\u00edrus","Covid-19","Recupera\u00e7\u00e3o empresarial"],"articleSection":["News"],"inLanguage":"en-US","potentialAction":[{"@type":"CommentAction","name":"Comment","target":["https:\/\/www.wald.com.br\/en\/covid-19-saiba-regras-para-pedir-revisao-do-plano-de-recuperacao-judicial\/#respond"]}]},{"@type":"WebPage","@id":"https:\/\/www.wald.com.br\/en\/covid-19-saiba-regras-para-pedir-revisao-do-plano-de-recuperacao-judicial\/","url":"https:\/\/www.wald.com.br\/en\/covid-19-saiba-regras-para-pedir-revisao-do-plano-de-recuperacao-judicial\/","name":"Covid-19: saiba regras para pedir revis\u00e3o do plano de recupera\u00e7\u00e3o judicial | Wald Advogados","isPartOf":{"@id":"https:\/\/www.wald.com.br\/en\/#website"},"primaryImageOfPage":{"@id":"https:\/\/www.wald.com.br\/en\/covid-19-saiba-regras-para-pedir-revisao-do-plano-de-recuperacao-judicial\/#primaryimage"},"image":{"@id":"https:\/\/www.wald.com.br\/en\/covid-19-saiba-regras-para-pedir-revisao-do-plano-de-recuperacao-judicial\/#primaryimage"},"thumbnailUrl":"http:\/\/www.wald.com.br\/wp-content\/uploads\/2020\/04\/logo-nova-exame-300x56.png","datePublished":"2020-04-06T18:14:52+00:00","dateModified":"2020-04-26T13:48:03+00:00","breadcrumb":{"@id":"https:\/\/www.wald.com.br\/en\/covid-19-saiba-regras-para-pedir-revisao-do-plano-de-recuperacao-judicial\/#breadcrumb"},"inLanguage":"en-US","potentialAction":[{"@type":"ReadAction","target":["https:\/\/www.wald.com.br\/en\/covid-19-saiba-regras-para-pedir-revisao-do-plano-de-recuperacao-judicial\/"]}]},{"@type":"ImageObject","inLanguage":"en-US","@id":"https:\/\/www.wald.com.br\/en\/covid-19-saiba-regras-para-pedir-revisao-do-plano-de-recuperacao-judicial\/#primaryimage","url":"http:\/\/www.wald.com.br\/wp-content\/uploads\/2020\/04\/logo-nova-exame-300x56.png","contentUrl":"http:\/\/www.wald.com.br\/wp-content\/uploads\/2020\/04\/logo-nova-exame-300x56.png"},{"@type":"BreadcrumbList","@id":"https:\/\/www.wald.com.br\/en\/covid-19-saiba-regras-para-pedir-revisao-do-plano-de-recuperacao-judicial\/#breadcrumb","itemListElement":[{"@type":"ListItem","position":1,"name":"In\u00edcio","item":"https:\/\/www.wald.com.br\/"},{"@type":"ListItem","position":2,"name":"Covid-19: saiba regras para pedir revis\u00e3o do plano de recupera\u00e7\u00e3o judicial"}]},{"@type":"WebSite","@id":"https:\/\/www.wald.com.br\/en\/#website","url":"https:\/\/www.wald.com.br\/en\/","name":"Wald Advogados","description":"66 years of leading law practice","publisher":{"@id":"https:\/\/www.wald.com.br\/en\/#organization"},"potentialAction":[{"@type":"SearchAction","target":{"@type":"EntryPoint","urlTemplate":"https:\/\/www.wald.com.br\/en\/?s={search_term_string}"},"query-input":{"@type":"PropertyValueSpecification","valueRequired":true,"valueName":"search_term_string"}}],"inLanguage":"en-US"},{"@type":"Organization","@id":"https:\/\/www.wald.com.br\/en\/#organization","name":"Wald, Antunes, Vita, Longo e Blattner Advogados","url":"https:\/\/www.wald.com.br\/en\/","logo":{"@type":"ImageObject","inLanguage":"en-US","@id":"https:\/\/www.wald.com.br\/en\/#\/schema\/logo\/image\/","url":"https:\/\/www.wald.com.br\/wp-content\/uploads\/2020\/02\/Logo_Wald.png","contentUrl":"https:\/\/www.wald.com.br\/wp-content\/uploads\/2020\/02\/Logo_Wald.png","width":5260,"height":2565,"caption":"Wald, Antunes, Vita, Longo e Blattner Advogados"},"image":{"@id":"https:\/\/www.wald.com.br\/en\/#\/schema\/logo\/image\/"},"sameAs":["https:\/\/www.linkedin.com\/company\/wald"]},{"@type":"Person","@id":"https:\/\/www.wald.com.br\/en\/#\/schema\/person\/d65f9ebf3187dd1bb99a863aefa5f9e7","name":"Wald, Antunes, Vita, Longo e Blattner Advogados","image":{"@type":"ImageObject","inLanguage":"en-US","@id":"https:\/\/secure.gravatar.com\/avatar\/9f6f5a1ba9c8ba7eab75c520077876d5eccee457c639f33a1ccaa9396e5855e0?s=96&d=mm&r=g","url":"https:\/\/secure.gravatar.com\/avatar\/9f6f5a1ba9c8ba7eab75c520077876d5eccee457c639f33a1ccaa9396e5855e0?s=96&d=mm&r=g","contentUrl":"https:\/\/secure.gravatar.com\/avatar\/9f6f5a1ba9c8ba7eab75c520077876d5eccee457c639f33a1ccaa9396e5855e0?s=96&d=mm&r=g","caption":"Wald, Antunes, Vita, Longo e Blattner Advogados"},"url":"https:\/\/www.wald.com.br\/en\/author\/wald-antunes-vita-longo-e-blattner-advogados\/"}]}},"_links":{"self":[{"href":"https:\/\/www.wald.com.br\/en\/wp-json\/wp\/v2\/posts\/688","targetHints":{"allow":["GET"]}}],"collection":[{"href":"https:\/\/www.wald.com.br\/en\/wp-json\/wp\/v2\/posts"}],"about":[{"href":"https:\/\/www.wald.com.br\/en\/wp-json\/wp\/v2\/types\/post"}],"author":[{"embeddable":true,"href":"https:\/\/www.wald.com.br\/en\/wp-json\/wp\/v2\/users\/3"}],"replies":[{"embeddable":true,"href":"https:\/\/www.wald.com.br\/en\/wp-json\/wp\/v2\/comments?post=688"}],"version-history":[{"count":5,"href":"https:\/\/www.wald.com.br\/en\/wp-json\/wp\/v2\/posts\/688\/revisions"}],"predecessor-version":[{"id":991,"href":"https:\/\/www.wald.com.br\/en\/wp-json\/wp\/v2\/posts\/688\/revisions\/991"}],"wp:attachment":[{"href":"https:\/\/www.wald.com.br\/en\/wp-json\/wp\/v2\/media?parent=688"}],"wp:term":[{"taxonomy":"category","embeddable":true,"href":"https:\/\/www.wald.com.br\/en\/wp-json\/wp\/v2\/categories?post=688"},{"taxonomy":"post_tag","embeddable":true,"href":"https:\/\/www.wald.com.br\/en\/wp-json\/wp\/v2\/tags?post=688"}],"curies":[{"name":"wp","href":"https:\/\/api.w.org\/{rel}","templated":true}]}}