{"id":698,"date":"2020-03-31T15:25:47","date_gmt":"2020-03-31T18:25:47","guid":{"rendered":"http:\/\/www.wald.com.br\/?p=698"},"modified":"2020-04-26T10:48:47","modified_gmt":"2020-04-26T13:48:47","slug":"cnj-aprova-recomendacao-para-tribunais-sobre-recuperacao-judicial","status":"publish","type":"post","link":"https:\/\/www.wald.com.br\/en\/cnj-aprova-recomendacao-para-tribunais-sobre-recuperacao-judicial\/","title":{"rendered":"CNJ aprova recomenda\u00e7\u00e3o para tribunais sobre recupera\u00e7\u00e3o judicial"},"content":{"rendered":"<p><span style=\"font-size: 20px;\"><strong><span style=\"font-size: 12px;\">Publicado no<\/span><\/strong><br \/>\n<a href=\"https:\/\/www.conjur.com.br\/2020-mar-31\/cnj-aprova-recomendacao-tribunais-recuperacao-judicial\" target=\"_blank\" rel=\"noopener noreferrer\"><img loading=\"lazy\" decoding=\"async\" class=\"alignnone wp-image-912\" src=\"http:\/\/www.wald.com.br\/wp-content\/uploads\/2020\/04\/conjur_html_2e39a9340d739397.png\" alt=\"\" width=\"150\" height=\"28\" \/><\/a><\/span><\/p>\n<p>O Conselho Nacional de Justi\u00e7a aprovou, em sess\u00e3o virtual nesta ter\u00e7a-feira (31\/3), uma recomenda\u00e7\u00e3o para orientar os ju\u00edzes e uniformizar o tratamento dos processos de recupera\u00e7\u00e3o judicial durante a pandemia do coronav\u00edrus (Covid-19).<\/p>\n<p>Ao ler a proposta, o conselheiro Henrique \u00c1vila afirmou que a medida visa ajudar os ju\u00edzes que n\u00e3o s\u00e3o especializados na mat\u00e9ria e \u201cmitigar os efeitos econ\u00f4micos decorrentes das medidas recomendadas pelas autoridades sanit\u00e1rias para o controle da pandemia\u201d.<\/p>\n<p>A proposta nasceu do grupo de trabalho criado pelo CNJ para contribuir com o aperfei\u00e7oamento da atua\u00e7\u00e3o do Judici\u00e1rio nos processos de recupera\u00e7\u00e3o judicial e fal\u00eancia. O grupo \u00e9 coordenado pelo ministro do Superior Tribunal de Justi\u00e7a, Lu\u00eds Felipe Salom\u00e3o, especialista no tema.<\/p>\n<p>De acordo com a advogada <strong><a href=\"http:\/\/www.wald.com.br\/equipe\/samantha-mendes-longo\/\" target=\"_blank\" rel=\"noopener noreferrer\">Samantha Mendes Longo<\/a>, s\u00f3cia de Wald, Antunes, Vita, Longo e Blattner Advogados<\/strong>, a nova recomenda\u00e7\u00e3o \u201c\u00e9 de crucial import\u00e2ncia neste delicado momento para as empresas em recupera\u00e7\u00e3o\u201d.<\/p>\n<blockquote>\n<p><span style=\"font-size: 20px;\"><em>\u201cA orienta\u00e7\u00e3o geral aos magistrados, especialmente aqueles que julgam processos de recupera\u00e7\u00e3o empresarial mas n\u00e3o s\u00e3o de varas especializadas, contribui para conferir seguran\u00e7a jur\u00eddica. A ideia central \u00e9 permitir que as empresas em recupera\u00e7\u00e3o possam continuar suas atividades, cumprindo sua fun\u00e7\u00e3o social, protegendo empregos e a pr\u00f3pria economia\u201d, disse a advogada, que tamb\u00e9m participa do grupo de trabalho.<\/em><\/span><\/p>\n<\/blockquote>\n<p>Leia abaixo todas as recomenda\u00e7\u00f5es aprovadas a todos os ju\u00edzos com compet\u00eancia para o julgamento de a\u00e7\u00f5es de recupera\u00e7\u00e3o empresarial e fal\u00eancia:<\/p>\n<p>a) priorizar a an\u00e1lise e decis\u00e3o sobre levantamento de valores em favor dos credores ou empresas recuperandas;<br \/>\nb) suspender de Assembleias Gerais de Credores presenciais, autorizando a realiza\u00e7\u00e3o de reuni\u00f5es virtuais quando necess\u00e1ria para a manuten\u00e7\u00e3o das atividades empresariais da devedora e para o in\u00edcio dos pagamentos aos credores;<br \/>\nc) prorrogar o per\u00edodo de suspens\u00e3o previsto no art. 6\u00ba da Lei de Fal\u00eancias quando houver a necessidade de adiar a Assembleia Geral de Credores;<br \/>\nd) autorizar a apresenta\u00e7\u00e3o de plano de recupera\u00e7\u00e3o modificativo quando comprovada a diminui\u00e7\u00e3o na capacidade de cumprimento das obriga\u00e7\u00f5es em decorr\u00eancia da pandemia da Covid19, incluindo a considera\u00e7\u00e3o, nos casos concretos, da ocorr\u00eancia de for\u00e7a maior ou de caso fortuito antes de eventual declara\u00e7\u00e3o de fal\u00eancia (Lei de Fal\u00eancias, art. 73, IV);<br \/>\ne) determinar aos administradores judiciais que continuem a promover a fiscaliza\u00e7\u00e3o das atividades das empresas 4 recuperandas de forma virtual ou remota, e a publicar na Internet os Relat\u00f3rios Mensais de Atividade; e<br \/>\nf) avaliar com cautela o deferimento de medidas de urg\u00eancia, despejo por falta de pagamento e atos executivos de natureza patrimonial em a\u00e7\u00f5es judiciais que demandem obriga\u00e7\u00f5es inadimplidas durante o estado de calamidade p\u00fablica reconhecido pelo Decreto Legislativo n\u00ba 6 de 20 de mar\u00e7o de 2020.<\/p>\n<p>Reportagem publicada no <a href=\"https:\/\/www.conjur.com.br\/2020-mar-31\/cnj-aprova-recomendacao-tribunais-recuperacao-judicial\" target=\"_blank\" rel=\"noopener noreferrer\">Consultor Jur\u00eddico<\/a>.<\/p>\n","protected":false},"excerpt":{"rendered":"<p>Publicado no O Conselho Nacional de Justi\u00e7a aprovou, em sess\u00e3o virtual nesta ter\u00e7a-feira (31\/3), uma recomenda\u00e7\u00e3o para orientar os ju\u00edzes e uniformizar o tratamento dos processos de recupera\u00e7\u00e3o judicial durante a pandemia do coronav\u00edrus (Covid-19). Ao ler a proposta, o conselheiro Henrique \u00c1vila afirmou que a medida visa ajudar os ju\u00edzes que n\u00e3o s\u00e3o especializados [&hellip;]<\/p>\n","protected":false},"author":3,"featured_media":0,"comment_status":"open","ping_status":"closed","sticky":false,"template":"","format":"standard","meta":{"_acf_changed":false,"footnotes":""},"categories":[2],"tags":[23,21,20,19],"class_list":["post-698","post","type-post","status-publish","format-standard","hentry","category-noticias","tag-conselho-nacional-de-justica","tag-coronavirus","tag-covid-19","tag-recuperacao-empresarial"],"acf":[],"yoast_head":"<!-- This site is optimized with the Yoast SEO plugin v27.5 - https:\/\/yoast.com\/product\/yoast-seo-wordpress\/ -->\n<title>CNJ aprova recomenda\u00e7\u00e3o para tribunais sobre recupera\u00e7\u00e3o judicial | Wald Advogados<\/title>\n<meta name=\"robots\" content=\"index, follow, max-snippet:-1, max-image-preview:large, max-video-preview:-1\" \/>\n<link rel=\"canonical\" href=\"https:\/\/www.wald.com.br\/en\/cnj-aprova-recomendacao-para-tribunais-sobre-recuperacao-judicial\/\" \/>\n<meta property=\"og:locale\" content=\"en_US\" \/>\n<meta property=\"og:type\" content=\"article\" \/>\n<meta property=\"og:title\" content=\"CNJ aprova recomenda\u00e7\u00e3o para tribunais sobre recupera\u00e7\u00e3o judicial | Wald Advogados\" \/>\n<meta property=\"og:description\" content=\"Publicado no O Conselho Nacional de Justi\u00e7a aprovou, em sess\u00e3o virtual nesta ter\u00e7a-feira (31\/3), uma recomenda\u00e7\u00e3o para orientar os ju\u00edzes e uniformizar o tratamento dos processos de recupera\u00e7\u00e3o judicial durante a pandemia do coronav\u00edrus (Covid-19). Ao ler a proposta, o conselheiro Henrique \u00c1vila afirmou que a medida visa ajudar os ju\u00edzes que n\u00e3o s\u00e3o especializados [&hellip;]\" \/>\n<meta property=\"og:url\" content=\"https:\/\/www.wald.com.br\/en\/cnj-aprova-recomendacao-para-tribunais-sobre-recuperacao-judicial\/\" \/>\n<meta property=\"og:site_name\" content=\"Wald Advogados\" \/>\n<meta property=\"article:published_time\" content=\"2020-03-31T18:25:47+00:00\" \/>\n<meta property=\"article:modified_time\" content=\"2020-04-26T13:48:47+00:00\" \/>\n<meta property=\"og:image\" content=\"http:\/\/www.wald.com.br\/wp-content\/uploads\/2020\/04\/conjur_html_2e39a9340d739397.png\" \/>\n<meta name=\"author\" content=\"Wald, Antunes, Vita, Longo e Blattner Advogados\" \/>\n<meta name=\"twitter:card\" content=\"summary_large_image\" \/>\n<meta name=\"twitter:label1\" content=\"Written by\" \/>\n\t<meta name=\"twitter:data1\" content=\"Wald, Antunes, Vita, Longo e Blattner Advogados\" \/>\n\t<meta name=\"twitter:label2\" content=\"Est. reading time\" \/>\n\t<meta name=\"twitter:data2\" content=\"2 minutes\" \/>\n<script type=\"application\/ld+json\" class=\"yoast-schema-graph\">{\"@context\":\"https:\\\/\\\/schema.org\",\"@graph\":[{\"@type\":\"Article\",\"@id\":\"https:\\\/\\\/www.wald.com.br\\\/en\\\/cnj-aprova-recomendacao-para-tribunais-sobre-recuperacao-judicial\\\/#article\",\"isPartOf\":{\"@id\":\"https:\\\/\\\/www.wald.com.br\\\/en\\\/cnj-aprova-recomendacao-para-tribunais-sobre-recuperacao-judicial\\\/\"},\"author\":{\"name\":\"Wald, Antunes, Vita, Longo e Blattner Advogados\",\"@id\":\"https:\\\/\\\/www.wald.com.br\\\/en\\\/#\\\/schema\\\/person\\\/d65f9ebf3187dd1bb99a863aefa5f9e7\"},\"headline\":\"CNJ aprova recomenda\u00e7\u00e3o para tribunais sobre recupera\u00e7\u00e3o judicial\",\"datePublished\":\"2020-03-31T18:25:47+00:00\",\"dateModified\":\"2020-04-26T13:48:47+00:00\",\"mainEntityOfPage\":{\"@id\":\"https:\\\/\\\/www.wald.com.br\\\/en\\\/cnj-aprova-recomendacao-para-tribunais-sobre-recuperacao-judicial\\\/\"},\"wordCount\":509,\"commentCount\":0,\"publisher\":{\"@id\":\"https:\\\/\\\/www.wald.com.br\\\/en\\\/#organization\"},\"image\":{\"@id\":\"https:\\\/\\\/www.wald.com.br\\\/en\\\/cnj-aprova-recomendacao-para-tribunais-sobre-recuperacao-judicial\\\/#primaryimage\"},\"thumbnailUrl\":\"http:\\\/\\\/www.wald.com.br\\\/wp-content\\\/uploads\\\/2020\\\/04\\\/conjur_html_2e39a9340d739397.png\",\"keywords\":[\"Conselho Nacional de Justi\u00e7a\",\"Coronav\u00edrus\",\"Covid-19\",\"Recupera\u00e7\u00e3o empresarial\"],\"articleSection\":[\"News\"],\"inLanguage\":\"en-US\",\"potentialAction\":[{\"@type\":\"CommentAction\",\"name\":\"Comment\",\"target\":[\"https:\\\/\\\/www.wald.com.br\\\/en\\\/cnj-aprova-recomendacao-para-tribunais-sobre-recuperacao-judicial\\\/#respond\"]}]},{\"@type\":\"WebPage\",\"@id\":\"https:\\\/\\\/www.wald.com.br\\\/en\\\/cnj-aprova-recomendacao-para-tribunais-sobre-recuperacao-judicial\\\/\",\"url\":\"https:\\\/\\\/www.wald.com.br\\\/en\\\/cnj-aprova-recomendacao-para-tribunais-sobre-recuperacao-judicial\\\/\",\"name\":\"CNJ aprova recomenda\u00e7\u00e3o para tribunais sobre recupera\u00e7\u00e3o judicial | Wald Advogados\",\"isPartOf\":{\"@id\":\"https:\\\/\\\/www.wald.com.br\\\/en\\\/#website\"},\"primaryImageOfPage\":{\"@id\":\"https:\\\/\\\/www.wald.com.br\\\/en\\\/cnj-aprova-recomendacao-para-tribunais-sobre-recuperacao-judicial\\\/#primaryimage\"},\"image\":{\"@id\":\"https:\\\/\\\/www.wald.com.br\\\/en\\\/cnj-aprova-recomendacao-para-tribunais-sobre-recuperacao-judicial\\\/#primaryimage\"},\"thumbnailUrl\":\"http:\\\/\\\/www.wald.com.br\\\/wp-content\\\/uploads\\\/2020\\\/04\\\/conjur_html_2e39a9340d739397.png\",\"datePublished\":\"2020-03-31T18:25:47+00:00\",\"dateModified\":\"2020-04-26T13:48:47+00:00\",\"breadcrumb\":{\"@id\":\"https:\\\/\\\/www.wald.com.br\\\/en\\\/cnj-aprova-recomendacao-para-tribunais-sobre-recuperacao-judicial\\\/#breadcrumb\"},\"inLanguage\":\"en-US\",\"potentialAction\":[{\"@type\":\"ReadAction\",\"target\":[\"https:\\\/\\\/www.wald.com.br\\\/en\\\/cnj-aprova-recomendacao-para-tribunais-sobre-recuperacao-judicial\\\/\"]}]},{\"@type\":\"ImageObject\",\"inLanguage\":\"en-US\",\"@id\":\"https:\\\/\\\/www.wald.com.br\\\/en\\\/cnj-aprova-recomendacao-para-tribunais-sobre-recuperacao-judicial\\\/#primaryimage\",\"url\":\"http:\\\/\\\/www.wald.com.br\\\/wp-content\\\/uploads\\\/2020\\\/04\\\/conjur_html_2e39a9340d739397.png\",\"contentUrl\":\"http:\\\/\\\/www.wald.com.br\\\/wp-content\\\/uploads\\\/2020\\\/04\\\/conjur_html_2e39a9340d739397.png\"},{\"@type\":\"BreadcrumbList\",\"@id\":\"https:\\\/\\\/www.wald.com.br\\\/en\\\/cnj-aprova-recomendacao-para-tribunais-sobre-recuperacao-judicial\\\/#breadcrumb\",\"itemListElement\":[{\"@type\":\"ListItem\",\"position\":1,\"name\":\"In\u00edcio\",\"item\":\"https:\\\/\\\/www.wald.com.br\\\/\"},{\"@type\":\"ListItem\",\"position\":2,\"name\":\"CNJ aprova recomenda\u00e7\u00e3o para tribunais sobre recupera\u00e7\u00e3o judicial\"}]},{\"@type\":\"WebSite\",\"@id\":\"https:\\\/\\\/www.wald.com.br\\\/en\\\/#website\",\"url\":\"https:\\\/\\\/www.wald.com.br\\\/en\\\/\",\"name\":\"Wald Advogados\",\"description\":\"66 years of leading law practice\",\"publisher\":{\"@id\":\"https:\\\/\\\/www.wald.com.br\\\/en\\\/#organization\"},\"potentialAction\":[{\"@type\":\"SearchAction\",\"target\":{\"@type\":\"EntryPoint\",\"urlTemplate\":\"https:\\\/\\\/www.wald.com.br\\\/en\\\/?s={search_term_string}\"},\"query-input\":{\"@type\":\"PropertyValueSpecification\",\"valueRequired\":true,\"valueName\":\"search_term_string\"}}],\"inLanguage\":\"en-US\"},{\"@type\":\"Organization\",\"@id\":\"https:\\\/\\\/www.wald.com.br\\\/en\\\/#organization\",\"name\":\"Wald, Antunes, Vita, Longo e Blattner Advogados\",\"url\":\"https:\\\/\\\/www.wald.com.br\\\/en\\\/\",\"logo\":{\"@type\":\"ImageObject\",\"inLanguage\":\"en-US\",\"@id\":\"https:\\\/\\\/www.wald.com.br\\\/en\\\/#\\\/schema\\\/logo\\\/image\\\/\",\"url\":\"https:\\\/\\\/www.wald.com.br\\\/wp-content\\\/uploads\\\/2020\\\/02\\\/Logo_Wald.png\",\"contentUrl\":\"https:\\\/\\\/www.wald.com.br\\\/wp-content\\\/uploads\\\/2020\\\/02\\\/Logo_Wald.png\",\"width\":5260,\"height\":2565,\"caption\":\"Wald, Antunes, Vita, Longo e Blattner Advogados\"},\"image\":{\"@id\":\"https:\\\/\\\/www.wald.com.br\\\/en\\\/#\\\/schema\\\/logo\\\/image\\\/\"},\"sameAs\":[\"https:\\\/\\\/www.linkedin.com\\\/company\\\/wald\"]},{\"@type\":\"Person\",\"@id\":\"https:\\\/\\\/www.wald.com.br\\\/en\\\/#\\\/schema\\\/person\\\/d65f9ebf3187dd1bb99a863aefa5f9e7\",\"name\":\"Wald, Antunes, Vita, Longo e Blattner Advogados\",\"image\":{\"@type\":\"ImageObject\",\"inLanguage\":\"en-US\",\"@id\":\"https:\\\/\\\/secure.gravatar.com\\\/avatar\\\/9f6f5a1ba9c8ba7eab75c520077876d5eccee457c639f33a1ccaa9396e5855e0?s=96&d=mm&r=g\",\"url\":\"https:\\\/\\\/secure.gravatar.com\\\/avatar\\\/9f6f5a1ba9c8ba7eab75c520077876d5eccee457c639f33a1ccaa9396e5855e0?s=96&d=mm&r=g\",\"contentUrl\":\"https:\\\/\\\/secure.gravatar.com\\\/avatar\\\/9f6f5a1ba9c8ba7eab75c520077876d5eccee457c639f33a1ccaa9396e5855e0?s=96&d=mm&r=g\",\"caption\":\"Wald, Antunes, Vita, Longo e Blattner Advogados\"},\"url\":\"https:\\\/\\\/www.wald.com.br\\\/en\\\/author\\\/wald-antunes-vita-longo-e-blattner-advogados\\\/\"}]}<\/script>\n<!-- \/ Yoast SEO plugin. -->","yoast_head_json":{"title":"CNJ aprova recomenda\u00e7\u00e3o para tribunais sobre recupera\u00e7\u00e3o judicial | Wald Advogados","robots":{"index":"index","follow":"follow","max-snippet":"max-snippet:-1","max-image-preview":"max-image-preview:large","max-video-preview":"max-video-preview:-1"},"canonical":"https:\/\/www.wald.com.br\/en\/cnj-aprova-recomendacao-para-tribunais-sobre-recuperacao-judicial\/","og_locale":"en_US","og_type":"article","og_title":"CNJ aprova recomenda\u00e7\u00e3o para tribunais sobre recupera\u00e7\u00e3o judicial | Wald Advogados","og_description":"Publicado no O Conselho Nacional de Justi\u00e7a aprovou, em sess\u00e3o virtual nesta ter\u00e7a-feira (31\/3), uma recomenda\u00e7\u00e3o para orientar os ju\u00edzes e uniformizar o tratamento dos processos de recupera\u00e7\u00e3o judicial durante a pandemia do coronav\u00edrus (Covid-19). Ao ler a proposta, o conselheiro Henrique \u00c1vila afirmou que a medida visa ajudar os ju\u00edzes que n\u00e3o s\u00e3o especializados [&hellip;]","og_url":"https:\/\/www.wald.com.br\/en\/cnj-aprova-recomendacao-para-tribunais-sobre-recuperacao-judicial\/","og_site_name":"Wald Advogados","article_published_time":"2020-03-31T18:25:47+00:00","article_modified_time":"2020-04-26T13:48:47+00:00","og_image":[{"url":"http:\/\/www.wald.com.br\/wp-content\/uploads\/2020\/04\/conjur_html_2e39a9340d739397.png","type":"","width":"","height":""}],"author":"Wald, Antunes, Vita, Longo e Blattner Advogados","twitter_card":"summary_large_image","twitter_misc":{"Written by":"Wald, Antunes, Vita, Longo e Blattner Advogados","Est. reading time":"2 minutes"},"schema":{"@context":"https:\/\/schema.org","@graph":[{"@type":"Article","@id":"https:\/\/www.wald.com.br\/en\/cnj-aprova-recomendacao-para-tribunais-sobre-recuperacao-judicial\/#article","isPartOf":{"@id":"https:\/\/www.wald.com.br\/en\/cnj-aprova-recomendacao-para-tribunais-sobre-recuperacao-judicial\/"},"author":{"name":"Wald, Antunes, Vita, Longo e Blattner Advogados","@id":"https:\/\/www.wald.com.br\/en\/#\/schema\/person\/d65f9ebf3187dd1bb99a863aefa5f9e7"},"headline":"CNJ aprova recomenda\u00e7\u00e3o para tribunais sobre recupera\u00e7\u00e3o judicial","datePublished":"2020-03-31T18:25:47+00:00","dateModified":"2020-04-26T13:48:47+00:00","mainEntityOfPage":{"@id":"https:\/\/www.wald.com.br\/en\/cnj-aprova-recomendacao-para-tribunais-sobre-recuperacao-judicial\/"},"wordCount":509,"commentCount":0,"publisher":{"@id":"https:\/\/www.wald.com.br\/en\/#organization"},"image":{"@id":"https:\/\/www.wald.com.br\/en\/cnj-aprova-recomendacao-para-tribunais-sobre-recuperacao-judicial\/#primaryimage"},"thumbnailUrl":"http:\/\/www.wald.com.br\/wp-content\/uploads\/2020\/04\/conjur_html_2e39a9340d739397.png","keywords":["Conselho Nacional de Justi\u00e7a","Coronav\u00edrus","Covid-19","Recupera\u00e7\u00e3o empresarial"],"articleSection":["News"],"inLanguage":"en-US","potentialAction":[{"@type":"CommentAction","name":"Comment","target":["https:\/\/www.wald.com.br\/en\/cnj-aprova-recomendacao-para-tribunais-sobre-recuperacao-judicial\/#respond"]}]},{"@type":"WebPage","@id":"https:\/\/www.wald.com.br\/en\/cnj-aprova-recomendacao-para-tribunais-sobre-recuperacao-judicial\/","url":"https:\/\/www.wald.com.br\/en\/cnj-aprova-recomendacao-para-tribunais-sobre-recuperacao-judicial\/","name":"CNJ aprova recomenda\u00e7\u00e3o para tribunais sobre recupera\u00e7\u00e3o judicial | Wald Advogados","isPartOf":{"@id":"https:\/\/www.wald.com.br\/en\/#website"},"primaryImageOfPage":{"@id":"https:\/\/www.wald.com.br\/en\/cnj-aprova-recomendacao-para-tribunais-sobre-recuperacao-judicial\/#primaryimage"},"image":{"@id":"https:\/\/www.wald.com.br\/en\/cnj-aprova-recomendacao-para-tribunais-sobre-recuperacao-judicial\/#primaryimage"},"thumbnailUrl":"http:\/\/www.wald.com.br\/wp-content\/uploads\/2020\/04\/conjur_html_2e39a9340d739397.png","datePublished":"2020-03-31T18:25:47+00:00","dateModified":"2020-04-26T13:48:47+00:00","breadcrumb":{"@id":"https:\/\/www.wald.com.br\/en\/cnj-aprova-recomendacao-para-tribunais-sobre-recuperacao-judicial\/#breadcrumb"},"inLanguage":"en-US","potentialAction":[{"@type":"ReadAction","target":["https:\/\/www.wald.com.br\/en\/cnj-aprova-recomendacao-para-tribunais-sobre-recuperacao-judicial\/"]}]},{"@type":"ImageObject","inLanguage":"en-US","@id":"https:\/\/www.wald.com.br\/en\/cnj-aprova-recomendacao-para-tribunais-sobre-recuperacao-judicial\/#primaryimage","url":"http:\/\/www.wald.com.br\/wp-content\/uploads\/2020\/04\/conjur_html_2e39a9340d739397.png","contentUrl":"http:\/\/www.wald.com.br\/wp-content\/uploads\/2020\/04\/conjur_html_2e39a9340d739397.png"},{"@type":"BreadcrumbList","@id":"https:\/\/www.wald.com.br\/en\/cnj-aprova-recomendacao-para-tribunais-sobre-recuperacao-judicial\/#breadcrumb","itemListElement":[{"@type":"ListItem","position":1,"name":"In\u00edcio","item":"https:\/\/www.wald.com.br\/"},{"@type":"ListItem","position":2,"name":"CNJ aprova recomenda\u00e7\u00e3o para tribunais sobre recupera\u00e7\u00e3o judicial"}]},{"@type":"WebSite","@id":"https:\/\/www.wald.com.br\/en\/#website","url":"https:\/\/www.wald.com.br\/en\/","name":"Wald Advogados","description":"66 years of leading law practice","publisher":{"@id":"https:\/\/www.wald.com.br\/en\/#organization"},"potentialAction":[{"@type":"SearchAction","target":{"@type":"EntryPoint","urlTemplate":"https:\/\/www.wald.com.br\/en\/?s={search_term_string}"},"query-input":{"@type":"PropertyValueSpecification","valueRequired":true,"valueName":"search_term_string"}}],"inLanguage":"en-US"},{"@type":"Organization","@id":"https:\/\/www.wald.com.br\/en\/#organization","name":"Wald, Antunes, Vita, Longo e Blattner Advogados","url":"https:\/\/www.wald.com.br\/en\/","logo":{"@type":"ImageObject","inLanguage":"en-US","@id":"https:\/\/www.wald.com.br\/en\/#\/schema\/logo\/image\/","url":"https:\/\/www.wald.com.br\/wp-content\/uploads\/2020\/02\/Logo_Wald.png","contentUrl":"https:\/\/www.wald.com.br\/wp-content\/uploads\/2020\/02\/Logo_Wald.png","width":5260,"height":2565,"caption":"Wald, Antunes, Vita, Longo e Blattner Advogados"},"image":{"@id":"https:\/\/www.wald.com.br\/en\/#\/schema\/logo\/image\/"},"sameAs":["https:\/\/www.linkedin.com\/company\/wald"]},{"@type":"Person","@id":"https:\/\/www.wald.com.br\/en\/#\/schema\/person\/d65f9ebf3187dd1bb99a863aefa5f9e7","name":"Wald, Antunes, Vita, Longo e Blattner Advogados","image":{"@type":"ImageObject","inLanguage":"en-US","@id":"https:\/\/secure.gravatar.com\/avatar\/9f6f5a1ba9c8ba7eab75c520077876d5eccee457c639f33a1ccaa9396e5855e0?s=96&d=mm&r=g","url":"https:\/\/secure.gravatar.com\/avatar\/9f6f5a1ba9c8ba7eab75c520077876d5eccee457c639f33a1ccaa9396e5855e0?s=96&d=mm&r=g","contentUrl":"https:\/\/secure.gravatar.com\/avatar\/9f6f5a1ba9c8ba7eab75c520077876d5eccee457c639f33a1ccaa9396e5855e0?s=96&d=mm&r=g","caption":"Wald, Antunes, Vita, Longo e Blattner Advogados"},"url":"https:\/\/www.wald.com.br\/en\/author\/wald-antunes-vita-longo-e-blattner-advogados\/"}]}},"_links":{"self":[{"href":"https:\/\/www.wald.com.br\/en\/wp-json\/wp\/v2\/posts\/698","targetHints":{"allow":["GET"]}}],"collection":[{"href":"https:\/\/www.wald.com.br\/en\/wp-json\/wp\/v2\/posts"}],"about":[{"href":"https:\/\/www.wald.com.br\/en\/wp-json\/wp\/v2\/types\/post"}],"author":[{"embeddable":true,"href":"https:\/\/www.wald.com.br\/en\/wp-json\/wp\/v2\/users\/3"}],"replies":[{"embeddable":true,"href":"https:\/\/www.wald.com.br\/en\/wp-json\/wp\/v2\/comments?post=698"}],"version-history":[{"count":3,"href":"https:\/\/www.wald.com.br\/en\/wp-json\/wp\/v2\/posts\/698\/revisions"}],"predecessor-version":[{"id":993,"href":"https:\/\/www.wald.com.br\/en\/wp-json\/wp\/v2\/posts\/698\/revisions\/993"}],"wp:attachment":[{"href":"https:\/\/www.wald.com.br\/en\/wp-json\/wp\/v2\/media?parent=698"}],"wp:term":[{"taxonomy":"category","embeddable":true,"href":"https:\/\/www.wald.com.br\/en\/wp-json\/wp\/v2\/categories?post=698"},{"taxonomy":"post_tag","embeddable":true,"href":"https:\/\/www.wald.com.br\/en\/wp-json\/wp\/v2\/tags?post=698"}],"curies":[{"name":"wp","href":"https:\/\/api.w.org\/{rel}","templated":true}]}}