{"id":703,"date":"2020-03-25T15:37:54","date_gmt":"2020-03-25T18:37:54","guid":{"rendered":"http:\/\/www.wald.com.br\/?p=703"},"modified":"2021-06-10T08:58:04","modified_gmt":"2021-06-10T11:58:04","slug":"tst-recomendara-a-tribunais-uso-de-mediacao-e-conciliacao","status":"publish","type":"post","link":"https:\/\/www.wald.com.br\/en\/tst-recomendara-a-tribunais-uso-de-mediacao-e-conciliacao\/","title":{"rendered":"TST recomendar\u00e1 a tribunais uso de media\u00e7\u00e3o e concilia\u00e7\u00e3o"},"content":{"rendered":"<p><span style=\"font-size: 20px;\"><em>Objetivo \u00e9 incentivar o uso dos mecanismos durante pandemia, para evitar judicializa\u00e7\u00e3o<\/em><\/span><\/p>\n<p><span style=\"font-size: 20px;\"><strong><span style=\"font-size: 12px;\">Publicado no<\/span><\/strong><br \/>\n<a href=\"https:\/\/valor.globo.com\/legislacao\/noticia\/2020\/03\/25\/tst-recomendara-a-tribunais-uso-de-mediacao-e-conciliacao.ghtml\" target=\"_blank\" rel=\"noopener noreferrer\"><img loading=\"lazy\" decoding=\"async\" class=\"alignnone wp-image-912\" src=\"http:\/\/www.wald.com.br\/wp-content\/uploads\/2020\/04\/Valor.png\" alt=\"\" width=\"130\" height=\"24\" \/><\/a><\/span><\/p>\n<p>O vice-presidente do Tribunal Superior do Trabalho (TST), ministro Luiz Philippe Vieira de Mello Filho, prepara uma recomenda\u00e7\u00e3o para que tribunais trabalhistas realizem media\u00e7\u00f5es e concilia\u00e7\u00f5es entre empresas e sindicatos neste momento de pandemia. A ideia central \u00e9 que, ao inv\u00e9s de ingressarem com pedidos urgentes, empres\u00e1rios e trabalhadores possam se reunir e fechar acordos, intermediados por integrantes da Justi\u00e7a do Trabalho.<\/p>\n<p>\u201c(\u2026)A media\u00e7\u00e3o e concilia\u00e7\u00e3o pr\u00e9-processuais j\u00e1 existem na Justi\u00e7a do Trabalho, inclusive no TST. \u201cTem solucionado muitos conflitos\u201d, afirma Vieira de Mello Filho.<\/p>\n<p>A reforma trabalhista (Lei n\u00ba 13.467, de 2017) possibilitou esse mecanismo pr\u00e9-processual, segundo <strong><a href=\"http:\/\/www.wald.com.br\/equipe\/samantha-mendes-longo\/\" target=\"_blank\" rel=\"noopener noreferrer\">Samantha Mendes Longo<\/a>, s\u00f3cia do escrit\u00f3rio Wald, Antunes, Vita, Longo e Blattner Advogados<\/strong>. \u201cO artigo sobre acordo extrajudicial nada mais \u00e9 do que sobre mediar\u201d, diz.(\u2026)<\/p>\n<p>Enquanto o mediador atua como terceiro imparcial, o conciliador pode propor solu\u00e7\u00f5es para as partes analisarem. De acordo com a advogada, a media\u00e7\u00e3o pode ser usada em qualquer fase antes do processo, realizada por mediadores judiciais, dentro de tribunais, ou de forma extrajudicial, em c\u00e2maras de media\u00e7\u00e3o e arbitragem.<\/p>\n<p>\u00c9 mais vantajoso, acrescenta Samantha, buscar o acordo extrajudicial do que entrar com pedidos de liminares ou a\u00e7\u00f5es, especialmente agora com a suspens\u00e3o de julgamentos e prazos e o funcionamento em regime de plant\u00e3o. Tanto a media\u00e7\u00e3o quanto a concilia\u00e7\u00e3o podem ser feitas de forma eletr\u00f4nica.(\u2026)\u201d<\/p>\n<p>Leia a reportagem completa no <a href=\"https:\/\/valor.globo.com\/legislacao\/noticia\/2020\/03\/25\/tst-recomendara-a-tribunais-uso-de-mediacao-e-conciliacao.ghtml\" target=\"_blank\" rel=\"noopener noreferrer\">Valor Econ\u00f4mico<\/a>.<\/p>\n","protected":false},"excerpt":{"rendered":"<p>Objetivo \u00e9 incentivar o uso dos mecanismos durante pandemia, para evitar judicializa\u00e7\u00e3o Publicado no O vice-presidente do Tribunal Superior do Trabalho (TST), ministro Luiz Philippe Vieira de Mello Filho, prepara uma recomenda\u00e7\u00e3o para que tribunais trabalhistas realizem media\u00e7\u00f5es e concilia\u00e7\u00f5es entre empresas e sindicatos neste momento de pandemia. A ideia central \u00e9 que, ao inv\u00e9s [&hellip;]<\/p>\n","protected":false},"author":3,"featured_media":0,"comment_status":"open","ping_status":"closed","sticky":false,"template":"","format":"standard","meta":{"_acf_changed":false,"footnotes":""},"categories":[2],"tags":[14,28,21,20,12,27],"class_list":["post-703","post","type-post","status-publish","format-standard","hentry","category-noticias","tag-arbitragem","tag-conciliacao","tag-coronavirus","tag-covid-19","tag-mediacao","tag-tribunal-superior-do-trabalho"],"acf":[],"yoast_head":"<!-- This site is optimized with the Yoast SEO plugin v27.5 - https:\/\/yoast.com\/product\/yoast-seo-wordpress\/ -->\n<title>TST recomendar\u00e1 a tribunais uso de media\u00e7\u00e3o e concilia\u00e7\u00e3o | Wald Advogados<\/title>\n<meta name=\"robots\" content=\"index, follow, max-snippet:-1, max-image-preview:large, max-video-preview:-1\" \/>\n<link rel=\"canonical\" href=\"https:\/\/www.wald.com.br\/en\/tst-recomendara-a-tribunais-uso-de-mediacao-e-conciliacao\/\" \/>\n<meta property=\"og:locale\" content=\"en_US\" \/>\n<meta property=\"og:type\" content=\"article\" \/>\n<meta property=\"og:title\" content=\"TST recomendar\u00e1 a tribunais uso de media\u00e7\u00e3o e concilia\u00e7\u00e3o | Wald Advogados\" \/>\n<meta property=\"og:description\" content=\"Objetivo \u00e9 incentivar o uso dos mecanismos durante pandemia, para evitar judicializa\u00e7\u00e3o Publicado no O vice-presidente do Tribunal Superior do Trabalho (TST), ministro Luiz Philippe Vieira de Mello Filho, prepara uma recomenda\u00e7\u00e3o para que tribunais trabalhistas realizem media\u00e7\u00f5es e concilia\u00e7\u00f5es entre empresas e sindicatos neste momento de pandemia. A ideia central \u00e9 que, ao inv\u00e9s [&hellip;]\" \/>\n<meta property=\"og:url\" content=\"https:\/\/www.wald.com.br\/en\/tst-recomendara-a-tribunais-uso-de-mediacao-e-conciliacao\/\" \/>\n<meta property=\"og:site_name\" content=\"Wald Advogados\" \/>\n<meta property=\"article:published_time\" content=\"2020-03-25T18:37:54+00:00\" \/>\n<meta property=\"article:modified_time\" content=\"2021-06-10T11:58:04+00:00\" \/>\n<meta property=\"og:image\" content=\"http:\/\/www.wald.com.br\/wp-content\/uploads\/2020\/04\/Valor.png\" \/>\n<meta name=\"author\" content=\"Wald, Antunes, Vita, Longo e Blattner Advogados\" \/>\n<meta name=\"twitter:card\" content=\"summary_large_image\" \/>\n<meta name=\"twitter:label1\" content=\"Written by\" \/>\n\t<meta name=\"twitter:data1\" content=\"Wald, Antunes, Vita, Longo e Blattner Advogados\" \/>\n\t<meta name=\"twitter:label2\" content=\"Est. reading time\" \/>\n\t<meta name=\"twitter:data2\" content=\"1 minute\" \/>\n<script type=\"application\/ld+json\" class=\"yoast-schema-graph\">{\"@context\":\"https:\\\/\\\/schema.org\",\"@graph\":[{\"@type\":\"Article\",\"@id\":\"https:\\\/\\\/www.wald.com.br\\\/en\\\/tst-recomendara-a-tribunais-uso-de-mediacao-e-conciliacao\\\/#article\",\"isPartOf\":{\"@id\":\"https:\\\/\\\/www.wald.com.br\\\/en\\\/tst-recomendara-a-tribunais-uso-de-mediacao-e-conciliacao\\\/\"},\"author\":{\"name\":\"Wald, Antunes, Vita, Longo e Blattner Advogados\",\"@id\":\"https:\\\/\\\/www.wald.com.br\\\/en\\\/#\\\/schema\\\/person\\\/d65f9ebf3187dd1bb99a863aefa5f9e7\"},\"headline\":\"TST recomendar\u00e1 a tribunais uso de media\u00e7\u00e3o e concilia\u00e7\u00e3o\",\"datePublished\":\"2020-03-25T18:37:54+00:00\",\"dateModified\":\"2021-06-10T11:58:04+00:00\",\"mainEntityOfPage\":{\"@id\":\"https:\\\/\\\/www.wald.com.br\\\/en\\\/tst-recomendara-a-tribunais-uso-de-mediacao-e-conciliacao\\\/\"},\"wordCount\":270,\"commentCount\":0,\"publisher\":{\"@id\":\"https:\\\/\\\/www.wald.com.br\\\/en\\\/#organization\"},\"image\":{\"@id\":\"https:\\\/\\\/www.wald.com.br\\\/en\\\/tst-recomendara-a-tribunais-uso-de-mediacao-e-conciliacao\\\/#primaryimage\"},\"thumbnailUrl\":\"http:\\\/\\\/www.wald.com.br\\\/wp-content\\\/uploads\\\/2020\\\/04\\\/Valor.png\",\"keywords\":[\"Arbitragem\",\"Concilia\u00e7\u00e3o\",\"Coronav\u00edrus\",\"Covid-19\",\"Media\u00e7\u00e3o\",\"Tribunal Superior do Trabalho\"],\"articleSection\":[\"News\"],\"inLanguage\":\"en-US\",\"potentialAction\":[{\"@type\":\"CommentAction\",\"name\":\"Comment\",\"target\":[\"https:\\\/\\\/www.wald.com.br\\\/en\\\/tst-recomendara-a-tribunais-uso-de-mediacao-e-conciliacao\\\/#respond\"]}]},{\"@type\":\"WebPage\",\"@id\":\"https:\\\/\\\/www.wald.com.br\\\/en\\\/tst-recomendara-a-tribunais-uso-de-mediacao-e-conciliacao\\\/\",\"url\":\"https:\\\/\\\/www.wald.com.br\\\/en\\\/tst-recomendara-a-tribunais-uso-de-mediacao-e-conciliacao\\\/\",\"name\":\"TST recomendar\u00e1 a tribunais uso de media\u00e7\u00e3o e concilia\u00e7\u00e3o | Wald Advogados\",\"isPartOf\":{\"@id\":\"https:\\\/\\\/www.wald.com.br\\\/en\\\/#website\"},\"primaryImageOfPage\":{\"@id\":\"https:\\\/\\\/www.wald.com.br\\\/en\\\/tst-recomendara-a-tribunais-uso-de-mediacao-e-conciliacao\\\/#primaryimage\"},\"image\":{\"@id\":\"https:\\\/\\\/www.wald.com.br\\\/en\\\/tst-recomendara-a-tribunais-uso-de-mediacao-e-conciliacao\\\/#primaryimage\"},\"thumbnailUrl\":\"http:\\\/\\\/www.wald.com.br\\\/wp-content\\\/uploads\\\/2020\\\/04\\\/Valor.png\",\"datePublished\":\"2020-03-25T18:37:54+00:00\",\"dateModified\":\"2021-06-10T11:58:04+00:00\",\"breadcrumb\":{\"@id\":\"https:\\\/\\\/www.wald.com.br\\\/en\\\/tst-recomendara-a-tribunais-uso-de-mediacao-e-conciliacao\\\/#breadcrumb\"},\"inLanguage\":\"en-US\",\"potentialAction\":[{\"@type\":\"ReadAction\",\"target\":[\"https:\\\/\\\/www.wald.com.br\\\/en\\\/tst-recomendara-a-tribunais-uso-de-mediacao-e-conciliacao\\\/\"]}]},{\"@type\":\"ImageObject\",\"inLanguage\":\"en-US\",\"@id\":\"https:\\\/\\\/www.wald.com.br\\\/en\\\/tst-recomendara-a-tribunais-uso-de-mediacao-e-conciliacao\\\/#primaryimage\",\"url\":\"http:\\\/\\\/www.wald.com.br\\\/wp-content\\\/uploads\\\/2020\\\/04\\\/Valor.png\",\"contentUrl\":\"http:\\\/\\\/www.wald.com.br\\\/wp-content\\\/uploads\\\/2020\\\/04\\\/Valor.png\"},{\"@type\":\"BreadcrumbList\",\"@id\":\"https:\\\/\\\/www.wald.com.br\\\/en\\\/tst-recomendara-a-tribunais-uso-de-mediacao-e-conciliacao\\\/#breadcrumb\",\"itemListElement\":[{\"@type\":\"ListItem\",\"position\":1,\"name\":\"In\u00edcio\",\"item\":\"https:\\\/\\\/www.wald.com.br\\\/\"},{\"@type\":\"ListItem\",\"position\":2,\"name\":\"TST recomendar\u00e1 a tribunais uso de media\u00e7\u00e3o e concilia\u00e7\u00e3o\"}]},{\"@type\":\"WebSite\",\"@id\":\"https:\\\/\\\/www.wald.com.br\\\/en\\\/#website\",\"url\":\"https:\\\/\\\/www.wald.com.br\\\/en\\\/\",\"name\":\"Wald Advogados\",\"description\":\"66 years of leading law practice\",\"publisher\":{\"@id\":\"https:\\\/\\\/www.wald.com.br\\\/en\\\/#organization\"},\"potentialAction\":[{\"@type\":\"SearchAction\",\"target\":{\"@type\":\"EntryPoint\",\"urlTemplate\":\"https:\\\/\\\/www.wald.com.br\\\/en\\\/?s={search_term_string}\"},\"query-input\":{\"@type\":\"PropertyValueSpecification\",\"valueRequired\":true,\"valueName\":\"search_term_string\"}}],\"inLanguage\":\"en-US\"},{\"@type\":\"Organization\",\"@id\":\"https:\\\/\\\/www.wald.com.br\\\/en\\\/#organization\",\"name\":\"Wald, Antunes, Vita, Longo e Blattner Advogados\",\"url\":\"https:\\\/\\\/www.wald.com.br\\\/en\\\/\",\"logo\":{\"@type\":\"ImageObject\",\"inLanguage\":\"en-US\",\"@id\":\"https:\\\/\\\/www.wald.com.br\\\/en\\\/#\\\/schema\\\/logo\\\/image\\\/\",\"url\":\"https:\\\/\\\/www.wald.com.br\\\/wp-content\\\/uploads\\\/2020\\\/02\\\/Logo_Wald.png\",\"contentUrl\":\"https:\\\/\\\/www.wald.com.br\\\/wp-content\\\/uploads\\\/2020\\\/02\\\/Logo_Wald.png\",\"width\":5260,\"height\":2565,\"caption\":\"Wald, Antunes, Vita, Longo e Blattner Advogados\"},\"image\":{\"@id\":\"https:\\\/\\\/www.wald.com.br\\\/en\\\/#\\\/schema\\\/logo\\\/image\\\/\"},\"sameAs\":[\"https:\\\/\\\/www.linkedin.com\\\/company\\\/wald\"]},{\"@type\":\"Person\",\"@id\":\"https:\\\/\\\/www.wald.com.br\\\/en\\\/#\\\/schema\\\/person\\\/d65f9ebf3187dd1bb99a863aefa5f9e7\",\"name\":\"Wald, Antunes, Vita, Longo e Blattner Advogados\",\"image\":{\"@type\":\"ImageObject\",\"inLanguage\":\"en-US\",\"@id\":\"https:\\\/\\\/secure.gravatar.com\\\/avatar\\\/9f6f5a1ba9c8ba7eab75c520077876d5eccee457c639f33a1ccaa9396e5855e0?s=96&d=mm&r=g\",\"url\":\"https:\\\/\\\/secure.gravatar.com\\\/avatar\\\/9f6f5a1ba9c8ba7eab75c520077876d5eccee457c639f33a1ccaa9396e5855e0?s=96&d=mm&r=g\",\"contentUrl\":\"https:\\\/\\\/secure.gravatar.com\\\/avatar\\\/9f6f5a1ba9c8ba7eab75c520077876d5eccee457c639f33a1ccaa9396e5855e0?s=96&d=mm&r=g\",\"caption\":\"Wald, Antunes, Vita, Longo e Blattner Advogados\"},\"url\":\"https:\\\/\\\/www.wald.com.br\\\/en\\\/author\\\/wald-antunes-vita-longo-e-blattner-advogados\\\/\"}]}<\/script>\n<!-- \/ Yoast SEO plugin. -->","yoast_head_json":{"title":"TST recomendar\u00e1 a tribunais uso de media\u00e7\u00e3o e concilia\u00e7\u00e3o | Wald Advogados","robots":{"index":"index","follow":"follow","max-snippet":"max-snippet:-1","max-image-preview":"max-image-preview:large","max-video-preview":"max-video-preview:-1"},"canonical":"https:\/\/www.wald.com.br\/en\/tst-recomendara-a-tribunais-uso-de-mediacao-e-conciliacao\/","og_locale":"en_US","og_type":"article","og_title":"TST recomendar\u00e1 a tribunais uso de media\u00e7\u00e3o e concilia\u00e7\u00e3o | Wald Advogados","og_description":"Objetivo \u00e9 incentivar o uso dos mecanismos durante pandemia, para evitar judicializa\u00e7\u00e3o Publicado no O vice-presidente do Tribunal Superior do Trabalho (TST), ministro Luiz Philippe Vieira de Mello Filho, prepara uma recomenda\u00e7\u00e3o para que tribunais trabalhistas realizem media\u00e7\u00f5es e concilia\u00e7\u00f5es entre empresas e sindicatos neste momento de pandemia. A ideia central \u00e9 que, ao inv\u00e9s [&hellip;]","og_url":"https:\/\/www.wald.com.br\/en\/tst-recomendara-a-tribunais-uso-de-mediacao-e-conciliacao\/","og_site_name":"Wald Advogados","article_published_time":"2020-03-25T18:37:54+00:00","article_modified_time":"2021-06-10T11:58:04+00:00","og_image":[{"url":"http:\/\/www.wald.com.br\/wp-content\/uploads\/2020\/04\/Valor.png","type":"","width":"","height":""}],"author":"Wald, Antunes, Vita, Longo e Blattner Advogados","twitter_card":"summary_large_image","twitter_misc":{"Written by":"Wald, Antunes, Vita, Longo e Blattner Advogados","Est. reading time":"1 minute"},"schema":{"@context":"https:\/\/schema.org","@graph":[{"@type":"Article","@id":"https:\/\/www.wald.com.br\/en\/tst-recomendara-a-tribunais-uso-de-mediacao-e-conciliacao\/#article","isPartOf":{"@id":"https:\/\/www.wald.com.br\/en\/tst-recomendara-a-tribunais-uso-de-mediacao-e-conciliacao\/"},"author":{"name":"Wald, Antunes, Vita, Longo e Blattner Advogados","@id":"https:\/\/www.wald.com.br\/en\/#\/schema\/person\/d65f9ebf3187dd1bb99a863aefa5f9e7"},"headline":"TST recomendar\u00e1 a tribunais uso de media\u00e7\u00e3o e concilia\u00e7\u00e3o","datePublished":"2020-03-25T18:37:54+00:00","dateModified":"2021-06-10T11:58:04+00:00","mainEntityOfPage":{"@id":"https:\/\/www.wald.com.br\/en\/tst-recomendara-a-tribunais-uso-de-mediacao-e-conciliacao\/"},"wordCount":270,"commentCount":0,"publisher":{"@id":"https:\/\/www.wald.com.br\/en\/#organization"},"image":{"@id":"https:\/\/www.wald.com.br\/en\/tst-recomendara-a-tribunais-uso-de-mediacao-e-conciliacao\/#primaryimage"},"thumbnailUrl":"http:\/\/www.wald.com.br\/wp-content\/uploads\/2020\/04\/Valor.png","keywords":["Arbitragem","Concilia\u00e7\u00e3o","Coronav\u00edrus","Covid-19","Media\u00e7\u00e3o","Tribunal Superior do Trabalho"],"articleSection":["News"],"inLanguage":"en-US","potentialAction":[{"@type":"CommentAction","name":"Comment","target":["https:\/\/www.wald.com.br\/en\/tst-recomendara-a-tribunais-uso-de-mediacao-e-conciliacao\/#respond"]}]},{"@type":"WebPage","@id":"https:\/\/www.wald.com.br\/en\/tst-recomendara-a-tribunais-uso-de-mediacao-e-conciliacao\/","url":"https:\/\/www.wald.com.br\/en\/tst-recomendara-a-tribunais-uso-de-mediacao-e-conciliacao\/","name":"TST recomendar\u00e1 a tribunais uso de media\u00e7\u00e3o e concilia\u00e7\u00e3o | Wald Advogados","isPartOf":{"@id":"https:\/\/www.wald.com.br\/en\/#website"},"primaryImageOfPage":{"@id":"https:\/\/www.wald.com.br\/en\/tst-recomendara-a-tribunais-uso-de-mediacao-e-conciliacao\/#primaryimage"},"image":{"@id":"https:\/\/www.wald.com.br\/en\/tst-recomendara-a-tribunais-uso-de-mediacao-e-conciliacao\/#primaryimage"},"thumbnailUrl":"http:\/\/www.wald.com.br\/wp-content\/uploads\/2020\/04\/Valor.png","datePublished":"2020-03-25T18:37:54+00:00","dateModified":"2021-06-10T11:58:04+00:00","breadcrumb":{"@id":"https:\/\/www.wald.com.br\/en\/tst-recomendara-a-tribunais-uso-de-mediacao-e-conciliacao\/#breadcrumb"},"inLanguage":"en-US","potentialAction":[{"@type":"ReadAction","target":["https:\/\/www.wald.com.br\/en\/tst-recomendara-a-tribunais-uso-de-mediacao-e-conciliacao\/"]}]},{"@type":"ImageObject","inLanguage":"en-US","@id":"https:\/\/www.wald.com.br\/en\/tst-recomendara-a-tribunais-uso-de-mediacao-e-conciliacao\/#primaryimage","url":"http:\/\/www.wald.com.br\/wp-content\/uploads\/2020\/04\/Valor.png","contentUrl":"http:\/\/www.wald.com.br\/wp-content\/uploads\/2020\/04\/Valor.png"},{"@type":"BreadcrumbList","@id":"https:\/\/www.wald.com.br\/en\/tst-recomendara-a-tribunais-uso-de-mediacao-e-conciliacao\/#breadcrumb","itemListElement":[{"@type":"ListItem","position":1,"name":"In\u00edcio","item":"https:\/\/www.wald.com.br\/"},{"@type":"ListItem","position":2,"name":"TST recomendar\u00e1 a tribunais uso de media\u00e7\u00e3o e concilia\u00e7\u00e3o"}]},{"@type":"WebSite","@id":"https:\/\/www.wald.com.br\/en\/#website","url":"https:\/\/www.wald.com.br\/en\/","name":"Wald Advogados","description":"66 years of leading law practice","publisher":{"@id":"https:\/\/www.wald.com.br\/en\/#organization"},"potentialAction":[{"@type":"SearchAction","target":{"@type":"EntryPoint","urlTemplate":"https:\/\/www.wald.com.br\/en\/?s={search_term_string}"},"query-input":{"@type":"PropertyValueSpecification","valueRequired":true,"valueName":"search_term_string"}}],"inLanguage":"en-US"},{"@type":"Organization","@id":"https:\/\/www.wald.com.br\/en\/#organization","name":"Wald, Antunes, Vita, Longo e Blattner Advogados","url":"https:\/\/www.wald.com.br\/en\/","logo":{"@type":"ImageObject","inLanguage":"en-US","@id":"https:\/\/www.wald.com.br\/en\/#\/schema\/logo\/image\/","url":"https:\/\/www.wald.com.br\/wp-content\/uploads\/2020\/02\/Logo_Wald.png","contentUrl":"https:\/\/www.wald.com.br\/wp-content\/uploads\/2020\/02\/Logo_Wald.png","width":5260,"height":2565,"caption":"Wald, Antunes, Vita, Longo e Blattner Advogados"},"image":{"@id":"https:\/\/www.wald.com.br\/en\/#\/schema\/logo\/image\/"},"sameAs":["https:\/\/www.linkedin.com\/company\/wald"]},{"@type":"Person","@id":"https:\/\/www.wald.com.br\/en\/#\/schema\/person\/d65f9ebf3187dd1bb99a863aefa5f9e7","name":"Wald, Antunes, Vita, Longo e Blattner Advogados","image":{"@type":"ImageObject","inLanguage":"en-US","@id":"https:\/\/secure.gravatar.com\/avatar\/9f6f5a1ba9c8ba7eab75c520077876d5eccee457c639f33a1ccaa9396e5855e0?s=96&d=mm&r=g","url":"https:\/\/secure.gravatar.com\/avatar\/9f6f5a1ba9c8ba7eab75c520077876d5eccee457c639f33a1ccaa9396e5855e0?s=96&d=mm&r=g","contentUrl":"https:\/\/secure.gravatar.com\/avatar\/9f6f5a1ba9c8ba7eab75c520077876d5eccee457c639f33a1ccaa9396e5855e0?s=96&d=mm&r=g","caption":"Wald, Antunes, Vita, Longo e Blattner Advogados"},"url":"https:\/\/www.wald.com.br\/en\/author\/wald-antunes-vita-longo-e-blattner-advogados\/"}]}},"_links":{"self":[{"href":"https:\/\/www.wald.com.br\/en\/wp-json\/wp\/v2\/posts\/703","targetHints":{"allow":["GET"]}}],"collection":[{"href":"https:\/\/www.wald.com.br\/en\/wp-json\/wp\/v2\/posts"}],"about":[{"href":"https:\/\/www.wald.com.br\/en\/wp-json\/wp\/v2\/types\/post"}],"author":[{"embeddable":true,"href":"https:\/\/www.wald.com.br\/en\/wp-json\/wp\/v2\/users\/3"}],"replies":[{"embeddable":true,"href":"https:\/\/www.wald.com.br\/en\/wp-json\/wp\/v2\/comments?post=703"}],"version-history":[{"count":4,"href":"https:\/\/www.wald.com.br\/en\/wp-json\/wp\/v2\/posts\/703\/revisions"}],"predecessor-version":[{"id":994,"href":"https:\/\/www.wald.com.br\/en\/wp-json\/wp\/v2\/posts\/703\/revisions\/994"}],"wp:attachment":[{"href":"https:\/\/www.wald.com.br\/en\/wp-json\/wp\/v2\/media?parent=703"}],"wp:term":[{"taxonomy":"category","embeddable":true,"href":"https:\/\/www.wald.com.br\/en\/wp-json\/wp\/v2\/categories?post=703"},{"taxonomy":"post_tag","embeddable":true,"href":"https:\/\/www.wald.com.br\/en\/wp-json\/wp\/v2\/tags?post=703"}],"curies":[{"name":"wp","href":"https:\/\/api.w.org\/{rel}","templated":true}]}}