{"id":723,"date":"2019-12-04T16:56:45","date_gmt":"2019-12-04T18:56:45","guid":{"rendered":"http:\/\/www.wald.com.br\/?p=723"},"modified":"2020-05-12T11:38:06","modified_gmt":"2020-05-12T14:38:06","slug":"andre-abelha-e-o-novo-socio-do-escritorio-wald-antunes-vita-longo-e-blattner-advogados","status":"publish","type":"post","link":"https:\/\/www.wald.com.br\/en\/andre-abelha-e-o-novo-socio-do-escritorio-wald-antunes-vita-longo-e-blattner-advogados\/","title":{"rendered":"Andr\u00e9 Abelha \u00e9 o novo s\u00f3cio do escrit\u00f3rio Wald, Antunes, Vita, Longo e Blattner Advogados"},"content":{"rendered":"<p><em><span style=\"font-size: 20px;\">O advogado comandar\u00e1 a nova \u00e1rea consultiva focada em Direito Imobili\u00e1rio.<\/span><\/em><\/p>\n<p><span style=\"font-size: 20px;\"><strong><span style=\"font-size: 12px;\">Publicado no<br \/>\n<\/span><\/strong><a href=\"https:\/\/www.migalhas.com.br\/quentes\/316407\/andre-abelha-e-o-novo-socio-do-escritorio-wald-antunes-vita-longo-e-blattner-advogados\" target=\"_blank\" rel=\"noopener noreferrer\"><img loading=\"lazy\" decoding=\"async\" class=\"alignnone wp-image-912\" src=\"http:\/\/www.wald.com.br\/wp-content\/uploads\/2020\/04\/migalhas-logo2.png\" alt=\"\" width=\"150\" height=\"28\" \/><\/a><\/span><\/p>\n<p>O escrit\u00f3rio Wald, Antunes, Vita, Longo e Blattner Advogados anunciou a entrada de seu novo s\u00f3cio: <a href=\"http:\/\/www.wald.com.br\/equipe\/andre-abelha-dutra\/\"><strong>Andr\u00e9 Abelha<\/strong><\/a>.<\/p>\n<p>O advogado atuava como consultor da banca desde 2017. Abelha comandar\u00e1 a nova \u00e1rea consultiva focada em Direito Imobili\u00e1rio.<\/p>\n<p>Com mais de 20 anos nas \u00e1reas de Contencioso, Arbitragem e Imobili\u00e1rio e um time especializado, a rec\u00e9m-criada \u00e1rea refor\u00e7a a lideran\u00e7a do escrit\u00f3rio.<\/p>\n<p>Abelha \u00e9 refer\u00eancia no setor, como Presidente da Comiss\u00e3o Especial de Direito Notarial e Registral do Conselho Federal da OAB, e fundador e vice-presidente do Instituto Brasileiro de Direito Imobili\u00e1rio \u2013 IBRADIM. Mestre em Direito Civil pela UERJ e Program on Leadership and Negotiation por Harvard.<\/p>\n<p>Reportagem publicada no <a href=\"https:\/\/www.migalhas.com.br\/quentes\/316407\/andre-abelha-e-o-novo-socio-do-escritorio-wald-antunes-vita-longo-e-blattner-advogados\" target=\"_blank\" rel=\"noopener noreferrer\">Migalhas<\/a>.<\/p>\n","protected":false},"excerpt":{"rendered":"<p>O advogado comandar\u00e1 a nova \u00e1rea consultiva focada em Direito Imobili\u00e1rio. Publicado no O escrit\u00f3rio Wald, Antunes, Vita, Longo e Blattner Advogados anunciou a entrada de seu novo s\u00f3cio: Andr\u00e9 Abelha. O advogado atuava como consultor da banca desde 2017. Abelha comandar\u00e1 a nova \u00e1rea consultiva focada em Direito Imobili\u00e1rio. Com mais de 20 anos [&hellip;]<\/p>\n","protected":false},"author":3,"featured_media":0,"comment_status":"open","ping_status":"closed","sticky":false,"template":"","format":"standard","meta":{"_acf_changed":false,"footnotes":""},"categories":[2],"tags":[49],"class_list":["post-723","post","type-post","status-publish","format-standard","hentry","category-noticias","tag-imobiliario"],"acf":[],"yoast_head":"<!-- This site is optimized with the Yoast SEO plugin v27.5 - https:\/\/yoast.com\/product\/yoast-seo-wordpress\/ -->\n<title>Andr\u00e9 Abelha \u00e9 o novo s\u00f3cio do escrit\u00f3rio Wald, Antunes, Vita, Longo e Blattner Advogados | Wald Advogados<\/title>\n<meta name=\"robots\" content=\"index, follow, max-snippet:-1, max-image-preview:large, max-video-preview:-1\" \/>\n<link rel=\"canonical\" href=\"https:\/\/www.wald.com.br\/en\/andre-abelha-e-o-novo-socio-do-escritorio-wald-antunes-vita-longo-e-blattner-advogados\/\" \/>\n<meta property=\"og:locale\" content=\"en_US\" \/>\n<meta property=\"og:type\" content=\"article\" \/>\n<meta property=\"og:title\" content=\"Andr\u00e9 Abelha \u00e9 o novo s\u00f3cio do escrit\u00f3rio Wald, Antunes, Vita, Longo e Blattner Advogados | Wald Advogados\" \/>\n<meta property=\"og:description\" content=\"O advogado comandar\u00e1 a nova \u00e1rea consultiva focada em Direito Imobili\u00e1rio. Publicado no O escrit\u00f3rio Wald, Antunes, Vita, Longo e Blattner Advogados anunciou a entrada de seu novo s\u00f3cio: Andr\u00e9 Abelha. O advogado atuava como consultor da banca desde 2017. Abelha comandar\u00e1 a nova \u00e1rea consultiva focada em Direito Imobili\u00e1rio. Com mais de 20 anos [&hellip;]\" \/>\n<meta property=\"og:url\" content=\"https:\/\/www.wald.com.br\/en\/andre-abelha-e-o-novo-socio-do-escritorio-wald-antunes-vita-longo-e-blattner-advogados\/\" \/>\n<meta property=\"og:site_name\" content=\"Wald Advogados\" \/>\n<meta property=\"article:published_time\" content=\"2019-12-04T18:56:45+00:00\" \/>\n<meta property=\"article:modified_time\" content=\"2020-05-12T14:38:06+00:00\" \/>\n<meta property=\"og:image\" content=\"http:\/\/www.wald.com.br\/wp-content\/uploads\/2020\/04\/migalhas-logo2.png\" \/>\n<meta name=\"author\" content=\"Wald, Antunes, Vita, Longo e Blattner Advogados\" \/>\n<meta name=\"twitter:card\" content=\"summary_large_image\" \/>\n<meta name=\"twitter:label1\" content=\"Written by\" \/>\n\t<meta name=\"twitter:data1\" content=\"Wald, Antunes, Vita, Longo e Blattner Advogados\" \/>\n\t<meta name=\"twitter:label2\" content=\"Est. reading time\" \/>\n\t<meta name=\"twitter:data2\" content=\"1 minute\" \/>\n<script type=\"application\/ld+json\" class=\"yoast-schema-graph\">{\"@context\":\"https:\\\/\\\/schema.org\",\"@graph\":[{\"@type\":\"Article\",\"@id\":\"https:\\\/\\\/www.wald.com.br\\\/en\\\/andre-abelha-e-o-novo-socio-do-escritorio-wald-antunes-vita-longo-e-blattner-advogados\\\/#article\",\"isPartOf\":{\"@id\":\"https:\\\/\\\/www.wald.com.br\\\/en\\\/andre-abelha-e-o-novo-socio-do-escritorio-wald-antunes-vita-longo-e-blattner-advogados\\\/\"},\"author\":{\"name\":\"Wald, Antunes, Vita, Longo e Blattner Advogados\",\"@id\":\"https:\\\/\\\/www.wald.com.br\\\/en\\\/#\\\/schema\\\/person\\\/d65f9ebf3187dd1bb99a863aefa5f9e7\"},\"headline\":\"Andr\u00e9 Abelha \u00e9 o novo s\u00f3cio do escrit\u00f3rio Wald, Antunes, Vita, Longo e Blattner Advogados\",\"datePublished\":\"2019-12-04T18:56:45+00:00\",\"dateModified\":\"2020-05-12T14:38:06+00:00\",\"mainEntityOfPage\":{\"@id\":\"https:\\\/\\\/www.wald.com.br\\\/en\\\/andre-abelha-e-o-novo-socio-do-escritorio-wald-antunes-vita-longo-e-blattner-advogados\\\/\"},\"wordCount\":148,\"commentCount\":0,\"publisher\":{\"@id\":\"https:\\\/\\\/www.wald.com.br\\\/en\\\/#organization\"},\"image\":{\"@id\":\"https:\\\/\\\/www.wald.com.br\\\/en\\\/andre-abelha-e-o-novo-socio-do-escritorio-wald-antunes-vita-longo-e-blattner-advogados\\\/#primaryimage\"},\"thumbnailUrl\":\"http:\\\/\\\/www.wald.com.br\\\/wp-content\\\/uploads\\\/2020\\\/04\\\/migalhas-logo2.png\",\"keywords\":[\"Imobili\u00e1rio\"],\"articleSection\":[\"News\"],\"inLanguage\":\"en-US\",\"potentialAction\":[{\"@type\":\"CommentAction\",\"name\":\"Comment\",\"target\":[\"https:\\\/\\\/www.wald.com.br\\\/en\\\/andre-abelha-e-o-novo-socio-do-escritorio-wald-antunes-vita-longo-e-blattner-advogados\\\/#respond\"]}]},{\"@type\":\"WebPage\",\"@id\":\"https:\\\/\\\/www.wald.com.br\\\/en\\\/andre-abelha-e-o-novo-socio-do-escritorio-wald-antunes-vita-longo-e-blattner-advogados\\\/\",\"url\":\"https:\\\/\\\/www.wald.com.br\\\/en\\\/andre-abelha-e-o-novo-socio-do-escritorio-wald-antunes-vita-longo-e-blattner-advogados\\\/\",\"name\":\"Andr\u00e9 Abelha \u00e9 o novo s\u00f3cio do escrit\u00f3rio Wald, Antunes, Vita, Longo e Blattner Advogados | Wald Advogados\",\"isPartOf\":{\"@id\":\"https:\\\/\\\/www.wald.com.br\\\/en\\\/#website\"},\"primaryImageOfPage\":{\"@id\":\"https:\\\/\\\/www.wald.com.br\\\/en\\\/andre-abelha-e-o-novo-socio-do-escritorio-wald-antunes-vita-longo-e-blattner-advogados\\\/#primaryimage\"},\"image\":{\"@id\":\"https:\\\/\\\/www.wald.com.br\\\/en\\\/andre-abelha-e-o-novo-socio-do-escritorio-wald-antunes-vita-longo-e-blattner-advogados\\\/#primaryimage\"},\"thumbnailUrl\":\"http:\\\/\\\/www.wald.com.br\\\/wp-content\\\/uploads\\\/2020\\\/04\\\/migalhas-logo2.png\",\"datePublished\":\"2019-12-04T18:56:45+00:00\",\"dateModified\":\"2020-05-12T14:38:06+00:00\",\"breadcrumb\":{\"@id\":\"https:\\\/\\\/www.wald.com.br\\\/en\\\/andre-abelha-e-o-novo-socio-do-escritorio-wald-antunes-vita-longo-e-blattner-advogados\\\/#breadcrumb\"},\"inLanguage\":\"en-US\",\"potentialAction\":[{\"@type\":\"ReadAction\",\"target\":[\"https:\\\/\\\/www.wald.com.br\\\/en\\\/andre-abelha-e-o-novo-socio-do-escritorio-wald-antunes-vita-longo-e-blattner-advogados\\\/\"]}]},{\"@type\":\"ImageObject\",\"inLanguage\":\"en-US\",\"@id\":\"https:\\\/\\\/www.wald.com.br\\\/en\\\/andre-abelha-e-o-novo-socio-do-escritorio-wald-antunes-vita-longo-e-blattner-advogados\\\/#primaryimage\",\"url\":\"http:\\\/\\\/www.wald.com.br\\\/wp-content\\\/uploads\\\/2020\\\/04\\\/migalhas-logo2.png\",\"contentUrl\":\"http:\\\/\\\/www.wald.com.br\\\/wp-content\\\/uploads\\\/2020\\\/04\\\/migalhas-logo2.png\"},{\"@type\":\"BreadcrumbList\",\"@id\":\"https:\\\/\\\/www.wald.com.br\\\/en\\\/andre-abelha-e-o-novo-socio-do-escritorio-wald-antunes-vita-longo-e-blattner-advogados\\\/#breadcrumb\",\"itemListElement\":[{\"@type\":\"ListItem\",\"position\":1,\"name\":\"In\u00edcio\",\"item\":\"https:\\\/\\\/www.wald.com.br\\\/\"},{\"@type\":\"ListItem\",\"position\":2,\"name\":\"Andr\u00e9 Abelha \u00e9 o novo s\u00f3cio do escrit\u00f3rio Wald, Antunes, Vita, Longo e Blattner Advogados\"}]},{\"@type\":\"WebSite\",\"@id\":\"https:\\\/\\\/www.wald.com.br\\\/en\\\/#website\",\"url\":\"https:\\\/\\\/www.wald.com.br\\\/en\\\/\",\"name\":\"Wald Advogados\",\"description\":\"66 years of leading law practice\",\"publisher\":{\"@id\":\"https:\\\/\\\/www.wald.com.br\\\/en\\\/#organization\"},\"potentialAction\":[{\"@type\":\"SearchAction\",\"target\":{\"@type\":\"EntryPoint\",\"urlTemplate\":\"https:\\\/\\\/www.wald.com.br\\\/en\\\/?s={search_term_string}\"},\"query-input\":{\"@type\":\"PropertyValueSpecification\",\"valueRequired\":true,\"valueName\":\"search_term_string\"}}],\"inLanguage\":\"en-US\"},{\"@type\":\"Organization\",\"@id\":\"https:\\\/\\\/www.wald.com.br\\\/en\\\/#organization\",\"name\":\"Wald, Antunes, Vita, Longo e Blattner Advogados\",\"url\":\"https:\\\/\\\/www.wald.com.br\\\/en\\\/\",\"logo\":{\"@type\":\"ImageObject\",\"inLanguage\":\"en-US\",\"@id\":\"https:\\\/\\\/www.wald.com.br\\\/en\\\/#\\\/schema\\\/logo\\\/image\\\/\",\"url\":\"https:\\\/\\\/www.wald.com.br\\\/wp-content\\\/uploads\\\/2020\\\/02\\\/Logo_Wald.png\",\"contentUrl\":\"https:\\\/\\\/www.wald.com.br\\\/wp-content\\\/uploads\\\/2020\\\/02\\\/Logo_Wald.png\",\"width\":5260,\"height\":2565,\"caption\":\"Wald, Antunes, Vita, Longo e Blattner Advogados\"},\"image\":{\"@id\":\"https:\\\/\\\/www.wald.com.br\\\/en\\\/#\\\/schema\\\/logo\\\/image\\\/\"},\"sameAs\":[\"https:\\\/\\\/www.linkedin.com\\\/company\\\/wald\"]},{\"@type\":\"Person\",\"@id\":\"https:\\\/\\\/www.wald.com.br\\\/en\\\/#\\\/schema\\\/person\\\/d65f9ebf3187dd1bb99a863aefa5f9e7\",\"name\":\"Wald, Antunes, Vita, Longo e Blattner Advogados\",\"image\":{\"@type\":\"ImageObject\",\"inLanguage\":\"en-US\",\"@id\":\"https:\\\/\\\/secure.gravatar.com\\\/avatar\\\/9f6f5a1ba9c8ba7eab75c520077876d5eccee457c639f33a1ccaa9396e5855e0?s=96&d=mm&r=g\",\"url\":\"https:\\\/\\\/secure.gravatar.com\\\/avatar\\\/9f6f5a1ba9c8ba7eab75c520077876d5eccee457c639f33a1ccaa9396e5855e0?s=96&d=mm&r=g\",\"contentUrl\":\"https:\\\/\\\/secure.gravatar.com\\\/avatar\\\/9f6f5a1ba9c8ba7eab75c520077876d5eccee457c639f33a1ccaa9396e5855e0?s=96&d=mm&r=g\",\"caption\":\"Wald, Antunes, Vita, Longo e Blattner Advogados\"},\"url\":\"https:\\\/\\\/www.wald.com.br\\\/en\\\/author\\\/wald-antunes-vita-longo-e-blattner-advogados\\\/\"}]}<\/script>\n<!-- \/ Yoast SEO plugin. -->","yoast_head_json":{"title":"Andr\u00e9 Abelha \u00e9 o novo s\u00f3cio do escrit\u00f3rio Wald, Antunes, Vita, Longo e Blattner Advogados | Wald Advogados","robots":{"index":"index","follow":"follow","max-snippet":"max-snippet:-1","max-image-preview":"max-image-preview:large","max-video-preview":"max-video-preview:-1"},"canonical":"https:\/\/www.wald.com.br\/en\/andre-abelha-e-o-novo-socio-do-escritorio-wald-antunes-vita-longo-e-blattner-advogados\/","og_locale":"en_US","og_type":"article","og_title":"Andr\u00e9 Abelha \u00e9 o novo s\u00f3cio do escrit\u00f3rio Wald, Antunes, Vita, Longo e Blattner Advogados | Wald Advogados","og_description":"O advogado comandar\u00e1 a nova \u00e1rea consultiva focada em Direito Imobili\u00e1rio. Publicado no O escrit\u00f3rio Wald, Antunes, Vita, Longo e Blattner Advogados anunciou a entrada de seu novo s\u00f3cio: Andr\u00e9 Abelha. O advogado atuava como consultor da banca desde 2017. Abelha comandar\u00e1 a nova \u00e1rea consultiva focada em Direito Imobili\u00e1rio. Com mais de 20 anos [&hellip;]","og_url":"https:\/\/www.wald.com.br\/en\/andre-abelha-e-o-novo-socio-do-escritorio-wald-antunes-vita-longo-e-blattner-advogados\/","og_site_name":"Wald Advogados","article_published_time":"2019-12-04T18:56:45+00:00","article_modified_time":"2020-05-12T14:38:06+00:00","og_image":[{"url":"http:\/\/www.wald.com.br\/wp-content\/uploads\/2020\/04\/migalhas-logo2.png","type":"","width":"","height":""}],"author":"Wald, Antunes, Vita, Longo e Blattner Advogados","twitter_card":"summary_large_image","twitter_misc":{"Written by":"Wald, Antunes, Vita, Longo e Blattner Advogados","Est. reading time":"1 minute"},"schema":{"@context":"https:\/\/schema.org","@graph":[{"@type":"Article","@id":"https:\/\/www.wald.com.br\/en\/andre-abelha-e-o-novo-socio-do-escritorio-wald-antunes-vita-longo-e-blattner-advogados\/#article","isPartOf":{"@id":"https:\/\/www.wald.com.br\/en\/andre-abelha-e-o-novo-socio-do-escritorio-wald-antunes-vita-longo-e-blattner-advogados\/"},"author":{"name":"Wald, Antunes, Vita, Longo e Blattner Advogados","@id":"https:\/\/www.wald.com.br\/en\/#\/schema\/person\/d65f9ebf3187dd1bb99a863aefa5f9e7"},"headline":"Andr\u00e9 Abelha \u00e9 o novo s\u00f3cio do escrit\u00f3rio Wald, Antunes, Vita, Longo e Blattner Advogados","datePublished":"2019-12-04T18:56:45+00:00","dateModified":"2020-05-12T14:38:06+00:00","mainEntityOfPage":{"@id":"https:\/\/www.wald.com.br\/en\/andre-abelha-e-o-novo-socio-do-escritorio-wald-antunes-vita-longo-e-blattner-advogados\/"},"wordCount":148,"commentCount":0,"publisher":{"@id":"https:\/\/www.wald.com.br\/en\/#organization"},"image":{"@id":"https:\/\/www.wald.com.br\/en\/andre-abelha-e-o-novo-socio-do-escritorio-wald-antunes-vita-longo-e-blattner-advogados\/#primaryimage"},"thumbnailUrl":"http:\/\/www.wald.com.br\/wp-content\/uploads\/2020\/04\/migalhas-logo2.png","keywords":["Imobili\u00e1rio"],"articleSection":["News"],"inLanguage":"en-US","potentialAction":[{"@type":"CommentAction","name":"Comment","target":["https:\/\/www.wald.com.br\/en\/andre-abelha-e-o-novo-socio-do-escritorio-wald-antunes-vita-longo-e-blattner-advogados\/#respond"]}]},{"@type":"WebPage","@id":"https:\/\/www.wald.com.br\/en\/andre-abelha-e-o-novo-socio-do-escritorio-wald-antunes-vita-longo-e-blattner-advogados\/","url":"https:\/\/www.wald.com.br\/en\/andre-abelha-e-o-novo-socio-do-escritorio-wald-antunes-vita-longo-e-blattner-advogados\/","name":"Andr\u00e9 Abelha \u00e9 o novo s\u00f3cio do escrit\u00f3rio Wald, Antunes, Vita, Longo e Blattner Advogados | Wald Advogados","isPartOf":{"@id":"https:\/\/www.wald.com.br\/en\/#website"},"primaryImageOfPage":{"@id":"https:\/\/www.wald.com.br\/en\/andre-abelha-e-o-novo-socio-do-escritorio-wald-antunes-vita-longo-e-blattner-advogados\/#primaryimage"},"image":{"@id":"https:\/\/www.wald.com.br\/en\/andre-abelha-e-o-novo-socio-do-escritorio-wald-antunes-vita-longo-e-blattner-advogados\/#primaryimage"},"thumbnailUrl":"http:\/\/www.wald.com.br\/wp-content\/uploads\/2020\/04\/migalhas-logo2.png","datePublished":"2019-12-04T18:56:45+00:00","dateModified":"2020-05-12T14:38:06+00:00","breadcrumb":{"@id":"https:\/\/www.wald.com.br\/en\/andre-abelha-e-o-novo-socio-do-escritorio-wald-antunes-vita-longo-e-blattner-advogados\/#breadcrumb"},"inLanguage":"en-US","potentialAction":[{"@type":"ReadAction","target":["https:\/\/www.wald.com.br\/en\/andre-abelha-e-o-novo-socio-do-escritorio-wald-antunes-vita-longo-e-blattner-advogados\/"]}]},{"@type":"ImageObject","inLanguage":"en-US","@id":"https:\/\/www.wald.com.br\/en\/andre-abelha-e-o-novo-socio-do-escritorio-wald-antunes-vita-longo-e-blattner-advogados\/#primaryimage","url":"http:\/\/www.wald.com.br\/wp-content\/uploads\/2020\/04\/migalhas-logo2.png","contentUrl":"http:\/\/www.wald.com.br\/wp-content\/uploads\/2020\/04\/migalhas-logo2.png"},{"@type":"BreadcrumbList","@id":"https:\/\/www.wald.com.br\/en\/andre-abelha-e-o-novo-socio-do-escritorio-wald-antunes-vita-longo-e-blattner-advogados\/#breadcrumb","itemListElement":[{"@type":"ListItem","position":1,"name":"In\u00edcio","item":"https:\/\/www.wald.com.br\/"},{"@type":"ListItem","position":2,"name":"Andr\u00e9 Abelha \u00e9 o novo s\u00f3cio do escrit\u00f3rio Wald, Antunes, Vita, Longo e Blattner Advogados"}]},{"@type":"WebSite","@id":"https:\/\/www.wald.com.br\/en\/#website","url":"https:\/\/www.wald.com.br\/en\/","name":"Wald Advogados","description":"66 years of leading law practice","publisher":{"@id":"https:\/\/www.wald.com.br\/en\/#organization"},"potentialAction":[{"@type":"SearchAction","target":{"@type":"EntryPoint","urlTemplate":"https:\/\/www.wald.com.br\/en\/?s={search_term_string}"},"query-input":{"@type":"PropertyValueSpecification","valueRequired":true,"valueName":"search_term_string"}}],"inLanguage":"en-US"},{"@type":"Organization","@id":"https:\/\/www.wald.com.br\/en\/#organization","name":"Wald, Antunes, Vita, Longo e Blattner Advogados","url":"https:\/\/www.wald.com.br\/en\/","logo":{"@type":"ImageObject","inLanguage":"en-US","@id":"https:\/\/www.wald.com.br\/en\/#\/schema\/logo\/image\/","url":"https:\/\/www.wald.com.br\/wp-content\/uploads\/2020\/02\/Logo_Wald.png","contentUrl":"https:\/\/www.wald.com.br\/wp-content\/uploads\/2020\/02\/Logo_Wald.png","width":5260,"height":2565,"caption":"Wald, Antunes, Vita, Longo e Blattner Advogados"},"image":{"@id":"https:\/\/www.wald.com.br\/en\/#\/schema\/logo\/image\/"},"sameAs":["https:\/\/www.linkedin.com\/company\/wald"]},{"@type":"Person","@id":"https:\/\/www.wald.com.br\/en\/#\/schema\/person\/d65f9ebf3187dd1bb99a863aefa5f9e7","name":"Wald, Antunes, Vita, Longo e Blattner Advogados","image":{"@type":"ImageObject","inLanguage":"en-US","@id":"https:\/\/secure.gravatar.com\/avatar\/9f6f5a1ba9c8ba7eab75c520077876d5eccee457c639f33a1ccaa9396e5855e0?s=96&d=mm&r=g","url":"https:\/\/secure.gravatar.com\/avatar\/9f6f5a1ba9c8ba7eab75c520077876d5eccee457c639f33a1ccaa9396e5855e0?s=96&d=mm&r=g","contentUrl":"https:\/\/secure.gravatar.com\/avatar\/9f6f5a1ba9c8ba7eab75c520077876d5eccee457c639f33a1ccaa9396e5855e0?s=96&d=mm&r=g","caption":"Wald, Antunes, Vita, Longo e Blattner Advogados"},"url":"https:\/\/www.wald.com.br\/en\/author\/wald-antunes-vita-longo-e-blattner-advogados\/"}]}},"_links":{"self":[{"href":"https:\/\/www.wald.com.br\/en\/wp-json\/wp\/v2\/posts\/723","targetHints":{"allow":["GET"]}}],"collection":[{"href":"https:\/\/www.wald.com.br\/en\/wp-json\/wp\/v2\/posts"}],"about":[{"href":"https:\/\/www.wald.com.br\/en\/wp-json\/wp\/v2\/types\/post"}],"author":[{"embeddable":true,"href":"https:\/\/www.wald.com.br\/en\/wp-json\/wp\/v2\/users\/3"}],"replies":[{"embeddable":true,"href":"https:\/\/www.wald.com.br\/en\/wp-json\/wp\/v2\/comments?post=723"}],"version-history":[{"count":3,"href":"https:\/\/www.wald.com.br\/en\/wp-json\/wp\/v2\/posts\/723\/revisions"}],"predecessor-version":[{"id":1005,"href":"https:\/\/www.wald.com.br\/en\/wp-json\/wp\/v2\/posts\/723\/revisions\/1005"}],"wp:attachment":[{"href":"https:\/\/www.wald.com.br\/en\/wp-json\/wp\/v2\/media?parent=723"}],"wp:term":[{"taxonomy":"category","embeddable":true,"href":"https:\/\/www.wald.com.br\/en\/wp-json\/wp\/v2\/categories?post=723"},{"taxonomy":"post_tag","embeddable":true,"href":"https:\/\/www.wald.com.br\/en\/wp-json\/wp\/v2\/tags?post=723"}],"curies":[{"name":"wp","href":"https:\/\/api.w.org\/{rel}","templated":true}]}}