{"id":987,"date":"2020-04-22T21:23:14","date_gmt":"2020-04-23T00:23:14","guid":{"rendered":"http:\/\/www.wald.com.br\/?p=987"},"modified":"2020-04-25T21:30:53","modified_gmt":"2020-04-26T00:30:53","slug":"tribunais-se-preparam-para-grande-demanda-de-recuperacoes-judiciais","status":"publish","type":"post","link":"https:\/\/www.wald.com.br\/en\/tribunais-se-preparam-para-grande-demanda-de-recuperacoes-judiciais\/","title":{"rendered":"Tribunais se preparam para grande demanda de recupera\u00e7\u00f5es judiciais"},"content":{"rendered":"<p><span style=\"font-size: 20px;\"><em>Cortes de S\u00e3o Paulo, Paran\u00e1 e Rio passam a oferecer etapa pr\u00e9-processual<\/em> <\/span><\/p>\n<p><span style=\"font-size: 20px;\"><strong><span style=\"font-size: 12px;\">Publicado no<br \/>\n<\/span><\/strong><a href=\"https:\/\/valor.globo.com\/legislacao\/noticia\/2020\/04\/22\/tribunais-se-preparam-para-grande-demanda-de-recuperacoes-judiciais.ghtml\" target=\"_blank\" rel=\"noopener noreferrer\"><img loading=\"lazy\" decoding=\"async\" class=\"alignnone wp-image-912\" src=\"http:\/\/www.wald.com.br\/wp-content\/uploads\/2020\/04\/Valor.png\" alt=\"\" width=\"100\" height=\"19\" \/><\/a><\/span><\/p>\n<p>Tribunais de Justi\u00e7a v\u00eam adotando medidas para dar conta da superdemanda que deve surgir nas varas empresariais e de recupera\u00e7\u00e3o judicial por causa da pandemia de covid-19. Tr\u00eas Cortes ao menos &#8211; de S\u00e3o Paulo, Paran\u00e1 e Rio de Janeiro &#8211; t\u00eam mobilizado esfor\u00e7os para criar uma etapa pr\u00e9-processual, que permita a empresas endividadas tentarem acordo com os seus credores.<\/p>\n<p>A nova modalidade poder\u00e1 auxiliar na retomada da economia, com solu\u00e7\u00f5es r\u00e1pidas e de baixo custo, e ao mesmo tempo evitar que haja um colapso no sistema judicial.<\/p>\n<p>Foram ajuizadas, somente nas tr\u00eas varas empresariais da capital paulista, 180 a\u00e7\u00f5es entre os dias 16 de mar\u00e7o e 20 deste m\u00eas. \u201cEstamos falando de um per\u00edodo em que tudo parou. Os prazos estavam e est\u00e3o suspensos. Voltando \u00e0 normalidade, vai ser uma enxurrada. Estamos nos equipando para este tipo de trauma\u201d, diz a ju\u00edza Carla Germano, que atua na Corregedoria da Justi\u00e7a de S\u00e3o Paulo. O \u00f3rg\u00e3o publicou o provimento para a cria\u00e7\u00e3o de um projeto-piloto de concilia\u00e7\u00e3o e media\u00e7\u00e3o para disputas empresariais ocorridas em raz\u00e3o da crise atual.<\/p>\n<p>A iniciativa do TJ-SP foi lan\u00e7ada na sexta-feira e funcionar\u00e1 por at\u00e9 120 dias ap\u00f3s o encerramento do sistema de trabalho remoto (ainda com data indefinida). Abarca n\u00e3o s\u00f3 as empresas \u2014 como ocorre nos processos de recupera\u00e7\u00e3o e fal\u00eancias. Poder\u00e3o participar agentes econ\u00f4micos em geral, como o microempreendor individual. A parte interessada precisa enviar um requerimento por e-mail (cerde@tjsp.jus.br). Nele, listar o pedido, motivo, partes envolvidas e documenta\u00e7\u00e3o.<\/p>\n<p>A audi\u00eancia de concilia\u00e7\u00e3o ser\u00e1 agendada para at\u00e9 sete dias da data do pedido e ocorrer\u00e1 de forma on-line. Ser\u00e1 conduzida por um dos ju\u00edzes participantes do projeto \u2014 s\u00e3o todos titulares de varas empresariais. Se n\u00e3o houver consenso, o caso ser\u00e1 encaminhado \u00e0 media\u00e7\u00e3o. O acordo, se fechado, ser\u00e1 homologado pelo juiz e ter\u00e1 valor de senten\u00e7a.<\/p>\n<p>\u201cEstamos invertendo a l\u00f3gica. Normalmente as a\u00e7\u00f5es s\u00e3o ajuizadas por quem quer receber, ou seja, o credor. J\u00e1 aqui, o devedor \u00e9 quem vai procurar, dizer que quer pagar e tentar negociar. \u00c9 um grande passo para a cultura da Justi\u00e7a\u201d, diz a ju\u00edza Carla Germano.<\/p>\n<p>No Tribunal de Justi\u00e7a do Paran\u00e1 (TJ-PR), o modelo \u00e9 um pouco diferente. As negocia\u00e7\u00f5es v\u00e3o ocorrer em um Centro Judici\u00e1rio de Solu\u00e7\u00e3o de Conflitos e Cidadania (Cejusc), criado especificamente para atender as empresas em crise. Chama-se Cejusc para Recupera\u00e7\u00e3o Judicial. \u00c9 a primeira unidade do pa\u00eds com esse formato.<\/p>\n<p>Os centros, de maneira geral, funcionam como uma inst\u00e2ncia anterior ao processo. As partes se re\u00fanem em audi\u00eancias de concilia\u00e7\u00e3o ou media\u00e7\u00e3o. Se chegam a um acordo, o documento \u00e9 homologado pelo juiz e tem valor de senten\u00e7a.<\/p>\n<p>Esses centros existem em praticamente todos os tribunais. A maioria das pessoas busca resolver conflitos de consumo e desaven\u00e7as familiares (reconhecimento de paternidade, pens\u00e3o aliment\u00edcia e div\u00f3rcio). Mas existem tamb\u00e9m centros tem\u00e1ticos. O TJ-SP e o TJ-PR t\u00eam unidades para a resolu\u00e7\u00e3o de quest\u00f5es banc\u00e1rias e de d\u00edvidas fiscais, por exemplo.<\/p>\n<p>O Cejusc para Recupera\u00e7\u00e3o Judicial do TJ-PR come\u00e7a a funcionar nesta semana, na Comarca de Francisco Beltr\u00e3o. Um dos motivos para a escolha \u00e9 o fato de, no local, j\u00e1 existir \u201cexpertise\u201d para a negocia\u00e7\u00e3o de d\u00edvidas. A inten\u00e7\u00e3o, para breve, segundo o tribunal, \u00e9 de implementar o projeto tamb\u00e9m em outras comarcas.<\/p>\n<p>S\u00f3 poder\u00e3o utilizar a unidade, no entanto, as empresas que est\u00e3o habilitadas, pela Lei n\u00ba 11.101, de 2005, aos processos de recupera\u00e7\u00e3o judicial e fal\u00eancias. \u201cO Cejusc vai servir para tentar evitar que as empresas ingressem no circuito processual convencional. Vai evitar que pe\u00e7am recupera\u00e7\u00e3o ou que sejam eventualmente decretadas falidas\u201d, diz o coordenador do novo centro, o juiz Ant\u00f4nio Evangelista de Souza Neto.<\/p>\n<p>As empresas interessadas ter\u00e3o que demostrar a situa\u00e7\u00e3o de crise e informar que pretendem negociar com os credores. As que j\u00e1 est\u00e3o em processo de recupera\u00e7\u00e3o judicial, acrescenta, tamb\u00e9m poder\u00e3o usar a media\u00e7\u00e3o ou a concilia\u00e7\u00e3o para resolver conflitos.<\/p>\n<p>Neto diz que h\u00e1 a possibilidade de se construir um novo plano de pagamento no ambiente do Cejusc. O Conselho Nacional de Justi\u00e7a (CNJ) aprovou uma s\u00e9rie de recomenda\u00e7\u00f5es aos ju\u00edzes de recupera\u00e7\u00e3o judicial e fal\u00eancias \u2014 uma delas para permitirem a apresenta\u00e7\u00e3o de novos planos.<\/p>\n<p>\u201cOs advogados t\u00eam nos alertado. Existe uma demanda represada. Parte porque ainda n\u00e3o se sabe o impacto total da crise, que deve se aprofundar, e parte pela nova rotina dos tribunais [os prazos processuais est\u00e3o suspensos]\u201d, diz o desembargador Cesar Kury, presidente do N\u00facleo Permanente de M\u00e9todos Consensuais de Solu\u00e7\u00e3o de Conflitos (Numepec) do Tribunal de Justi\u00e7a do Rio de Janeiro (TJ-RJ), em refer\u00eancia a novos pedidos de recupera\u00e7\u00e3o.<\/p>\n<p>A ideia, no Rio, \u00e9 a de implantar um projeto semelhante ao do Paran\u00e1. N\u00e3o est\u00e1 definido, no entanto, se ser\u00e1 um servi\u00e7o dentro da estrutura que j\u00e1 existe no Cejusc ou se ser\u00e1 um novo centro. O desembargador diz que convocar\u00e1 a Fazenda P\u00fablica, a Ordem dos Advogados do Brasil (OAB) e o Minist\u00e9rio P\u00fablico para discutir o assunto.<\/p>\n<p>Se a decis\u00e3o for por oferecer o servi\u00e7o dentro do Cejusc que j\u00e1 existe, a implementa\u00e7\u00e3o poder\u00e1 ocorrer em at\u00e9 uma semana. Se a op\u00e7\u00e3o for por montar um centro novo, pode demorar mais e talvez esbarre com o fim do per\u00edodo de pandemia. \u201cO que n\u00e3o teria problema porque vai ajudar a desonerar os ju\u00edzes que estar\u00e3o sobrecarregados\u201d, diz o desembargador.<\/p>\n<p>A Justi\u00e7a do Rio de Janeiro j\u00e1 tem um caso de sucesso. O processo de recupera\u00e7\u00e3o da Oi, o maior da Am\u00e9rica Latina em n\u00famero de credores, tramita na 7\u00aa Vara Empresarial do Rio e a operadora teve a permiss\u00e3o do juiz Fernando Viana para a usar de m\u00e9todos consensuais.<\/p>\n<p>Foram fechados acordos com mais de 50 mil credores por meio de media\u00e7\u00e3o. A maioria deles, detentora de cr\u00e9ditos de at\u00e9 R$ 50 mil. A advogada <a href=\"http:\/\/www.wald.com.br\/equipe\/samantha-mendes-longo\/\" target=\"_blank\" rel=\"noopener noreferrer\"><strong>Samantha Mendes Longo<\/strong><\/a>, s\u00f3cia do <strong>Wald, Antunes, Vita, Longo e Blattner Advogados<\/strong>, administradora judicial do processo da Oi, diz que essas media\u00e7\u00f5es ocorreram por uma plataforma on-line desenvolvida pela Funda\u00e7\u00e3o Get\u00falio Vargas.<\/p>\n<p>Tamb\u00e9m foram feitas audi\u00eancias de media\u00e7\u00e3o com credores maiores, mas presenciais. A Oi se reuniu, por exemplo, com os seus principais fornecedores e tentou compor, tamb\u00e9m por meio de media\u00e7\u00e3o, com a Ag\u00eancia Nacional de Telecomunica\u00e7\u00f5es (Anatel) \u2014 que det\u00e9m mais de 15% do passivo total da companhia, R$ 65 bilh\u00f5es. N\u00e3o houve acordo, mas a advogada diz ter valido a pena, pois foi a primeira vez que uma ag\u00eancia reguladora participou.<\/p>\n<p>Para <strong>Samantha Longo<\/strong>, o caso da Oi \u00e9 \u201cum divisor de \u00e1guas\u201d. \u201cAs pessoas t\u00eam dificuldade para aceitar que a media\u00e7\u00e3o serve para assuntos empresariais. Fica todo mundo com a ideia de que \u00e9 para briga de fam\u00edlia. E n\u00e3o \u00e9. A media\u00e7\u00e3o empresarial existe e \u00e9 um sucesso no mundo\u201d.<\/p>\n<p>Reportagem publicada no <a href=\"https:\/\/valor.globo.com\/legislacao\/noticia\/2020\/04\/22\/tribunais-se-preparam-para-grande-demanda-de-recuperacoes-judiciais.ghtml\" target=\"_blank\" rel=\"noopener noreferrer\">Valor Econ\u00f4mico<\/a>.<\/p>\n","protected":false},"excerpt":{"rendered":"<p>Cortes de S\u00e3o Paulo, Paran\u00e1 e Rio passam a oferecer etapa pr\u00e9-processual Publicado no Tribunais de Justi\u00e7a v\u00eam adotando medidas para dar conta da superdemanda que deve surgir nas varas empresariais e de recupera\u00e7\u00e3o judicial por causa da pandemia de covid-19. Tr\u00eas Cortes ao menos &#8211; de S\u00e3o Paulo, Paran\u00e1 e Rio de Janeiro &#8211; [&hellip;]<\/p>\n","protected":false},"author":3,"featured_media":0,"comment_status":"open","ping_status":"closed","sticky":false,"template":"","format":"standard","meta":{"_acf_changed":false,"footnotes":""},"categories":[2],"tags":[24,12,19],"class_list":["post-987","post","type-post","status-publish","format-standard","hentry","category-noticias","tag-grupo-oi","tag-mediacao","tag-recuperacao-empresarial"],"acf":[],"yoast_head":"<!-- This site is optimized with the Yoast SEO plugin v27.4 - https:\/\/yoast.com\/product\/yoast-seo-wordpress\/ -->\n<title>Tribunais se preparam para grande demanda de recupera\u00e7\u00f5es judiciais | Wald Advogados<\/title>\n<meta name=\"robots\" content=\"index, follow, max-snippet:-1, max-image-preview:large, max-video-preview:-1\" \/>\n<link rel=\"canonical\" href=\"https:\/\/www.wald.com.br\/en\/tribunais-se-preparam-para-grande-demanda-de-recuperacoes-judiciais\/\" \/>\n<meta property=\"og:locale\" content=\"en_US\" \/>\n<meta property=\"og:type\" content=\"article\" \/>\n<meta property=\"og:title\" content=\"Tribunais se preparam para grande demanda de recupera\u00e7\u00f5es judiciais | Wald Advogados\" \/>\n<meta property=\"og:description\" content=\"Cortes de S\u00e3o Paulo, Paran\u00e1 e Rio passam a oferecer etapa pr\u00e9-processual Publicado no Tribunais de Justi\u00e7a v\u00eam adotando medidas para dar conta da superdemanda que deve surgir nas varas empresariais e de recupera\u00e7\u00e3o judicial por causa da pandemia de covid-19. Tr\u00eas Cortes ao menos &#8211; de S\u00e3o Paulo, Paran\u00e1 e Rio de Janeiro &#8211; [&hellip;]\" \/>\n<meta property=\"og:url\" content=\"https:\/\/www.wald.com.br\/en\/tribunais-se-preparam-para-grande-demanda-de-recuperacoes-judiciais\/\" \/>\n<meta property=\"og:site_name\" content=\"Wald Advogados\" \/>\n<meta property=\"article:published_time\" content=\"2020-04-23T00:23:14+00:00\" \/>\n<meta property=\"article:modified_time\" content=\"2020-04-26T00:30:53+00:00\" \/>\n<meta property=\"og:image\" content=\"http:\/\/www.wald.com.br\/wp-content\/uploads\/2020\/04\/Valor.png\" \/>\n<meta name=\"author\" content=\"Wald, Antunes, Vita, Longo e Blattner Advogados\" \/>\n<meta name=\"twitter:card\" content=\"summary_large_image\" \/>\n<meta name=\"twitter:label1\" content=\"Written by\" \/>\n\t<meta name=\"twitter:data1\" content=\"Wald, Antunes, Vita, Longo e Blattner Advogados\" \/>\n\t<meta name=\"twitter:label2\" content=\"Est. reading time\" \/>\n\t<meta name=\"twitter:data2\" content=\"6 minutes\" \/>\n<script type=\"application\/ld+json\" class=\"yoast-schema-graph\">{\"@context\":\"https:\\\/\\\/schema.org\",\"@graph\":[{\"@type\":\"Article\",\"@id\":\"https:\\\/\\\/www.wald.com.br\\\/en\\\/tribunais-se-preparam-para-grande-demanda-de-recuperacoes-judiciais\\\/#article\",\"isPartOf\":{\"@id\":\"https:\\\/\\\/www.wald.com.br\\\/en\\\/tribunais-se-preparam-para-grande-demanda-de-recuperacoes-judiciais\\\/\"},\"author\":{\"name\":\"Wald, Antunes, Vita, Longo e Blattner Advogados\",\"@id\":\"https:\\\/\\\/www.wald.com.br\\\/en\\\/#\\\/schema\\\/person\\\/d65f9ebf3187dd1bb99a863aefa5f9e7\"},\"headline\":\"Tribunais se preparam para grande demanda de recupera\u00e7\u00f5es judiciais\",\"datePublished\":\"2020-04-23T00:23:14+00:00\",\"dateModified\":\"2020-04-26T00:30:53+00:00\",\"mainEntityOfPage\":{\"@id\":\"https:\\\/\\\/www.wald.com.br\\\/en\\\/tribunais-se-preparam-para-grande-demanda-de-recuperacoes-judiciais\\\/\"},\"wordCount\":1267,\"commentCount\":0,\"publisher\":{\"@id\":\"https:\\\/\\\/www.wald.com.br\\\/en\\\/#organization\"},\"image\":{\"@id\":\"https:\\\/\\\/www.wald.com.br\\\/en\\\/tribunais-se-preparam-para-grande-demanda-de-recuperacoes-judiciais\\\/#primaryimage\"},\"thumbnailUrl\":\"http:\\\/\\\/www.wald.com.br\\\/wp-content\\\/uploads\\\/2020\\\/04\\\/Valor.png\",\"keywords\":[\"Grupo Oi\",\"Media\u00e7\u00e3o\",\"Recupera\u00e7\u00e3o empresarial\"],\"articleSection\":[\"News\"],\"inLanguage\":\"en-US\",\"potentialAction\":[{\"@type\":\"CommentAction\",\"name\":\"Comment\",\"target\":[\"https:\\\/\\\/www.wald.com.br\\\/en\\\/tribunais-se-preparam-para-grande-demanda-de-recuperacoes-judiciais\\\/#respond\"]}]},{\"@type\":\"WebPage\",\"@id\":\"https:\\\/\\\/www.wald.com.br\\\/en\\\/tribunais-se-preparam-para-grande-demanda-de-recuperacoes-judiciais\\\/\",\"url\":\"https:\\\/\\\/www.wald.com.br\\\/en\\\/tribunais-se-preparam-para-grande-demanda-de-recuperacoes-judiciais\\\/\",\"name\":\"Tribunais se preparam para grande demanda de recupera\u00e7\u00f5es judiciais | Wald Advogados\",\"isPartOf\":{\"@id\":\"https:\\\/\\\/www.wald.com.br\\\/en\\\/#website\"},\"primaryImageOfPage\":{\"@id\":\"https:\\\/\\\/www.wald.com.br\\\/en\\\/tribunais-se-preparam-para-grande-demanda-de-recuperacoes-judiciais\\\/#primaryimage\"},\"image\":{\"@id\":\"https:\\\/\\\/www.wald.com.br\\\/en\\\/tribunais-se-preparam-para-grande-demanda-de-recuperacoes-judiciais\\\/#primaryimage\"},\"thumbnailUrl\":\"http:\\\/\\\/www.wald.com.br\\\/wp-content\\\/uploads\\\/2020\\\/04\\\/Valor.png\",\"datePublished\":\"2020-04-23T00:23:14+00:00\",\"dateModified\":\"2020-04-26T00:30:53+00:00\",\"breadcrumb\":{\"@id\":\"https:\\\/\\\/www.wald.com.br\\\/en\\\/tribunais-se-preparam-para-grande-demanda-de-recuperacoes-judiciais\\\/#breadcrumb\"},\"inLanguage\":\"en-US\",\"potentialAction\":[{\"@type\":\"ReadAction\",\"target\":[\"https:\\\/\\\/www.wald.com.br\\\/en\\\/tribunais-se-preparam-para-grande-demanda-de-recuperacoes-judiciais\\\/\"]}]},{\"@type\":\"ImageObject\",\"inLanguage\":\"en-US\",\"@id\":\"https:\\\/\\\/www.wald.com.br\\\/en\\\/tribunais-se-preparam-para-grande-demanda-de-recuperacoes-judiciais\\\/#primaryimage\",\"url\":\"http:\\\/\\\/www.wald.com.br\\\/wp-content\\\/uploads\\\/2020\\\/04\\\/Valor.png\",\"contentUrl\":\"http:\\\/\\\/www.wald.com.br\\\/wp-content\\\/uploads\\\/2020\\\/04\\\/Valor.png\"},{\"@type\":\"BreadcrumbList\",\"@id\":\"https:\\\/\\\/www.wald.com.br\\\/en\\\/tribunais-se-preparam-para-grande-demanda-de-recuperacoes-judiciais\\\/#breadcrumb\",\"itemListElement\":[{\"@type\":\"ListItem\",\"position\":1,\"name\":\"In\u00edcio\",\"item\":\"https:\\\/\\\/www.wald.com.br\\\/\"},{\"@type\":\"ListItem\",\"position\":2,\"name\":\"Tribunais se preparam para grande demanda de recupera\u00e7\u00f5es judiciais\"}]},{\"@type\":\"WebSite\",\"@id\":\"https:\\\/\\\/www.wald.com.br\\\/en\\\/#website\",\"url\":\"https:\\\/\\\/www.wald.com.br\\\/en\\\/\",\"name\":\"Wald Advogados\",\"description\":\"66 years of leading law practice\",\"publisher\":{\"@id\":\"https:\\\/\\\/www.wald.com.br\\\/en\\\/#organization\"},\"potentialAction\":[{\"@type\":\"SearchAction\",\"target\":{\"@type\":\"EntryPoint\",\"urlTemplate\":\"https:\\\/\\\/www.wald.com.br\\\/en\\\/?s={search_term_string}\"},\"query-input\":{\"@type\":\"PropertyValueSpecification\",\"valueRequired\":true,\"valueName\":\"search_term_string\"}}],\"inLanguage\":\"en-US\"},{\"@type\":\"Organization\",\"@id\":\"https:\\\/\\\/www.wald.com.br\\\/en\\\/#organization\",\"name\":\"Wald, Antunes, Vita, Longo e Blattner Advogados\",\"url\":\"https:\\\/\\\/www.wald.com.br\\\/en\\\/\",\"logo\":{\"@type\":\"ImageObject\",\"inLanguage\":\"en-US\",\"@id\":\"https:\\\/\\\/www.wald.com.br\\\/en\\\/#\\\/schema\\\/logo\\\/image\\\/\",\"url\":\"https:\\\/\\\/www.wald.com.br\\\/wp-content\\\/uploads\\\/2020\\\/02\\\/Logo_Wald.png\",\"contentUrl\":\"https:\\\/\\\/www.wald.com.br\\\/wp-content\\\/uploads\\\/2020\\\/02\\\/Logo_Wald.png\",\"width\":5260,\"height\":2565,\"caption\":\"Wald, Antunes, Vita, Longo e Blattner Advogados\"},\"image\":{\"@id\":\"https:\\\/\\\/www.wald.com.br\\\/en\\\/#\\\/schema\\\/logo\\\/image\\\/\"},\"sameAs\":[\"https:\\\/\\\/www.linkedin.com\\\/company\\\/wald\"]},{\"@type\":\"Person\",\"@id\":\"https:\\\/\\\/www.wald.com.br\\\/en\\\/#\\\/schema\\\/person\\\/d65f9ebf3187dd1bb99a863aefa5f9e7\",\"name\":\"Wald, Antunes, Vita, Longo e Blattner Advogados\",\"image\":{\"@type\":\"ImageObject\",\"inLanguage\":\"en-US\",\"@id\":\"https:\\\/\\\/secure.gravatar.com\\\/avatar\\\/9f6f5a1ba9c8ba7eab75c520077876d5eccee457c639f33a1ccaa9396e5855e0?s=96&d=mm&r=g\",\"url\":\"https:\\\/\\\/secure.gravatar.com\\\/avatar\\\/9f6f5a1ba9c8ba7eab75c520077876d5eccee457c639f33a1ccaa9396e5855e0?s=96&d=mm&r=g\",\"contentUrl\":\"https:\\\/\\\/secure.gravatar.com\\\/avatar\\\/9f6f5a1ba9c8ba7eab75c520077876d5eccee457c639f33a1ccaa9396e5855e0?s=96&d=mm&r=g\",\"caption\":\"Wald, Antunes, Vita, Longo e Blattner Advogados\"},\"url\":\"https:\\\/\\\/www.wald.com.br\\\/en\\\/author\\\/wald-antunes-vita-longo-e-blattner-advogados\\\/\"}]}<\/script>\n<!-- \/ Yoast SEO plugin. -->","yoast_head_json":{"title":"Tribunais se preparam para grande demanda de recupera\u00e7\u00f5es judiciais | Wald Advogados","robots":{"index":"index","follow":"follow","max-snippet":"max-snippet:-1","max-image-preview":"max-image-preview:large","max-video-preview":"max-video-preview:-1"},"canonical":"https:\/\/www.wald.com.br\/en\/tribunais-se-preparam-para-grande-demanda-de-recuperacoes-judiciais\/","og_locale":"en_US","og_type":"article","og_title":"Tribunais se preparam para grande demanda de recupera\u00e7\u00f5es judiciais | Wald Advogados","og_description":"Cortes de S\u00e3o Paulo, Paran\u00e1 e Rio passam a oferecer etapa pr\u00e9-processual Publicado no Tribunais de Justi\u00e7a v\u00eam adotando medidas para dar conta da superdemanda que deve surgir nas varas empresariais e de recupera\u00e7\u00e3o judicial por causa da pandemia de covid-19. Tr\u00eas Cortes ao menos &#8211; de S\u00e3o Paulo, Paran\u00e1 e Rio de Janeiro &#8211; [&hellip;]","og_url":"https:\/\/www.wald.com.br\/en\/tribunais-se-preparam-para-grande-demanda-de-recuperacoes-judiciais\/","og_site_name":"Wald Advogados","article_published_time":"2020-04-23T00:23:14+00:00","article_modified_time":"2020-04-26T00:30:53+00:00","og_image":[{"url":"http:\/\/www.wald.com.br\/wp-content\/uploads\/2020\/04\/Valor.png","type":"","width":"","height":""}],"author":"Wald, Antunes, Vita, Longo e Blattner Advogados","twitter_card":"summary_large_image","twitter_misc":{"Written by":"Wald, Antunes, Vita, Longo e Blattner Advogados","Est. reading time":"6 minutes"},"schema":{"@context":"https:\/\/schema.org","@graph":[{"@type":"Article","@id":"https:\/\/www.wald.com.br\/en\/tribunais-se-preparam-para-grande-demanda-de-recuperacoes-judiciais\/#article","isPartOf":{"@id":"https:\/\/www.wald.com.br\/en\/tribunais-se-preparam-para-grande-demanda-de-recuperacoes-judiciais\/"},"author":{"name":"Wald, Antunes, Vita, Longo e Blattner Advogados","@id":"https:\/\/www.wald.com.br\/en\/#\/schema\/person\/d65f9ebf3187dd1bb99a863aefa5f9e7"},"headline":"Tribunais se preparam para grande demanda de recupera\u00e7\u00f5es judiciais","datePublished":"2020-04-23T00:23:14+00:00","dateModified":"2020-04-26T00:30:53+00:00","mainEntityOfPage":{"@id":"https:\/\/www.wald.com.br\/en\/tribunais-se-preparam-para-grande-demanda-de-recuperacoes-judiciais\/"},"wordCount":1267,"commentCount":0,"publisher":{"@id":"https:\/\/www.wald.com.br\/en\/#organization"},"image":{"@id":"https:\/\/www.wald.com.br\/en\/tribunais-se-preparam-para-grande-demanda-de-recuperacoes-judiciais\/#primaryimage"},"thumbnailUrl":"http:\/\/www.wald.com.br\/wp-content\/uploads\/2020\/04\/Valor.png","keywords":["Grupo Oi","Media\u00e7\u00e3o","Recupera\u00e7\u00e3o empresarial"],"articleSection":["News"],"inLanguage":"en-US","potentialAction":[{"@type":"CommentAction","name":"Comment","target":["https:\/\/www.wald.com.br\/en\/tribunais-se-preparam-para-grande-demanda-de-recuperacoes-judiciais\/#respond"]}]},{"@type":"WebPage","@id":"https:\/\/www.wald.com.br\/en\/tribunais-se-preparam-para-grande-demanda-de-recuperacoes-judiciais\/","url":"https:\/\/www.wald.com.br\/en\/tribunais-se-preparam-para-grande-demanda-de-recuperacoes-judiciais\/","name":"Tribunais se preparam para grande demanda de recupera\u00e7\u00f5es judiciais | Wald Advogados","isPartOf":{"@id":"https:\/\/www.wald.com.br\/en\/#website"},"primaryImageOfPage":{"@id":"https:\/\/www.wald.com.br\/en\/tribunais-se-preparam-para-grande-demanda-de-recuperacoes-judiciais\/#primaryimage"},"image":{"@id":"https:\/\/www.wald.com.br\/en\/tribunais-se-preparam-para-grande-demanda-de-recuperacoes-judiciais\/#primaryimage"},"thumbnailUrl":"http:\/\/www.wald.com.br\/wp-content\/uploads\/2020\/04\/Valor.png","datePublished":"2020-04-23T00:23:14+00:00","dateModified":"2020-04-26T00:30:53+00:00","breadcrumb":{"@id":"https:\/\/www.wald.com.br\/en\/tribunais-se-preparam-para-grande-demanda-de-recuperacoes-judiciais\/#breadcrumb"},"inLanguage":"en-US","potentialAction":[{"@type":"ReadAction","target":["https:\/\/www.wald.com.br\/en\/tribunais-se-preparam-para-grande-demanda-de-recuperacoes-judiciais\/"]}]},{"@type":"ImageObject","inLanguage":"en-US","@id":"https:\/\/www.wald.com.br\/en\/tribunais-se-preparam-para-grande-demanda-de-recuperacoes-judiciais\/#primaryimage","url":"http:\/\/www.wald.com.br\/wp-content\/uploads\/2020\/04\/Valor.png","contentUrl":"http:\/\/www.wald.com.br\/wp-content\/uploads\/2020\/04\/Valor.png"},{"@type":"BreadcrumbList","@id":"https:\/\/www.wald.com.br\/en\/tribunais-se-preparam-para-grande-demanda-de-recuperacoes-judiciais\/#breadcrumb","itemListElement":[{"@type":"ListItem","position":1,"name":"In\u00edcio","item":"https:\/\/www.wald.com.br\/"},{"@type":"ListItem","position":2,"name":"Tribunais se preparam para grande demanda de recupera\u00e7\u00f5es judiciais"}]},{"@type":"WebSite","@id":"https:\/\/www.wald.com.br\/en\/#website","url":"https:\/\/www.wald.com.br\/en\/","name":"Wald Advogados","description":"66 years of leading law practice","publisher":{"@id":"https:\/\/www.wald.com.br\/en\/#organization"},"potentialAction":[{"@type":"SearchAction","target":{"@type":"EntryPoint","urlTemplate":"https:\/\/www.wald.com.br\/en\/?s={search_term_string}"},"query-input":{"@type":"PropertyValueSpecification","valueRequired":true,"valueName":"search_term_string"}}],"inLanguage":"en-US"},{"@type":"Organization","@id":"https:\/\/www.wald.com.br\/en\/#organization","name":"Wald, Antunes, Vita, Longo e Blattner Advogados","url":"https:\/\/www.wald.com.br\/en\/","logo":{"@type":"ImageObject","inLanguage":"en-US","@id":"https:\/\/www.wald.com.br\/en\/#\/schema\/logo\/image\/","url":"https:\/\/www.wald.com.br\/wp-content\/uploads\/2020\/02\/Logo_Wald.png","contentUrl":"https:\/\/www.wald.com.br\/wp-content\/uploads\/2020\/02\/Logo_Wald.png","width":5260,"height":2565,"caption":"Wald, Antunes, Vita, Longo e Blattner Advogados"},"image":{"@id":"https:\/\/www.wald.com.br\/en\/#\/schema\/logo\/image\/"},"sameAs":["https:\/\/www.linkedin.com\/company\/wald"]},{"@type":"Person","@id":"https:\/\/www.wald.com.br\/en\/#\/schema\/person\/d65f9ebf3187dd1bb99a863aefa5f9e7","name":"Wald, Antunes, Vita, Longo e Blattner Advogados","image":{"@type":"ImageObject","inLanguage":"en-US","@id":"https:\/\/secure.gravatar.com\/avatar\/9f6f5a1ba9c8ba7eab75c520077876d5eccee457c639f33a1ccaa9396e5855e0?s=96&d=mm&r=g","url":"https:\/\/secure.gravatar.com\/avatar\/9f6f5a1ba9c8ba7eab75c520077876d5eccee457c639f33a1ccaa9396e5855e0?s=96&d=mm&r=g","contentUrl":"https:\/\/secure.gravatar.com\/avatar\/9f6f5a1ba9c8ba7eab75c520077876d5eccee457c639f33a1ccaa9396e5855e0?s=96&d=mm&r=g","caption":"Wald, Antunes, Vita, Longo e Blattner Advogados"},"url":"https:\/\/www.wald.com.br\/en\/author\/wald-antunes-vita-longo-e-blattner-advogados\/"}]}},"_links":{"self":[{"href":"https:\/\/www.wald.com.br\/en\/wp-json\/wp\/v2\/posts\/987","targetHints":{"allow":["GET"]}}],"collection":[{"href":"https:\/\/www.wald.com.br\/en\/wp-json\/wp\/v2\/posts"}],"about":[{"href":"https:\/\/www.wald.com.br\/en\/wp-json\/wp\/v2\/types\/post"}],"author":[{"embeddable":true,"href":"https:\/\/www.wald.com.br\/en\/wp-json\/wp\/v2\/users\/3"}],"replies":[{"embeddable":true,"href":"https:\/\/www.wald.com.br\/en\/wp-json\/wp\/v2\/comments?post=987"}],"version-history":[{"count":2,"href":"https:\/\/www.wald.com.br\/en\/wp-json\/wp\/v2\/posts\/987\/revisions"}],"predecessor-version":[{"id":989,"href":"https:\/\/www.wald.com.br\/en\/wp-json\/wp\/v2\/posts\/987\/revisions\/989"}],"wp:attachment":[{"href":"https:\/\/www.wald.com.br\/en\/wp-json\/wp\/v2\/media?parent=987"}],"wp:term":[{"taxonomy":"category","embeddable":true,"href":"https:\/\/www.wald.com.br\/en\/wp-json\/wp\/v2\/categories?post=987"},{"taxonomy":"post_tag","embeddable":true,"href":"https:\/\/www.wald.com.br\/en\/wp-json\/wp\/v2\/tags?post=987"}],"curies":[{"name":"wp","href":"https:\/\/api.w.org\/{rel}","templated":true}]}}