{"id":12,"count":19,"description":"[:en]<p>[:en]<\/p>\r\n<p>[:pb][:en][:pb]<\/p>\r\n<p>[:pb]<\/p>\r\n<p>[:pb]<\/p>\r\n<p>[:pb]<\/p>\r\n<p>Atuamos em media\u00e7\u00f5es de casos complexos, p\u00fablicos ou privados, como mediadores ou advogados. <br \/>\r\n<br \/>\r\nBaseados na experiencia internacional e antevendo os resultados positivos da regulamenta\u00e7\u00e3o do instituto no pa\u00eds, promovemos a capacita\u00e7\u00e3o de 80% da nossa equipe. Isso nos permitiu atuar de forma precursora e eficiente, utilizando a ferramenta com sucesso na celebra\u00e7\u00e3o de acordos que evitam novas demandas ou encerram demandas em curso.<br \/>\r\n<br \/>\r\nSempre voltados \u00e0 atua\u00e7\u00e3o de car\u00e1ter estrat\u00e9gico, utilizamos a media\u00e7\u00e3o inclusive como solu\u00e7\u00e3o para problemas de massa com impacto econ\u00f4mico relevante, como, por exemplo, nas disputas entre credores e devedores em processos de recupera\u00e7\u00e3o empresarial. <br \/>\r\n<br \/>\r\nAtualmente, <a href=\"http:\/\/www.wald.com.br\/equipe\/arnoldo-wald-filho\/\">Arnoldo Wald Filho<\/a> \u00e9 presidente da Comiss\u00e3o de Media\u00e7\u00e3o do Conselho Federal da OAB, e <a href=\"http:\/\/www.wald.com.br\/equipe\/marina-gaensly-blattner\/\">Marina Gaensly Blattner<\/a> ocupou, at\u00e9 2018, a Presid\u00eancia da Comiss\u00e3o de Media\u00e7\u00e3o da OAB\/SP.<\/p>\r\n<p><strong>Consulte outras \u00e1reas<\/strong> <a href=\"http:\/\/www.wald.com.br\/tag\/precontencioso\/\">Pr\u00e9-contencioso<\/a> | <a href=\"http:\/\/www.wald.com.br\/tag\/contencioso\/\">Contencioso administrativo e judicial<\/a> | <a href=\"http:\/\/www.wald.com.br\/tag\/arbitragem\/\">Arbitragem<\/a> | <a href=\"http:\/\/www.wald.com.br\/tag\/societario\/\">Consultivo societ\u00e1rio, fus\u00f5es e aquisi\u00e7\u00f5es<\/a> | <a href=\"http:\/\/www.wald.com.br\/tag\/recuperacao-empresarial\/\">Recupera\u00e7\u00e3o empresarial<\/a> | <a href=\"http:\/\/www.wald.com.br\/tag\/imobiliario\/\">Imobili\u00e1rio<\/a><\/p>\r\n<p>[:]<\/p>\r\n<p>[:en]<\/p>\r\n<p>We work in the mediation of complex matters, concerning the public or private sectors, working as mediators or lawyers.<br \/>\r\n<br \/>\r\nIn anticipation of the promising prospects of the regulation of mediation in Brazil, as well as the positive experience observed in other countries, we took the initiative to train 80% of our team in mediation proceedings. This has allowed us to take a leading position in Brazil, utilizing the tools of mediation to successfully establish agreements that do not lead to future disputes and to efficiently put an end to ongoing claims.<br \/>\r\n<br \/>\r\nWith an eye on strategic action, we use mediation as a solution to matters with significant economic impact, such as disputes between creditors and debtors in business recovery processes.<br \/>\r\n<br \/>\r\nCurrently, <a href=\"http:\/\/www.wald.com.br\/en\/equipe\/arnoldo-wald-filho\/\">Arnoldo Wald Filho<\/a> is president of the Mediation Committee of the Federal Council of the Brazilian Bar Association (OAB), and <a href=\"http:\/\/www.wald.com.br\/en\/equipe\/marina-gaensly-blattner\/\">Marina Gaensly Blattner<\/a> held the position of President of the Mediation Commission of the S\u00e3o Paulo chapter of the Brazilian Bar Association (OAB\/SP) until 2018.<\/p>\r\n<p><strong>Other areas of expertise<\/strong> <a href=\"http:\/\/www.wald.com.br\/tag\/precontencioso\/\">Pre-litigation<\/a> | <a href=\"http:\/\/www.wald.com.br\/tag\/contencioso\/\">Administrative and judicial litigation<\/a> | <a href=\"http:\/\/www.wald.com.br\/tag\/arbitragem\">Arbitration<\/a> | <a href=\"http:\/\/www.wald.com.br\/tag\/societario\/\">Corporate advisory and M&amp;A<\/a> | <a href=\"http:\/\/www.wald.com.br\/tag\/recuperacao-empresarial\/\">Corporate recovery<\/a> | <a href=\"http:\/\/www.wald.com.br\/tag\/imobiliario\/\">Real estate<\/a><\/p>\r\n<p>[:]<\/p>\r\n<p>[:]<\/p>\r\n<p>[:]<\/p>\r\n<p>[:][:][:]<\/p>\r\n<p>[:]<\/p>[:]","link":"https:\/\/www.wald.com.br\/en\/tag\/mediacao\/","name":"Media\u00e7\u00e3o","slug":"mediacao","taxonomy":"post_tag","meta":[],"yoast_head":"<!-- This site is optimized with the Yoast SEO plugin v27.5 - https:\/\/yoast.com\/product\/yoast-seo-wordpress\/ -->\n<title>Media\u00e7\u00e3o | Wald Advogados<\/title>\n<meta name=\"description\" content=\"Atuamos em media\u00e7\u00f5es de casos complexos, p\u00fablicos ou privados, como mediadores ou advogados.\" \/>\n<meta name=\"robots\" content=\"index, follow, max-snippet:-1, max-image-preview:large, max-video-preview:-1\" \/>\n<link rel=\"canonical\" href=\"https:\/\/www.wald.com.br\/tag\/mediacao\/\" \/>\n<meta property=\"og:locale\" content=\"en_US\" \/>\n<meta property=\"og:type\" content=\"article\" \/>\n<meta property=\"og:title\" content=\"Media\u00e7\u00e3o | Wald Advogados\" \/>\n<meta property=\"og:description\" content=\"Atuamos em media\u00e7\u00f5es de casos complexos, p\u00fablicos ou privados, como mediadores ou advogados.\" \/>\n<meta property=\"og:url\" content=\"https:\/\/www.wald.com.br\/tag\/mediacao\/\" \/>\n<meta property=\"og:site_name\" content=\"Wald Advogados\" \/>\n<meta name=\"twitter:card\" content=\"summary_large_image\" \/>\n<script type=\"application\/ld+json\" class=\"yoast-schema-graph\">{\"@context\":\"https:\\\/\\\/schema.org\",\"@graph\":[{\"@type\":\"CollectionPage\",\"@id\":\"https:\\\/\\\/www.wald.com.br\\\/tag\\\/mediacao\\\/\",\"url\":\"https:\\\/\\\/www.wald.com.br\\\/tag\\\/mediacao\\\/\",\"name\":\"Media\u00e7\u00e3o | Wald Advogados\",\"isPartOf\":{\"@id\":\"https:\\\/\\\/www.wald.com.br\\\/en\\\/#website\"},\"description\":\"Atuamos em media\u00e7\u00f5es de casos complexos, p\u00fablicos ou privados, como mediadores ou advogados.\",\"breadcrumb\":{\"@id\":\"https:\\\/\\\/www.wald.com.br\\\/tag\\\/mediacao\\\/#breadcrumb\"},\"inLanguage\":\"en-US\"},{\"@type\":\"BreadcrumbList\",\"@id\":\"https:\\\/\\\/www.wald.com.br\\\/tag\\\/mediacao\\\/#breadcrumb\",\"itemListElement\":[{\"@type\":\"ListItem\",\"position\":1,\"name\":\"In\u00edcio\",\"item\":\"https:\\\/\\\/www.wald.com.br\\\/\"},{\"@type\":\"ListItem\",\"position\":2,\"name\":\"Media\u00e7\u00e3o\"}]},{\"@type\":\"WebSite\",\"@id\":\"https:\\\/\\\/www.wald.com.br\\\/en\\\/#website\",\"url\":\"https:\\\/\\\/www.wald.com.br\\\/en\\\/\",\"name\":\"Wald Advogados\",\"description\":\"66 years of leading law practice\",\"publisher\":{\"@id\":\"https:\\\/\\\/www.wald.com.br\\\/en\\\/#organization\"},\"potentialAction\":[{\"@type\":\"SearchAction\",\"target\":{\"@type\":\"EntryPoint\",\"urlTemplate\":\"https:\\\/\\\/www.wald.com.br\\\/en\\\/?s={search_term_string}\"},\"query-input\":{\"@type\":\"PropertyValueSpecification\",\"valueRequired\":true,\"valueName\":\"search_term_string\"}}],\"inLanguage\":\"en-US\"},{\"@type\":\"Organization\",\"@id\":\"https:\\\/\\\/www.wald.com.br\\\/en\\\/#organization\",\"name\":\"Wald, Antunes, Vita, Longo e Blattner Advogados\",\"url\":\"https:\\\/\\\/www.wald.com.br\\\/en\\\/\",\"logo\":{\"@type\":\"ImageObject\",\"inLanguage\":\"en-US\",\"@id\":\"https:\\\/\\\/www.wald.com.br\\\/en\\\/#\\\/schema\\\/logo\\\/image\\\/\",\"url\":\"https:\\\/\\\/www.wald.com.br\\\/wp-content\\\/uploads\\\/2020\\\/02\\\/Logo_Wald.png\",\"contentUrl\":\"https:\\\/\\\/www.wald.com.br\\\/wp-content\\\/uploads\\\/2020\\\/02\\\/Logo_Wald.png\",\"width\":5260,\"height\":2565,\"caption\":\"Wald, Antunes, Vita, Longo e Blattner Advogados\"},\"image\":{\"@id\":\"https:\\\/\\\/www.wald.com.br\\\/en\\\/#\\\/schema\\\/logo\\\/image\\\/\"},\"sameAs\":[\"https:\\\/\\\/www.linkedin.com\\\/company\\\/wald\"]}]}<\/script>\n<!-- \/ Yoast SEO plugin. -->","yoast_head_json":{"title":"Media\u00e7\u00e3o | Wald Advogados","description":"Atuamos em media\u00e7\u00f5es de casos complexos, p\u00fablicos ou privados, como mediadores ou advogados.","robots":{"index":"index","follow":"follow","max-snippet":"max-snippet:-1","max-image-preview":"max-image-preview:large","max-video-preview":"max-video-preview:-1"},"canonical":"https:\/\/www.wald.com.br\/tag\/mediacao\/","og_locale":"en_US","og_type":"article","og_title":"Media\u00e7\u00e3o | Wald Advogados","og_description":"Atuamos em media\u00e7\u00f5es de casos complexos, p\u00fablicos ou privados, como mediadores ou advogados.","og_url":"https:\/\/www.wald.com.br\/tag\/mediacao\/","og_site_name":"Wald Advogados","twitter_card":"summary_large_image","schema":{"@context":"https:\/\/schema.org","@graph":[{"@type":"CollectionPage","@id":"https:\/\/www.wald.com.br\/tag\/mediacao\/","url":"https:\/\/www.wald.com.br\/tag\/mediacao\/","name":"Media\u00e7\u00e3o | Wald Advogados","isPartOf":{"@id":"https:\/\/www.wald.com.br\/en\/#website"},"description":"Atuamos em media\u00e7\u00f5es de casos complexos, p\u00fablicos ou privados, como mediadores ou advogados.","breadcrumb":{"@id":"https:\/\/www.wald.com.br\/tag\/mediacao\/#breadcrumb"},"inLanguage":"en-US"},{"@type":"BreadcrumbList","@id":"https:\/\/www.wald.com.br\/tag\/mediacao\/#breadcrumb","itemListElement":[{"@type":"ListItem","position":1,"name":"In\u00edcio","item":"https:\/\/www.wald.com.br\/"},{"@type":"ListItem","position":2,"name":"Media\u00e7\u00e3o"}]},{"@type":"WebSite","@id":"https:\/\/www.wald.com.br\/en\/#website","url":"https:\/\/www.wald.com.br\/en\/","name":"Wald Advogados","description":"66 years of leading law practice","publisher":{"@id":"https:\/\/www.wald.com.br\/en\/#organization"},"potentialAction":[{"@type":"SearchAction","target":{"@type":"EntryPoint","urlTemplate":"https:\/\/www.wald.com.br\/en\/?s={search_term_string}"},"query-input":{"@type":"PropertyValueSpecification","valueRequired":true,"valueName":"search_term_string"}}],"inLanguage":"en-US"},{"@type":"Organization","@id":"https:\/\/www.wald.com.br\/en\/#organization","name":"Wald, Antunes, Vita, Longo e Blattner Advogados","url":"https:\/\/www.wald.com.br\/en\/","logo":{"@type":"ImageObject","inLanguage":"en-US","@id":"https:\/\/www.wald.com.br\/en\/#\/schema\/logo\/image\/","url":"https:\/\/www.wald.com.br\/wp-content\/uploads\/2020\/02\/Logo_Wald.png","contentUrl":"https:\/\/www.wald.com.br\/wp-content\/uploads\/2020\/02\/Logo_Wald.png","width":5260,"height":2565,"caption":"Wald, Antunes, Vita, Longo e Blattner Advogados"},"image":{"@id":"https:\/\/www.wald.com.br\/en\/#\/schema\/logo\/image\/"},"sameAs":["https:\/\/www.linkedin.com\/company\/wald"]}]}},"_links":{"self":[{"href":"https:\/\/www.wald.com.br\/en\/wp-json\/wp\/v2\/tags\/12","targetHints":{"allow":["GET"]}}],"collection":[{"href":"https:\/\/www.wald.com.br\/en\/wp-json\/wp\/v2\/tags"}],"about":[{"href":"https:\/\/www.wald.com.br\/en\/wp-json\/wp\/v2\/taxonomies\/post_tag"}],"wp:post_type":[{"href":"https:\/\/www.wald.com.br\/en\/wp-json\/wp\/v2\/posts?tags=12"}],"curies":[{"name":"wp","href":"https:\/\/api.w.org\/{rel}","templated":true}]}}