{"id":16,"count":14,"description":"[:en]<p>[:pb][:pb][:pb]<\/p>\r\n<p>[:pb]<\/p>\r\n<p>[:pb]<\/p>\r\n<p>[:pb]<\/p>\r\n<p>[:pb]<\/p>\r\n<p>A resolu\u00e7\u00e3o de disputas n\u00e3o est\u00e1 adstrita \u00e0 atua\u00e7\u00e3o p\u00f3s conflito. A grande maioria dos grandes conflitos empresariais t\u00eam sua causa na fase origin\u00e1ria de opera\u00e7\u00e3o, geralmente em quest\u00f5es que poderiam ter sido antevistas ou, ao menos, melhor preparadas. Outro ponto importante, numa fase intermedi\u00e1ria entre a conclus\u00e3o do neg\u00f3cio e o in\u00edcio do lit\u00edgio, \u00e9 a prepara\u00e7\u00e3o do caso, com o objetivo de fortalecer a posi\u00e7\u00e3o do cliente.<br \/>\r\n<br \/>\r\nA supress\u00e3o dessa fase preparat\u00f3ria normalmente traz surpresas ao longo do caminho, levando \u00e0 necessidade de corre\u00e7\u00f5es no curso do lit\u00edgio, com impacto na credibilidade das posi\u00e7\u00f5es assumidas e preju\u00edzo aos resultados. <br \/>\r\n<br \/>\r\nCom a nossa larga experi\u00eancia em contencioso e nosso olhar estrat\u00e9gico, temos atuado com excelentes resultados nessa fase preventiva e preparat\u00f3ria.<\/p>\r\n<p><strong>Consulte outras \u00e1reas<\/strong> <a href=\"http:\/\/www.wald.com.br\/tag\/contencioso\/\">Contencioso administrativo e judicial<\/a> | <a href=\"http:\/\/www.wald.com.br\/tag\/arbitragem\/\">Arbitragem<\/a> | <a href=\"http:\/\/www.wald.com.br\/tag\/mediacao\/\">Media\u00e7\u00e3o<\/a> | <a href=\"http:\/\/www.wald.com.br\/tag\/societario\/\">Consultivo societ\u00e1rio, fus\u00f5es e aquisi\u00e7\u00f5es<\/a> | <a href=\"http:\/\/www.wald.com.br\/tag\/recuperacao-empresarial\/\">Recupera\u00e7\u00e3o empresarial<\/a> | <a href=\"http:\/\/www.wald.com.br\/tag\/imobiliario\/\">Imobili\u00e1rio<\/a><\/p>\r\n<p>[:]<\/p>\r\n<p>[:en]<\/p>\r\n<p>Dispute resolution is not restricted to the post-conflict phase. The root cause of most large corporate conflicts lies in the original agreement or operation, usually concerning matters that could have been foreseen or prepared for in advance. Another important step, in the intermediate phase between the conclusion of the original deal and the initial dispute, is the preparation of the case with a focus on strengthening the client's position. <br \/>\r\n<br \/>\r\nSuppressing this preparatory phase can sometimes lead to unpleasant surprises along the way, which require corrections in the course of the dispute and may impact the credibility of the positions and the outcome of the case. <br \/>\r\n<br \/>\r\nOur extensive experience in litigation and our strategic approach have enabled us to achieve excellent results in this preventive and preparatory phase.<\/p>\r\n<p><strong>Other areas of expertise<\/strong> <a href=\"http:\/\/www.wald.com.br\/tag\/contencioso\/\">Administrative and judicial litigation<\/a> | <a href=\"http:\/\/www.wald.com.br\/tag\/arbitragem\/\">Arbitration<\/a> | <a href=\"http:\/\/www.wald.com.br\/tag\/mediacao\/\">Mediation<\/a> | <a href=\"http:\/\/www.wald.com.br\/tag\/societario\/\">Corporate advisory and M&amp;A<\/a> | <a href=\"http:\/\/www.wald.com.br\/tag\/recuperacao-empresarial\/\">Corporate recovery<\/a> | <a href=\"http:\/\/www.wald.com.br\/tag\/imobiliario\/\">Real estate<\/a><\/p>\r\n<p>[:]<\/p>\r\n<p>[:][:]<\/p>\r\n<p>[:]<\/p>\r\n<p>[:]<\/p>\r\n<p>[:][:][:]<\/p>[:]","link":"https:\/\/www.wald.com.br\/en\/tag\/precontencioso\/","name":"Pr\u00e9-contencioso","slug":"precontencioso","taxonomy":"post_tag","meta":[],"yoast_head":"<!-- This site is optimized with the Yoast SEO plugin v27.5 - https:\/\/yoast.com\/product\/yoast-seo-wordpress\/ -->\n<title>Pr\u00e9-contencioso | Wald Advogados<\/title>\n<meta name=\"description\" content=\"A resolu\u00e7\u00e3o de disputas n\u00e3o est\u00e1 adstrita \u00e0 atua\u00e7\u00e3o p\u00f3s conflito. A maioria dos grandes conflitos empresariais t\u00eam sua causa na fase origin\u00e1ria de opera\u00e7\u00e3o.\" \/>\n<meta name=\"robots\" content=\"index, follow, max-snippet:-1, max-image-preview:large, max-video-preview:-1\" \/>\n<link rel=\"canonical\" href=\"https:\/\/www.wald.com.br\/tag\/precontencioso\/\" \/>\n<meta property=\"og:locale\" content=\"en_US\" \/>\n<meta property=\"og:type\" content=\"article\" \/>\n<meta property=\"og:title\" content=\"Pr\u00e9-contencioso | Wald Advogados\" \/>\n<meta property=\"og:description\" content=\"A resolu\u00e7\u00e3o de disputas n\u00e3o est\u00e1 adstrita \u00e0 atua\u00e7\u00e3o p\u00f3s conflito. A maioria dos grandes conflitos empresariais t\u00eam sua causa na fase origin\u00e1ria de opera\u00e7\u00e3o.\" \/>\n<meta property=\"og:url\" content=\"https:\/\/www.wald.com.br\/tag\/precontencioso\/\" \/>\n<meta property=\"og:site_name\" content=\"Wald Advogados\" \/>\n<meta name=\"twitter:card\" content=\"summary_large_image\" \/>\n<script type=\"application\/ld+json\" class=\"yoast-schema-graph\">{\"@context\":\"https:\\\/\\\/schema.org\",\"@graph\":[{\"@type\":\"CollectionPage\",\"@id\":\"https:\\\/\\\/www.wald.com.br\\\/tag\\\/precontencioso\\\/\",\"url\":\"https:\\\/\\\/www.wald.com.br\\\/tag\\\/precontencioso\\\/\",\"name\":\"Pr\u00e9-contencioso | Wald Advogados\",\"isPartOf\":{\"@id\":\"https:\\\/\\\/www.wald.com.br\\\/en\\\/#website\"},\"description\":\"A resolu\u00e7\u00e3o de disputas n\u00e3o est\u00e1 adstrita \u00e0 atua\u00e7\u00e3o p\u00f3s conflito. A maioria dos grandes conflitos empresariais t\u00eam sua causa na fase origin\u00e1ria de opera\u00e7\u00e3o.\",\"breadcrumb\":{\"@id\":\"https:\\\/\\\/www.wald.com.br\\\/tag\\\/precontencioso\\\/#breadcrumb\"},\"inLanguage\":\"en-US\"},{\"@type\":\"BreadcrumbList\",\"@id\":\"https:\\\/\\\/www.wald.com.br\\\/tag\\\/precontencioso\\\/#breadcrumb\",\"itemListElement\":[{\"@type\":\"ListItem\",\"position\":1,\"name\":\"In\u00edcio\",\"item\":\"https:\\\/\\\/www.wald.com.br\\\/\"},{\"@type\":\"ListItem\",\"position\":2,\"name\":\"Pr\u00e9-contencioso\"}]},{\"@type\":\"WebSite\",\"@id\":\"https:\\\/\\\/www.wald.com.br\\\/en\\\/#website\",\"url\":\"https:\\\/\\\/www.wald.com.br\\\/en\\\/\",\"name\":\"Wald Advogados\",\"description\":\"66 years of leading law practice\",\"publisher\":{\"@id\":\"https:\\\/\\\/www.wald.com.br\\\/en\\\/#organization\"},\"potentialAction\":[{\"@type\":\"SearchAction\",\"target\":{\"@type\":\"EntryPoint\",\"urlTemplate\":\"https:\\\/\\\/www.wald.com.br\\\/en\\\/?s={search_term_string}\"},\"query-input\":{\"@type\":\"PropertyValueSpecification\",\"valueRequired\":true,\"valueName\":\"search_term_string\"}}],\"inLanguage\":\"en-US\"},{\"@type\":\"Organization\",\"@id\":\"https:\\\/\\\/www.wald.com.br\\\/en\\\/#organization\",\"name\":\"Wald, Antunes, Vita, Longo e Blattner Advogados\",\"url\":\"https:\\\/\\\/www.wald.com.br\\\/en\\\/\",\"logo\":{\"@type\":\"ImageObject\",\"inLanguage\":\"en-US\",\"@id\":\"https:\\\/\\\/www.wald.com.br\\\/en\\\/#\\\/schema\\\/logo\\\/image\\\/\",\"url\":\"https:\\\/\\\/www.wald.com.br\\\/wp-content\\\/uploads\\\/2020\\\/02\\\/Logo_Wald.png\",\"contentUrl\":\"https:\\\/\\\/www.wald.com.br\\\/wp-content\\\/uploads\\\/2020\\\/02\\\/Logo_Wald.png\",\"width\":5260,\"height\":2565,\"caption\":\"Wald, Antunes, Vita, Longo e Blattner Advogados\"},\"image\":{\"@id\":\"https:\\\/\\\/www.wald.com.br\\\/en\\\/#\\\/schema\\\/logo\\\/image\\\/\"},\"sameAs\":[\"https:\\\/\\\/www.linkedin.com\\\/company\\\/wald\"]}]}<\/script>\n<!-- \/ Yoast SEO plugin. -->","yoast_head_json":{"title":"Pr\u00e9-contencioso | Wald Advogados","description":"A resolu\u00e7\u00e3o de disputas n\u00e3o est\u00e1 adstrita \u00e0 atua\u00e7\u00e3o p\u00f3s conflito. A maioria dos grandes conflitos empresariais t\u00eam sua causa na fase origin\u00e1ria de opera\u00e7\u00e3o.","robots":{"index":"index","follow":"follow","max-snippet":"max-snippet:-1","max-image-preview":"max-image-preview:large","max-video-preview":"max-video-preview:-1"},"canonical":"https:\/\/www.wald.com.br\/tag\/precontencioso\/","og_locale":"en_US","og_type":"article","og_title":"Pr\u00e9-contencioso | Wald Advogados","og_description":"A resolu\u00e7\u00e3o de disputas n\u00e3o est\u00e1 adstrita \u00e0 atua\u00e7\u00e3o p\u00f3s conflito. A maioria dos grandes conflitos empresariais t\u00eam sua causa na fase origin\u00e1ria de opera\u00e7\u00e3o.","og_url":"https:\/\/www.wald.com.br\/tag\/precontencioso\/","og_site_name":"Wald Advogados","twitter_card":"summary_large_image","schema":{"@context":"https:\/\/schema.org","@graph":[{"@type":"CollectionPage","@id":"https:\/\/www.wald.com.br\/tag\/precontencioso\/","url":"https:\/\/www.wald.com.br\/tag\/precontencioso\/","name":"Pr\u00e9-contencioso | Wald Advogados","isPartOf":{"@id":"https:\/\/www.wald.com.br\/en\/#website"},"description":"A resolu\u00e7\u00e3o de disputas n\u00e3o est\u00e1 adstrita \u00e0 atua\u00e7\u00e3o p\u00f3s conflito. A maioria dos grandes conflitos empresariais t\u00eam sua causa na fase origin\u00e1ria de opera\u00e7\u00e3o.","breadcrumb":{"@id":"https:\/\/www.wald.com.br\/tag\/precontencioso\/#breadcrumb"},"inLanguage":"en-US"},{"@type":"BreadcrumbList","@id":"https:\/\/www.wald.com.br\/tag\/precontencioso\/#breadcrumb","itemListElement":[{"@type":"ListItem","position":1,"name":"In\u00edcio","item":"https:\/\/www.wald.com.br\/"},{"@type":"ListItem","position":2,"name":"Pr\u00e9-contencioso"}]},{"@type":"WebSite","@id":"https:\/\/www.wald.com.br\/en\/#website","url":"https:\/\/www.wald.com.br\/en\/","name":"Wald Advogados","description":"66 years of leading law practice","publisher":{"@id":"https:\/\/www.wald.com.br\/en\/#organization"},"potentialAction":[{"@type":"SearchAction","target":{"@type":"EntryPoint","urlTemplate":"https:\/\/www.wald.com.br\/en\/?s={search_term_string}"},"query-input":{"@type":"PropertyValueSpecification","valueRequired":true,"valueName":"search_term_string"}}],"inLanguage":"en-US"},{"@type":"Organization","@id":"https:\/\/www.wald.com.br\/en\/#organization","name":"Wald, Antunes, Vita, Longo e Blattner Advogados","url":"https:\/\/www.wald.com.br\/en\/","logo":{"@type":"ImageObject","inLanguage":"en-US","@id":"https:\/\/www.wald.com.br\/en\/#\/schema\/logo\/image\/","url":"https:\/\/www.wald.com.br\/wp-content\/uploads\/2020\/02\/Logo_Wald.png","contentUrl":"https:\/\/www.wald.com.br\/wp-content\/uploads\/2020\/02\/Logo_Wald.png","width":5260,"height":2565,"caption":"Wald, Antunes, Vita, Longo e Blattner Advogados"},"image":{"@id":"https:\/\/www.wald.com.br\/en\/#\/schema\/logo\/image\/"},"sameAs":["https:\/\/www.linkedin.com\/company\/wald"]}]}},"_links":{"self":[{"href":"https:\/\/www.wald.com.br\/en\/wp-json\/wp\/v2\/tags\/16","targetHints":{"allow":["GET"]}}],"collection":[{"href":"https:\/\/www.wald.com.br\/en\/wp-json\/wp\/v2\/tags"}],"about":[{"href":"https:\/\/www.wald.com.br\/en\/wp-json\/wp\/v2\/taxonomies\/post_tag"}],"wp:post_type":[{"href":"https:\/\/www.wald.com.br\/en\/wp-json\/wp\/v2\/posts?tags=16"}],"curies":[{"name":"wp","href":"https:\/\/api.w.org\/{rel}","templated":true}]}}