{"id":18,"count":13,"description":"[:pb]<p>[:pb]<\/p>\r\n<p>[:pb][:pb][:pb][:pb]<\/p>\r\n<p>[:pb]<\/p>\r\n<p>Atuamos no consultivo societ\u00e1rio, na elabora\u00e7\u00e3o de contratos, na concep\u00e7\u00e3o, estrutura\u00e7\u00e3o, negocia\u00e7\u00e3o e acompanhamento de opera\u00e7\u00f5es societ\u00e1rias, na assessoria em assembleias e reuni\u00f5es e tamb\u00e9m nas \u00e1reas de governan\u00e7a corporativa, compliance, \u00e9tica corporativa e anticorrup\u00e7\u00e3o. Destacamos ainda nossa participa\u00e7\u00e3o em grandes privatiza\u00e7\u00f5es brasileiras, nos mais diversos setores, como energia, telecomunica\u00e7\u00f5es e banc\u00e1rio.<\/p>\r\n<p>Atendemos sociedades por a\u00e7\u00f5es (companhias abertas ou fechadas) e empresas limitadas, bem como associa\u00e7\u00f5es e funda\u00e7\u00f5es. Representamos acionistas\/quotistas controladores, minorit\u00e1rios e\/ou administradores.<\/p>\r\n<p><strong>Consulte outras \u00e1reas<\/strong> <a href=\"http:\/\/www.wald.com.br\/tag\/precontencioso\/\">Pr\u00e9-contencioso<\/a> | <a href=\"http:\/\/www.wald.com.br\/tag\/contencioso\/\">Contencioso administrativo e judicial<\/a> | <a href=\"http:\/\/www.wald.com.br\/tag\/arbitragem\/\">Arbitragem<\/a> | <a href=\"http:\/\/www.wald.com.br\/tag\/mediacao\/\">Media\u00e7\u00e3o<\/a> | <a href=\"http:\/\/www.wald.com.br\/tag\/recuperacao-empresarial\/\">Recupera\u00e7\u00e3o empresarial<\/a> | <a href=\"http:\/\/www.wald.com.br\/tag\/imobiliario\/\">Imobili\u00e1rio<\/a><\/p>\r\n<p>[:]<\/p>\r\n<p>[:en]<\/p>\r\n<p>We offer corporate advisory services including drafting of contracts, the strategy, structuring, negotiation and monitoring of corporate transactions, assistance in shareholders\u2019 and business meetings and also in corporate governance, compliance, corporate ethics and anti-corruption matters. We have been involved in various of Brazil's major privatization deals in many different sectors, such as energy, telecom and banking.<br \/>\r\n<br \/>\r\nWe serve publicly-listed corporations (in the public or private sector) and LLCs, as well as associations and foundations. We represent controlling, minority shareholders and\/or administrators.<\/p>\r\n<p><strong>Other areas of expertise<\/strong> <a href=\"http:\/\/www.wald.com.br\/tag\/precontencioso\/\">Pre-litigation<\/a> | <a href=\"http:\/\/www.wald.com.br\/tag\/contencioso\/\">Administrative and judicial litigation<\/a> | <a href=\"http:\/\/www.wald.com.br\/tag\/arbitragem\">Arbitration<\/a> | <a href=\"http:\/\/www.wald.com.br\/tag\/mediacao\/\">Mediation<\/a> | <a href=\"http:\/\/www.wald.com.br\/tag\/recuperacao-empresarial\/\">Corporate recovery<\/a> | <a href=\"http:\/\/www.wald.com.br\/tag\/imobiliario\/\">Real estate<\/a><\/p>\r\n<p>[:]<\/p>\r\n<p>[:]<\/p>\r\n<p>[:][:][:][:]<\/p>\r\n<p>[:]<\/p>[:]","link":"https:\/\/www.wald.com.br\/en\/tag\/societario\/","name":"Corporate advisory and M&amp;A","slug":"societario","taxonomy":"post_tag","meta":[],"yoast_head":"<!-- This site is optimized with the Yoast SEO plugin v27.5 - https:\/\/yoast.com\/product\/yoast-seo-wordpress\/ -->\n<title>Societ\u00e1rio consultivo | Wald Advogados<\/title>\n<meta name=\"robots\" content=\"index, follow, max-snippet:-1, max-image-preview:large, max-video-preview:-1\" \/>\n<link rel=\"canonical\" href=\"https:\/\/www.wald.com.br\/tag\/societario\/\" \/>\n<meta property=\"og:locale\" content=\"en_US\" \/>\n<meta property=\"og:type\" content=\"article\" \/>\n<meta property=\"og:title\" content=\"Societ\u00e1rio consultivo | Wald Advogados\" \/>\n<meta property=\"og:description\" content=\"We offer corporate advisory services including drafting of contracts, the strategy, structuring, negotiation and monitoring of corporate transactions, assistance in shareholders\u2019 and business meetings and also in corporate governance, compliance, corporate ethics and anti-corruption matters. We have been involved in various of Brazil&#8217;s major privatization deals in many different sectors, such as energy, telecom and banking. We serve publicly-listed corporations (in the public or private sector) and LLCs, as well as associations and foundations. We represent controlling, minority shareholders and\/or administrators. Other areas of expertise Pre-litigation | Administrative and judicial litigation | Arbitration | Mediation | Corporate recovery | Real estate\" \/>\n<meta property=\"og:url\" content=\"https:\/\/www.wald.com.br\/tag\/societario\/\" \/>\n<meta property=\"og:site_name\" content=\"Wald Advogados\" \/>\n<meta name=\"twitter:card\" content=\"summary_large_image\" \/>\n<script type=\"application\/ld+json\" class=\"yoast-schema-graph\">{\"@context\":\"https:\\\/\\\/schema.org\",\"@graph\":[{\"@type\":\"CollectionPage\",\"@id\":\"https:\\\/\\\/www.wald.com.br\\\/tag\\\/societario\\\/\",\"url\":\"https:\\\/\\\/www.wald.com.br\\\/tag\\\/societario\\\/\",\"name\":\"Societ\u00e1rio consultivo | Wald Advogados\",\"isPartOf\":{\"@id\":\"https:\\\/\\\/www.wald.com.br\\\/en\\\/#website\"},\"breadcrumb\":{\"@id\":\"https:\\\/\\\/www.wald.com.br\\\/tag\\\/societario\\\/#breadcrumb\"},\"inLanguage\":\"en-US\"},{\"@type\":\"BreadcrumbList\",\"@id\":\"https:\\\/\\\/www.wald.com.br\\\/tag\\\/societario\\\/#breadcrumb\",\"itemListElement\":[{\"@type\":\"ListItem\",\"position\":1,\"name\":\"In\u00edcio\",\"item\":\"https:\\\/\\\/www.wald.com.br\\\/\"},{\"@type\":\"ListItem\",\"position\":2,\"name\":\"Consultivo societ\u00e1rio, fus\u00f5es e aquisi\u00e7\u00f5es\"}]},{\"@type\":\"WebSite\",\"@id\":\"https:\\\/\\\/www.wald.com.br\\\/en\\\/#website\",\"url\":\"https:\\\/\\\/www.wald.com.br\\\/en\\\/\",\"name\":\"Wald Advogados\",\"description\":\"66 years of leading law practice\",\"publisher\":{\"@id\":\"https:\\\/\\\/www.wald.com.br\\\/en\\\/#organization\"},\"potentialAction\":[{\"@type\":\"SearchAction\",\"target\":{\"@type\":\"EntryPoint\",\"urlTemplate\":\"https:\\\/\\\/www.wald.com.br\\\/en\\\/?s={search_term_string}\"},\"query-input\":{\"@type\":\"PropertyValueSpecification\",\"valueRequired\":true,\"valueName\":\"search_term_string\"}}],\"inLanguage\":\"en-US\"},{\"@type\":\"Organization\",\"@id\":\"https:\\\/\\\/www.wald.com.br\\\/en\\\/#organization\",\"name\":\"Wald, Antunes, Vita, Longo e Blattner Advogados\",\"url\":\"https:\\\/\\\/www.wald.com.br\\\/en\\\/\",\"logo\":{\"@type\":\"ImageObject\",\"inLanguage\":\"en-US\",\"@id\":\"https:\\\/\\\/www.wald.com.br\\\/en\\\/#\\\/schema\\\/logo\\\/image\\\/\",\"url\":\"https:\\\/\\\/www.wald.com.br\\\/wp-content\\\/uploads\\\/2020\\\/02\\\/Logo_Wald.png\",\"contentUrl\":\"https:\\\/\\\/www.wald.com.br\\\/wp-content\\\/uploads\\\/2020\\\/02\\\/Logo_Wald.png\",\"width\":5260,\"height\":2565,\"caption\":\"Wald, Antunes, Vita, Longo e Blattner Advogados\"},\"image\":{\"@id\":\"https:\\\/\\\/www.wald.com.br\\\/en\\\/#\\\/schema\\\/logo\\\/image\\\/\"},\"sameAs\":[\"https:\\\/\\\/www.linkedin.com\\\/company\\\/wald\"]}]}<\/script>\n<!-- \/ Yoast SEO plugin. -->","yoast_head_json":{"title":"Societ\u00e1rio consultivo | Wald Advogados","robots":{"index":"index","follow":"follow","max-snippet":"max-snippet:-1","max-image-preview":"max-image-preview:large","max-video-preview":"max-video-preview:-1"},"canonical":"https:\/\/www.wald.com.br\/tag\/societario\/","og_locale":"en_US","og_type":"article","og_title":"Societ\u00e1rio consultivo | Wald Advogados","og_description":"We offer corporate advisory services including drafting of contracts, the strategy, structuring, negotiation and monitoring of corporate transactions, assistance in shareholders\u2019 and business meetings and also in corporate governance, compliance, corporate ethics and anti-corruption matters. We have been involved in various of Brazil&#8217;s major privatization deals in many different sectors, such as energy, telecom and banking. We serve publicly-listed corporations (in the public or private sector) and LLCs, as well as associations and foundations. We represent controlling, minority shareholders and\/or administrators. Other areas of expertise Pre-litigation | Administrative and judicial litigation | Arbitration | Mediation | Corporate recovery | Real estate","og_url":"https:\/\/www.wald.com.br\/tag\/societario\/","og_site_name":"Wald Advogados","twitter_card":"summary_large_image","schema":{"@context":"https:\/\/schema.org","@graph":[{"@type":"CollectionPage","@id":"https:\/\/www.wald.com.br\/tag\/societario\/","url":"https:\/\/www.wald.com.br\/tag\/societario\/","name":"Societ\u00e1rio consultivo | Wald Advogados","isPartOf":{"@id":"https:\/\/www.wald.com.br\/en\/#website"},"breadcrumb":{"@id":"https:\/\/www.wald.com.br\/tag\/societario\/#breadcrumb"},"inLanguage":"en-US"},{"@type":"BreadcrumbList","@id":"https:\/\/www.wald.com.br\/tag\/societario\/#breadcrumb","itemListElement":[{"@type":"ListItem","position":1,"name":"In\u00edcio","item":"https:\/\/www.wald.com.br\/"},{"@type":"ListItem","position":2,"name":"Consultivo societ\u00e1rio, fus\u00f5es e aquisi\u00e7\u00f5es"}]},{"@type":"WebSite","@id":"https:\/\/www.wald.com.br\/en\/#website","url":"https:\/\/www.wald.com.br\/en\/","name":"Wald Advogados","description":"66 years of leading law practice","publisher":{"@id":"https:\/\/www.wald.com.br\/en\/#organization"},"potentialAction":[{"@type":"SearchAction","target":{"@type":"EntryPoint","urlTemplate":"https:\/\/www.wald.com.br\/en\/?s={search_term_string}"},"query-input":{"@type":"PropertyValueSpecification","valueRequired":true,"valueName":"search_term_string"}}],"inLanguage":"en-US"},{"@type":"Organization","@id":"https:\/\/www.wald.com.br\/en\/#organization","name":"Wald, Antunes, Vita, Longo e Blattner Advogados","url":"https:\/\/www.wald.com.br\/en\/","logo":{"@type":"ImageObject","inLanguage":"en-US","@id":"https:\/\/www.wald.com.br\/en\/#\/schema\/logo\/image\/","url":"https:\/\/www.wald.com.br\/wp-content\/uploads\/2020\/02\/Logo_Wald.png","contentUrl":"https:\/\/www.wald.com.br\/wp-content\/uploads\/2020\/02\/Logo_Wald.png","width":5260,"height":2565,"caption":"Wald, Antunes, Vita, Longo e Blattner Advogados"},"image":{"@id":"https:\/\/www.wald.com.br\/en\/#\/schema\/logo\/image\/"},"sameAs":["https:\/\/www.linkedin.com\/company\/wald"]}]}},"_links":{"self":[{"href":"https:\/\/www.wald.com.br\/en\/wp-json\/wp\/v2\/tags\/18","targetHints":{"allow":["GET"]}}],"collection":[{"href":"https:\/\/www.wald.com.br\/en\/wp-json\/wp\/v2\/tags"}],"about":[{"href":"https:\/\/www.wald.com.br\/en\/wp-json\/wp\/v2\/taxonomies\/post_tag"}],"wp:post_type":[{"href":"https:\/\/www.wald.com.br\/en\/wp-json\/wp\/v2\/posts?tags=18"}],"curies":[{"name":"wp","href":"https:\/\/api.w.org\/{rel}","templated":true}]}}