{"id":19,"count":23,"description":"[:en]<p>[:en]<\/p>\r\n<p>[:pb][:pb][:pb]<\/p>\r\n<p>[:pb]<\/p>\r\n<p>Nossa experi\u00eancia na recupera\u00e7\u00e3o empresarial vem de longa data. Atuamos nas extintas concordatas, em fal\u00eancias e, mais recentemente, em recupera\u00e7\u00f5es judiciais ou extrajudiciais.<br \/>\r\n<br \/>\r\nCom um olhar estrat\u00e9gico e experi\u00eancia na utiliza\u00e7\u00e3o de m\u00e9todos alternativos de solu\u00e7\u00e3o de disputas, fornecemos uma orienta\u00e7\u00e3o completa ao empres\u00e1rio ou sociedade em crise, inclusive numa fase precedente, de reestrutura\u00e7\u00e3o de d\u00edvidas.<\/p>\r\n<p><strong>Consulte outras \u00e1reas<\/strong> <a href=\"http:\/\/www.wald.com.br\/tag\/precontencioso\/\">Pr\u00e9-contencioso<\/a> | <a href=\"http:\/\/www.wald.com.br\/tag\/contencioso\/\">Contencioso administrativo e judicial<\/a> | <a href=\"http:\/\/www.wald.com.br\/tag\/arbitragem\/\">Arbitragem<\/a> | <a href=\"http:\/\/www.wald.com.br\/tag\/mediacao\/\">Media\u00e7\u00e3o<\/a> | <a href=\"http:\/\/www.wald.com.br\/tag\/societario\/\">Consultivo societ\u00e1rio, fus\u00f5es e aquisi\u00e7\u00f5es<\/a> | <a href=\"http:\/\/www.wald.com.br\/tag\/imobiliario\/\">Imobili\u00e1rio<\/a><\/p>\r\n<p>[:]<\/p>\r\n<p>[:en]<\/p>\r\n<p>Our firm has a long experience in business recovery proceedings in Brazil. We were involved in the now-extinct court-supervised agreements with creditors (known in Brazil as concordatas), bankruptcies and, more recently, in judicial or extrajudicial restructuring.<br \/>\r\n<br \/>\r\nWith our strategic outlook and experience in the use of alternative dispute resolution methods, we provide complete guidance for the entrepreneur or company in crisis, including in debt restructuring.<\/p>\r\n<p><strong>Other areas of expertise<\/strong> <a href=\"http:\/\/www.wald.com.br\/tag\/precontencioso\/\">Pre-litigation<\/a> | <a href=\"http:\/\/www.wald.com.br\/tag\/contencioso\/\">Administrative and judicial litigation<\/a> | <a href=\"http:\/\/www.wald.com.br\/tag\/arbitragem\">Arbitration<\/a>\u00a0| <a href=\"http:\/\/www.wald.com.br\/tag\/mediacao\/\">Mediation<\/a> | <a href=\"http:\/\/www.wald.com.br\/tag\/societario\/\">Corporate advisory and M&amp;A<\/a> | <a href=\"http:\/\/www.wald.com.br\/tag\/imobiliario\/\">Real estate<\/a><\/p>\r\n<p>[:]<\/p>\r\n<p>[:]<\/p>\r\n<p>[:][:][:]<\/p>\r\n<p>[:]<\/p>[:]","link":"https:\/\/www.wald.com.br\/en\/tag\/recuperacao-empresarial\/","name":"Recupera\u00e7\u00e3o empresarial","slug":"recuperacao-empresarial","taxonomy":"post_tag","meta":[],"yoast_head":"<!-- This site is optimized with the Yoast SEO plugin v27.4 - https:\/\/yoast.com\/product\/yoast-seo-wordpress\/ -->\n<title>Arquivos Recupera\u00e7\u00e3o empresarial | Wald Advogados<\/title>\n<meta name=\"robots\" content=\"index, follow, max-snippet:-1, max-image-preview:large, max-video-preview:-1\" \/>\n<link rel=\"canonical\" href=\"https:\/\/www.wald.com.br\/tag\/recuperacao-empresarial\/\" \/>\n<meta property=\"og:locale\" content=\"en_US\" \/>\n<meta property=\"og:type\" content=\"article\" \/>\n<meta property=\"og:title\" content=\"Arquivos Recupera\u00e7\u00e3o empresarial | Wald Advogados\" \/>\n<meta property=\"og:description\" content=\"Our firm has a long experience in business recovery proceedings in Brazil. We were involved in the now-extinct court-supervised agreements with creditors (known in Brazil as concordatas), bankruptcies and, more recently, in judicial or extrajudicial restructuring. With our strategic outlook and experience in the use of alternative dispute resolution methods, we provide complete guidance for the entrepreneur or company in crisis, including in debt restructuring. Other areas of expertise Pre-litigation | Administrative and judicial litigation | Arbitration\u00a0| Mediation | Corporate advisory and M&amp;A | Real estate\" \/>\n<meta property=\"og:url\" content=\"https:\/\/www.wald.com.br\/tag\/recuperacao-empresarial\/\" \/>\n<meta property=\"og:site_name\" content=\"Wald Advogados\" \/>\n<meta name=\"twitter:card\" content=\"summary_large_image\" \/>\n<script type=\"application\/ld+json\" class=\"yoast-schema-graph\">{\"@context\":\"https:\\\/\\\/schema.org\",\"@graph\":[{\"@type\":\"CollectionPage\",\"@id\":\"https:\\\/\\\/www.wald.com.br\\\/tag\\\/recuperacao-empresarial\\\/\",\"url\":\"https:\\\/\\\/www.wald.com.br\\\/tag\\\/recuperacao-empresarial\\\/\",\"name\":\"Arquivos Recupera\u00e7\u00e3o empresarial | Wald Advogados\",\"isPartOf\":{\"@id\":\"https:\\\/\\\/www.wald.com.br\\\/en\\\/#website\"},\"breadcrumb\":{\"@id\":\"https:\\\/\\\/www.wald.com.br\\\/tag\\\/recuperacao-empresarial\\\/#breadcrumb\"},\"inLanguage\":\"en-US\"},{\"@type\":\"BreadcrumbList\",\"@id\":\"https:\\\/\\\/www.wald.com.br\\\/tag\\\/recuperacao-empresarial\\\/#breadcrumb\",\"itemListElement\":[{\"@type\":\"ListItem\",\"position\":1,\"name\":\"In\u00edcio\",\"item\":\"https:\\\/\\\/www.wald.com.br\\\/\"},{\"@type\":\"ListItem\",\"position\":2,\"name\":\"Recupera\u00e7\u00e3o empresarial\"}]},{\"@type\":\"WebSite\",\"@id\":\"https:\\\/\\\/www.wald.com.br\\\/en\\\/#website\",\"url\":\"https:\\\/\\\/www.wald.com.br\\\/en\\\/\",\"name\":\"Wald Advogados\",\"description\":\"66 years of leading law practice\",\"publisher\":{\"@id\":\"https:\\\/\\\/www.wald.com.br\\\/en\\\/#organization\"},\"potentialAction\":[{\"@type\":\"SearchAction\",\"target\":{\"@type\":\"EntryPoint\",\"urlTemplate\":\"https:\\\/\\\/www.wald.com.br\\\/en\\\/?s={search_term_string}\"},\"query-input\":{\"@type\":\"PropertyValueSpecification\",\"valueRequired\":true,\"valueName\":\"search_term_string\"}}],\"inLanguage\":\"en-US\"},{\"@type\":\"Organization\",\"@id\":\"https:\\\/\\\/www.wald.com.br\\\/en\\\/#organization\",\"name\":\"Wald, Antunes, Vita, Longo e Blattner Advogados\",\"url\":\"https:\\\/\\\/www.wald.com.br\\\/en\\\/\",\"logo\":{\"@type\":\"ImageObject\",\"inLanguage\":\"en-US\",\"@id\":\"https:\\\/\\\/www.wald.com.br\\\/en\\\/#\\\/schema\\\/logo\\\/image\\\/\",\"url\":\"https:\\\/\\\/www.wald.com.br\\\/wp-content\\\/uploads\\\/2020\\\/02\\\/Logo_Wald.png\",\"contentUrl\":\"https:\\\/\\\/www.wald.com.br\\\/wp-content\\\/uploads\\\/2020\\\/02\\\/Logo_Wald.png\",\"width\":5260,\"height\":2565,\"caption\":\"Wald, Antunes, Vita, Longo e Blattner Advogados\"},\"image\":{\"@id\":\"https:\\\/\\\/www.wald.com.br\\\/en\\\/#\\\/schema\\\/logo\\\/image\\\/\"},\"sameAs\":[\"https:\\\/\\\/www.linkedin.com\\\/company\\\/wald\"]}]}<\/script>\n<!-- \/ Yoast SEO plugin. -->","yoast_head_json":{"title":"Arquivos Recupera\u00e7\u00e3o empresarial | Wald Advogados","robots":{"index":"index","follow":"follow","max-snippet":"max-snippet:-1","max-image-preview":"max-image-preview:large","max-video-preview":"max-video-preview:-1"},"canonical":"https:\/\/www.wald.com.br\/tag\/recuperacao-empresarial\/","og_locale":"en_US","og_type":"article","og_title":"Arquivos Recupera\u00e7\u00e3o empresarial | Wald Advogados","og_description":"Our firm has a long experience in business recovery proceedings in Brazil. We were involved in the now-extinct court-supervised agreements with creditors (known in Brazil as concordatas), bankruptcies and, more recently, in judicial or extrajudicial restructuring. With our strategic outlook and experience in the use of alternative dispute resolution methods, we provide complete guidance for the entrepreneur or company in crisis, including in debt restructuring. Other areas of expertise Pre-litigation | Administrative and judicial litigation | Arbitration\u00a0| Mediation | Corporate advisory and M&amp;A | Real estate","og_url":"https:\/\/www.wald.com.br\/tag\/recuperacao-empresarial\/","og_site_name":"Wald Advogados","twitter_card":"summary_large_image","schema":{"@context":"https:\/\/schema.org","@graph":[{"@type":"CollectionPage","@id":"https:\/\/www.wald.com.br\/tag\/recuperacao-empresarial\/","url":"https:\/\/www.wald.com.br\/tag\/recuperacao-empresarial\/","name":"Arquivos Recupera\u00e7\u00e3o empresarial | Wald Advogados","isPartOf":{"@id":"https:\/\/www.wald.com.br\/en\/#website"},"breadcrumb":{"@id":"https:\/\/www.wald.com.br\/tag\/recuperacao-empresarial\/#breadcrumb"},"inLanguage":"en-US"},{"@type":"BreadcrumbList","@id":"https:\/\/www.wald.com.br\/tag\/recuperacao-empresarial\/#breadcrumb","itemListElement":[{"@type":"ListItem","position":1,"name":"In\u00edcio","item":"https:\/\/www.wald.com.br\/"},{"@type":"ListItem","position":2,"name":"Recupera\u00e7\u00e3o empresarial"}]},{"@type":"WebSite","@id":"https:\/\/www.wald.com.br\/en\/#website","url":"https:\/\/www.wald.com.br\/en\/","name":"Wald Advogados","description":"66 years of leading law practice","publisher":{"@id":"https:\/\/www.wald.com.br\/en\/#organization"},"potentialAction":[{"@type":"SearchAction","target":{"@type":"EntryPoint","urlTemplate":"https:\/\/www.wald.com.br\/en\/?s={search_term_string}"},"query-input":{"@type":"PropertyValueSpecification","valueRequired":true,"valueName":"search_term_string"}}],"inLanguage":"en-US"},{"@type":"Organization","@id":"https:\/\/www.wald.com.br\/en\/#organization","name":"Wald, Antunes, Vita, Longo e Blattner Advogados","url":"https:\/\/www.wald.com.br\/en\/","logo":{"@type":"ImageObject","inLanguage":"en-US","@id":"https:\/\/www.wald.com.br\/en\/#\/schema\/logo\/image\/","url":"https:\/\/www.wald.com.br\/wp-content\/uploads\/2020\/02\/Logo_Wald.png","contentUrl":"https:\/\/www.wald.com.br\/wp-content\/uploads\/2020\/02\/Logo_Wald.png","width":5260,"height":2565,"caption":"Wald, Antunes, Vita, Longo e Blattner Advogados"},"image":{"@id":"https:\/\/www.wald.com.br\/en\/#\/schema\/logo\/image\/"},"sameAs":["https:\/\/www.linkedin.com\/company\/wald"]}]}},"_links":{"self":[{"href":"https:\/\/www.wald.com.br\/en\/wp-json\/wp\/v2\/tags\/19","targetHints":{"allow":["GET"]}}],"collection":[{"href":"https:\/\/www.wald.com.br\/en\/wp-json\/wp\/v2\/tags"}],"about":[{"href":"https:\/\/www.wald.com.br\/en\/wp-json\/wp\/v2\/taxonomies\/post_tag"}],"wp:post_type":[{"href":"https:\/\/www.wald.com.br\/en\/wp-json\/wp\/v2\/posts?tags=19"}],"curies":[{"name":"wp","href":"https:\/\/api.w.org\/{rel}","templated":true}]}}