{"id":49,"count":13,"description":"[:en]<p>[:en][:pb][:pb][:pb]<\/p>\r\n<p>[:pb]<\/p>\r\n<p>Conhecemos o mercado imobili\u00e1rio e acompanhamos de perto as suas mudan\u00e7as econ\u00f4micas, legislativas e jurisprudenciais. Atendemos nossos clientes com agilidade e dedica\u00e7\u00e3o, encontrando solu\u00e7\u00f5es eficazes e alinhadas com seus neg\u00f3cios.<\/p>\r\n<p>Temos reconhecida expertise na assessoria de complexas opera\u00e7\u00f5es imobili\u00e1rias empresariais em todo territ\u00f3rio nacional, incluindo aquisi\u00e7\u00e3o, aliena\u00e7\u00e3o e regulariza\u00e7\u00e3o de im\u00f3veis urbanos e rurais, estrutura\u00e7\u00e3o de loteamentos, shopping centers, incorpora\u00e7\u00f5es, complexos hoteleiros, log\u00edsticos, hospitalares e outros empreendimentos em todas as suas fases e aspectos (urban\u00edstico, licitat\u00f3rio, ambiental, notarial, registral, possess\u00f3rio, contratual, tribut\u00e1rio, societ\u00e1rio, concorrencial, funding e quest\u00f5es judiciais e arbitrais).<\/p>\r\n<p><strong>Consulte outras \u00e1reas<\/strong> <a href=\"http:\/\/www.wald.com.br\/tag\/precontencioso\/\">Pr\u00e9-contencioso<\/a> | <a href=\"http:\/\/www.wald.com.br\/tag\/contencioso\/\">Contencioso administrativo e judicial<\/a> | <a href=\"http:\/\/www.wald.com.br\/tag\/arbitragem\/\">Arbitragem<\/a> | <a href=\"http:\/\/www.wald.com.br\/tag\/mediacao\/\">Media\u00e7\u00e3o<\/a> | <a href=\"http:\/\/www.wald.com.br\/tag\/societario\/\">Consultivo societ\u00e1rio, fus\u00f5es e aquisi\u00e7\u00f5es<\/a> | <a href=\"http:\/\/www.wald.com.br\/tag\/recuperacao-empresarial\/\">Recupera\u00e7\u00e3o empresarial<\/a><\/p>\r\n<p>[:]<\/p>\r\n<p>[:en]<\/p>\r\n<p>We have a deep understanding of the Brazilian real estate market and closely monitor its economic, legislative and jurisprudential developments. We advise our clients with agility and dedication, finding effective solutions aligned with their businesses.<\/p>\r\n<p>We are recognized experts in complex real estate transactions nationwide, including the acquisition, sale and settlement of urban and rural properties, the structuring of allotment projects, shopping centers, new development projects, hotel, hospital and logistics complexes, and other enterprises including all aspects and phases of negotiation (urban planning, bids, environmental, notarial and registration aspects, possessory proceedings, contracts, tax, corporate, antitrust, funding, judicial and arbitration matters).<\/p>\r\n<p><strong>Other areas of expertise<\/strong> <a href=\"http:\/\/www.wald.com.br\/tag\/precontencioso\/\">Pre-litigation<\/a> | <a href=\"http:\/\/www.wald.com.br\/tag\/contencioso\/\">Administrative and judicial litigation<\/a> | <a href=\"http:\/\/www.wald.com.br\/tag\/arbitragem\/\">Arbitration<\/a> | <a href=\"http:\/\/www.wald.com.br\/tag\/mediacao\/\">Mediation<\/a> | <a href=\"http:\/\/www.wald.com.br\/tag\/societario\/\">Corporate advisory and M&amp;A<\/a> | <a href=\"http:\/\/www.wald.com.br\/tag\/recuperacao-empresarial\/\">Corporate recovery<\/a><\/p>\r\n<p>[:]<\/p>\r\n<p>[:]<\/p>\r\n<p>[:][:]<\/p>\r\n<p>[:][:][:][:]<\/p>[:]","link":"https:\/\/www.wald.com.br\/en\/tag\/imobiliario\/","name":"Imobili\u00e1rio","slug":"imobiliario","taxonomy":"post_tag","meta":[],"yoast_head":"<!-- This site is optimized with the Yoast SEO plugin v27.4 - https:\/\/yoast.com\/product\/yoast-seo-wordpress\/ -->\n<title>Imobili\u00e1rio | Wald Advogados<\/title>\n<meta name=\"description\" content=\"Conhecemos o mercado imobili\u00e1rio e acompanhamos de perto as suas mudan\u00e7as econ\u00f4micas, legislativas e jurisprudenciais.\" \/>\n<meta name=\"robots\" content=\"index, follow, max-snippet:-1, max-image-preview:large, max-video-preview:-1\" \/>\n<link rel=\"canonical\" href=\"https:\/\/www.wald.com.br\/en\/tag\/imobiliario\/\" \/>\n<meta property=\"og:locale\" content=\"en_US\" \/>\n<meta property=\"og:type\" content=\"article\" \/>\n<meta property=\"og:title\" content=\"Imobili\u00e1rio | Wald Advogados\" \/>\n<meta property=\"og:description\" content=\"Conhecemos o mercado imobili\u00e1rio e acompanhamos de perto as suas mudan\u00e7as econ\u00f4micas, legislativas e jurisprudenciais.\" \/>\n<meta property=\"og:url\" content=\"https:\/\/www.wald.com.br\/en\/tag\/imobiliario\/\" \/>\n<meta property=\"og:site_name\" content=\"Wald Advogados\" \/>\n<meta name=\"twitter:card\" content=\"summary_large_image\" \/>\n<script type=\"application\/ld+json\" class=\"yoast-schema-graph\">{\"@context\":\"https:\\\/\\\/schema.org\",\"@graph\":[{\"@type\":\"CollectionPage\",\"@id\":\"https:\\\/\\\/www.wald.com.br\\\/en\\\/tag\\\/imobiliario\\\/\",\"url\":\"https:\\\/\\\/www.wald.com.br\\\/en\\\/tag\\\/imobiliario\\\/\",\"name\":\"Imobili\u00e1rio | Wald Advogados\",\"isPartOf\":{\"@id\":\"https:\\\/\\\/www.wald.com.br\\\/en\\\/#website\"},\"description\":\"Conhecemos o mercado imobili\u00e1rio e acompanhamos de perto as suas mudan\u00e7as econ\u00f4micas, legislativas e jurisprudenciais.\",\"breadcrumb\":{\"@id\":\"https:\\\/\\\/www.wald.com.br\\\/en\\\/tag\\\/imobiliario\\\/#breadcrumb\"},\"inLanguage\":\"en-US\"},{\"@type\":\"BreadcrumbList\",\"@id\":\"https:\\\/\\\/www.wald.com.br\\\/en\\\/tag\\\/imobiliario\\\/#breadcrumb\",\"itemListElement\":[{\"@type\":\"ListItem\",\"position\":1,\"name\":\"In\u00edcio\",\"item\":\"https:\\\/\\\/www.wald.com.br\\\/\"},{\"@type\":\"ListItem\",\"position\":2,\"name\":\"Imobili\u00e1rio\"}]},{\"@type\":\"WebSite\",\"@id\":\"https:\\\/\\\/www.wald.com.br\\\/en\\\/#website\",\"url\":\"https:\\\/\\\/www.wald.com.br\\\/en\\\/\",\"name\":\"Wald Advogados\",\"description\":\"66 years of leading law practice\",\"publisher\":{\"@id\":\"https:\\\/\\\/www.wald.com.br\\\/en\\\/#organization\"},\"potentialAction\":[{\"@type\":\"SearchAction\",\"target\":{\"@type\":\"EntryPoint\",\"urlTemplate\":\"https:\\\/\\\/www.wald.com.br\\\/en\\\/?s={search_term_string}\"},\"query-input\":{\"@type\":\"PropertyValueSpecification\",\"valueRequired\":true,\"valueName\":\"search_term_string\"}}],\"inLanguage\":\"en-US\"},{\"@type\":\"Organization\",\"@id\":\"https:\\\/\\\/www.wald.com.br\\\/en\\\/#organization\",\"name\":\"Wald, Antunes, Vita, Longo e Blattner Advogados\",\"url\":\"https:\\\/\\\/www.wald.com.br\\\/en\\\/\",\"logo\":{\"@type\":\"ImageObject\",\"inLanguage\":\"en-US\",\"@id\":\"https:\\\/\\\/www.wald.com.br\\\/en\\\/#\\\/schema\\\/logo\\\/image\\\/\",\"url\":\"https:\\\/\\\/www.wald.com.br\\\/wp-content\\\/uploads\\\/2020\\\/02\\\/Logo_Wald.png\",\"contentUrl\":\"https:\\\/\\\/www.wald.com.br\\\/wp-content\\\/uploads\\\/2020\\\/02\\\/Logo_Wald.png\",\"width\":5260,\"height\":2565,\"caption\":\"Wald, Antunes, Vita, Longo e Blattner Advogados\"},\"image\":{\"@id\":\"https:\\\/\\\/www.wald.com.br\\\/en\\\/#\\\/schema\\\/logo\\\/image\\\/\"},\"sameAs\":[\"https:\\\/\\\/www.linkedin.com\\\/company\\\/wald\"]}]}<\/script>\n<!-- \/ Yoast SEO plugin. -->","yoast_head_json":{"title":"Imobili\u00e1rio | Wald Advogados","description":"Conhecemos o mercado imobili\u00e1rio e acompanhamos de perto as suas mudan\u00e7as econ\u00f4micas, legislativas e jurisprudenciais.","robots":{"index":"index","follow":"follow","max-snippet":"max-snippet:-1","max-image-preview":"max-image-preview:large","max-video-preview":"max-video-preview:-1"},"canonical":"https:\/\/www.wald.com.br\/en\/tag\/imobiliario\/","og_locale":"en_US","og_type":"article","og_title":"Imobili\u00e1rio | Wald Advogados","og_description":"Conhecemos o mercado imobili\u00e1rio e acompanhamos de perto as suas mudan\u00e7as econ\u00f4micas, legislativas e jurisprudenciais.","og_url":"https:\/\/www.wald.com.br\/en\/tag\/imobiliario\/","og_site_name":"Wald Advogados","twitter_card":"summary_large_image","schema":{"@context":"https:\/\/schema.org","@graph":[{"@type":"CollectionPage","@id":"https:\/\/www.wald.com.br\/en\/tag\/imobiliario\/","url":"https:\/\/www.wald.com.br\/en\/tag\/imobiliario\/","name":"Imobili\u00e1rio | Wald Advogados","isPartOf":{"@id":"https:\/\/www.wald.com.br\/en\/#website"},"description":"Conhecemos o mercado imobili\u00e1rio e acompanhamos de perto as suas mudan\u00e7as econ\u00f4micas, legislativas e jurisprudenciais.","breadcrumb":{"@id":"https:\/\/www.wald.com.br\/en\/tag\/imobiliario\/#breadcrumb"},"inLanguage":"en-US"},{"@type":"BreadcrumbList","@id":"https:\/\/www.wald.com.br\/en\/tag\/imobiliario\/#breadcrumb","itemListElement":[{"@type":"ListItem","position":1,"name":"In\u00edcio","item":"https:\/\/www.wald.com.br\/"},{"@type":"ListItem","position":2,"name":"Imobili\u00e1rio"}]},{"@type":"WebSite","@id":"https:\/\/www.wald.com.br\/en\/#website","url":"https:\/\/www.wald.com.br\/en\/","name":"Wald Advogados","description":"66 years of leading law practice","publisher":{"@id":"https:\/\/www.wald.com.br\/en\/#organization"},"potentialAction":[{"@type":"SearchAction","target":{"@type":"EntryPoint","urlTemplate":"https:\/\/www.wald.com.br\/en\/?s={search_term_string}"},"query-input":{"@type":"PropertyValueSpecification","valueRequired":true,"valueName":"search_term_string"}}],"inLanguage":"en-US"},{"@type":"Organization","@id":"https:\/\/www.wald.com.br\/en\/#organization","name":"Wald, Antunes, Vita, Longo e Blattner Advogados","url":"https:\/\/www.wald.com.br\/en\/","logo":{"@type":"ImageObject","inLanguage":"en-US","@id":"https:\/\/www.wald.com.br\/en\/#\/schema\/logo\/image\/","url":"https:\/\/www.wald.com.br\/wp-content\/uploads\/2020\/02\/Logo_Wald.png","contentUrl":"https:\/\/www.wald.com.br\/wp-content\/uploads\/2020\/02\/Logo_Wald.png","width":5260,"height":2565,"caption":"Wald, Antunes, Vita, Longo e Blattner Advogados"},"image":{"@id":"https:\/\/www.wald.com.br\/en\/#\/schema\/logo\/image\/"},"sameAs":["https:\/\/www.linkedin.com\/company\/wald"]}]}},"_links":{"self":[{"href":"https:\/\/www.wald.com.br\/en\/wp-json\/wp\/v2\/tags\/49","targetHints":{"allow":["GET"]}}],"collection":[{"href":"https:\/\/www.wald.com.br\/en\/wp-json\/wp\/v2\/tags"}],"about":[{"href":"https:\/\/www.wald.com.br\/en\/wp-json\/wp\/v2\/taxonomies\/post_tag"}],"wp:post_type":[{"href":"https:\/\/www.wald.com.br\/en\/wp-json\/wp\/v2\/posts?tags=49"}],"curies":[{"name":"wp","href":"https:\/\/api.w.org\/{rel}","templated":true}]}}